{"id":68443,"date":"2024-01-09T16:57:06","date_gmt":"2024-01-09T22:57:06","guid":{"rendered":"https:\/\/www.grieta.org.mx\/?p=68443"},"modified":"2024-02-04T17:16:52","modified_gmt":"2024-02-04T23:16:52","slug":"madres-buscadoras-y-familiares-realizan-busqueda-de-desaparecidos-en-el-guamuchil","status":"publish","type":"post","link":"https:\/\/www.grieta.org.mx\/index.php\/2024\/01\/09\/madres-buscadoras-y-familiares-realizan-busqueda-de-desaparecidos-en-el-guamuchil\/","title":{"rendered":"Madres buscadoras y familiares realizan b\u00fasqueda de desaparecidos en El Guam\u00fachil"},"content":{"rendered":"<p>Imagen:Especial<\/p>\n<p>Isrrael Torres \/ Tribuna de la Bah\u00eda<\/p>\n<p>La Comisi\u00f3n Estatal de Personas Desaparecidas, en conjunto con familias de desaparecidos y apoyados por la Guardia Nacional y la Polic\u00eda Estatal Coordinada,\u00a0<strong>realizaron labores de b\u00fasqueda en la ribera del r\u00edo de la localidad El Guam\u00fachil, en Bah\u00eda de Banderas.<\/strong><\/p>\n<p>Hubo excavaciones en busca de indicios que lleven a<strong>\u00a0la localizaci\u00f3n de personas por parte de peritos<\/strong>\u00a0de la Comisi\u00f3n Estatal de B\u00fasqueda, adscritos a la Fiscal\u00eda de Nayarit, en el que se extrajeron algunos vestigios que ser\u00e1n analizados.<\/p>\n<p>Dichas labores\u00a0<strong>se extendieron tambi\u00e9n a las comunidades de \u00darsulo Galv\u00e1n<\/strong>, en Compostela, Nayarit.<\/p>\n<p>Bah\u00eda de Banderas es\u00a0<strong>el segundo municipio con m\u00e1s personas desaparecidas en el estad<\/strong>o; desde el 1 de enero del 2017 al 1 de enero del 2024, se contabilizan 319 desapariciones; 203 hombres y 115 mujeres.<\/p>\n<p>Dichas labores\u00a0<strong>se extendieron tambi\u00e9n a las comunidades de \u00darsulo Galv\u00e1n<\/strong>, en Compostela, Nayarit.<\/p>\n<p>Bah\u00eda de Banderas es\u00a0<strong>el segundo municipio con m\u00e1s personas desaparecidas en el estad<\/strong>o; desde el 1 de enero del 2017 al 1 de enero del 2024, se contabilizan 319 desapariciones; 203 hombres y 115 mujeres.<\/p>\n<p><a href=\"https:\/\/tribunadelabahia.com.mx\/busqueda-desaparecidos-el-guamuchil\/\">https:\/\/tribunadelabahia.com.mx\/busqueda-desaparecidos-el-guamuchil\/<\/a><\/p>\n","protected":false},"excerpt":{"rendered":"<p>Imagen:Especial Isrrael Torres \/ Tribuna de la Bah\u00eda La Comisi\u00f3n Estatal de Personas Desaparecidas, en conjunto con familias de desaparecidos y apoyados por la Guardia Nacional y la Polic\u00eda Estatal &hellip; <a href=\"https:\/\/www.grieta.org.mx\/index.php\/2024\/01\/09\/madres-buscadoras-y-familiares-realizan-busqueda-de-desaparecidos-en-el-guamuchil\/\" class=\"more-link\">Leer m\u00e1s<\/a><\/p>\n","protected":false},"author":2,"featured_media":68444,"comment_status":"closed","ping_status":"closed","sticky":false,"template":"","format":"standard","meta":{"ngg_post_thumbnail":0,"_jetpack_newsletter_access":"","_jetpack_dont_email_post_to_subs":false,"_jetpack_newsletter_tier_id":0,"_jetpack_memberships_contains_paywalled_content":false,"_jetpack_memberships_contains_paid_content":false,"footnotes":""},"categories":[80,87,2267,23,2,83],"tags":[3791,1828,3018,121,1668,856],"class_list":["post-68443","post","type-post","status-publish","format-standard","has-post-thumbnail","hentry","category-cintillo","category-desaparecidos","category-desaparecidos-en-nayarit","category-nayarit","category-noticias-nacionales","category-temas-nacionales","tag-acciones-por-desaparecidos","tag-busqueda-de-desaparecidos","tag-colectivos-de-busqueda-de-desaparecidos","tag-desaparecidos","tag-familiares-de-desaparecidos","tag-fosas-clandestinas","entry"],"jetpack_featured_media_url":"https:\/\/www.grieta.org.mx\/wp-content\/uploads\/2024\/02\/busqueda-personas-desaparecidas-905x613-1.jpeg","jetpack_sharing_enabled":true,"jetpack_shortlink":"https:\/\/wp.me\/p7ZJR4-hNV","jetpack_likes_enabled":false,"jetpack-related-posts":[{"id":64115,"url":"https:\/\/www.grieta.org.mx\/index.php\/2022\/04\/25\/familiares-de-personas-desaparecidas-realizan-busqueda-nayarti\/","url_meta":{"origin":68443,"position":0},"title":"Familiares de personas desaparecidas realizan b\u00fasqueda (Nayarit)","author":"grieta","date":"25 abril, 2022","format":false,"excerpt":"Foto: Tribuna de la Bah\u00eda Israel Torres \/ Tribuna de la Bab\u00eda Familiares y padres de unas siete a ocho personas desaparecidas, realizaron labores de b\u00fasqueda la tarde de este s\u00e1bado en los poblados El Guam\u00fachil, San Quint\u00edn, San Ignacio y Sayulita con el objetivo de recabar m\u00e1s informaci\u00f3n del\u2026","rel":"","context":"En &quot;CINTILLO&quot;","block_context":{"text":"CINTILLO","link":"https:\/\/www.grieta.org.mx\/index.php\/category\/cintillo\/"},"img":{"alt_text":"","src":"https:\/\/i0.wp.com\/www.grieta.org.mx\/wp-content\/uploads\/2022\/05\/busqueda-de-personas-deaparecidas-cover.jpg?resize=350%2C200&ssl=1","width":350,"height":200,"srcset":"https:\/\/i0.wp.com\/www.grieta.org.mx\/wp-content\/uploads\/2022\/05\/busqueda-de-personas-deaparecidas-cover.jpg?resize=350%2C200&ssl=1 1x, https:\/\/i0.wp.com\/www.grieta.org.mx\/wp-content\/uploads\/2022\/05\/busqueda-de-personas-deaparecidas-cover.jpg?resize=525%2C300&ssl=1 1.5x, https:\/\/i0.wp.com\/www.grieta.org.mx\/wp-content\/uploads\/2022\/05\/busqueda-de-personas-deaparecidas-cover.jpg?resize=700%2C400&ssl=1 2x"},"classes":[]},{"id":33080,"url":"https:\/\/www.grieta.org.mx\/index.php\/2019\/04\/29\/familiares-de-desaparecidos-hallan-otras-dos-fosas-clandestinas-en-xalisco-nayarit\/","url_meta":{"origin":68443,"position":1},"title":"Familiares de desaparecidos hallan otras dos fosas clandestinas en Xalisco (Nayarit)","author":"grieta","date":"29 abril, 2019","format":false,"excerpt":"De 2017 a la fecha, en Nayarit han encontrado 20 fosas clandestinas con 109 restos humanos Redacci\u00f3n \/ Enfoque Informativo El vocero del\u00a0Colectivo Familias Unidas por Nayarit,\u00a0Santiago P\u00e9rez, inform\u00f3 que este lunes fueron localizadas\u00a0dos nuevas fosas clandestinas\u00a0en un predio ubicado en la localidad de\u00a0Trigomil, municipio de\u00a0Xalisco,\u00a0Nayarit, donde han iniciado los\u2026","rel":"","context":"En &quot;CINTILLO&quot;","block_context":{"text":"CINTILLO","link":"https:\/\/www.grieta.org.mx\/index.php\/category\/cintillo\/"},"img":{"alt_text":"","src":"https:\/\/i0.wp.com\/www.grieta.org.mx\/wp-content\/uploads\/2019\/05\/4.jpg?resize=350%2C200&ssl=1","width":350,"height":200,"srcset":"https:\/\/i0.wp.com\/www.grieta.org.mx\/wp-content\/uploads\/2019\/05\/4.jpg?resize=350%2C200&ssl=1 1x, https:\/\/i0.wp.com\/www.grieta.org.mx\/wp-content\/uploads\/2019\/05\/4.jpg?resize=525%2C300&ssl=1 1.5x"},"classes":[]},{"id":70023,"url":"https:\/\/www.grieta.org.mx\/index.php\/2024\/09\/26\/madres-buscadoras-despliegan-lona-gigante-con-rostros-de-desaparecidos-en-tondoroque-nayarit\/","url_meta":{"origin":68443,"position":2},"title":"Madres buscadoras despliegan lona gigante con rostros de desaparecidos en Tondoroque (Nayarit)","author":"grieta","date":"26 septiembre, 2024","format":false,"excerpt":"Imagen: Tribuna de la Bah\u00eda Las madres buscadoras claman que sus hijos y familiares no sean olvidados, colgando una lona de 12 metros en el puente peatonal de Tondoroque Isrrael L\u00f3pez \/ Tribuna de la Bah\u00eda Como un acto de visibilizaci\u00f3n, familiares que buscan a sus desaparecidos en Bah\u00eda de\u2026","rel":"","context":"En &quot;CINTILLO&quot;","block_context":{"text":"CINTILLO","link":"https:\/\/www.grieta.org.mx\/index.php\/category\/cintillo\/"},"img":{"alt_text":"","src":"https:\/\/i0.wp.com\/www.grieta.org.mx\/wp-content\/uploads\/2024\/10\/desaparecidos-3-1024x695-1.jpg?resize=350%2C200&ssl=1","width":350,"height":200,"srcset":"https:\/\/i0.wp.com\/www.grieta.org.mx\/wp-content\/uploads\/2024\/10\/desaparecidos-3-1024x695-1.jpg?resize=350%2C200&ssl=1 1x, https:\/\/i0.wp.com\/www.grieta.org.mx\/wp-content\/uploads\/2024\/10\/desaparecidos-3-1024x695-1.jpg?resize=525%2C300&ssl=1 1.5x, https:\/\/i0.wp.com\/www.grieta.org.mx\/wp-content\/uploads\/2024\/10\/desaparecidos-3-1024x695-1.jpg?resize=700%2C400&ssl=1 2x"},"classes":[]},{"id":62698,"url":"https:\/\/www.grieta.org.mx\/index.php\/2021\/11\/19\/en-reunion-con-comite-de-la-onu-colectivos-de-familiares-desaparecidos-revelan-deficiencias-estatal-y-nacional-nayarit\/","url_meta":{"origin":68443,"position":3},"title":"En reuni\u00f3n con Comit\u00e9 de la ONU colectivos de familiares desaparecidos revelan deficiencias estatal y nacional (Nayarit)","author":"grieta","date":"19 noviembre, 2021","format":false,"excerpt":"Foto: El Occidental Crys Ben\u00edtez \/ El Occidental Integrantes del Comit\u00e9 Contra las Desaparici\u00f3n Forzada de la Organizaci\u00f3n de las Naciones Unidades (ONU), sostuvieron una reuni\u00f3n con la Comisi\u00f3n de la Verdad, as\u00ed como con diversos colectivos de familiares desaparecidos. El objetivo fue conocer la situaci\u00f3n que se guarda en\u2026","rel":"","context":"En &quot;CINTILLO&quot;","block_context":{"text":"CINTILLO","link":"https:\/\/www.grieta.org.mx\/index.php\/category\/cintillo\/"},"img":{"alt_text":"","src":"https:\/\/i0.wp.com\/www.grieta.org.mx\/wp-content\/uploads\/2021\/11\/Vocera-del-colectivo.jpg?resize=350%2C200&ssl=1","width":350,"height":200,"srcset":"https:\/\/i0.wp.com\/www.grieta.org.mx\/wp-content\/uploads\/2021\/11\/Vocera-del-colectivo.jpg?resize=350%2C200&ssl=1 1x, https:\/\/i0.wp.com\/www.grieta.org.mx\/wp-content\/uploads\/2021\/11\/Vocera-del-colectivo.jpg?resize=525%2C300&ssl=1 1.5x, https:\/\/i0.wp.com\/www.grieta.org.mx\/wp-content\/uploads\/2021\/11\/Vocera-del-colectivo.jpg?resize=700%2C400&ssl=1 2x"},"classes":[]},{"id":67260,"url":"https:\/\/www.grieta.org.mx\/index.php\/2023\/07\/27\/madres-buscadores-recorren-bahia-de-banderas-en-busca-de-sus-hijos-nayarit\/","url_meta":{"origin":68443,"position":4},"title":"Madres buscadores recorren Bah\u00eda de Banderas en busca de sus hijos (Nayarit)","author":"grieta","date":"27 julio, 2023","format":false,"excerpt":"Imagen: Tomada de la Red Israel Torres \/ Tribuna de la Bah\u00eda Durante esta semana madres buscadoras se ha internado en rincones del municipio de Bah\u00eda de Banderas en la b\u00fasqueda de rastros que lleven a la localizaci\u00f3n de sus hijos y familiares. Este mi\u00e9rcoles y jueves el grupo recorri\u00f3\u2026","rel":"","context":"En &quot;CINTILLO&quot;","block_context":{"text":"CINTILLO","link":"https:\/\/www.grieta.org.mx\/index.php\/category\/cintillo\/"},"img":{"alt_text":"","src":"https:\/\/i0.wp.com\/www.grieta.org.mx\/wp-content\/uploads\/2023\/07\/48694562_303.jpg?resize=350%2C200&ssl=1","width":350,"height":200,"srcset":"https:\/\/i0.wp.com\/www.grieta.org.mx\/wp-content\/uploads\/2023\/07\/48694562_303.jpg?resize=350%2C200&ssl=1 1x, https:\/\/i0.wp.com\/www.grieta.org.mx\/wp-content\/uploads\/2023\/07\/48694562_303.jpg?resize=525%2C300&ssl=1 1.5x, https:\/\/i0.wp.com\/www.grieta.org.mx\/wp-content\/uploads\/2023\/07\/48694562_303.jpg?resize=700%2C400&ssl=1 2x"},"classes":[]},{"id":72177,"url":"https:\/\/www.grieta.org.mx\/index.php\/2025\/08\/09\/madres-buscadoras-hallan-restos-oseos-detras-de-gasolinera-en-punta-de-mita-nayarit\/","url_meta":{"origin":68443,"position":5},"title":"Madres buscadoras hallan restos \u00f3seos detr\u00e1s de gasolinera en Punta de Mita (Nayarit)","author":"grieta","date":"9 agosto, 2025","format":false,"excerpt":"Imagen: Tribuna de la Bah\u00eda Madres buscadoras encuentran restos \u00f3seos en Punta de Mita y exigen pronta identificaci\u00f3n a la Fiscal\u00eda de Nayarit Isrrael Torres \/ Tribuna de la Bah\u00eda Colectivos de madres buscadoras de Bah\u00eda de Banderas informaron este s\u00e1bado 9 de agosto sobre el hallazgo de restos \u00f3seos\u2026","rel":"","context":"En &quot;CINTILLO&quot;","block_context":{"text":"CINTILLO","link":"https:\/\/www.grieta.org.mx\/index.php\/category\/cintillo\/"},"img":{"alt_text":"","src":"https:\/\/i0.wp.com\/www.grieta.org.mx\/wp-content\/uploads\/2025\/08\/Hallan-restos-oseos-en-Punta-de-Mita.jpeg.webp?resize=350%2C200&ssl=1","width":350,"height":200,"srcset":"https:\/\/i0.wp.com\/www.grieta.org.mx\/wp-content\/uploads\/2025\/08\/Hallan-restos-oseos-en-Punta-de-Mita.jpeg.webp?resize=350%2C200&ssl=1 1x, https:\/\/i0.wp.com\/www.grieta.org.mx\/wp-content\/uploads\/2025\/08\/Hallan-restos-oseos-en-Punta-de-Mita.jpeg.webp?resize=525%2C300&ssl=1 1.5x, https:\/\/i0.wp.com\/www.grieta.org.mx\/wp-content\/uploads\/2025\/08\/Hallan-restos-oseos-en-Punta-de-Mita.jpeg.webp?resize=700%2C400&ssl=1 2x, https:\/\/i0.wp.com\/www.grieta.org.mx\/wp-content\/uploads\/2025\/08\/Hallan-restos-oseos-en-Punta-de-Mita.jpeg.webp?resize=1050%2C600&ssl=1 3x"},"classes":[]}],"_links":{"self":[{"href":"https:\/\/www.grieta.org.mx\/index.php\/wp-json\/wp\/v2\/posts\/68443","targetHints":{"allow":["GET"]}}],"collection":[{"href":"https:\/\/www.grieta.org.mx\/index.php\/wp-json\/wp\/v2\/posts"}],"about":[{"href":"https:\/\/www.grieta.org.mx\/index.php\/wp-json\/wp\/v2\/types\/post"}],"author":[{"embeddable":true,"href":"https:\/\/www.grieta.org.mx\/index.php\/wp-json\/wp\/v2\/users\/2"}],"replies":[{"embeddable":true,"href":"https:\/\/www.grieta.org.mx\/index.php\/wp-json\/wp\/v2\/comments?post=68443"}],"version-history":[{"count":1,"href":"https:\/\/www.grieta.org.mx\/index.php\/wp-json\/wp\/v2\/posts\/68443\/revisions"}],"predecessor-version":[{"id":68445,"href":"https:\/\/www.grieta.org.mx\/index.php\/wp-json\/wp\/v2\/posts\/68443\/revisions\/68445"}],"wp:featuredmedia":[{"embeddable":true,"href":"https:\/\/www.grieta.org.mx\/index.php\/wp-json\/wp\/v2\/media\/68444"}],"wp:attachment":[{"href":"https:\/\/www.grieta.org.mx\/index.php\/wp-json\/wp\/v2\/media?parent=68443"}],"wp:term":[{"taxonomy":"category","embeddable":true,"href":"https:\/\/www.grieta.org.mx\/index.php\/wp-json\/wp\/v2\/categories?post=68443"},{"taxonomy":"post_tag","embeddable":true,"href":"https:\/\/www.grieta.org.mx\/index.php\/wp-json\/wp\/v2\/tags?post=68443"}],"curies":[{"name":"wp","href":"https:\/\/api.w.org\/{rel}","templated":true}]}}