{"id":68440,"date":"2024-01-25T16:19:33","date_gmt":"2024-01-25T22:19:33","guid":{"rendered":"https:\/\/www.grieta.org.mx\/?p=68440"},"modified":"2024-02-04T16:37:52","modified_gmt":"2024-02-04T22:37:52","slug":"se-busca-reportante-los-errores-del-censo-para-ubicar-a-las-personas-desaparecidas-en-jalisco","status":"publish","type":"post","link":"https:\/\/www.grieta.org.mx\/index.php\/2024\/01\/25\/se-busca-reportante-los-errores-del-censo-para-ubicar-a-las-personas-desaparecidas-en-jalisco\/","title":{"rendered":"Se busca reportante: los errores del censo para \u201cubicar\u201d a las personas desaparecidas en Jalisco"},"content":{"rendered":"<p>Imagen: Zona Docs<\/p>\n<p><strong>En la informaci\u00f3n p\u00fablica del \u201ccenso\u201d de la Estrategia Nacional de B\u00fasqueda Generalizada que realiz\u00f3 el Gobierno Federal aparecen, por lo menos, 28 registros err\u00f3neos de personas que fueron desaparecidas en Jalisco.<\/strong><\/p>\n<p><strong>Uno de los errores m\u00e1s evidentes es que en los registros se dice desconocer qui\u00e9n report\u00f3 la desaparici\u00f3n\u00a0aunque algunas de estas personas son\u00a0<\/strong><strong>familiares de quienes encabezan tres colectivos de\u00a0b\u00fasqueda. Incluso, en los\u00a0<\/strong><b>registros se asegura que se \u201cubic\u00f3\u201d a personas que a\u00fan siguen desaparecidas.<\/b><\/p>\n<p>Darwin Franco \/ Zona Docs<\/p>\n<p><strong>Jos\u00e9 Luis Arana Aguilar fue desaparecido el 17 de enero de 2011 en Tonal\u00e1, Jalisco.\u00a0<\/strong>Su madre,\u00a0<strong>Guadalupe Aguilar,<\/strong>\u00a0es una de las pioneras en la b\u00fasqueda de personas desaparecidas en Jalisco.<\/p>\n<p>En 2013 fund\u00f3, junto con decenas de familias, el colectivo\u00a0<em>Familias Unidas por Nuestros Desaparecidos de Jalisco<\/em>\u00a0(FUNDEJ); no obstante, los datos del censo de la Estrategia Nacional de B\u00fasqueda Generalizada que realiz\u00f3 el Gobierno Federal precisan que\u00a0<strong>se desconoce a la persona que puso la denuncia de desaparici\u00f3n de Jos\u00e9 Luis.<\/strong><\/p>\n<p>Bajo esa misma categor\u00eda de \u201cSe busca reportante\u201d aparece la desaparici\u00f3n de<strong>\u00a0C\u00e9sar Ulises Quintero Garc\u00eda, quien fue desaparecido el 4 de agosto de 2017 en Ocotl\u00e1n, Jalisco.<\/strong><\/p>\n<p>Su madre,<strong>\u00a0Martha Leticia Garc\u00eda<\/strong>\u00a0lo ha buscado desde entonces y, junto con otras madres buscadoras, encabeza el\u00a0<em>Colectivo Entre Cielo y Tierra,<\/em>\u00a0pese a ello el \u201ccenso federal\u201d asegura que no se sabe qui\u00e9n report\u00f3 la desaparici\u00f3n de C\u00e9sar Ulises.<\/p>\n<p>El 18 de mayo de 2021, en la colonia Vallarta, en Guadalajara<strong>, fue desaparecido por presuntos polic\u00edas, el joven H\u00e9ctor Daniel Flores Fern\u00e1ndez.\u00a0<\/strong>Su padre<strong>, H\u00e9ctor Flores,\u00a0<\/strong>no ha parado de buscarle.<\/p>\n<p>Junto con diversas familias cre\u00f3 el\u00a0<em>Colectivo Luz de Esperanza Desaparecidos Jalisco<\/em>; no obstante, el censo afirma desconocer que este padre fue quien present\u00f3 la denuncia por la desaparici\u00f3n de su hijo.<\/p>\n<p>Aunque cada uno de estos familiares tiene gran presencia p\u00fablica y en cada acto de exigencia b\u00fasqueda y justicia acuden con la fotograf\u00eda de su ser querido, en la clasificaci\u00f3n del censo de la Estrategia Nacional de B\u00fasqueda Generalizada, se asegur\u00f3 que no se conoce la identidad de<strong>\u00a0qui\u00e9n report\u00f3 la desaparici\u00f3n de Jos\u00e9 Luis, C\u00e9sar Ulises y H\u00e9ctor Daniel.<\/strong><\/p>\n<p>Bajo esa misma categor\u00eda aparecen otras desapariciones como las de\u00a0<strong>Oscar Antonio L\u00f3pez Enamorado quien fue desaparecido el 19 de enero de 2010 entre San Sebasti\u00e1n del Oeste y Puerto Vallarta.<\/strong><\/p>\n<p>Ana Enamorado, su madre, ha realizado infinidad de acciones de b\u00fasqueda y protestas para exigir que se busque a su hijo. Incluso, entre 2020 y 2023, realiz\u00f3 junto a la Comisi\u00f3n Nacional de B\u00fasqueda diversas diligencias para encontrar a Oscar; pese a ello,\u00a0<strong>el registro dentro del censo tambi\u00e9n es \u201cse busca reportante\u201d.<\/strong><\/p>\n<p><strong>\u201cEsto es indignante\u2026 qu\u00e9 cinismo de la Comisi\u00f3n Nacional de B\u00fasqueda\u201d, precis\u00f3 Ana cuando al revisar los datos de su hijo en la base p\u00fablica del censo.<\/strong><\/p>\n<p>Esta clasificaci\u00f3n,\u00a0<strong><a href=\"https:\/\/adondevanlosdesaparecidos.org\/2024\/01\/22\/tiene-censo-de-amlo-otros-datos-equivocados\/\" target=\"_blank\" rel=\"noopener\">como se denunci\u00f3 en el reportaje<\/a><\/strong>\u00a0realizado por Efra Tzuc de\u00a0<em>A d\u00f3nde van los Desaparecidos<\/em>, se hizo\u00a0fuera de toda normatividad en torno a la desaparici\u00f3n de personas en M\u00e9xico, pues en las diversas leyes y protocolos no existen las categor\u00edas que emple\u00f3 el censo.<\/p>\n<p>Las categor\u00edas empleadas fueron: \u201cDenuncias confirmadas\u201d,\u00a0\u201cPersonas ubicadas\u201d, \u201dCon indicios\u201d, \u201cSe requiere informaci\u00f3n de identidad\u201d, \u201cCon identidad sin datos adicionales\u201d\u00a0y \u201cSe busca reportante\u201d.<\/p>\n<p>De acuerdo a las autoridades federales, en la versi\u00f3n del censo realizado bajo la Estrategia Nacional de B\u00fasqueda Generalizada (la cual puede consultarse aqu\u00ed:\u00a0<a href=\"https:\/\/busquedageneralizada.gob.mx\/consulta\/\" target=\"_blank\" rel=\"noopener\"><strong>https:\/\/busquedageneralizada.gob.mx\/consulta\/<\/strong><\/a>) se incluyen los datos de:<\/p>\n<ul class=\"ulnote\">\n<li>Aquellas personas que han sido ubicadas, pero de las que se requiere m\u00e1s informaci\u00f3n para confirmar una localizaci\u00f3n,<\/li>\n<li>Las personas confirmadas como desaparecidas y a las que se est\u00e1 dando seguimiento puntual al caso con comisiones y fiscal\u00edas.<\/li>\n<\/ul>\n<p>Pero tambi\u00e9n aclaran que tambi\u00e9n hay registros que\u00a0<strong>\u201ccarecen de suficiente informaci\u00f3n, pues no se dispone de datos sobre la persona que realiz\u00f3 el reporte o se trata de informes an\u00f3nimos\u201d<\/strong>, lo que de acuerdo a las autoridades\u00a0<strong>\u201cimpide confirmar la identidad de la persona reportada como desaparecida o no localizada\u201d.<\/strong><\/p>\n<p>Incluso se afirma que\u00a0<strong>\u201cestos registros ya fueron cotejados con diversas bases de datos nacionales, sin obtener resultados\u201d<\/strong>, lo cual resulta dif\u00edcil de creer, pues si se coteja la informaci\u00f3n con otras bases p\u00fablicas del propio gobierno federal se podr\u00eda saber que, por ejemplo,\u00a0<strong>Guadalupe Aguilar es la persona que coloc\u00f3 la denuncia por desaparici\u00f3n de su hijo, Jos\u00e9 Luis<\/strong>, tanto en la Fiscal\u00eda General de la Rep\u00fablica como en la Fiscal\u00eda del Estado de Jalisco.<\/p>\n<h4><strong>Y los errores contin\u00faan\u2026<\/strong><\/h4>\n<p>En el censo de la Estrategia Nacional de B\u00fasqueda Generalizada\u00a0<strong>sobre Jalisco aparecen 12 mil 218 registros<\/strong>, lo que corresponde al 13% de los 94 mil 284 registros totales; de \u00e9stos, el trabajo realizado por\u00a0<em>A d\u00f3nde van los desaparecidos<\/em>\u00a0detect\u00f3 24 errores, pero la lista es a\u00fan m\u00e1s larga.<\/p>\n<p>En los 24 registros del censo que aparecen en el reportaje \u201cTiene censo de AMLO\u2026 otros datos equivocados\u201d:\u00a0<strong>16 fueron catalogados como \u201cSe busca reportante\u201d, tres como \u201cSe requiere informaci\u00f3n de identidad\u201d, y cinco aparecen como \u201cPersona Ubicada\u201d<\/strong>.<\/p>\n<p>Uno de estos errores corresponde a la desaparici\u00f3n m\u00faltiple de cuatro hermanos.\u00a0<strong>Guadalupe Camarena denunci\u00f3, el 19 de diciembre de 2019, que sus hijos: \u00a0<a href=\"https:\/\/www.zonadocs.mx\/tag\/hermanos-camarena\/\" target=\"_blank\" rel=\"noopener\">Jos\u00e9 de Jes\u00fas Mart\u00ednez Camarena, Ernesto Padilla Camarena, Tonatiuh \u00c1valos Camarena y Oswaldo Javier \u00c1valos Camarena<\/a><\/strong>\u00a0hab\u00edan sido desaparecidos por polic\u00edas municipales de Ocotl\u00e1n, Jalisco.<\/p>\n<p>Sin embargo, el censo que\u00a0s\u00f3lo tiene registros de la desaparici\u00f3n de Ernesto, Jos\u00e9 de Jes\u00fas y Tonatiuh, otorg\u00f3 a cada caso la categor\u00eda de\u00a0<strong>\u201cSe busca reportante;<\/strong>\u00a0esto a pesar de que por la desaparici\u00f3n de los cuatro hermanos, el Comit\u00e9 contra la Desaparici\u00f3n Forzada de las Naciones Unidas\u00a0<strong>emiti\u00f3 el 6 de enero de 2021 cuatro Acciones Urgentes<\/strong>\u00a0donde exigi\u00f3 al Estado Mexicano la creaci\u00f3n de una estrategia integral para una investigaci\u00f3n y b\u00fasqueda exhaustiva de los hermanos.<\/p>\n<p>Otro desaparici\u00f3n m\u00faltiple que tambi\u00e9n tiene esta clasificaci\u00f3n (\u201cse busca reportante\u201d) es la de los ciudadanos italianos,<strong><a href=\"https:\/\/piedepagina.mx\/jalisco-desapariciones-forzadas-en-territorio-del-cjng\/\" target=\"_blank\" rel=\"noopener\">\u00a0Antonio Russo, Raffaele Russo y Vicenzo Cimmino<\/a>, quienes fueron desaparecidos el 31 de enero de 2018 por polic\u00edas municipales de Tecalitl\u00e1n.<\/strong><\/p>\n<p><strong>La denuncia fue interpuesta por Francesco Russo, hijo de Raffaele y hermano de Antonio,<\/strong>\u00a0pero las autoridades dicen desconocer esta informaci\u00f3n. Por el caso, incluso, la Comisi\u00f3n Estatal de Derechos Humanos de Jalisco emiti\u00f3 una recomendaci\u00f3n (025\/2019) donde se acredita la desaparici\u00f3n forzada, pero esta informaci\u00f3n p\u00fablica\u00a0<strong>no ha sido suficiente para saber \u201cqui\u00e9n report\u00f3 la desaparici\u00f3n\u201d<\/strong>\u00a0de los ciudadanos italianos.<\/p>\n<p>El resto de las desapariciones que tambi\u00e9n fueron catalogadas as\u00ed (\u201cse busca reportante\u201d) son la de\u00a0<strong><a href=\"https:\/\/www.zonadocs.mx\/2022\/01\/24\/mas-de-4-anos-de-buscar-a-karla-gabriela-y-ningun-resultado-la-onu-emite-accion-urgente-para-que-el-estado-mexicano-la-encuentre\/\" target=\"_blank\" rel=\"noopener\">Karla Gabriela Mac\u00edas Cort\u00e9s,<\/a><\/strong>\u00a0quien fue desaparecida el 17 de julio de 2017 en Tlajomulco de Z\u00fa\u00f1iga; en este caso, tambi\u00e9n existe desde el 15 de diciembre de 2022,\u00a0<strong>una Acci\u00f3n Urgente emitida por\u00a0el Comit\u00e9 Contra la Desaparici\u00f3n Forzada de la ONU,<\/strong>\u00a0la cual se otorg\u00f3 a favor de Mar\u00eda de Jes\u00fas Cort\u00e9s Mart\u00ednez, madre de la joven.<\/p>\n<p><a href=\"https:\/\/www.zonadocs.mx\/2023\/03\/30\/a-50-dias-de-su-desaparicion-realizan-velada-para-exigir-la-localizacion-de-kike\/\" target=\"_blank\" rel=\"noopener\"><strong>Enrique Esparza Ochoa, de 21 a\u00f1os<\/strong><\/a>, fue desaparecido el 9 de febrero de 2023 en la colonia Providencia en Zapopan. Sus familiares y amigos realizaron m\u00faltiples manifestaciones y marchas.<\/p>\n<p>Su madre, Laura Ochoa, tom\u00f3 varias veces la palabra para exigir la b\u00fasqueda de su hijo e, incluso, fue atendida por personal de la Fiscal\u00eda,\u00a0<strong>pero en el registro del censo se asegura no tener datos de quien report\u00f3 la desaparici\u00f3n de Enrique.<\/strong><\/p>\n<p><strong>Jes\u00fas Daniel D\u00edaz Garc\u00eda<\/strong>\u00a0fue desaparecido junto con sus amigos<strong>\u00a0Javier Salom\u00f3n Aceves Gast\u00e9lum y Marco Francisco Garc\u00eda \u00c1valos,<\/strong>\u00a0el 19 de marzo de 2018 en Tonal\u00e1\u00a0<strong>por presuntos polic\u00edas estatales.<\/strong><\/p>\n<p><strong><a href=\"https:\/\/www.zonadocs.mx\/tag\/caav\/\" target=\"_blank\" rel=\"noopener\">La desaparici\u00f3n de los tres estudiantes del CAAV<\/a><\/strong>\u00a0gener\u00f3 decenas de marchas y acciones p\u00fablicas. Incluso, la desaparici\u00f3n de estos j\u00f3venes cineastas ocasion\u00f3 la apropiaci\u00f3n de la Glorieta de los Ni\u00f1os H\u00e9roes\u00a0<strong>para renombrarla como la Glorieta de las y los desaparecidos de Jalisco,<\/strong>\u00a0espacio donde ahora est\u00e1n colocadas m\u00e1s de 100 losetas de b\u00fasqueda.<\/p>\n<p>Pese a la relevancia medi\u00e1tica, nacional e internacional, del caso.<strong>\u00a0El censo tambi\u00e9n coloc\u00f3 el caso de Jes\u00fas Daniel en la categor\u00eda \u201cSe busca reportante\u201d.<\/strong>\u00a0En el censo es el \u00fanico de los tres\u00a0estudiantes que\u00a0aparece en el listado.<\/p>\n<p>En el registro del joven destaca que se le considere como desaparecido, pues en la versi\u00f3n oficial de la Fiscal\u00eda del Estado de Jalisco, dado a conocer en abril de 2018, ya no contempla como desaparecidos a los j\u00f3venes estudiantes,\u00a0<strong>pues aseguran que sus restos fueron disueltos en \u00e1cido por integrantes del crimen organizado.<\/strong><\/p>\n<p>Otros casos registrados bajo la categor\u00eda de \u201cSe busca reportante\u201d son los de\u00a0<strong>Efr\u00e9n Alba Mart\u00edn del Campo<\/strong>, quien fue desaparecido el 24 de marzo de 2020 en Encarnaci\u00f3n de D\u00edaz;\u00a0<strong>Miguel \u00c1ngel Medina de Niz<\/strong>, desaparecido desde el 8 de febrero de 2018 en Autl\u00e1n de Navarro; y\u00a0<strong>Pablo Efra\u00edn N\u00fa\u00f1ez Ram\u00edrez,<\/strong>\u00a0quien fue desaparecido el 21 de octubre de 2021 en San Diego de Alejandr\u00eda, de \u00e9ste la Comisi\u00f3n de B\u00fasqueda de Personas Desaparecidas de Jalisco s\u00ed emiti\u00f3 una ficha de b\u00fasqueda.<\/p>\n<p>En una revisi\u00f3n realizada por ZonaDocs, encontramos cuatro errores m\u00e1s; uno de ellos es del de\u00a0<strong><a href=\"https:\/\/reverso.mx\/maria-fernanda-un-ano-desaparecida-ningun-avance-en-su-investigacion\/\" target=\"_blank\" rel=\"noopener\">Mar\u00eda Fernanda Azpeitia Amador fue desaparecida el 27 de agosto de 2016 en Zapopan<\/a><\/strong>.<\/p>\n<p>Desde entonces, su familia le ha buscado; sin embargo, su caso en el registro se\u00f1ala que, a la fecha, no se ha logrado tener informaci\u00f3n de la persona que present\u00f3 la denuncia;<strong>\u00a0en este caso, quien lo hizo fue Vanessa, su madre<\/strong><\/p>\n<figure id=\"attachment_126709\" class=\"wp-caption aligncenter\" aria-describedby=\"caption-attachment-126709\"><img loading=\"lazy\" decoding=\"async\" class=\"wp-image-126709 size-full td-animation-stack-type0-2\" src=\"https:\/\/www.zonadocs.mx\/wp-content\/uploads\/2024\/01\/Captura-de-Pantalla-2024-01-24-a-las-18.25.10.png\" sizes=\"auto, (max-width: 1218px) 100vw, 1218px\" srcset=\"https:\/\/www.zonadocs.mx\/wp-content\/uploads\/2024\/01\/Captura-de-Pantalla-2024-01-24-a-las-18.25.10.png 1218w, https:\/\/www.zonadocs.mx\/wp-content\/uploads\/2024\/01\/Captura-de-Pantalla-2024-01-24-a-las-18.25.10-768x241.png 768w, https:\/\/www.zonadocs.mx\/wp-content\/uploads\/2024\/01\/Captura-de-Pantalla-2024-01-24-a-las-18.25.10-300x94.png 300w, https:\/\/www.zonadocs.mx\/wp-content\/uploads\/2024\/01\/Captura-de-Pantalla-2024-01-24-a-las-18.25.10-696x219.png 696w, https:\/\/www.zonadocs.mx\/wp-content\/uploads\/2024\/01\/Captura-de-Pantalla-2024-01-24-a-las-18.25.10-1068x336.png 1068w\" alt=\"\" width=\"1218\" height=\"383\" \/><figcaption id=\"caption-attachment-126709\" class=\"wp-caption-text\">Captura de pantalla donde aparece el registro de Mar\u00eda Fernanda Azpeitia Amador.<\/figcaption><\/figure>\n<p>Bajo este mismo tenor se encuentra el registro de\u00a0<a href=\"https:\/\/reverso.mx\/un-ano-sin-fabiola-la-busqueda-de-mujeres-desaparecidas-en-jalisco\/\" target=\"_blank\" rel=\"noopener\"><strong>Fabiola Regalado Guerrero<\/strong><\/a>, quien fue desaparecida en Guadalajara, el 8 de febrero de 2017. En su caso, su madre, Rosa Mar\u00eda, y su hermana, Arleen fueron quienes interpusieron la denuncia;\u00a0<strong>sin embargo, aparece como \u201cse busca reportante\u201d.<\/strong><\/p>\n<p><img loading=\"lazy\" decoding=\"async\" class=\"aligncenter size-full wp-image-126710 td-animation-stack-type0-2\" src=\"https:\/\/www.zonadocs.mx\/wp-content\/uploads\/2024\/01\/Captura-de-Pantalla-2024-01-24-a-las-18.26.35.png\" sizes=\"auto, (max-width: 1218px) 100vw, 1218px\" srcset=\"https:\/\/www.zonadocs.mx\/wp-content\/uploads\/2024\/01\/Captura-de-Pantalla-2024-01-24-a-las-18.26.35.png 1218w, https:\/\/www.zonadocs.mx\/wp-content\/uploads\/2024\/01\/Captura-de-Pantalla-2024-01-24-a-las-18.26.35-768x269.png 768w, https:\/\/www.zonadocs.mx\/wp-content\/uploads\/2024\/01\/Captura-de-Pantalla-2024-01-24-a-las-18.26.35-300x105.png 300w, https:\/\/www.zonadocs.mx\/wp-content\/uploads\/2024\/01\/Captura-de-Pantalla-2024-01-24-a-las-18.26.35-696x244.png 696w, https:\/\/www.zonadocs.mx\/wp-content\/uploads\/2024\/01\/Captura-de-Pantalla-2024-01-24-a-las-18.26.35-1068x374.png 1068w\" alt=\"\" width=\"1218\" height=\"427\" \/><\/p>\n<p>Una desaparici\u00f3n de mujer con la misma suerte en los registros en el de\u00a0<strong>Erika Berenice Cueto V\u00e1zquez,\u00a0<\/strong>quien fue desaparecida el 12 de noviembre de 2014 entre Puerto Vallarta y San Jos\u00e9 del Valle, Nayarit. En la base de ella, incluso, aparecen dos registros.<\/p>\n<p>.<img loading=\"lazy\" decoding=\"async\" class=\"aligncenter size-full wp-image-126711 td-animation-stack-type0-2\" src=\"https:\/\/www.zonadocs.mx\/wp-content\/uploads\/2024\/01\/Captura-de-Pantalla-2024-01-24-a-las-18.31.38.png\" sizes=\"auto, (max-width: 1218px) 100vw, 1218px\" srcset=\"https:\/\/www.zonadocs.mx\/wp-content\/uploads\/2024\/01\/Captura-de-Pantalla-2024-01-24-a-las-18.31.38.png 1218w, https:\/\/www.zonadocs.mx\/wp-content\/uploads\/2024\/01\/Captura-de-Pantalla-2024-01-24-a-las-18.31.38-768x110.png 768w, https:\/\/www.zonadocs.mx\/wp-content\/uploads\/2024\/01\/Captura-de-Pantalla-2024-01-24-a-las-18.31.38-300x43.png 300w, https:\/\/www.zonadocs.mx\/wp-content\/uploads\/2024\/01\/Captura-de-Pantalla-2024-01-24-a-las-18.31.38-696x99.png 696w, https:\/\/www.zonadocs.mx\/wp-content\/uploads\/2024\/01\/Captura-de-Pantalla-2024-01-24-a-las-18.31.38-1068x153.png 1068w\" alt=\"\" width=\"1218\" height=\"174\" \/><\/p>\n<p>En uno de ellos se precisa que se busca informaci\u00f3n sobre qui\u00e9n denunci\u00f3 la desaparici\u00f3n y en otro se precisa que \u201cSe requieren datos de identidad\u201d;<strong>\u00a0en cuanto a la b\u00fasqueda de Erika, \u00e9sta es encabezada desde hace 9 a\u00f1os por Letty V\u00e1zquez,\u00a0<\/strong>quien ha sido una de las madres buscadoras m\u00e1s visibles en el estado.<\/p>\n<p>Quien tambi\u00e9n aparece con la clasificaci\u00f3n de \u201cse busca reportante\u201d es\u00a0<strong>Juan Carlos Zaragoza Gaona, quien fue desaparecido fuera de su propio domicilio, el 26 de mayo de 2015<\/strong>. Sus padres, Juan y Adriana, pertenecen al colectivo\u00a0<em>Por Amor A Ellxs<\/em>.<\/p>\n<p>Fueron ambos quienes en diversas instancias, locales y nacionales, reportaron la desaparici\u00f3n cuando \u00e9sta ocurri\u00f3 en Zapopan.<\/p>\n<p><img loading=\"lazy\" decoding=\"async\" class=\"aligncenter size-full wp-image-126728 td-animation-stack-type0-2\" src=\"https:\/\/www.zonadocs.mx\/wp-content\/uploads\/2024\/01\/Captura-de-Pantalla-2024-01-25-a-las-20.33.45.png\" sizes=\"auto, (max-width: 1207px) 100vw, 1207px\" srcset=\"https:\/\/www.zonadocs.mx\/wp-content\/uploads\/2024\/01\/Captura-de-Pantalla-2024-01-25-a-las-20.33.45.png 1207w, https:\/\/www.zonadocs.mx\/wp-content\/uploads\/2024\/01\/Captura-de-Pantalla-2024-01-25-a-las-20.33.45-768x200.png 768w, https:\/\/www.zonadocs.mx\/wp-content\/uploads\/2024\/01\/Captura-de-Pantalla-2024-01-25-a-las-20.33.45-300x78.png 300w, https:\/\/www.zonadocs.mx\/wp-content\/uploads\/2024\/01\/Captura-de-Pantalla-2024-01-25-a-las-20.33.45-696x181.png 696w, https:\/\/www.zonadocs.mx\/wp-content\/uploads\/2024\/01\/Captura-de-Pantalla-2024-01-25-a-las-20.33.45-1068x278.png 1068w\" alt=\"\" width=\"1207\" height=\"314\" \/><\/p>\n<p>&nbsp;<\/p>\n<h4><strong>\u00bfPersonas ubicadas?<\/strong><\/h4>\n<p>En cuanto a las personas que el registro aparecen como \u201cUbicadas\u201d, est\u00e1n los nombres de\u00a0<strong>Jorge Ruiz L\u00f3pez, Jos\u00e9 de Jes\u00fas Romero Quintero, Manuel S\u00e1nchez Ju\u00e1rez, Ram\u00f3n G\u00f3mez Hern\u00e1ndez y\u00a0Karla Garc\u00eda Duarte.<\/strong><\/p>\n<p>Destaca que en este listado aparezca el nombre de Karla, quien fue desaparecida el 18 de septiembre de 2020 en la colonia Mesa Colorada Poniente en Zapopan, junto con sus amigos\u00a0<strong>Kenia P\u00e9rez Duarte y Jaime Adri\u00e1n Ram\u00edrez Sol\u00eds.<\/strong>\u00a0A la fecha, como lo han se\u00f1alado sus familiares, no se sabe nada de estos tres j\u00f3venes.<\/p>\n<p>En los registros del censo\u00a0<strong>tambi\u00e9n se catalog\u00f3 al caso de Kenia bajo la clasificaci\u00f3n \u201cSe requiere informaci\u00f3n de identidad\u201d<\/strong>, lo cual evidencia el sesgo de g\u00e9nero que tiene el instrumento federal, pues tanto ella como Karla,\u00a0<strong><a href=\"https:\/\/www.zonadocs.mx\/tag\/kenia-y-karla-desaparecidas\/\" target=\"_blank\" rel=\"noopener\">son mujeres trans.\u00a0\u00a0<\/a><\/strong><\/p>\n<p>En el caso de\u00a0<strong>Jaime Adri\u00e1n Ram\u00edrez Sol\u00eds\u00a0<\/strong>\u00e9ste no aparece en los datos del\u00a0\u201ccenso\u201d.<\/p>\n<p>Sobre la presunta \u201cubicaci\u00f3n\u201d<strong><a href=\"https:\/\/cronicadesociales.wordpress.com\/2015\/09\/28\/los-desaparecidos-del-hotelito-desconocido\/\" target=\"_blank\" rel=\"noopener\">\u00a0Jos\u00e9 de Jes\u00fas Romero Quintero y Jorge Ruiz L\u00f3pez quienes, junto con Rafael Espinoza D\u00edaz,<\/a>\u00a0<\/strong>fueron desaparecidos el 24 de marzo de 2011, el censo asegura que se tiene informaci\u00f3n sobre su posible paradero.<\/p>\n<p>Estos pescadores y\u00a0dirigentes de la Sociedad Cooperativa de Producci\u00f3n Pesquera La Cruz de Loreto denunciaron la construcci\u00f3n del llamado \u201cHotelito Desconocido\u201d, centro tur\u00edstico que fue utilizado para lavar dinero del C\u00e1rtel Jalisco Nueva Generaci\u00f3n. Desde su desaparici\u00f3n,<strong>\u00a0familiares y amigos no tienen informaci\u00f3n de que hayan sido ubicados y\/o\u00a0localizados,<\/strong>\u00a0como se asegura \u201cel censo\u201d.<\/p>\n<p>Misma sensaci\u00f3n es la que se tiene sobre la desaparici\u00f3n de los j\u00f3venes Arturo Mu\u00f1oz Romo y Jos\u00e9 Guadalupe Rodr\u00edguez de Le\u00f3n, quienes fueron desaparecidos el 6 de mayo de 2011. De los menores de edad originarios de Aguascalientes no se sabe nada; en el registro, no obstante, aparecen bajo la categor\u00eda de<strong>\u00a0\u201cSe requiere informaci\u00f3n de identidad\u201d.<\/strong><\/p>\n<p>Este es el primer an\u00e1lisis que sobre el censo de la Estrategia Nacional de B\u00fasqueda Generalizada que realizaremos en\u00a0<em>ZonaDocs<\/em>, esta aproximaci\u00f3n permite evidenciar una cadena de errores tanto en la metodolog\u00eda como en el levantamiento de la informaci\u00f3n, lo cual apunta, como lo ha denunciado el\u00a0<em>Movimiento Nacional por Nuestros Desaparecidos en M\u00e9xico<\/em>,\u00a0<strong>m\u00e1s a un proceso de simulaci\u00f3n y de manipulaci\u00f3n de las desapariciones que a una estrategia real para localizar\u00a0<\/strong>a\u00a0las m\u00e1s de 114 mil personas desaparecidas que han sido desaparecidas en M\u00e9xico.<\/p>\n<p>Aqu\u00ed una tabla con los casos en los que hallamos errores en el registro del \u201ccenso\u201d para el caso de las personas que han sido desaparecidas en Jalisco.<\/p>\n<p><a href=\"https:\/\/www.zonadocs.mx\/2024\/01\/25\/se-busca-reportante-los-errores-del-censo-para-ubicar-a-las-personas-desaparecidas-en-jalisco\/\">https:\/\/www.zonadocs.mx\/2024\/01\/25\/se-busca-reportante-los-errores-del-censo-para-ubicar-a-las-personas-desaparecidas-en-jalisco\/<\/a><\/p>\n","protected":false},"excerpt":{"rendered":"<p>Imagen: Zona Docs En la informaci\u00f3n p\u00fablica del \u201ccenso\u201d de la Estrategia Nacional de B\u00fasqueda Generalizada que realiz\u00f3 el Gobierno Federal aparecen, por lo menos, 28 registros err\u00f3neos de personas &hellip; <a href=\"https:\/\/www.grieta.org.mx\/index.php\/2024\/01\/25\/se-busca-reportante-los-errores-del-censo-para-ubicar-a-las-personas-desaparecidas-en-jalisco\/\" class=\"more-link\">Leer m\u00e1s<\/a><\/p>\n","protected":false},"author":2,"featured_media":68441,"comment_status":"closed","ping_status":"closed","sticky":false,"template":"","format":"standard","meta":{"ngg_post_thumbnail":0,"_jetpack_newsletter_access":"","_jetpack_dont_email_post_to_subs":false,"_jetpack_newsletter_tier_id":0,"_jetpack_memberships_contains_paywalled_content":false,"_jetpack_memberships_contains_paid_content":false,"footnotes":""},"categories":[80,87,1032,20,2],"tags":[1828,3018,121,1668,1228],"class_list":["post-68440","post","type-post","status-publish","format-standard","has-post-thumbnail","hentry","category-cintillo","category-desaparecidos","category-desaparecidos-en-jalisco","category-jalisco","category-noticias-nacionales","tag-busqueda-de-desaparecidos","tag-colectivos-de-busqueda-de-desaparecidos","tag-desaparecidos","tag-familiares-de-desaparecidos","tag-protestas-por-desaparecidos","entry"],"jetpack_featured_media_url":"https:\/\/www.grieta.org.mx\/wp-content\/uploads\/2024\/02\/FAMILIA-CAMARENA-PORTADA-scaled-1.jpg","jetpack_sharing_enabled":true,"jetpack_shortlink":"https:\/\/wp.me\/p7ZJR4-hNS","jetpack_likes_enabled":false,"jetpack-related-posts":[{"id":60398,"url":"https:\/\/www.grieta.org.mx\/index.php\/2021\/07\/06\/familias-de-colima-recorren-jalisco-buscando-a-sus-desaparecidos\/","url_meta":{"origin":68440,"position":0},"title":"Familias de Colima recorren Jalisco buscando a sus desaparecidos","author":"grieta","date":"6 julio, 2021","format":false,"excerpt":"Foto:\u00a0 Diario Avanzada Heidi de Le\u00f3n Guti\u00e9rrez \/ Diario Avanzada Colima, M\u00e9xico, Avanzada (06\/07\/2021).- Integrantes de la Red de Personas Desaparecidas en Colima se encuentran en Jalisco para buscar a sus familiares \u00a0en hospitales, albergues,\u00a0 centros penitenciarios \u00a0y en distintos puntos de esa entidad como parte de la Jornada Nacional\u2026","rel":"","context":"En &quot;CINTILLO&quot;","block_context":{"text":"CINTILLO","link":"https:\/\/www.grieta.org.mx\/index.php\/category\/cintillo\/"},"img":{"alt_text":"","src":"https:\/\/i0.wp.com\/www.grieta.org.mx\/wp-content\/uploads\/2021\/07\/Des.png?resize=350%2C200&ssl=1","width":350,"height":200},"classes":[]},{"id":64242,"url":"https:\/\/www.grieta.org.mx\/index.php\/2022\/05\/19\/nos-faltan-mas-de-100-mil-personas-desaparecidas-reclaman-en-guadalajara-familiares-a-autoridades-jalisco\/","url_meta":{"origin":68440,"position":1},"title":"\u201cNos faltan m\u00e1s de 100 mil personas desaparecidas: reclaman en Guadalajara familiares a autoridades (Jalisco)","author":"grieta","date":"19 mayo, 2022","format":false,"excerpt":"Foto: Zona Docs En la Glorieta de las y los Desaparecidos de Guadalajara, colectivos de personas desaparecidas se reunieron este mi\u00e9rcoles 18 de mayo, para denunciar que en M\u00e9xico hay m\u00e1s de 100 mil personas desaparecidas. Mario Marlos \/ Zona Docs Acompa\u00f1adas de los retratos de sus seres queridos, los\u2026","rel":"","context":"En &quot;CINTILLO&quot;","block_context":{"text":"CINTILLO","link":"https:\/\/www.grieta.org.mx\/index.php\/category\/cintillo\/"},"img":{"alt_text":"","src":"https:\/\/i0.wp.com\/www.grieta.org.mx\/wp-content\/uploads\/2022\/05\/photo5490347735354812367.jpg?resize=350%2C200&ssl=1","width":350,"height":200,"srcset":"https:\/\/i0.wp.com\/www.grieta.org.mx\/wp-content\/uploads\/2022\/05\/photo5490347735354812367.jpg?resize=350%2C200&ssl=1 1x, https:\/\/i0.wp.com\/www.grieta.org.mx\/wp-content\/uploads\/2022\/05\/photo5490347735354812367.jpg?resize=525%2C300&ssl=1 1.5x, https:\/\/i0.wp.com\/www.grieta.org.mx\/wp-content\/uploads\/2022\/05\/photo5490347735354812367.jpg?resize=700%2C400&ssl=1 2x, https:\/\/i0.wp.com\/www.grieta.org.mx\/wp-content\/uploads\/2022\/05\/photo5490347735354812367.jpg?resize=1050%2C600&ssl=1 3x"},"classes":[]},{"id":67195,"url":"https:\/\/www.grieta.org.mx\/index.php\/2023\/07\/18\/jalisco-en-una-fosa-miles-de-personas-marchan-en-jalisco-exigiendo-el-fin-de-las-desapariciones-y-la-continuidad-de-las-busquedas-jalisco\/","url_meta":{"origin":68440,"position":2},"title":"&#8220;Jalisco es una fosa&#8221;, miles de personas marchan en Jalisco exigiendo el fin de las desapariciones y la continuidad de las b\u00fasquedas (Jalisco)","author":"grieta","date":"18 julio, 2023","format":false,"excerpt":"Imangen: Shiebi AL Colectivos de b\u00fasqueda de personas desaparecidas de Jalisco realizaron una mega marcha para demandar que la b\u00fasqueda de personas desaparecidas, esto tras el anuncio que el gobernador, Enrique Alfaro, hiciera tras el ataque que cobrara la vida de seis personas que acudieron a un\u00a0b\u00fasqueda en campo; adem\u00e1s\u2026","rel":"","context":"En &quot;CINTILLO&quot;","block_context":{"text":"CINTILLO","link":"https:\/\/www.grieta.org.mx\/index.php\/category\/cintillo\/"},"img":{"alt_text":"","src":"https:\/\/i0.wp.com\/www.grieta.org.mx\/wp-content\/uploads\/2023\/07\/IMG_9135-1536x901-1.jpg?resize=350%2C200&ssl=1","width":350,"height":200,"srcset":"https:\/\/i0.wp.com\/www.grieta.org.mx\/wp-content\/uploads\/2023\/07\/IMG_9135-1536x901-1.jpg?resize=350%2C200&ssl=1 1x, https:\/\/i0.wp.com\/www.grieta.org.mx\/wp-content\/uploads\/2023\/07\/IMG_9135-1536x901-1.jpg?resize=525%2C300&ssl=1 1.5x, https:\/\/i0.wp.com\/www.grieta.org.mx\/wp-content\/uploads\/2023\/07\/IMG_9135-1536x901-1.jpg?resize=700%2C400&ssl=1 2x, https:\/\/i0.wp.com\/www.grieta.org.mx\/wp-content\/uploads\/2023\/07\/IMG_9135-1536x901-1.jpg?resize=1050%2C600&ssl=1 3x, https:\/\/i0.wp.com\/www.grieta.org.mx\/wp-content\/uploads\/2023\/07\/IMG_9135-1536x901-1.jpg?resize=1400%2C800&ssl=1 4x"},"classes":[]},{"id":56175,"url":"https:\/\/www.grieta.org.mx\/index.php\/2021\/01\/08\/una-pandemia-qu-jalisce-no-cesa-la-crisis-de-desapariciones\/","url_meta":{"origin":68440,"position":3},"title":"Una pandemia que no cesa, la crisis de desapariciones (Jalisco)","author":"grieta","date":"8 enero, 2021","format":false,"excerpt":"Imagen: Anuario Independiente Mar\u00eda Fernanda Lattuada y Eric Sandoval \/ Zona Docs En M\u00e9xico, desde los a\u00f1os sesenta a la fecha han desaparecido 73 mil 201 personas*; de esta cifra, el 41% de estas personas son j\u00f3venes entre los 14 y 29 a\u00f1os. Jalisco con 11 mil 267 personas desaparecidas,\u2026","rel":"","context":"En &quot;CINTILLO&quot;","block_context":{"text":"CINTILLO","link":"https:\/\/www.grieta.org.mx\/index.php\/category\/cintillo\/"},"img":{"alt_text":"","src":"https:\/\/i0.wp.com\/www.grieta.org.mx\/wp-content\/uploads\/2021\/01\/Captura-de-Pantalla-2021-01-08-a-las-7.12.41.png?resize=350%2C200&ssl=1","width":350,"height":200,"srcset":"https:\/\/i0.wp.com\/www.grieta.org.mx\/wp-content\/uploads\/2021\/01\/Captura-de-Pantalla-2021-01-08-a-las-7.12.41.png?resize=350%2C200&ssl=1 1x, https:\/\/i0.wp.com\/www.grieta.org.mx\/wp-content\/uploads\/2021\/01\/Captura-de-Pantalla-2021-01-08-a-las-7.12.41.png?resize=525%2C300&ssl=1 1.5x, https:\/\/i0.wp.com\/www.grieta.org.mx\/wp-content\/uploads\/2021\/01\/Captura-de-Pantalla-2021-01-08-a-las-7.12.41.png?resize=700%2C400&ssl=1 2x"},"classes":[]},{"id":55371,"url":"https:\/\/www.grieta.org.mx\/index.php\/2020\/11\/18\/continua-busqueda-de-colimenses-en-jalisco\/","url_meta":{"origin":68440,"position":4},"title":"Contin\u00faa b\u00fasqueda de colimenses en Jalisco","author":"grieta","date":"18 noviembre, 2020","format":false,"excerpt":"Foto: Cuartoscuro Lauro Rodr\u00edguez \/ El Diario NTR Al pie del volc\u00e1n de Colima y entre plantaciones de ca\u00f1a,\u00a0en el municipio de\u00a0Tonila, al sur de Jalisco, contin\u00faa la b\u00fasqueda de colimenses desaparecidos. El 24 de septiembre, integrantes del colectivo\u00a0Red de Desaparecidos en Colima, AC,\u00a0se manifestaron en la glorieta\u00a0de los Ni\u00f1os\u2026","rel":"","context":"En &quot;CINTILLO&quot;","block_context":{"text":"CINTILLO","link":"https:\/\/www.grieta.org.mx\/index.php\/category\/cintillo\/"},"img":{"alt_text":"","src":"https:\/\/i0.wp.com\/www.grieta.org.mx\/wp-content\/uploads\/2020\/11\/2020-11-18_12-11-39___8730.jpg?resize=350%2C200&ssl=1","width":350,"height":200,"srcset":"https:\/\/i0.wp.com\/www.grieta.org.mx\/wp-content\/uploads\/2020\/11\/2020-11-18_12-11-39___8730.jpg?resize=350%2C200&ssl=1 1x, https:\/\/i0.wp.com\/www.grieta.org.mx\/wp-content\/uploads\/2020\/11\/2020-11-18_12-11-39___8730.jpg?resize=525%2C300&ssl=1 1.5x, https:\/\/i0.wp.com\/www.grieta.org.mx\/wp-content\/uploads\/2020\/11\/2020-11-18_12-11-39___8730.jpg?resize=700%2C400&ssl=1 2x"},"classes":[]},{"id":51093,"url":"https:\/\/www.grieta.org.mx\/index.php\/2020\/06\/18\/familiares-y-amigos-continuan-busqueda-de-desaparecidos-en-chapala-jalisco\/","url_meta":{"origin":68440,"position":5},"title":"Familiares y amigos contin\u00faan b\u00fasqueda de desaparecidos en Chapala (Jalisco)","author":"grieta","date":"18 junio, 2020","format":false,"excerpt":"Foto: Pablo Toledo Pablo Toledo \/ UDGTV Familiares y amigos de personas desaparecidas en el municipio de Chapala contin\u00faan en la b\u00fasqueda incansable de sus seres queridos.\u00a0En esta ocasi\u00f3n realizaron una rueda de prensa en el municipio ribere\u00f1o para dar a conocer que pese a ya haber encontrado a algunos\u2026","rel":"","context":"En &quot;CINTILLO&quot;","block_context":{"text":"CINTILLO","link":"https:\/\/www.grieta.org.mx\/index.php\/category\/cintillo\/"},"img":{"alt_text":"","src":"https:\/\/i0.wp.com\/www.grieta.org.mx\/wp-content\/uploads\/2020\/06\/Desaparecidos-Pablo-Toledo-1-696x394.jpeg?resize=350%2C200&ssl=1","width":350,"height":200,"srcset":"https:\/\/i0.wp.com\/www.grieta.org.mx\/wp-content\/uploads\/2020\/06\/Desaparecidos-Pablo-Toledo-1-696x394.jpeg?resize=350%2C200&ssl=1 1x, https:\/\/i0.wp.com\/www.grieta.org.mx\/wp-content\/uploads\/2020\/06\/Desaparecidos-Pablo-Toledo-1-696x394.jpeg?resize=525%2C300&ssl=1 1.5x"},"classes":[]}],"_links":{"self":[{"href":"https:\/\/www.grieta.org.mx\/index.php\/wp-json\/wp\/v2\/posts\/68440","targetHints":{"allow":["GET"]}}],"collection":[{"href":"https:\/\/www.grieta.org.mx\/index.php\/wp-json\/wp\/v2\/posts"}],"about":[{"href":"https:\/\/www.grieta.org.mx\/index.php\/wp-json\/wp\/v2\/types\/post"}],"author":[{"embeddable":true,"href":"https:\/\/www.grieta.org.mx\/index.php\/wp-json\/wp\/v2\/users\/2"}],"replies":[{"embeddable":true,"href":"https:\/\/www.grieta.org.mx\/index.php\/wp-json\/wp\/v2\/comments?post=68440"}],"version-history":[{"count":1,"href":"https:\/\/www.grieta.org.mx\/index.php\/wp-json\/wp\/v2\/posts\/68440\/revisions"}],"predecessor-version":[{"id":68442,"href":"https:\/\/www.grieta.org.mx\/index.php\/wp-json\/wp\/v2\/posts\/68440\/revisions\/68442"}],"wp:featuredmedia":[{"embeddable":true,"href":"https:\/\/www.grieta.org.mx\/index.php\/wp-json\/wp\/v2\/media\/68441"}],"wp:attachment":[{"href":"https:\/\/www.grieta.org.mx\/index.php\/wp-json\/wp\/v2\/media?parent=68440"}],"wp:term":[{"taxonomy":"category","embeddable":true,"href":"https:\/\/www.grieta.org.mx\/index.php\/wp-json\/wp\/v2\/categories?post=68440"},{"taxonomy":"post_tag","embeddable":true,"href":"https:\/\/www.grieta.org.mx\/index.php\/wp-json\/wp\/v2\/tags?post=68440"}],"curies":[{"name":"wp","href":"https:\/\/api.w.org\/{rel}","templated":true}]}}