{"id":68437,"date":"2024-01-31T16:10:55","date_gmt":"2024-01-31T22:10:55","guid":{"rendered":"https:\/\/www.grieta.org.mx\/?p=68437"},"modified":"2024-02-04T16:17:30","modified_gmt":"2024-02-04T22:17:30","slug":"guerreros-buscadores-de-jalisco-nace-un-nuevo-colectivo-de-busqueda-en-jalisco","status":"publish","type":"post","link":"https:\/\/www.grieta.org.mx\/index.php\/2024\/01\/31\/guerreros-buscadores-de-jalisco-nace-un-nuevo-colectivo-de-busqueda-en-jalisco\/","title":{"rendered":"Guerreros Buscadores de Jalisco, nace un nuevo colectivo de b\u00fasqueda en Jalisco"},"content":{"rendered":"<p>Imagen: Zona Docs<\/p>\n<p>Darwin Franco \/ Zona Docs<\/p>\n<p><em>Guerreros Buscadores de Jalisco<\/em>\u00a0se define como\u00a0<strong>\u201cun grupo de b\u00fasqueda de personas desaparecidas que apoyan de manera genuina el dolor\u201d<\/strong>, pero tambi\u00e9n se consideran un grupo que todo lo que hace es proporcional al amor por sus desaparecidos.<\/p>\n<p>Este grupo se cre\u00f3 en enero de 2024 como una respuesta ante la inacci\u00f3n de las autoridades jaliscienses que \u201c<strong>buscan sin buscar\u201d a las personas desaparecidas en el estado<\/strong>, pero tambi\u00e9n surgi\u00f3 como una respuesta colectiva, pues varias y varios de sus integrantes ya hab\u00edan formado parte de otros colectivos,\u00a0<strong>pero no siempre coincid\u00edan con las formas o procesos de b\u00fasqueda.\u00a0<\/strong><\/p>\n<p>Con una integraci\u00f3n de m\u00e1s de 100 familias y decenas de j\u00f3venes voluntarios,\u00a0<em>Guerreros Buscadores de Jalisco<\/em>\u00a0difunde en sus redes sociodigitales tantos sus acciones de b\u00fasqueda, as\u00ed como<strong>\u00a0las fichas de b\u00fasqueda de sus amores desaparecidos.<\/strong><\/p>\n<p>Quien lidera este colectivo es Indira Navarro Lugo, ella\u00a0busca a su hermano,\u00a0Jes\u00fas Hern\u00e1n Navarro Lugo, quien fue desaparecido el 2 de septiembre de 2015 en Huatabampo, Sonora;\u00a0<em>ZonaDocs<\/em>\u00a0habl\u00f3 con ella para saber el por qu\u00e9 decidieron crear este nuevo grupo de b\u00fasqueda en Jalisco, as\u00ed como para conocer qu\u00e9 caracterizar\u00e1 su trabajo.<\/p>\n<p><em>\u00bfCu\u00e1ndo surge y por qu\u00e9 crear Guerreros Buscadores de Jalisco?<\/em><\/p>\n<p>El \u00a0colectivo se cre\u00f3 iniciando el a\u00f1o, se conform\u00f3 por todo un grupo de b\u00fasqueda que hab\u00edan estado ya en otro colectivo. Yo estaba fuera del estado, pero mis compa\u00f1eras y compa\u00f1eros me marcaron para pedirme encabezar este esfuerzo colectivo. As\u00ed que, entonces, decidimos seguir con la misma forma de operar, con ese amor, con esa dedicaci\u00f3n\u2026 Yo acept\u00e9 porque no puedo dejar de apoyar a las personas que siempre me apoyaron a m\u00ed, personas que, adem\u00e1s, han dado much\u00edsimos hallazgos.<\/p>\n<p>Nos decidimos por ese nombre para que nadie se sienta excluido al s\u00f3lo decir madres, pues en\u00a0<em>Guerreros<\/em>\u00a0estamos madres, padres, hermanas, hermanos, hijas e hijos, pero tambi\u00e9n muchas personas m\u00e1s que nos acompa\u00f1an como voluntarios.\u00a0En nuestras primeras b\u00fasquedas\u00a0ha ido much\u00edsima gente con nosotros a campo.<\/p>\n<p>La realidad nos sorprendimos con esta respuesta, pero nos sentimos bien\u2026 se siente m\u00e1s de uni\u00f3n, un ambiente m\u00e1s tranquilo.<\/p>\n<p><em>\u00bfQui\u00e9nes integran actualmente el Colectivo?<\/em><\/p>\n<p>Actualmente estamos en el colectivo alrededor de 100 familias buscadoras, tambi\u00e9n tenemos una red de voluntarios de universidades\u2026 pero somos b\u00e1sicamente familias buscadoras. Tenemos un filtro para que se integren de manera directa quienes s\u00ed tiene un ser querido desaparecido.<\/p>\n<p><em>\u00bfDe qu\u00e9 manera este colectivo est\u00e1 realizando sus labores de b\u00fasqueda?<\/em><\/p>\n<p>Nosotros realizamos todo tipo de b\u00fasqueda\u2026 hemos tenido \u00e9xito en b\u00fasquedas en campo, en fosas, pero tambi\u00e9n nos\u00a0estamos dando la tarea de hacer b\u00fasquedas en vida, tambi\u00e9n vamos a ir a penales y a algunos centros, pues de rehabilitaci\u00f3n, si Dios nos lo permite. Queremos ampliar un poco la b\u00fasqueda, y no s\u00f3lo enfocarnos en fosas, aunque eso jam\u00e1s lo vamos a dejar porque es nuestra prioridad, pues es lo que m\u00e1s hay ahorita y donde podemos encontrar a nuestros desaparecidos, pero insisto en decir que tambi\u00e9n buscamos vivos\u2026 pues las b\u00fasquedas en vida s\u00ed nos han funcionado tambi\u00e9n.<\/p>\n<p><em>\u00bfCu\u00e1les consideran que son los principales retos de las familias buscadoras de Jalisco?<\/em><\/p>\n<p>Los retos son superar los retos burocr\u00e1ticos que ellos (la autoridad) siempre ponen al momento de buscar\u2026 tambi\u00e9n el seguir visibilizando las situaciones reales en relaci\u00f3n a las fosas donde las autoridades no son honestas en las cifras o con los hallazgos, pues ocultan informaci\u00f3n.<\/p>\n<p>Tambi\u00e9n otro reto es el obligarles que hagan su trabajo porque no siempre quieren hacerlo, luego nos dicen que est\u00e1n cansados, que ya no pueden\u00a0continuar o que s\u00f3lo pueden trabajar dos horas\u2026 el reto es que dejen de dar pretextos para buscar\u2026<\/p>\n<p>Lo mismo con las investigaciones, exigir que avancen\u2026 pues desde que entr\u00f3 el actual gobierno no avanza nada, al menos que uno tenga por ah\u00ed palancas o buenas relaciones en la Fiscal\u00eda, pues s\u00f3lo as\u00ed se agilizan las cosas.<\/p>\n<p>Igual con el tema forense hay que estar presionando porque sino pueden pasar meses o a\u00f1os para una confronta o una entrega, en el caso de una compa\u00f1era que localiz\u00f3 a su hija en una fosa tuvimos que presionar mucho para que se la entregaran, algo que afortunadamente s\u00ed se logr\u00f3 r\u00e1pido.<\/p>\n<p><em>\u00bfC\u00f3mo puede apoyarse la labor de Guerreros Buscadores de Jalisco?<\/em><\/p>\n<p class=\"vLAZ4d\" data-type=\"Segment\" data-start=\"662.6\" data-segment-label=\"11:02\" data-rt-id=\"bR5BTi\" data-rt-kind=\"1\" data-rt-type=\"Paragraph\">Yo a la sociedad le pedir\u00eda un poco m\u00e1s de empat\u00eda, pues hay veces que juzgan a las y los desaparecidos, pues siempre dicen que andaban metidos en algo, pero la realidad es que ya es un tema (la desaparici\u00f3n) que a cualquiera nos puede pasar\u2026 nos ha tocado conocer de mucho reclutamiento de j\u00f3venes estudiantes, por eso estamos acudiendo a las universidades para tratar de generar esa empat\u00eda y sensibilizaci\u00f3n, queremos que vean c\u00f3mo est\u00e1 la situaci\u00f3n real para que tengan cuidado.<\/p>\n<p class=\"vLAZ4d\" data-type=\"Segment\" data-start=\"662.6\" data-segment-label=\"11:02\" data-rt-id=\"bR5BTi\" data-rt-kind=\"1\" data-rt-type=\"Paragraph\">Otra manera en que nos pueden apoyar es con donaciones, pues\u00a0nosotros no tenemos apoyo de ninguna instituci\u00f3n y mucho menos del gobierno, bueno nada m\u00e1s este seguridad, pero por parte del gobierno federal. Lo que necesitamos son herramientas, guantes, bebidas hidratantes e instrumentos de trabajo para seguir buscando.<\/p>\n<p>Actualmente, en la Zona Metropolitana de Guadalajara existen nueve colectivos de b\u00fasqueda, los cuales de manera diaria realizan acciones para localizar a las m\u00e1s de 14 mil 200 personas que han sido desaparecidas en Jalisco. El m\u00e1s reciente es, justamente, Guerreros Unidos por Jalisco.<\/p>\n<p><em>Aqu\u00ed puedes seguir de cerca las actividades de Guerreros Buscadores de Jalisco:<\/em><\/p>\n<p><a href=\"https:\/\/www.facebook.com\/profile.php?id=61555458753120\" target=\"_blank\" rel=\"noopener\"><strong>https:\/\/www.facebook.com\/profile.php?id=61555458753120<\/strong><\/a><\/p>\n<p><a href=\"https:\/\/www.zonadocs.mx\/2024\/01\/31\/guerreros-buscadores-de-jalisco\/\">https:\/\/www.zonadocs.mx\/2024\/01\/31\/guerreros-buscadores-de-jalisco\/<\/a><\/p>\n","protected":false},"excerpt":{"rendered":"<p>Imagen: Zona Docs Darwin Franco \/ Zona Docs Guerreros Buscadores de Jalisco\u00a0se define como\u00a0\u201cun grupo de b\u00fasqueda de personas desaparecidas que apoyan de manera genuina el dolor\u201d, pero tambi\u00e9n se &hellip; <a href=\"https:\/\/www.grieta.org.mx\/index.php\/2024\/01\/31\/guerreros-buscadores-de-jalisco-nace-un-nuevo-colectivo-de-busqueda-en-jalisco\/\" class=\"more-link\">Leer m\u00e1s<\/a><\/p>\n","protected":false},"author":2,"featured_media":68438,"comment_status":"closed","ping_status":"closed","sticky":false,"template":"","format":"standard","meta":{"ngg_post_thumbnail":0,"_jetpack_newsletter_access":"","_jetpack_dont_email_post_to_subs":false,"_jetpack_newsletter_tier_id":0,"_jetpack_memberships_contains_paywalled_content":false,"_jetpack_memberships_contains_paid_content":false,"footnotes":""},"categories":[80,87,1032,20,2,83],"tags":[1828,3018,121,1668],"class_list":["post-68437","post","type-post","status-publish","format-standard","has-post-thumbnail","hentry","category-cintillo","category-desaparecidos","category-desaparecidos-en-jalisco","category-jalisco","category-noticias-nacionales","category-temas-nacionales","tag-busqueda-de-desaparecidos","tag-colectivos-de-busqueda-de-desaparecidos","tag-desaparecidos","tag-familiares-de-desaparecidos","entry"],"jetpack_featured_media_url":"https:\/\/www.grieta.org.mx\/wp-content\/uploads\/2024\/02\/418851648_122099831414181958_3995175198362621101_n.jpg","jetpack_sharing_enabled":true,"jetpack_shortlink":"https:\/\/wp.me\/p7ZJR4-hNP","jetpack_likes_enabled":false,"jetpack-related-posts":[{"id":71260,"url":"https:\/\/www.grieta.org.mx\/index.php\/2025\/03\/07\/colectivo-guerreros-buscadores-de-jalisco-encuentra-crematorio-humano-mientras-buscaba-a-sus-desaparecidos\/","url_meta":{"origin":68437,"position":0},"title":"Colectivo Guerreros Buscadores de Jalisco encuentra crematorio humano mientras buscaba a sus desaparecidos","author":"grieta","date":"7 marzo, 2025","format":false,"excerpt":"Imagen: El diario NTR Iv\u00e1n Ram\u00edrez \/ Somos el Medio Teuchitl\u00e1n, Jalisco, 7 de marzo de 2025.-\u00a0El colectivo Guerreros Buscadores de Jalisco localiz\u00f3 tres crematorios clandestinos y restos humanos calcinados en el\u00a0rancho Izaguirre, ubicado en la localidad de\u00a0La Estanzuela, municipio de\u00a0Teuchitl\u00e1n. El hallazgo se realiz\u00f3 tras recibir una denuncia an\u00f3nima\u2026","rel":"","context":"En &quot;CINTILLO&quot;","block_context":{"text":"CINTILLO","link":"https:\/\/www.grieta.org.mx\/index.php\/category\/cintillo\/"},"img":{"alt_text":"","src":"https:\/\/i0.wp.com\/www.grieta.org.mx\/wp-content\/uploads\/2025\/03\/Zapatos-Jalisco.jpg?resize=350%2C200&ssl=1","width":350,"height":200,"srcset":"https:\/\/i0.wp.com\/www.grieta.org.mx\/wp-content\/uploads\/2025\/03\/Zapatos-Jalisco.jpg?resize=350%2C200&ssl=1 1x, https:\/\/i0.wp.com\/www.grieta.org.mx\/wp-content\/uploads\/2025\/03\/Zapatos-Jalisco.jpg?resize=525%2C300&ssl=1 1.5x, https:\/\/i0.wp.com\/www.grieta.org.mx\/wp-content\/uploads\/2025\/03\/Zapatos-Jalisco.jpg?resize=700%2C400&ssl=1 2x, https:\/\/i0.wp.com\/www.grieta.org.mx\/wp-content\/uploads\/2025\/03\/Zapatos-Jalisco.jpg?resize=1050%2C600&ssl=1 3x"},"classes":[]},{"id":71469,"url":"https:\/\/www.grieta.org.mx\/index.php\/2025\/03\/24\/guerreros-buscadores-denuncian-campana-de-desprestigio-tras-hallazgo-en-teuchitlan-jalisco\/","url_meta":{"origin":68437,"position":1},"title":"Guerreros Buscadores denuncian campa\u00f1a de desprestigio tras hallazgo en Teuchitl\u00e1n (Jalisco)","author":"grieta","date":"24 marzo, 2025","format":false,"excerpt":"Imagen: Somos El Medio El colectivo de b\u00fasqueda acusa manipulaci\u00f3n mediante audios y videos falsos creados con inteligencia artificial, mientras recibe apoyo de artistas, acad\u00e9micos y activistas en su lucha por la verdad y la justicia. Redacci\u00f3n \/ Somos El Medio CDMX, 24 de marzo 2025.- El colectivo\u00a0Guerreros Buscadores\u00a0de Jalisco\u00a0alert\u00f3\u2026","rel":"","context":"En &quot;CINTILLO&quot;","block_context":{"text":"CINTILLO","link":"https:\/\/www.grieta.org.mx\/index.php\/category\/cintillo\/"},"img":{"alt_text":"","src":"https:\/\/i0.wp.com\/www.grieta.org.mx\/wp-content\/uploads\/2025\/03\/IMG_0212-scaled-1-2048x1536-1.jpeg?resize=350%2C200&ssl=1","width":350,"height":200,"srcset":"https:\/\/i0.wp.com\/www.grieta.org.mx\/wp-content\/uploads\/2025\/03\/IMG_0212-scaled-1-2048x1536-1.jpeg?resize=350%2C200&ssl=1 1x, https:\/\/i0.wp.com\/www.grieta.org.mx\/wp-content\/uploads\/2025\/03\/IMG_0212-scaled-1-2048x1536-1.jpeg?resize=525%2C300&ssl=1 1.5x, https:\/\/i0.wp.com\/www.grieta.org.mx\/wp-content\/uploads\/2025\/03\/IMG_0212-scaled-1-2048x1536-1.jpeg?resize=700%2C400&ssl=1 2x, https:\/\/i0.wp.com\/www.grieta.org.mx\/wp-content\/uploads\/2025\/03\/IMG_0212-scaled-1-2048x1536-1.jpeg?resize=1050%2C600&ssl=1 3x, https:\/\/i0.wp.com\/www.grieta.org.mx\/wp-content\/uploads\/2025\/03\/IMG_0212-scaled-1-2048x1536-1.jpeg?resize=1400%2C800&ssl=1 4x"},"classes":[]},{"id":70116,"url":"https:\/\/www.grieta.org.mx\/index.php\/2024\/10\/07\/ignoran-hallazgos-de-los-colectivos-en-tlaquepaque-jalisco\/","url_meta":{"origin":68437,"position":2},"title":"Ignoran hallazgos de los colectivos en Tlaquepaque (Jalisco)","author":"grieta","date":"7 octubre, 2024","format":false,"excerpt":"Imagen: Especial Lauro Rodr\u00edguez \/ El Diario NTR El 29 de septiembre, alrededor de las 2 de la tarde, el colectivo Guerreros Buscadores de Jalisco hall\u00f3 un cuerpo enterrado a medio metro de profundidad en una finca de la colonia Buenos Aires, en San Pedro Tlaquepaque. El cad\u00e1ver, de un\u2026","rel":"","context":"En &quot;CINTILLO&quot;","block_context":{"text":"CINTILLO","link":"https:\/\/www.grieta.org.mx\/index.php\/category\/cintillo\/"},"img":{"alt_text":"","src":"https:\/\/i0.wp.com\/www.grieta.org.mx\/wp-content\/uploads\/2024\/10\/2024-10-07_10-10-25___1845.jpg?resize=350%2C200&ssl=1","width":350,"height":200,"srcset":"https:\/\/i0.wp.com\/www.grieta.org.mx\/wp-content\/uploads\/2024\/10\/2024-10-07_10-10-25___1845.jpg?resize=350%2C200&ssl=1 1x, https:\/\/i0.wp.com\/www.grieta.org.mx\/wp-content\/uploads\/2024\/10\/2024-10-07_10-10-25___1845.jpg?resize=525%2C300&ssl=1 1.5x, https:\/\/i0.wp.com\/www.grieta.org.mx\/wp-content\/uploads\/2024\/10\/2024-10-07_10-10-25___1845.jpg?resize=700%2C400&ssl=1 2x"},"classes":[]},{"id":67195,"url":"https:\/\/www.grieta.org.mx\/index.php\/2023\/07\/18\/jalisco-en-una-fosa-miles-de-personas-marchan-en-jalisco-exigiendo-el-fin-de-las-desapariciones-y-la-continuidad-de-las-busquedas-jalisco\/","url_meta":{"origin":68437,"position":3},"title":"&#8220;Jalisco es una fosa&#8221;, miles de personas marchan en Jalisco exigiendo el fin de las desapariciones y la continuidad de las b\u00fasquedas (Jalisco)","author":"grieta","date":"18 julio, 2023","format":false,"excerpt":"Imangen: Shiebi AL Colectivos de b\u00fasqueda de personas desaparecidas de Jalisco realizaron una mega marcha para demandar que la b\u00fasqueda de personas desaparecidas, esto tras el anuncio que el gobernador, Enrique Alfaro, hiciera tras el ataque que cobrara la vida de seis personas que acudieron a un\u00a0b\u00fasqueda en campo; adem\u00e1s\u2026","rel":"","context":"En &quot;CINTILLO&quot;","block_context":{"text":"CINTILLO","link":"https:\/\/www.grieta.org.mx\/index.php\/category\/cintillo\/"},"img":{"alt_text":"","src":"https:\/\/i0.wp.com\/www.grieta.org.mx\/wp-content\/uploads\/2023\/07\/IMG_9135-1536x901-1.jpg?resize=350%2C200&ssl=1","width":350,"height":200,"srcset":"https:\/\/i0.wp.com\/www.grieta.org.mx\/wp-content\/uploads\/2023\/07\/IMG_9135-1536x901-1.jpg?resize=350%2C200&ssl=1 1x, https:\/\/i0.wp.com\/www.grieta.org.mx\/wp-content\/uploads\/2023\/07\/IMG_9135-1536x901-1.jpg?resize=525%2C300&ssl=1 1.5x, https:\/\/i0.wp.com\/www.grieta.org.mx\/wp-content\/uploads\/2023\/07\/IMG_9135-1536x901-1.jpg?resize=700%2C400&ssl=1 2x, https:\/\/i0.wp.com\/www.grieta.org.mx\/wp-content\/uploads\/2023\/07\/IMG_9135-1536x901-1.jpg?resize=1050%2C600&ssl=1 3x, https:\/\/i0.wp.com\/www.grieta.org.mx\/wp-content\/uploads\/2023\/07\/IMG_9135-1536x901-1.jpg?resize=1400%2C800&ssl=1 4x"},"classes":[]},{"id":64242,"url":"https:\/\/www.grieta.org.mx\/index.php\/2022\/05\/19\/nos-faltan-mas-de-100-mil-personas-desaparecidas-reclaman-en-guadalajara-familiares-a-autoridades-jalisco\/","url_meta":{"origin":68437,"position":4},"title":"\u201cNos faltan m\u00e1s de 100 mil personas desaparecidas: reclaman en Guadalajara familiares a autoridades (Jalisco)","author":"grieta","date":"19 mayo, 2022","format":false,"excerpt":"Foto: Zona Docs En la Glorieta de las y los Desaparecidos de Guadalajara, colectivos de personas desaparecidas se reunieron este mi\u00e9rcoles 18 de mayo, para denunciar que en M\u00e9xico hay m\u00e1s de 100 mil personas desaparecidas. Mario Marlos \/ Zona Docs Acompa\u00f1adas de los retratos de sus seres queridos, los\u2026","rel":"","context":"En &quot;CINTILLO&quot;","block_context":{"text":"CINTILLO","link":"https:\/\/www.grieta.org.mx\/index.php\/category\/cintillo\/"},"img":{"alt_text":"","src":"https:\/\/i0.wp.com\/www.grieta.org.mx\/wp-content\/uploads\/2022\/05\/photo5490347735354812367.jpg?resize=350%2C200&ssl=1","width":350,"height":200,"srcset":"https:\/\/i0.wp.com\/www.grieta.org.mx\/wp-content\/uploads\/2022\/05\/photo5490347735354812367.jpg?resize=350%2C200&ssl=1 1x, https:\/\/i0.wp.com\/www.grieta.org.mx\/wp-content\/uploads\/2022\/05\/photo5490347735354812367.jpg?resize=525%2C300&ssl=1 1.5x, https:\/\/i0.wp.com\/www.grieta.org.mx\/wp-content\/uploads\/2022\/05\/photo5490347735354812367.jpg?resize=700%2C400&ssl=1 2x, https:\/\/i0.wp.com\/www.grieta.org.mx\/wp-content\/uploads\/2022\/05\/photo5490347735354812367.jpg?resize=1050%2C600&ssl=1 3x"},"classes":[]},{"id":60398,"url":"https:\/\/www.grieta.org.mx\/index.php\/2021\/07\/06\/familias-de-colima-recorren-jalisco-buscando-a-sus-desaparecidos\/","url_meta":{"origin":68437,"position":5},"title":"Familias de Colima recorren Jalisco buscando a sus desaparecidos","author":"grieta","date":"6 julio, 2021","format":false,"excerpt":"Foto:\u00a0 Diario Avanzada Heidi de Le\u00f3n Guti\u00e9rrez \/ Diario Avanzada Colima, M\u00e9xico, Avanzada (06\/07\/2021).- Integrantes de la Red de Personas Desaparecidas en Colima se encuentran en Jalisco para buscar a sus familiares \u00a0en hospitales, albergues,\u00a0 centros penitenciarios \u00a0y en distintos puntos de esa entidad como parte de la Jornada Nacional\u2026","rel":"","context":"En &quot;CINTILLO&quot;","block_context":{"text":"CINTILLO","link":"https:\/\/www.grieta.org.mx\/index.php\/category\/cintillo\/"},"img":{"alt_text":"","src":"https:\/\/i0.wp.com\/www.grieta.org.mx\/wp-content\/uploads\/2021\/07\/Des.png?resize=350%2C200&ssl=1","width":350,"height":200},"classes":[]}],"_links":{"self":[{"href":"https:\/\/www.grieta.org.mx\/index.php\/wp-json\/wp\/v2\/posts\/68437","targetHints":{"allow":["GET"]}}],"collection":[{"href":"https:\/\/www.grieta.org.mx\/index.php\/wp-json\/wp\/v2\/posts"}],"about":[{"href":"https:\/\/www.grieta.org.mx\/index.php\/wp-json\/wp\/v2\/types\/post"}],"author":[{"embeddable":true,"href":"https:\/\/www.grieta.org.mx\/index.php\/wp-json\/wp\/v2\/users\/2"}],"replies":[{"embeddable":true,"href":"https:\/\/www.grieta.org.mx\/index.php\/wp-json\/wp\/v2\/comments?post=68437"}],"version-history":[{"count":1,"href":"https:\/\/www.grieta.org.mx\/index.php\/wp-json\/wp\/v2\/posts\/68437\/revisions"}],"predecessor-version":[{"id":68439,"href":"https:\/\/www.grieta.org.mx\/index.php\/wp-json\/wp\/v2\/posts\/68437\/revisions\/68439"}],"wp:featuredmedia":[{"embeddable":true,"href":"https:\/\/www.grieta.org.mx\/index.php\/wp-json\/wp\/v2\/media\/68438"}],"wp:attachment":[{"href":"https:\/\/www.grieta.org.mx\/index.php\/wp-json\/wp\/v2\/media?parent=68437"}],"wp:term":[{"taxonomy":"category","embeddable":true,"href":"https:\/\/www.grieta.org.mx\/index.php\/wp-json\/wp\/v2\/categories?post=68437"},{"taxonomy":"post_tag","embeddable":true,"href":"https:\/\/www.grieta.org.mx\/index.php\/wp-json\/wp\/v2\/tags?post=68437"}],"curies":[{"name":"wp","href":"https:\/\/api.w.org\/{rel}","templated":true}]}}