{"id":684,"date":"2015-11-03T21:00:04","date_gmt":"2015-11-03T21:00:04","guid":{"rendered":"http:\/\/50.22.11.12\/~grietaor\/?p=684"},"modified":"2016-03-01T21:01:33","modified_gmt":"2016-03-01T21:01:33","slug":"la-masacre-de-tlatlaya-y-el-apoyo-militar-de-eeuu","status":"publish","type":"post","link":"https:\/\/www.grieta.org.mx\/index.php\/2015\/11\/03\/la-masacre-de-tlatlaya-y-el-apoyo-militar-de-eeuu\/","title":{"rendered":"La masacre de Tlatlaya y el apoyo militar de EEUU"},"content":{"rendered":"<p>Hace unas semanas, por segunda vez la Sedena neg\u00f3 una solicitud de acceso a informaci\u00f3n que requer\u00eda documentaci\u00f3n relacionada con el adiestramiento de miembros del Batall\u00f3n 102 en Estados Unidos.<\/p>\n<p>Recordemos que el Batall\u00f3n 102 salt\u00f3 a la fama, o a la infamia, despu\u00e9s de la masacre de Tlatlaya, donde 22 j\u00f3venes perdieron la vida a manos de miembros de esta unidad de infanter\u00eda. Un d\u00eda despu\u00e9s de la masacre del 30 de junio de 2014, la Sedena emiti\u00f3 un comunicado anunciando que 22 delincuentes murieron en un enfrentamiento en el que ning\u00fan elemento de las fuerzas armadas fue abatido. Gracias a las investigaciones de periodistas nacionales e internacionales y el gran valor de testigos que contaron que pas\u00f3 esa noche, hoy sabemos que probablemente la mayor\u00eda de las v\u00edctimas fueron ejecutadas despu\u00e9s de rendirse al ej\u00e9rcito.<\/p>\n<p>Al declarar la inexistencia de tales documentos, las oficinas de las fuerzas armadas intentan cerrar una investigaci\u00f3n binacional que busca llevar a la luz p\u00fablica no s\u00f3lo los hechos de Tlatlaya, sino tambi\u00e9n el tema de la cooperaci\u00f3n militar con el Pent\u00e1gono.<\/p>\n<p>El asunto es relevante por muchas razones. Documentos desclasificados por el proyecto independiente National Security Archives muestran que el Pent\u00e1gono ha estado muy pendiente del caso Tlatlaya. En un informe con fecha 15 de octubre de 2014, se lee: \u201cSedena est\u00e1 investigando ahora al comandante (un general de Estado Mayor) de la zona militar encargado del Batall\u00f3n de infanter\u00eda 102, y agrega \u201csi estuviera implicado en una violaci\u00f3n grave de los derechos humanos, toda la zona militar y los 10,000 miembros del personal no podr\u00edan recibir asistencia de EEUU.\u201d<\/p>\n<p>Cuando se establece en el caso Tlatlaya \u2014o cualquier otro\u2014 que una unidad mexicana ha incurrido en violaciones graves a los derechos humanos, por ley el gobierno de los Estados Unidos est\u00e1 obligado a suspender la asistencia a esta unidad. Otro informe del 14 de enero del Comando Norte confirm\u00f3 que el Batall\u00f3n 102 no podr\u00e1 recibir asistencia.<\/p>\n<p>Sin embargo, el asunto qued\u00f3 en ese nivel. En lugar de cuestionar al militar a cargo en Tlatlaya, Gral. Jos\u00e9 Luis S\u00e1nchez Le\u00f3n, como parte de una investigaci\u00f3n de cadena de mando, \u00e9ste fue removido de su cargo y enviado a Jalisco. La maniobra por parte del alto mando de la Sedena, lejos de despejar las sospechas, reforz\u00f3 la conclusi\u00f3n de que la masacre de Tlatlaya no fue exclusivamente la culpa de unos cuantos soldados indisciplinados, sino el resultado previsible del modus operandi de las fuerzas armadas en la guerra contra las drogas.<\/p>\n<p>Un descubrimiento de los abogados del Centro Pro de Derechos Humanos \u2014 representante legal de una de los testigos de Tlatlaya-\u2014 corrobor\u00f3 esta hip\u00f3tesis. En su informe sobre Tlatlaya a un a\u00f1o de los hechos, el centro cita la \u201cOrden de Relevo y Designaci\u00f3n de Mando\u201d de la Sedena que dice: \u201cLas tropas deber\u00e1n operar en la noche en forma masiva y en el d\u00eda reducir la actividad a fin de abatir delincuentes en horas de oscuridad\u2026\u201d Lleva fecha de 11 de junio 2014 -\u2014unas semanas antes de la masacre.<\/p>\n<p>Mario Patr\u00f3n, director del Centro, destaca la importancia de la Orden: \u201cEsta es una prueba contundente que para el ej\u00e9rcito estamos en un estado de excepci\u00f3n y en un contexto de guerra no formalizada, no declarada, y por lo tanto mandan a sus elementos a abatir delincuentes.\u201d<\/p>\n<p>En audiencias realizadas este mes sobre ejecuciones extrajudiciales en la CIDH, organizaciones nacionales e internacionales presentaron datos sobre este estado de excepci\u00f3n no declarado: m\u00e1s de 10 o 15 civiles por cada agente de seguridad fallecido en enfrentamientos, m\u00e1s de 4,000 civiles muertos a manos de las fuerzas armadas entre el 1\u00ba de diciembre de 2006 y el 31 de diciembre de 2014; 3,967 civiles y 209 militares fallecidos entre 2007 y 2014.<\/p>\n<p>Las evidencias de que el ej\u00e9rcito reivindica la pr\u00e1ctica de ejecuciones extrajudiciales desde los altos mandos, deber\u00eda ser un parteaguas en la guerra contra las drogas. Adem\u00e1s no es un hecho aislado. Hay serios cuestionamientos sobre el papel del ej\u00e9rcito en Iguala \u2014ya se estableci\u00f3 su presencia en el lugar de los hechos y su negligencia en proteger a los estudiantes ante los ataques, y existen evidencias de complicidad y participaci\u00f3n activa. Las investigaciones sobre ejecuciones extrajudiciales en Apatzing\u00e1n, Tanhuato y Zacatecas se suman a la emblem\u00e1tica masacre de Tlatlaya y deshacen la versi\u00f3n de que son anomal\u00edas.<\/p>\n<p>A pesar de las evidencias, tanto el gobierno mexicano como el estadunidense siguen defendiendo su guerra al restringir las responsibiliades por Tlatlaya a 7 soldados que ahora son 3, ya que 4 fueron liberados por irregularidades en sus casos. La suspensi\u00f3n de ayuda de EE. UU. deber\u00eda extenderse a todas las fuerzas armadas. No s\u00f3lo se amontonan los casos de violaciones graves de derechos, sino que la Comisi\u00f3n Interamericana de Derechos Humanos y otras organizaciones e instancias han emitido recomendaciones formales para el retiro de plano de las fuerzas armadas de las tareas de seguridad p\u00fablica.<\/p>\n<p>Pero no hay que olvidar que esta guerra fue importada desde los Estados Unidos y ha contado con su apoyo incondicional desde el inicio. Para el Pent\u00e1gono, es la pieza clave de su hegemon\u00eda en Am\u00e9rica del Norte. Con la Iniciativa M\u00e9rida, el complejo militar-seguridad de los EEUU ha logrado un nivel de injerencia en M\u00e9xico sin precedentes en la historia. La militarizaci\u00f3n de la guerra contra las drogas es un gran negocio, es la construcci\u00f3n de una zona de amortiguamiento y control fronterizo, es la protecci\u00f3n de sus inversiones bajo el Tratado de Libre Comercio. Desde este entramado de intereses, la guerra debe ser permanente, cueste lo que cueste a la sociedad mexicana.<\/p>\n<p>La hipocres\u00eda intr\u00ednseca en ser socio en la guerra y defensor auto-erigido de derechos humanos en M\u00e9xico se vio hace poco, cuando los peri\u00f3dicos anunciaron que el gobierno de Estados Unidos decidi\u00f3 retener $5 millones de d\u00f3lares de la Iniciativa M\u00e9rida por no estar satisfecho con los esfuerzos del gobierno mexicano en el \u00e1rea de derechos humanos. Este anuncio sigui\u00f3 a la decisi\u00f3n de enviar fondos adicionales a la cantidad originalmente solicitada a la IM, a las mismas fuerzas de seguridad acusadas de incurrir en las violaciones, los cuales, seg\u00fan se ve, salieron de la jugada con ganancias netas.<\/p>\n<p>La otra raz\u00f3n por la cual las organizaciones de derechos humanos en los dos pa\u00edses siguen indagando en el caso Tlatlaya y su v\u00ednculo con Washington tiene que ver con el tipo de adestramiento que reciben los militares y polic\u00edas mexicanos en el Comando Norte, la Escuela de las Am\u00e9ricas y aqu\u00ed en M\u00e9xico. En su decisi\u00f3n de reservar la informaci\u00f3n sobre entrenamiento en EE. UU., la Sedena argument\u00f3 que \u201cel adiestramiento recibido por el personal militar del 102 Batall\u00f3n de Infanter\u00eda no guardaba relaci\u00f3n alguna con los hechos ocurridos en dicha localidad como err\u00f3neamente pretend\u00eda hacerlo valer el particular.\u201d<\/p>\n<p>Pero \u00bfc\u00f3mo podemos estar seguros? El estado de excepci\u00f3n que se\u00f1ala el Centro Pro es la descripci\u00f3n de la guerra de Estados Unidos en Irak, el modelo utilizado en a\u00f1os recientes para el adestramiento de oficiales mexicanos en Colorado Springs. Result\u00f3 en unas 150,000 muertes de civiles. Nadie ha podido explicar por qu\u00e9 se despliega ahora en M\u00e9xico un modelo de guerra contra el terrorismo que aument\u00f3 la violencia en el medio-oriente, cuando aqu\u00ed no se ha documentado ni una sola amenaza por parte del terrorismo internacional, pero donde s\u00ed existe amplia documentaci\u00f3n de actos de terror y violaciones de derechos humanos por parte del estado.<\/p>\n<p>El gobierno de los Estados Unidos est\u00e1 inmerso en esc\u00e1ndalos de derechos humanos como el ataque a M\u00e9dicos sin Fronteras en Afganist\u00e1n, el uso de tortura y la matanza de civiles por drones. Es un mal maestro para M\u00e9xico.<\/p>\n<p>El caso Tlatlaya muestra la contradicci\u00f3n abierta entre promover la guerra y sostener los principios de los derechos humanos. Es una cosa o la otra. Y los gobiernos de los EE. UU. y M\u00e9xico le apuestan a la guerra. Ahora para ciudadanos y ciudadanas a ambos lados de la frontera, la tarea es pararlos.<\/p>\n<p><a href=\"http:\/\/desinformemonos.org.mx\/la-masacre-de-tlatlaya-y-el-apoyo-militar-de-eeuu\/\" target=\"_blank\">desinformemonos.org.mx\/la-masacre-de-tlatlaya-y-el-apoyo-militar-de-eeuu\/<\/a><\/p>\n","protected":false},"excerpt":{"rendered":"<p>Hace unas semanas, por segunda vez la Sedena neg\u00f3 una solicitud de acceso a informaci\u00f3n que requer\u00eda documentaci\u00f3n relacionada con el adiestramiento de miembros del Batall\u00f3n 102 en Estados Unidos. &hellip; <a href=\"https:\/\/www.grieta.org.mx\/index.php\/2015\/11\/03\/la-masacre-de-tlatlaya-y-el-apoyo-militar-de-eeuu\/\" class=\"more-link\">Leer m\u00e1s<\/a><\/p>\n","protected":false},"author":2,"featured_media":21928,"comment_status":"closed","ping_status":"open","sticky":false,"template":"","format":"standard","meta":{"ngg_post_thumbnail":0,"_jetpack_newsletter_access":"","_jetpack_dont_email_post_to_subs":false,"_jetpack_newsletter_tier_id":0,"_jetpack_memberships_contains_paywalled_content":false,"_jetpack_memberships_contains_paid_content":false,"footnotes":""},"categories":[80],"tags":[92],"class_list":["post-684","post","type-post","status-publish","format-standard","has-post-thumbnail","hentry","category-cintillo","tag-estado-de-mexico","entry"],"jetpack_featured_media_url":"https:\/\/www.grieta.org.mx\/wp-content\/uploads\/2018\/03\/14524434_1106112876131411_958039263622046936_o.jpg","jetpack_sharing_enabled":true,"jetpack_shortlink":"https:\/\/wp.me\/p7ZJR4-b2","jetpack_likes_enabled":false,"jetpack-related-posts":[{"id":733,"url":"https:\/\/www.grieta.org.mx\/index.php\/2016\/06\/29\/matanza-en-tlatlaya-edomex\/","url_meta":{"origin":684,"position":0},"title":"Matanza en Tlatlaya, Edomex","author":"grieta","date":"29 junio, 2016","format":false,"excerpt":"29\/06\/16. Organizaciones civiles exigen a PGR reencauzar investigaciones del caso TlatlayaProceso 30\/03\/16. Absuelven a seis militares que participaron en la \"masacre de Tlatlaya\"Somos el Medio 03\/11\/15. La masacre de Tlatlaya y el apoyo militar de EEUUDesinform\u00e9monos 12\/10\/15. Disparen a todo lo que se mueva, orden\u00f3 militar en TlatlayaSDP Noticias 06\/10\/15.\u2026","rel":"","context":"En &quot;Estado de M\u00e9xico&quot;","block_context":{"text":"Estado de M\u00e9xico","link":"https:\/\/www.grieta.org.mx\/index.php\/category\/noticias-nacionales\/estado-de-mexico\/"},"img":{"alt_text":"","src":"https:\/\/i0.wp.com\/www.grieta.org.mx\/wp-content\/uploads\/2018\/03\/14524434_1106112876131411_958039263622046936_o.jpg?resize=350%2C200&ssl=1","width":350,"height":200,"srcset":"https:\/\/i0.wp.com\/www.grieta.org.mx\/wp-content\/uploads\/2018\/03\/14524434_1106112876131411_958039263622046936_o.jpg?resize=350%2C200&ssl=1 1x, https:\/\/i0.wp.com\/www.grieta.org.mx\/wp-content\/uploads\/2018\/03\/14524434_1106112876131411_958039263622046936_o.jpg?resize=525%2C300&ssl=1 1.5x, https:\/\/i0.wp.com\/www.grieta.org.mx\/wp-content\/uploads\/2018\/03\/14524434_1106112876131411_958039263622046936_o.jpg?resize=700%2C400&ssl=1 2x"},"classes":[]},{"id":705,"url":"https:\/\/www.grieta.org.mx\/index.php\/2015\/07\/03\/segun-un-reporte-los-militares-de-tlatlaya-tenian-ordenes-de-matar-en-la-oscuridad\/","url_meta":{"origin":684,"position":1},"title":"Seg\u00fan un reporte, los militares de Tlatlaya ten\u00edan \u00f3rdenes de matar en la oscuridad","author":"grieta","date":"3 julio, 2015","format":false,"excerpt":"Melissa del Pozo El ej\u00e9rcito mexicano ten\u00eda \u00f3rdenes de \u201cabatir en horas de oscuridad\u201d, dijeron grupos pro derechos humanos en un reporte que sali\u00f3 un a\u00f1o despu\u00e9s de la masacre de Tlatlaya. El 30 de junio de 2014, en lo que la Secretar\u00eda de Defensa Nacional (Sedena) describi\u00f3 inicialmente como\u2026","rel":"","context":"En &quot;CINTILLO&quot;","block_context":{"text":"CINTILLO","link":"https:\/\/www.grieta.org.mx\/index.php\/category\/cintillo\/"},"img":{"alt_text":"","src":"https:\/\/i0.wp.com\/www.grieta.org.mx\/wp-content\/uploads\/2018\/03\/14524434_1106112876131411_958039263622046936_o.jpg?resize=350%2C200&ssl=1","width":350,"height":200,"srcset":"https:\/\/i0.wp.com\/www.grieta.org.mx\/wp-content\/uploads\/2018\/03\/14524434_1106112876131411_958039263622046936_o.jpg?resize=350%2C200&ssl=1 1x, https:\/\/i0.wp.com\/www.grieta.org.mx\/wp-content\/uploads\/2018\/03\/14524434_1106112876131411_958039263622046936_o.jpg?resize=525%2C300&ssl=1 1.5x, https:\/\/i0.wp.com\/www.grieta.org.mx\/wp-content\/uploads\/2018\/03\/14524434_1106112876131411_958039263622046936_o.jpg?resize=700%2C400&ssl=1 2x"},"classes":[]},{"id":9912,"url":"https:\/\/www.grieta.org.mx\/index.php\/2016\/03\/30\/absuelven-a-seis-militares-que-participaron-en-la-masacre-de-tlatlaya\/","url_meta":{"origin":684,"position":2},"title":"Absuelven a seis militares que participaron en la &#8220;masacre de Tlatlaya&#8221;","author":"grieta","date":"30 marzo, 2016","format":false,"excerpt":"Sididh Ciudad de M\u00e9xico, 30 de marzo. \u201cEl caso Tlatlaya se encamina a quedar impune\u201d, denunciaron hoy 15 organizaciones de derehos humanos, que informaron que el Juzgado Sexto Militar, dependiente de la Secretar\u00eda de la Defensa Nacional (Sedena), dict\u00f3 sentencia absolutoria el 14 de octubre de 2015 por el delito\u2026","rel":"","context":"En &quot;CINTILLO&quot;","block_context":{"text":"CINTILLO","link":"https:\/\/www.grieta.org.mx\/index.php\/category\/cintillo\/"},"img":{"alt_text":"","src":"https:\/\/i0.wp.com\/www.grieta.org.mx\/wp-content\/uploads\/2018\/03\/14524434_1106112876131411_958039263622046936_o.jpg?resize=350%2C200&ssl=1","width":350,"height":200,"srcset":"https:\/\/i0.wp.com\/www.grieta.org.mx\/wp-content\/uploads\/2018\/03\/14524434_1106112876131411_958039263622046936_o.jpg?resize=350%2C200&ssl=1 1x, https:\/\/i0.wp.com\/www.grieta.org.mx\/wp-content\/uploads\/2018\/03\/14524434_1106112876131411_958039263622046936_o.jpg?resize=525%2C300&ssl=1 1.5x, https:\/\/i0.wp.com\/www.grieta.org.mx\/wp-content\/uploads\/2018\/03\/14524434_1106112876131411_958039263622046936_o.jpg?resize=700%2C400&ssl=1 2x"},"classes":[]},{"id":697,"url":"https:\/\/www.grieta.org.mx\/index.php\/2015\/07\/24\/tlatlaya-la-orden-es-abatir-y-se-ha-cumplido-sin-novedad\/","url_meta":{"origin":684,"position":3},"title":"Tlatlaya: La orden es abatir y se ha cumplido sin novedad","author":"grieta","date":"24 julio, 2015","format":false,"excerpt":"CELSO ALVARADO En el marco del primer aniversario del caso Tlatlaya, el Centro de Derechos Humanos Miguel Agust\u00edn Pro Ju\u00e1rez, public\u00f3 un informe que oblig\u00f3 al titular de la Secretar\u00eda de la Defensa Nacional (Sedena), el General Salvador Cienfuegos, a declarar sobre lo que aconteci\u00f3 aquel 30 de Junio del\u2026","rel":"","context":"En &quot;CINTILLO&quot;","block_context":{"text":"CINTILLO","link":"https:\/\/www.grieta.org.mx\/index.php\/category\/cintillo\/"},"img":{"alt_text":"","src":"https:\/\/i0.wp.com\/www.grieta.org.mx\/wp-content\/uploads\/2018\/03\/14524434_1106112876131411_958039263622046936_o.jpg?resize=350%2C200&ssl=1","width":350,"height":200,"srcset":"https:\/\/i0.wp.com\/www.grieta.org.mx\/wp-content\/uploads\/2018\/03\/14524434_1106112876131411_958039263622046936_o.jpg?resize=350%2C200&ssl=1 1x, https:\/\/i0.wp.com\/www.grieta.org.mx\/wp-content\/uploads\/2018\/03\/14524434_1106112876131411_958039263622046936_o.jpg?resize=525%2C300&ssl=1 1.5x, https:\/\/i0.wp.com\/www.grieta.org.mx\/wp-content\/uploads\/2018\/03\/14524434_1106112876131411_958039263622046936_o.jpg?resize=700%2C400&ssl=1 2x"},"classes":[]},{"id":717,"url":"https:\/\/www.grieta.org.mx\/index.php\/2015\/04\/16\/pidio-sedena-a-pgjem-retrasar-llegada-a-tlatlaya-tras-matanza\/","url_meta":{"origin":684,"position":4},"title":"Pidi\u00f3 Sedena a PGJEM retrasar llegada a Tlatlaya tras matanza","author":"grieta","date":"16 abril, 2015","format":false,"excerpt":"TOLUCA, Edomex. (apro).- El general de brigada de la 22 Zona Militar, Jos\u00e9 Luis S\u00e1nchez Le\u00f3n, intervino para que personal de la Procuradur\u00eda General de Justicia del Estado de M\u00e9xico (PGJEM) demorara su arribo a Tlatlaya por alrededor de seis horas, el pasado 30 de junio, tras la presunta masacre\u2026","rel":"","context":"En &quot;CINTILLO&quot;","block_context":{"text":"CINTILLO","link":"https:\/\/www.grieta.org.mx\/index.php\/category\/cintillo\/"},"img":{"alt_text":"","src":"https:\/\/i0.wp.com\/www.grieta.org.mx\/wp-content\/uploads\/2018\/03\/14524434_1106112876131411_958039263622046936_o.jpg?resize=350%2C200&ssl=1","width":350,"height":200,"srcset":"https:\/\/i0.wp.com\/www.grieta.org.mx\/wp-content\/uploads\/2018\/03\/14524434_1106112876131411_958039263622046936_o.jpg?resize=350%2C200&ssl=1 1x, https:\/\/i0.wp.com\/www.grieta.org.mx\/wp-content\/uploads\/2018\/03\/14524434_1106112876131411_958039263622046936_o.jpg?resize=525%2C300&ssl=1 1.5x, https:\/\/i0.wp.com\/www.grieta.org.mx\/wp-content\/uploads\/2018\/03\/14524434_1106112876131411_958039263622046936_o.jpg?resize=700%2C400&ssl=1 2x"},"classes":[]},{"id":725,"url":"https:\/\/www.grieta.org.mx\/index.php\/2015\/01\/24\/eruviel-murillo-cienfuegos-y-plascencia-encubrieron-el-crimen-en-tlatlaya-analistas\/","url_meta":{"origin":684,"position":5},"title":"Eruviel, Murillo, Cienfuegos y Plascencia encubrieron el crimen en Tlatlaya: analistas","author":"grieta","date":"24 enero, 2015","format":false,"excerpt":"Shaila Rosagel y Ariadna Ortega Ciudad de M\u00e9xico, 24 de enero (SinEmbargo).\u2013 En la ejecuci\u00f3n extrajudicial de Tlatlaya existe una clara red de complicidades y de encubrimiento para proteger al Ej\u00e9rcito mexicano, porque de \u00e9l depende la estrategia de seguridad del gobierno federal, coincidieron expertos consultados por SinEmbargo. El encubrimiento\u2026","rel":"","context":"En &quot;CINTILLO&quot;","block_context":{"text":"CINTILLO","link":"https:\/\/www.grieta.org.mx\/index.php\/category\/cintillo\/"},"img":{"alt_text":"","src":"https:\/\/i0.wp.com\/www.grieta.org.mx\/wp-content\/uploads\/2018\/03\/14524434_1106112876131411_958039263622046936_o.jpg?resize=350%2C200&ssl=1","width":350,"height":200,"srcset":"https:\/\/i0.wp.com\/www.grieta.org.mx\/wp-content\/uploads\/2018\/03\/14524434_1106112876131411_958039263622046936_o.jpg?resize=350%2C200&ssl=1 1x, https:\/\/i0.wp.com\/www.grieta.org.mx\/wp-content\/uploads\/2018\/03\/14524434_1106112876131411_958039263622046936_o.jpg?resize=525%2C300&ssl=1 1.5x, https:\/\/i0.wp.com\/www.grieta.org.mx\/wp-content\/uploads\/2018\/03\/14524434_1106112876131411_958039263622046936_o.jpg?resize=700%2C400&ssl=1 2x"},"classes":[]}],"_links":{"self":[{"href":"https:\/\/www.grieta.org.mx\/index.php\/wp-json\/wp\/v2\/posts\/684","targetHints":{"allow":["GET"]}}],"collection":[{"href":"https:\/\/www.grieta.org.mx\/index.php\/wp-json\/wp\/v2\/posts"}],"about":[{"href":"https:\/\/www.grieta.org.mx\/index.php\/wp-json\/wp\/v2\/types\/post"}],"author":[{"embeddable":true,"href":"https:\/\/www.grieta.org.mx\/index.php\/wp-json\/wp\/v2\/users\/2"}],"replies":[{"embeddable":true,"href":"https:\/\/www.grieta.org.mx\/index.php\/wp-json\/wp\/v2\/comments?post=684"}],"version-history":[{"count":1,"href":"https:\/\/www.grieta.org.mx\/index.php\/wp-json\/wp\/v2\/posts\/684\/revisions"}],"predecessor-version":[{"id":688,"href":"https:\/\/www.grieta.org.mx\/index.php\/wp-json\/wp\/v2\/posts\/684\/revisions\/688"}],"wp:featuredmedia":[{"embeddable":true,"href":"https:\/\/www.grieta.org.mx\/index.php\/wp-json\/wp\/v2\/media\/21928"}],"wp:attachment":[{"href":"https:\/\/www.grieta.org.mx\/index.php\/wp-json\/wp\/v2\/media?parent=684"}],"wp:term":[{"taxonomy":"category","embeddable":true,"href":"https:\/\/www.grieta.org.mx\/index.php\/wp-json\/wp\/v2\/categories?post=684"},{"taxonomy":"post_tag","embeddable":true,"href":"https:\/\/www.grieta.org.mx\/index.php\/wp-json\/wp\/v2\/tags?post=684"}],"curies":[{"name":"wp","href":"https:\/\/api.w.org\/{rel}","templated":true}]}}