{"id":68382,"date":"2024-01-26T14:54:27","date_gmt":"2024-01-26T20:54:27","guid":{"rendered":"https:\/\/www.grieta.org.mx\/?p=68382"},"modified":"2024-01-27T15:33:30","modified_gmt":"2024-01-27T21:33:30","slug":"denuncian-nuevo-envenenamiento-y-muerte-masiva-de-abejas-en-hopelchen-campeche","status":"publish","type":"post","link":"https:\/\/www.grieta.org.mx\/index.php\/2024\/01\/26\/denuncian-nuevo-envenenamiento-y-muerte-masiva-de-abejas-en-hopelchen-campeche\/","title":{"rendered":"Denuncian nuevo envenenamiento y muerte masiva de abejas en Hopelch\u00e9n, Campeche"},"content":{"rendered":"<p>Ra\u00fal Ojeda \/ Milenio<\/p>\n<p>Campeche \/ <\/p>\n<p>El Colectivo Maya de los Chenes denunci\u00f3 un nuevo caso de envenenamiento y muerte masiva abejas en el municipio de Hopelch\u00e9n, Campeche.<\/p>\n<p>El se\u00f1alamiento ocurre a un a\u00f1o de la primera muerte masiva de abejas en esta regi\u00f3n maya. En la actualidad, las presentan la misma sintomatolog\u00eda por envenenamiento que en 2023, indicaron habitantes en conferencia de prensa.<\/p>\n<p>\u200bLos integrantes del Colectivo Mata de los Chenes estimaron que se ha perdido el 30 por ciento de las 12 mil colmenas ubicadas en predios de San Francisco Suctuc y Ox\u00e1. Esta cifra representar\u00eda m\u00e1s de 3 mil 600 colmenas afectadas.<\/p>\n<p>    &#8220;La sintomatolog\u00eda del envenenamiento es lo mismo, lo que vimos el a\u00f1o pasado es lo mismo que estamos viendo ahora, la abejita sale volando, no se halla, gira en c\u00edrculos&#8221; y muere, dijo Jos\u00e9 Manuel Poot Chan, integrante del colectivo.<\/p>\n<p>El apicultor descart\u00f3 que la muerte de las abejas fuera por falta de cuidado, como se los hicieron sentir las autoridades en otras ocasiones.<\/p>\n<p>    &#8220;Nosotros somos apicultores de herencia, ya lo conocemos, sabemos cu\u00e1les son los enemigos de la colmena y tambi\u00e9n sabemos del envenenamiento, no es la primera vez que lo estamos viviendo, hemos denunciado lo que vivimos ahora el 22 de marzo de 2023&#8221;, detall\u00f3.<\/p>\n<p>A pesar de que las afectaciones se ubican en zonas determinadas, la p\u00e9rdida de colmenas ha perjudicado a los apicultores de toda la regi\u00f3n.<\/p>\n<p>    &#8220;Es la impotencia que nosotros sentimos porque nuestras autoridades no nos est\u00e1n haciendo caso, nos est\u00e1n abandonando en esta situaci\u00f3n. Ya se invit\u00f3 a la Procuradur\u00eda Federal de Protecci\u00f3n al Ambiente (Profepa) para que verifique d\u00f3nde est\u00e1n los sembrad\u00edos&#8221;, dijo otro integrante del colectivo.<\/p>\n<p>\u00bfCu\u00e1l es la causa del envenenamiento de las abejas?<\/p>\n<p>Los habitantes atribuyen el envenenamiento de las abejas a las sustancias y qu\u00edmicos que se utilizan en &#8220;ranchos que siembran en grandes cantidades, cultivos grandes&#8221;.<\/p>\n<p>    &#8220;Utilizan cantidades de l\u00edquido que no s\u00f3lo da\u00f1an a la abeja, sino a la gente, la poblaci\u00f3n. Est\u00e1n amenazando nuestra actividad, nosotros dependemos mucho de la apicultura&#8221;, detallaron.<\/p>\n<p>Mediante un comunicado en redes sociales, el colectivo se\u00f1al\u00f3 que, a pesar de la suspensi\u00f3n definitiva de fumigaciones con sustancias altamente peligrosas en el municipio, &#8220;los apicultores refieren la presencia de estas sustancias en campos de sorgo, pertenecientes a privados y empresas trasnacionales&#8221;.<\/p>\n<p>ROA<\/p>\n<p><a href=\"https:\/\/www.milenio.com\/estados\/muerte-masiva-de-abejas-en-campeche-reportan-casos-por-envenenamiento\" rel=\"noopener\" target=\"_blank\">https:\/\/www.milenio.com\/estados\/muerte-masiva-de-abejas-en-campeche-reportan-casos-por-envenenamiento<\/a><\/p>\n","protected":false},"excerpt":{"rendered":"<p>Ra\u00fal Ojeda \/ Milenio Campeche \/ El Colectivo Maya de los Chenes denunci\u00f3 un nuevo caso de envenenamiento y muerte masiva abejas en el municipio de Hopelch\u00e9n, Campeche. El se\u00f1alamiento &hellip; <a href=\"https:\/\/www.grieta.org.mx\/index.php\/2024\/01\/26\/denuncian-nuevo-envenenamiento-y-muerte-masiva-de-abejas-en-hopelchen-campeche\/\" class=\"more-link\">Leer m\u00e1s<\/a><\/p>\n","protected":false},"author":2,"featured_media":68383,"comment_status":"closed","ping_status":"closed","sticky":false,"template":"","format":"standard","meta":{"ngg_post_thumbnail":0,"_jetpack_newsletter_access":"","_jetpack_dont_email_post_to_subs":false,"_jetpack_newsletter_tier_id":0,"_jetpack_memberships_contains_paywalled_content":false,"_jetpack_memberships_contains_paid_content":false,"footnotes":""},"categories":[42,11,80,1311,2258,3,2,1151],"tags":[160,4186,4138,2722],"class_list":["post-68382","post","type-post","status-publish","format-standard","has-post-thumbnail","hentry","category-agroindustria","category-campeche","category-cintillo","category-contaminacion-y-danos-a-la-salud-en-campeche","category-ecocidio-en-campeche","category-megaproyectos","category-noticias-nacionales","category-se-organizan-para-frenar-avance-de-transgenicos-en-yucatan-campeche-y-quintana-roo","tag-apicultores","tag-envenenamiento","tag-fumigacion","tag-muerte-de-abejas","entry"],"jetpack_featured_media_url":"https:\/\/www.grieta.org.mx\/wp-content\/uploads\/2024\/01\/Abejas-e1706390391426.jpg","jetpack_sharing_enabled":true,"jetpack_shortlink":"https:\/\/wp.me\/p7ZJR4-hMW","jetpack_likes_enabled":false,"jetpack-related-posts":[{"id":66959,"url":"https:\/\/www.grieta.org.mx\/index.php\/2023\/05\/23\/por-la-muerte-de-abejas-colectivo-maya-exige-se-declare-zona-de-emergencia-en-hopelchen-campeche\/","url_meta":{"origin":68382,"position":0},"title":"Por la muerte de abejas, colectivo maya exige se declare zona de emergencia en Hopelch\u00e9n (Campeche)","author":"grieta","date":"23 mayo, 2023","format":false,"excerpt":"Por Esto! El Colectivo de Comunidades Mayas de los Chenes en rueda de prensa exigen con prontitud a las autoridades de los tres niveles de gobierno se declare Zona de Emergencia el municipio de Hopelch\u00e9n por la muerte de miles de colmenas de abejas que equivale a m\u00e1s de 12\u2026","rel":"","context":"En &quot;Agroindustria&quot;","block_context":{"text":"Agroindustria","link":"https:\/\/www.grieta.org.mx\/index.php\/category\/megaproyectos\/agroindustria\/"},"img":{"alt_text":"","src":"https:\/\/i0.wp.com\/www.grieta.org.mx\/wp-content\/uploads\/2023\/05\/Hopelchen-e1685036714387.jpg?resize=350%2C200&ssl=1","width":350,"height":200,"srcset":"https:\/\/i0.wp.com\/www.grieta.org.mx\/wp-content\/uploads\/2023\/05\/Hopelchen-e1685036714387.jpg?resize=350%2C200&ssl=1 1x, https:\/\/i0.wp.com\/www.grieta.org.mx\/wp-content\/uploads\/2023\/05\/Hopelchen-e1685036714387.jpg?resize=525%2C300&ssl=1 1.5x, https:\/\/i0.wp.com\/www.grieta.org.mx\/wp-content\/uploads\/2023\/05\/Hopelchen-e1685036714387.jpg?resize=700%2C400&ssl=1 2x"},"classes":[]},{"id":69326,"url":"https:\/\/www.grieta.org.mx\/index.php\/2024\/07\/12\/apicultores-denuncian-muerte-masiva-de-abejas-por-uso-de-toxicos-en-cultivos-de-campeche\/","url_meta":{"origin":68382,"position":1},"title":"Apicultores denuncian muerte masiva de abejas por uso de t\u00f3xicos en cultivos de Campeche","author":"grieta","date":"12 julio, 2024","format":false,"excerpt":"Fanny Miranda \/ Milenio Campeche, M\u00e9xico. El colectivo de comunidades mayas de Los Chenes, denunci\u00f3 la muerte masiva de abejas por intoxicaci\u00f3n con plaguicidas altamente peligrosos, que son utilizados en el cultivo de chile habanero en la comunidad de Ich-Ek en Hopelch\u00e9n, Campeche. Los apicultores revisaron un total de 11\u2026","rel":"","context":"En &quot;16. Pueblo Maya&quot;","block_context":{"text":"16. Pueblo Maya","link":"https:\/\/www.grieta.org.mx\/index.php\/category\/espejos-de-la-resistencia\/16-pueblo-maya\/"},"img":{"alt_text":"","src":"https:\/\/i0.wp.com\/www.grieta.org.mx\/wp-content\/uploads\/2024\/07\/Chenes-e1721777079271.jpg?resize=350%2C200&ssl=1","width":350,"height":200,"srcset":"https:\/\/i0.wp.com\/www.grieta.org.mx\/wp-content\/uploads\/2024\/07\/Chenes-e1721777079271.jpg?resize=350%2C200&ssl=1 1x, https:\/\/i0.wp.com\/www.grieta.org.mx\/wp-content\/uploads\/2024\/07\/Chenes-e1721777079271.jpg?resize=525%2C300&ssl=1 1.5x, https:\/\/i0.wp.com\/www.grieta.org.mx\/wp-content\/uploads\/2024\/07\/Chenes-e1721777079271.jpg?resize=700%2C400&ssl=1 2x"},"classes":[]},{"id":70716,"url":"https:\/\/www.grieta.org.mx\/index.php\/2024\/12\/04\/sentencia-historica-reconoce-papel-crucial-de-las-abejas-para-los-ecosistemas-campeche\/","url_meta":{"origin":68382,"position":2},"title":"Sentencia hist\u00f3rica reconoce papel crucial de las abejas para los ecosistemas (Campeche)","author":"grieta","date":"4 diciembre, 2024","format":false,"excerpt":"Renata Bessi \/ Avispa Midia En portada: La deforestaci\u00f3n y el uso masivo de agrot\u00f3xicos son las principales amenazas para la supervivencia de las abejas en Campeche. En la imagen, apicultores muestran la muerte masiva de estos insectos. Foto: Colectivo Maya de los Chenes. Apicultores mayas de Hopelch\u00e9n, municipio del\u2026","rel":"","context":"En &quot;Agroindustria&quot;","block_context":{"text":"Agroindustria","link":"https:\/\/www.grieta.org.mx\/index.php\/category\/megaproyectos\/agroindustria\/"},"img":{"alt_text":"","src":"https:\/\/i0.wp.com\/www.grieta.org.mx\/wp-content\/uploads\/2024\/12\/Historica-e1734902559424.jpg?resize=350%2C200&ssl=1","width":350,"height":200,"srcset":"https:\/\/i0.wp.com\/www.grieta.org.mx\/wp-content\/uploads\/2024\/12\/Historica-e1734902559424.jpg?resize=350%2C200&ssl=1 1x, https:\/\/i0.wp.com\/www.grieta.org.mx\/wp-content\/uploads\/2024\/12\/Historica-e1734902559424.jpg?resize=525%2C300&ssl=1 1.5x, https:\/\/i0.wp.com\/www.grieta.org.mx\/wp-content\/uploads\/2024\/12\/Historica-e1734902559424.jpg?resize=700%2C400&ssl=1 2x"},"classes":[]},{"id":27125,"url":"https:\/\/www.grieta.org.mx\/index.php\/2018\/10\/09\/reportan-muerte-de-abejas-durante-fumigacion-de-soya-campeche\/","url_meta":{"origin":68382,"position":3},"title":"Reportan muerte de abejas durante fumigaci\u00f3n de soya (Campeche)","author":"grieta","date":"9 octubre, 2018","format":false,"excerpt":"Hopelch\u00e9n.- El productor Feliciano Uc\u00e1n Poot, integrante del Colectivo Ap\u00edcola Maya de Los Chenes, denunci\u00f3 que avionetas est\u00e1n fumigando grandes extensiones de cultivos de soya, ocasionando la muerte de las abejas de colmenas ubicadas en inmediaciones de esos sembrad\u00edos de oleaginosas. Uc\u00e1n Poot asegur\u00f3 que los fungicidas primero debilitan a\u2026","rel":"","context":"En &quot;16. Pueblo Maya&quot;","block_context":{"text":"16. Pueblo Maya","link":"https:\/\/www.grieta.org.mx\/index.php\/category\/espejos-de-la-resistencia\/16-pueblo-maya\/"},"img":{"alt_text":"","src":"https:\/\/i0.wp.com\/www.grieta.org.mx\/wp-content\/uploads\/2018\/10\/MuerteAbejasCampeche.png?resize=350%2C200&ssl=1","width":350,"height":200,"srcset":"https:\/\/i0.wp.com\/www.grieta.org.mx\/wp-content\/uploads\/2018\/10\/MuerteAbejasCampeche.png?resize=350%2C200&ssl=1 1x, https:\/\/i0.wp.com\/www.grieta.org.mx\/wp-content\/uploads\/2018\/10\/MuerteAbejasCampeche.png?resize=525%2C300&ssl=1 1.5x, https:\/\/i0.wp.com\/www.grieta.org.mx\/wp-content\/uploads\/2018\/10\/MuerteAbejasCampeche.png?resize=700%2C400&ssl=1 2x"},"classes":[]},{"id":67240,"url":"https:\/\/www.grieta.org.mx\/index.php\/2023\/07\/25\/otorgan-suspension-definitiva-para-evitar-la-muerte-de-abejas-campeche\/","url_meta":{"origin":68382,"position":4},"title":"Otorgan suspensi\u00f3n definitiva para evitar la muerte de abejas  (Campeche)","author":"grieta","date":"25 julio, 2023","format":false,"excerpt":"Paloma Reyes \/ Haz Ruido Un Juzgado de Campeche dict\u00f3 esta medida cautelar para que los gobiernos federal y estatal detengan toda actividad que est\u00e9 causando la muerte de dichos polinizadores y el da\u00f1o socioambiental que se vive en Hopelch\u00e9n. Adem\u00e1s, sigue el juicio para reconocer a las abejas como\u2026","rel":"","context":"En &quot;Agroindustria&quot;","block_context":{"text":"Agroindustria","link":"https:\/\/www.grieta.org.mx\/index.php\/category\/megaproyectos\/agroindustria\/"},"img":{"alt_text":"","src":"https:\/\/i0.wp.com\/www.grieta.org.mx\/wp-content\/uploads\/2023\/07\/Abejas-e1690378555651.jpg?resize=350%2C200&ssl=1","width":350,"height":200,"srcset":"https:\/\/i0.wp.com\/www.grieta.org.mx\/wp-content\/uploads\/2023\/07\/Abejas-e1690378555651.jpg?resize=350%2C200&ssl=1 1x, https:\/\/i0.wp.com\/www.grieta.org.mx\/wp-content\/uploads\/2023\/07\/Abejas-e1690378555651.jpg?resize=525%2C300&ssl=1 1.5x, https:\/\/i0.wp.com\/www.grieta.org.mx\/wp-content\/uploads\/2023\/07\/Abejas-e1690378555651.jpg?resize=700%2C400&ssl=1 2x"},"classes":[]},{"id":66634,"url":"https:\/\/www.grieta.org.mx\/index.php\/2023\/03\/25\/campeche-reportan-muerte-masiva-de-abejas-por-fumigacion-con-agrotoxicos\/","url_meta":{"origin":68382,"position":5},"title":"Campeche: Reportan muerte masiva de abejas por fumigaci\u00f3n con agrot\u00f3xicos","author":"grieta","date":"25 marzo, 2023","format":false,"excerpt":"Terceravia.mx El d\u00eda 22 de marzo del presente a\u00f1o aproximadamente a las 16:00 hs, apicultores y habitantes de esta localidad se percataron de un extra\u00f1o comportamiento de las colmenas de abejas que poseen. Por los s\u00edntomas y la cantidad de insectos que perec\u00edan, se alertaron y contactaron a otros apicultores\u2026","rel":"","context":"En &quot;Campeche&quot;","block_context":{"text":"Campeche","link":"https:\/\/www.grieta.org.mx\/index.php\/category\/noticias-nacionales\/campeche\/"},"img":{"alt_text":"","src":"https:\/\/i0.wp.com\/www.grieta.org.mx\/wp-content\/uploads\/2023\/03\/Abejas-e1679836012469.jpg?resize=350%2C200&ssl=1","width":350,"height":200,"srcset":"https:\/\/i0.wp.com\/www.grieta.org.mx\/wp-content\/uploads\/2023\/03\/Abejas-e1679836012469.jpg?resize=350%2C200&ssl=1 1x, https:\/\/i0.wp.com\/www.grieta.org.mx\/wp-content\/uploads\/2023\/03\/Abejas-e1679836012469.jpg?resize=525%2C300&ssl=1 1.5x, https:\/\/i0.wp.com\/www.grieta.org.mx\/wp-content\/uploads\/2023\/03\/Abejas-e1679836012469.jpg?resize=700%2C400&ssl=1 2x"},"classes":[]}],"_links":{"self":[{"href":"https:\/\/www.grieta.org.mx\/index.php\/wp-json\/wp\/v2\/posts\/68382","targetHints":{"allow":["GET"]}}],"collection":[{"href":"https:\/\/www.grieta.org.mx\/index.php\/wp-json\/wp\/v2\/posts"}],"about":[{"href":"https:\/\/www.grieta.org.mx\/index.php\/wp-json\/wp\/v2\/types\/post"}],"author":[{"embeddable":true,"href":"https:\/\/www.grieta.org.mx\/index.php\/wp-json\/wp\/v2\/users\/2"}],"replies":[{"embeddable":true,"href":"https:\/\/www.grieta.org.mx\/index.php\/wp-json\/wp\/v2\/comments?post=68382"}],"version-history":[{"count":1,"href":"https:\/\/www.grieta.org.mx\/index.php\/wp-json\/wp\/v2\/posts\/68382\/revisions"}],"predecessor-version":[{"id":68384,"href":"https:\/\/www.grieta.org.mx\/index.php\/wp-json\/wp\/v2\/posts\/68382\/revisions\/68384"}],"wp:featuredmedia":[{"embeddable":true,"href":"https:\/\/www.grieta.org.mx\/index.php\/wp-json\/wp\/v2\/media\/68383"}],"wp:attachment":[{"href":"https:\/\/www.grieta.org.mx\/index.php\/wp-json\/wp\/v2\/media?parent=68382"}],"wp:term":[{"taxonomy":"category","embeddable":true,"href":"https:\/\/www.grieta.org.mx\/index.php\/wp-json\/wp\/v2\/categories?post=68382"},{"taxonomy":"post_tag","embeddable":true,"href":"https:\/\/www.grieta.org.mx\/index.php\/wp-json\/wp\/v2\/tags?post=68382"}],"curies":[{"name":"wp","href":"https:\/\/api.w.org\/{rel}","templated":true}]}}