{"id":6837,"date":"2015-09-16T02:55:22","date_gmt":"2015-09-16T02:55:22","guid":{"rendered":"http:\/\/50.22.11.12\/~grietaor\/?p=6837"},"modified":"2016-03-29T02:57:15","modified_gmt":"2016-03-29T02:57:15","slug":"minera-perfora-cerro-de-sirena-en-guanajuato-de-forma-irregular","status":"publish","type":"post","link":"https:\/\/www.grieta.org.mx\/index.php\/2015\/09\/16\/minera-perfora-cerro-de-sirena-en-guanajuato-de-forma-irregular\/","title":{"rendered":"Minera perfora Cerro de Sirena en Guanajuato de forma irregular"},"content":{"rendered":"<p>Daniel Vilches,  GUANAJUATO, Gto.<\/p>\n<p>La empresa Exploraci\u00f3n Minera Perre\u00f1a (filial Fresnillo, antes Pe\u00f1oles), que realiza una exploraci\u00f3n en el Cerro de Sirena, no tiene el uso de suelo forestal para dicha excavaci\u00f3n, no ha presentado el estudio t\u00e9cnico justificativo, por lo que est\u00e1 incurriendo en una irregularidad.<\/p>\n<p>As\u00ed lo declar\u00f3 el delegado de la Secretar\u00eda de Medio Ambiente y Recursos Naturales (Semarnat) en Guanajuato, Israel Cabrera Barr\u00f3n. Se\u00f1al\u00f3 que la delegaci\u00f3n no est\u00e1 facultada para detener las obras, a menos que exista una denuncia ciudadana ante la Procuradur\u00eda Federal de Protecci\u00f3n al Ambiente (Profepa). Israel Cabrera Barr\u00f3n explic\u00f3 que la empresa solicit\u00f3 ante la delegaci\u00f3n, una exploraci\u00f3n minera con t\u00e9cnica de barrenaci\u00f3n a diamante, la cual s\u00ed est\u00e1 autorizada desde el 03 de agosto, pero condicionada a que se cambie el uso de suelo forestal, para proteger la fauna del lugar. La empresa, tiene un tiempo l\u00edmite de 36 meses para estudiar el suelo de la zona. \u201cSin embargo, ellos dieron el paso \u201cb\u201d antes de dar el paso \u201ca\u201d, se\u00f1al\u00f3.<\/p>\n<p>La empresa, tiene un tiempo l\u00edmite de 36 meses para estudiar el suelo de la zona. \u201cSin embargo, ellos dieron el paso \u201cb\u201d antes de dar el paso \u201ca\u201d, se\u00f1al\u00f3. Indic\u00f3 que la Semarnat, para dar estos permisos debe de conocer qu\u00e9 tipo de suelo hay en el Cerro de Sirena bas\u00e1ndose en si es un suelo de forestal, el paso de especies, la generaci\u00f3n de ruido de la obra, la flora y fauna que se vaya a impactar, para que una vez que se concluyan los estudios se defina si se otorga el permiso.<\/p>\n<p>\u201cNo han ingresado ning\u00fan tipo de tr\u00e1mite para el cambio de uso de suelo en terreno forestal, (\u2026) hay problema, porque est\u00e1n realizando una actividad sin obtener el permiso\u201d<br \/>\nIsrael Cabrera Barr\u00f3n delegado de Semarnat<\/p>\n<p><a href=\"http:\/\/periodicocorreo.com.mx\/minera-perfora-cerro-de-sirena-de-forma-irregular\/\" target=\"_blank\">periodicocorreo.com.mx\/minera-perfora-cerro-de-sirena-de-forma-irregular\/<\/a><\/p>\n","protected":false},"excerpt":{"rendered":"<p>Daniel Vilches, GUANAJUATO, Gto. La empresa Exploraci\u00f3n Minera Perre\u00f1a (filial Fresnillo, antes Pe\u00f1oles), que realiza una exploraci\u00f3n en el Cerro de Sirena, no tiene el uso de suelo forestal para &hellip; <a href=\"https:\/\/www.grieta.org.mx\/index.php\/2015\/09\/16\/minera-perfora-cerro-de-sirena-en-guanajuato-de-forma-irregular\/\" class=\"more-link\">Leer m\u00e1s<\/a><\/p>\n","protected":false},"author":2,"featured_media":21928,"comment_status":"closed","ping_status":"open","sticky":false,"template":"","format":"standard","meta":{"ngg_post_thumbnail":0,"_jetpack_newsletter_access":"","_jetpack_dont_email_post_to_subs":false,"_jetpack_newsletter_tier_id":0,"_jetpack_memberships_contains_paywalled_content":false,"_jetpack_memberships_contains_paid_content":false,"footnotes":""},"categories":[80],"tags":[],"class_list":["post-6837","post","type-post","status-publish","format-standard","has-post-thumbnail","hentry","category-cintillo","entry"],"jetpack_featured_media_url":"https:\/\/www.grieta.org.mx\/wp-content\/uploads\/2018\/03\/14524434_1106112876131411_958039263622046936_o.jpg","jetpack_sharing_enabled":true,"jetpack_shortlink":"https:\/\/wp.me\/p7ZJR4-1Mh","jetpack_likes_enabled":false,"jetpack-related-posts":[{"id":6831,"url":"https:\/\/www.grieta.org.mx\/index.php\/2015\/09\/16\/sin-permiso-de-cambio-de-uso-de-suelo-empresa-minera-realiza-exploraciones-en-el-cerro-de-sirena-en-guanajuato\/","url_meta":{"origin":6837,"position":0},"title":"Sin permiso de cambio de uso de suelo, empresa minera realiza exploraciones en el Cerro de Sirena en Guanajuato","author":"grieta","date":"16 septiembre, 2015","format":false,"excerpt":"Carmen Pizano, Guanajuato, Gto. La Secretar\u00eda de Medio Ambiente y Recursos Naturales (Semarnat) autoriz\u00f3 que empresa minera hiciera trabajos de exploraci\u00f3n en el Cerro de Sirena, en Guanajuato capital. El delegado de la Semarnat en Guanajuato, Israel Cabrera Barr\u00f3n, explic\u00f3 que el tr\u00e1mite lo hizo la empresa La Parre\u00f1a, aunque\u2026","rel":"","context":"En &quot;CINTILLO&quot;","block_context":{"text":"CINTILLO","link":"https:\/\/www.grieta.org.mx\/index.php\/category\/cintillo\/"},"img":{"alt_text":"","src":"https:\/\/i0.wp.com\/www.grieta.org.mx\/wp-content\/uploads\/2018\/03\/14524434_1106112876131411_958039263622046936_o.jpg?resize=350%2C200&ssl=1","width":350,"height":200,"srcset":"https:\/\/i0.wp.com\/www.grieta.org.mx\/wp-content\/uploads\/2018\/03\/14524434_1106112876131411_958039263622046936_o.jpg?resize=350%2C200&ssl=1 1x, https:\/\/i0.wp.com\/www.grieta.org.mx\/wp-content\/uploads\/2018\/03\/14524434_1106112876131411_958039263622046936_o.jpg?resize=525%2C300&ssl=1 1.5x, https:\/\/i0.wp.com\/www.grieta.org.mx\/wp-content\/uploads\/2018\/03\/14524434_1106112876131411_958039263622046936_o.jpg?resize=700%2C400&ssl=1 2x"},"classes":[]},{"id":5839,"url":"https:\/\/www.grieta.org.mx\/index.php\/2016\/04\/15\/despojo-danos-ambientales-y-a-la-salud-por-mineria\/","url_meta":{"origin":6837,"position":1},"title":"Despojo, da\u00f1os ambientales y a la salud por miner\u00eda","author":"grieta","date":"15 abril, 2016","format":false,"excerpt":"15\/04\/2016. Comunidad de la Luz en Guanajuato denuncia da\u00f1os provocados por mineraZona Franca 03\/04\/2016. Minera canadiense explotar\u00e1 mina en Sierra del Cubo en GuanajuatoZona Franca 14\/02\/2016. Denuncias da\u00f1os en casas por explosivos de minera en Guanajuato Peri\u00f3dico Correo 25\/01\/2016. Anuncian nueva mina en el Cerro del Gigante en Guanajuato, ser\u00eda\u2026","rel":"","context":"En &quot;Guanajuato&quot;","block_context":{"text":"Guanajuato","link":"https:\/\/www.grieta.org.mx\/index.php\/category\/noticias-nacionales\/guanajuato\/"},"img":{"alt_text":"","src":"https:\/\/i0.wp.com\/www.grieta.org.mx\/wp-content\/uploads\/2018\/03\/14524434_1106112876131411_958039263622046936_o.jpg?resize=350%2C200&ssl=1","width":350,"height":200,"srcset":"https:\/\/i0.wp.com\/www.grieta.org.mx\/wp-content\/uploads\/2018\/03\/14524434_1106112876131411_958039263622046936_o.jpg?resize=350%2C200&ssl=1 1x, https:\/\/i0.wp.com\/www.grieta.org.mx\/wp-content\/uploads\/2018\/03\/14524434_1106112876131411_958039263622046936_o.jpg?resize=525%2C300&ssl=1 1.5x, https:\/\/i0.wp.com\/www.grieta.org.mx\/wp-content\/uploads\/2018\/03\/14524434_1106112876131411_958039263622046936_o.jpg?resize=700%2C400&ssl=1 2x"},"classes":[]},{"id":6800,"url":"https:\/\/www.grieta.org.mx\/index.php\/2015\/10\/16\/de-forma-ilegal-empresa-minera-continua-trabajos-en-cerro-de-sirena\/","url_meta":{"origin":6837,"position":2},"title":"De forma ilegal empresa minera contin\u00faa trabajos en Cerro de Sirena","author":"grieta","date":"16 octubre, 2015","format":false,"excerpt":"Alfonso Ochoa, GUANAJUATO, Gto. Se pedir\u00e1 un informe de los trabajos mineros que se realizan en el Cerro de Sirena, se\u00f1al\u00f3 el alcalde Edgar Castro Cerrillo. Durante su campa\u00f1a electoral, vecinos de varias comunidades le presentaron quejas contra las compa\u00f1\u00edas mineras. En La Luz, Mexiamora y Mellado, la gente se\u2026","rel":"","context":"En &quot;CINTILLO&quot;","block_context":{"text":"CINTILLO","link":"https:\/\/www.grieta.org.mx\/index.php\/category\/cintillo\/"},"img":{"alt_text":"","src":"https:\/\/i0.wp.com\/www.grieta.org.mx\/wp-content\/uploads\/2018\/03\/14524434_1106112876131411_958039263622046936_o.jpg?resize=350%2C200&ssl=1","width":350,"height":200,"srcset":"https:\/\/i0.wp.com\/www.grieta.org.mx\/wp-content\/uploads\/2018\/03\/14524434_1106112876131411_958039263622046936_o.jpg?resize=350%2C200&ssl=1 1x, https:\/\/i0.wp.com\/www.grieta.org.mx\/wp-content\/uploads\/2018\/03\/14524434_1106112876131411_958039263622046936_o.jpg?resize=525%2C300&ssl=1 1.5x, https:\/\/i0.wp.com\/www.grieta.org.mx\/wp-content\/uploads\/2018\/03\/14524434_1106112876131411_958039263622046936_o.jpg?resize=700%2C400&ssl=1 2x"},"classes":[]},{"id":6771,"url":"https:\/\/www.grieta.org.mx\/index.php\/2015\/11\/11\/empresa-minera-en-guanajuato-expande-sus-exploraciones-con-la-complicidad-de-autoridades\/","url_meta":{"origin":6837,"position":3},"title":"Empresa minera en Guanajuato expande sus exploraciones con la complicidad de autoridades","author":"grieta","date":"11 noviembre, 2015","format":false,"excerpt":"Miguel \u00c1ngel Miranda, GUANAJUATO, Gto. La empresa minera Parre\u00f1a tiene el permiso para realizar excavaciones en otros cerros, sin embargo, tendr\u00e1 que entregar informes a la direcci\u00f3n de Desarrollo Urbano para no da\u00f1ar la fisonom\u00eda de la ciudad, as\u00ed lo inform\u00f3 el titular Ren\u00e9 Mart\u00ednez R\u00edos. El funcionario se\u00f1al\u00f3 que\u2026","rel":"","context":"En &quot;CINTILLO&quot;","block_context":{"text":"CINTILLO","link":"https:\/\/www.grieta.org.mx\/index.php\/category\/cintillo\/"},"img":{"alt_text":"","src":"https:\/\/i0.wp.com\/www.grieta.org.mx\/wp-content\/uploads\/2018\/03\/14524434_1106112876131411_958039263622046936_o.jpg?resize=350%2C200&ssl=1","width":350,"height":200,"srcset":"https:\/\/i0.wp.com\/www.grieta.org.mx\/wp-content\/uploads\/2018\/03\/14524434_1106112876131411_958039263622046936_o.jpg?resize=350%2C200&ssl=1 1x, https:\/\/i0.wp.com\/www.grieta.org.mx\/wp-content\/uploads\/2018\/03\/14524434_1106112876131411_958039263622046936_o.jpg?resize=525%2C300&ssl=1 1.5x, https:\/\/i0.wp.com\/www.grieta.org.mx\/wp-content\/uploads\/2018\/03\/14524434_1106112876131411_958039263622046936_o.jpg?resize=700%2C400&ssl=1 2x"},"classes":[]},{"id":61081,"url":"https:\/\/www.grieta.org.mx\/index.php\/2021\/08\/06\/ixtacamaxtitlan-denuncia-actividades-de-exploracion-ilegal-de-la-minera-almaden-minerals-puebla\/","url_meta":{"origin":6837,"position":4},"title":"Ixtacamaxtitl\u00e1n denuncia actividades de exploraci\u00f3n ilegal de la minera Almaden Minerals (Puebla)","author":"Admin","date":"6 agosto, 2021","format":false,"excerpt":"Gabriela Hern\u00e1ndez \/ Proceso PUEBLA, Pue. (apro).- Pobladores del municipio de Ixtacamaxtitl\u00e1n, ubicado en la Sierra Norte de Puebla, presentaron una denuncia ante la Procuradur\u00eda Federal de Protecci\u00f3n al Ambiente (Profepa) en contra de la empresa Minera Gorri\u00f3n, subsidiaria de la canadiense Almaden Minerals, por iniciar tareas de exploraci\u00f3n en\u2026","rel":"","context":"En &quot;CINTILLO&quot;","block_context":{"text":"CINTILLO","link":"https:\/\/www.grieta.org.mx\/index.php\/category\/cintillo\/"},"img":{"alt_text":"","src":"https:\/\/i0.wp.com\/www.grieta.org.mx\/wp-content\/uploads\/2021\/08\/f800x450-140368_191814_5050.jpg?resize=350%2C200&ssl=1","width":350,"height":200,"srcset":"https:\/\/i0.wp.com\/www.grieta.org.mx\/wp-content\/uploads\/2021\/08\/f800x450-140368_191814_5050.jpg?resize=350%2C200&ssl=1 1x, https:\/\/i0.wp.com\/www.grieta.org.mx\/wp-content\/uploads\/2021\/08\/f800x450-140368_191814_5050.jpg?resize=525%2C300&ssl=1 1.5x, https:\/\/i0.wp.com\/www.grieta.org.mx\/wp-content\/uploads\/2021\/08\/f800x450-140368_191814_5050.jpg?resize=700%2C400&ssl=1 2x"},"classes":[]},{"id":5849,"url":"https:\/\/www.grieta.org.mx\/index.php\/2016\/01\/25\/anuncian-nueva-mina-en-el-cerro-del-gigante-en-guanajuato-seria-la-tercera-en-la-zona\/","url_meta":{"origin":6837,"position":5},"title":"Anuncian nueva mina en el Cerro del Gigante en Guanajuato, ser\u00eda la tercera en la zona","author":"grieta","date":"25 enero, 2016","format":false,"excerpt":"Alfonso Ochoa, Guanajuato, Gto. El nuevo proyecto minero en la zona de La Luz, promovido por la empresa minera Las Torres S. A. de C.V., se desarrollar\u00e1 en una superficie de 97 hect\u00e1reas, lo que implicar\u00e1 la remoci\u00f3n total de la vegetaci\u00f3n en dicha \u00e1rea. Actualmente las empresas canadienses Endeavour\u2026","rel":"","context":"En &quot;CINTILLO&quot;","block_context":{"text":"CINTILLO","link":"https:\/\/www.grieta.org.mx\/index.php\/category\/cintillo\/"},"img":{"alt_text":"","src":"https:\/\/i0.wp.com\/www.grieta.org.mx\/wp-content\/uploads\/2018\/03\/14524434_1106112876131411_958039263622046936_o.jpg?resize=350%2C200&ssl=1","width":350,"height":200,"srcset":"https:\/\/i0.wp.com\/www.grieta.org.mx\/wp-content\/uploads\/2018\/03\/14524434_1106112876131411_958039263622046936_o.jpg?resize=350%2C200&ssl=1 1x, https:\/\/i0.wp.com\/www.grieta.org.mx\/wp-content\/uploads\/2018\/03\/14524434_1106112876131411_958039263622046936_o.jpg?resize=525%2C300&ssl=1 1.5x, https:\/\/i0.wp.com\/www.grieta.org.mx\/wp-content\/uploads\/2018\/03\/14524434_1106112876131411_958039263622046936_o.jpg?resize=700%2C400&ssl=1 2x"},"classes":[]}],"_links":{"self":[{"href":"https:\/\/www.grieta.org.mx\/index.php\/wp-json\/wp\/v2\/posts\/6837","targetHints":{"allow":["GET"]}}],"collection":[{"href":"https:\/\/www.grieta.org.mx\/index.php\/wp-json\/wp\/v2\/posts"}],"about":[{"href":"https:\/\/www.grieta.org.mx\/index.php\/wp-json\/wp\/v2\/types\/post"}],"author":[{"embeddable":true,"href":"https:\/\/www.grieta.org.mx\/index.php\/wp-json\/wp\/v2\/users\/2"}],"replies":[{"embeddable":true,"href":"https:\/\/www.grieta.org.mx\/index.php\/wp-json\/wp\/v2\/comments?post=6837"}],"version-history":[{"count":1,"href":"https:\/\/www.grieta.org.mx\/index.php\/wp-json\/wp\/v2\/posts\/6837\/revisions"}],"predecessor-version":[{"id":6842,"href":"https:\/\/www.grieta.org.mx\/index.php\/wp-json\/wp\/v2\/posts\/6837\/revisions\/6842"}],"wp:featuredmedia":[{"embeddable":true,"href":"https:\/\/www.grieta.org.mx\/index.php\/wp-json\/wp\/v2\/media\/21928"}],"wp:attachment":[{"href":"https:\/\/www.grieta.org.mx\/index.php\/wp-json\/wp\/v2\/media?parent=6837"}],"wp:term":[{"taxonomy":"category","embeddable":true,"href":"https:\/\/www.grieta.org.mx\/index.php\/wp-json\/wp\/v2\/categories?post=6837"},{"taxonomy":"post_tag","embeddable":true,"href":"https:\/\/www.grieta.org.mx\/index.php\/wp-json\/wp\/v2\/tags?post=6837"}],"curies":[{"name":"wp","href":"https:\/\/api.w.org\/{rel}","templated":true}]}}