{"id":68358,"date":"2024-01-08T12:54:36","date_gmt":"2024-01-08T18:54:36","guid":{"rendered":"https:\/\/www.grieta.org.mx\/?p=68358"},"modified":"2024-01-19T13:02:44","modified_gmt":"2024-01-19T19:02:44","slug":"jalisco-segundo-lugar-en-agresiones-a-periodistas-mujeres","status":"publish","type":"post","link":"https:\/\/www.grieta.org.mx\/index.php\/2024\/01\/08\/jalisco-segundo-lugar-en-agresiones-a-periodistas-mujeres\/","title":{"rendered":"Jalisco: segundo lugar en agresiones a periodistas mujeres"},"content":{"rendered":"<p>Imagen: Especial<\/p>\n<p>Le\u00f3n Forte \/ Perimetral<\/p>\n<p>El estado de Jalisco ocupa el segundo lugar dentro de las entidades con mayor cantidad de atentados contra mujeres periodistas en el \u00faltimo trimestre de 2023.<\/p>\n<p>De acuerdo<a href=\"https:\/\/mailchi.mp\/8b7f962aa2ae\/reporte-estadistico-trimestral-6210555\">\u00a0<\/a>al registro del Programa de Libertad de Expresi\u00f3n y G\u00e9nero, de la organizaci\u00f3n Comunicaci\u00f3n e Informaci\u00f3n de la Mujer (CIMAC).<\/p>\n<p><a href=\"https:\/\/mailchi.mp\/8b7f962aa2ae\/reporte-estadistico-trimestral-6210555\">El reporte contabiliza<\/a>\u00a0los casos del primero de septiembre al 30 de noviembre 2023.<\/p>\n<p>De acuerdo al n\u00famero de casos, el reporte registr\u00f3 un alza en la tendencia de la violencia ejercida contra las periodistas respecto al trimestre anterior, con 55 casos.<\/p>\n<p>La lista de entidades con la mayor concentraci\u00f3n de atentados en contra de mujeres periodistas fueron:<\/p>\n<p>Ciudad de M\u00e9xico con 12 agresiones; Jalisco con siete; Coahuila y Puebla con seis.<\/p>\n<p><img loading=\"lazy\" decoding=\"async\" class=\"\" src=\"https:\/\/i0.wp.com\/perimetral.press\/wp-content\/uploads\/2024\/01\/Agresiones_Periodistas.png?resize=526%2C325&amp;ssl=1\" width=\"668\" height=\"413\" \/><\/p>\n<h6 class=\"wp-block-heading\"><strong>Los medios m\u00e1s atacados: los digitales<\/strong><\/h6>\n<p>Los medios en los que colaboran la mayor cantidad de periodistas agredidas son digitales.<\/p>\n<p>De las 55 agresiones, 50 fueron contra medios digitales; tres contra televisivos y al final est\u00e1n los impresos y la radio, con una agresi\u00f3n cada uno, respectivamente.<\/p>\n<p>En cuanto a las l\u00edneas editoriales -en pleno inicio del proceso electoral 2023-2024- la m\u00e1s atacada fueron las vinculadas con la pol\u00edtica.<\/p>\n<p>De los 55 casos, 33 fueron contra reporteras, 15 a directoras de medios y 4 a columnistas.<\/p>\n<h6 class=\"wp-block-heading\"><strong>Los agresores<\/strong><\/h6>\n<p>Del perfil de los agresores, 14 de ellos no fueron identificados, cifra que ha venido en aumento; siguen funcionarios estatales y municipales con ocho casos cada uno y cinco funcionarios federales, los principales.<\/p>\n<p>Tambi\u00e9n se registraron agresiones por parte de personas usuarias de redes sociales, estructuras criminales, empresarios y miembros de partidos pol\u00edticos.<\/p>\n<p>Seg\u00fan el reporte, la que predomina es la violencia psicol\u00f3gica con 41 casos entre mecanismos de bloqueo informativo, hostigamiento, actos de intimidaci\u00f3n, campa\u00f1as de desprestigio, amenazas y descr\u00e9dito de su labor.<\/p>\n<p>Le siguen actos de violencia f\u00edsica, con 11 casos, dos casos de violencia patrimonial y uno de violencia sexual.<\/p>\n<p><a href=\"https:\/\/perimetral.press\/jalisco-segundo-lugar-en-agresiones-a-periodistas-mujeres\/\">https:\/\/perimetral.press\/jalisco-segundo-lugar-en-agresiones-a-periodistas-mujeres\/<\/a><\/p>\n","protected":false},"excerpt":{"rendered":"<p>Imagen: Especial Le\u00f3n Forte \/ Perimetral El estado de Jalisco ocupa el segundo lugar dentro de las entidades con mayor cantidad de atentados contra mujeres periodistas en el \u00faltimo trimestre &hellip; <a href=\"https:\/\/www.grieta.org.mx\/index.php\/2024\/01\/08\/jalisco-segundo-lugar-en-agresiones-a-periodistas-mujeres\/\" class=\"more-link\">Leer m\u00e1s<\/a><\/p>\n","protected":false},"author":2,"featured_media":68359,"comment_status":"closed","ping_status":"closed","sticky":false,"template":"","format":"standard","meta":{"ngg_post_thumbnail":0,"_jetpack_newsletter_access":"","_jetpack_dont_email_post_to_subs":false,"_jetpack_newsletter_tier_id":0,"_jetpack_memberships_contains_paywalled_content":false,"_jetpack_memberships_contains_paid_content":false,"footnotes":""},"categories":[80,20,2,83,2504,88,2108],"tags":[2736,2474,2262,771,2263,2264,3633,1630,3115],"class_list":["post-68358","post","type-post","status-publish","format-standard","has-post-thumbnail","hentry","category-cintillo","category-jalisco","category-noticias-nacionales","category-temas-nacionales","category-violencia-contra-las-mujeres-en-jalisco","category-violencia-contra-periodistas","category-violencia-contra-periodistas-en-jalisco","tag-abusos-contra-periodistas","tag-acoso-contra-periodistas","tag-agresiones-contra-periodistas","tag-atentado","tag-hostigamiento-contra-periodistas","tag-mujeres-periodistas","tag-periodista-independiente","tag-violencia-contra-las-mujeres","tag-violencia-contra-las-periodistas","entry"],"jetpack_featured_media_url":"https:\/\/www.grieta.org.mx\/wp-content\/uploads\/2024\/01\/foto-francisco-rodriguez-occi.webp","jetpack_sharing_enabled":true,"jetpack_shortlink":"https:\/\/wp.me\/p7ZJR4-hMy","jetpack_likes_enabled":false,"jetpack-related-posts":[{"id":62893,"url":"https:\/\/www.grieta.org.mx\/index.php\/2021\/12\/09\/cuestionarnoesatacar-periodistas-de-jalisco-exigen-un-alto-a-la-violencia-en-su-contra\/","url_meta":{"origin":68358,"position":0},"title":"#CuestionarNoEsAtacar: Periodistas de Jalisco exigen un alto a la violencia en su contra","author":"grieta","date":"9 diciembre, 2021","format":false,"excerpt":"Foto: Zona Docs Redacci\u00f3n \/ Zona Docs En solidaridad con la periodista, Roc\u00edo L\u00f3pez Fonseca,\u00a0una centena de periodistas, mediante la publicaci\u00f3n de un comunicado, solicitaron la intervenci\u00f3n de\u00a0Art\u00edculo 19, la Comisi\u00f3n Nacional de los Derechos Humanos (CNDH) y de la Relator\u00eda Especial para la Libertad de Expresi\u00f3n de la Comisi\u00f3n\u2026","rel":"","context":"En &quot;CINTILLO&quot;","block_context":{"text":"CINTILLO","link":"https:\/\/www.grieta.org.mx\/index.php\/category\/cintillo\/"},"img":{"alt_text":"","src":"https:\/\/i0.wp.com\/www.grieta.org.mx\/wp-content\/uploads\/2021\/12\/FGNAbKOVkAIp9aU-1068x801-1.jpeg?resize=350%2C200&ssl=1","width":350,"height":200,"srcset":"https:\/\/i0.wp.com\/www.grieta.org.mx\/wp-content\/uploads\/2021\/12\/FGNAbKOVkAIp9aU-1068x801-1.jpeg?resize=350%2C200&ssl=1 1x, https:\/\/i0.wp.com\/www.grieta.org.mx\/wp-content\/uploads\/2021\/12\/FGNAbKOVkAIp9aU-1068x801-1.jpeg?resize=525%2C300&ssl=1 1.5x, https:\/\/i0.wp.com\/www.grieta.org.mx\/wp-content\/uploads\/2021\/12\/FGNAbKOVkAIp9aU-1068x801-1.jpeg?resize=700%2C400&ssl=1 2x, https:\/\/i0.wp.com\/www.grieta.org.mx\/wp-content\/uploads\/2021\/12\/FGNAbKOVkAIp9aU-1068x801-1.jpeg?resize=1050%2C600&ssl=1 3x"},"classes":[]},{"id":63217,"url":"https:\/\/www.grieta.org.mx\/index.php\/2022\/01\/25\/exigen-periodistas-de-puerto-vallarta-un-cese-a-la-violencia-contra-el-gremio-jalisco\/","url_meta":{"origin":68358,"position":1},"title":"Exigen periodistas de Puerto Vallarta un cese a la violencia contra el gremio (Jalisco)","author":"grieta","date":"25 enero, 2022","format":false,"excerpt":"Foto: Zona Docs Periodistas de Puerto Vallarta, Jalisco, tambi\u00e9n se sumaron a la Movilizaci\u00f3n Nacional #PeriodismoEnRiesgo y desde el malec\u00f3n exigieron condiciones de seguridad para ejercer su trabajo, as\u00ed mismo exhortaron al gobierno para que ninguna del cr\u00edmenes cometidos contra periodistas quede impune. Leslie Zepeda\/ Zona Docs Tras el asesinato\u2026","rel":"","context":"En &quot;CINTILLO&quot;","block_context":{"text":"CINTILLO","link":"https:\/\/www.grieta.org.mx\/index.php\/category\/cintillo\/"},"img":{"alt_text":"","src":"https:\/\/i0.wp.com\/www.grieta.org.mx\/wp-content\/uploads\/2022\/01\/Unknown-20-2-768x512-1.jpeg?resize=350%2C200&ssl=1","width":350,"height":200,"srcset":"https:\/\/i0.wp.com\/www.grieta.org.mx\/wp-content\/uploads\/2022\/01\/Unknown-20-2-768x512-1.jpeg?resize=350%2C200&ssl=1 1x, https:\/\/i0.wp.com\/www.grieta.org.mx\/wp-content\/uploads\/2022\/01\/Unknown-20-2-768x512-1.jpeg?resize=525%2C300&ssl=1 1.5x, https:\/\/i0.wp.com\/www.grieta.org.mx\/wp-content\/uploads\/2022\/01\/Unknown-20-2-768x512-1.jpeg?resize=700%2C400&ssl=1 2x"},"classes":[]},{"id":65049,"url":"https:\/\/www.grieta.org.mx\/index.php\/2022\/08\/31\/en-jalisco-mecanismos-de-proteccion-a-periodistas-existen-solo-en-el-papel\/","url_meta":{"origin":68358,"position":2},"title":"En Jalisco mecanismos de protecci\u00f3n a periodistas existen s\u00f3lo en el papel","author":"grieta","date":"31 agosto, 2022","format":false,"excerpt":"Imagen Jorge Alberto Mendoza Redacci\u00f3n \/ El Diario En M\u00e9xico, la protecci\u00f3n de los defensores y periodistas \u00fanicamente est\u00e1 en el papel, las comisiones encargadas no son homog\u00e9neas ni cuentan con presupuesto o personal capacitado. En Jalisco, durante la administraci\u00f3n de Jorge Arist\u00f3teles Sandoval se cre\u00f3 un consejo, nombr\u00f3 a\u2026","rel":"","context":"En &quot;CINTILLO&quot;","block_context":{"text":"CINTILLO","link":"https:\/\/www.grieta.org.mx\/index.php\/category\/cintillo\/"},"img":{"alt_text":"","src":"https:\/\/i0.wp.com\/www.grieta.org.mx\/wp-content\/uploads\/2022\/09\/2022-08-31_05-08-23___4264.jpg?resize=350%2C200&ssl=1","width":350,"height":200,"srcset":"https:\/\/i0.wp.com\/www.grieta.org.mx\/wp-content\/uploads\/2022\/09\/2022-08-31_05-08-23___4264.jpg?resize=350%2C200&ssl=1 1x, https:\/\/i0.wp.com\/www.grieta.org.mx\/wp-content\/uploads\/2022\/09\/2022-08-31_05-08-23___4264.jpg?resize=525%2C300&ssl=1 1.5x, https:\/\/i0.wp.com\/www.grieta.org.mx\/wp-content\/uploads\/2022\/09\/2022-08-31_05-08-23___4264.jpg?resize=700%2C400&ssl=1 2x"},"classes":[]},{"id":66164,"url":"https:\/\/www.grieta.org.mx\/index.php\/2023\/01\/23\/periodistas-de-puerto-vallarta-se-unen-para-exigir-condiciones-para-su-trabajo-jalisco\/","url_meta":{"origin":68358,"position":3},"title":"Periodistas de Puerto Vallarta se unen para exigir condiciones para su trabajo (Jalisco)","author":"grieta","date":"23 enero, 2023","format":false,"excerpt":"Imagen: Cuertoscuro Lauro Rodr\u00edguez \/ El Diario NTR Periodistas de Puerto Vallarta conformaron la Red Period\u00edstica de Puerto Vallarta con el fin de defender su profesi\u00f3n. A trav\u00e9s de un pronunciamiento difundido en redes sociales, detallaron que en el municipio costero hay presiones del sector p\u00fablico y privado, as\u00ed como\u2026","rel":"","context":"En &quot;CINTILLO&quot;","block_context":{"text":"CINTILLO","link":"https:\/\/www.grieta.org.mx\/index.php\/category\/cintillo\/"},"img":{"alt_text":"","src":"https:\/\/i0.wp.com\/www.grieta.org.mx\/wp-content\/uploads\/2023\/01\/2023-01-23_02-01-58___8668.jpg?resize=350%2C200&ssl=1","width":350,"height":200,"srcset":"https:\/\/i0.wp.com\/www.grieta.org.mx\/wp-content\/uploads\/2023\/01\/2023-01-23_02-01-58___8668.jpg?resize=350%2C200&ssl=1 1x, https:\/\/i0.wp.com\/www.grieta.org.mx\/wp-content\/uploads\/2023\/01\/2023-01-23_02-01-58___8668.jpg?resize=525%2C300&ssl=1 1.5x, https:\/\/i0.wp.com\/www.grieta.org.mx\/wp-content\/uploads\/2023\/01\/2023-01-23_02-01-58___8668.jpg?resize=700%2C400&ssl=1 2x"},"classes":[]},{"id":64153,"url":"https:\/\/www.grieta.org.mx\/index.php\/2022\/05\/03\/periodistas-vallartenses-conmemoran-libertad-de-prensa-exigen-justicia-por-sus-companeros-muertos-jalisco\/","url_meta":{"origin":68358,"position":4},"title":"Periodistas vallartenses conmemoran Libertad de Prensa, exigen justicia por sus compa\u00f1eros asesinados (Jalisco)","author":"grieta","date":"3 mayo, 2022","format":false,"excerpt":"Foto: Tribuna de la bah\u00eda \u00a0 Los periodistas vallartenses conmemoraron este 3 de mayo el\u00a0Dia Mundial de la Libertad de Prensa\u00a0en un sencillo pero simb\u00f3lico acto realizado en la Plaza de Armas, entre el quiosco y el monumento a Ignacio L. Vallarta. Recordaron con pase de lista a los siete\u00a0comunicadores\u2026","rel":"","context":"En &quot;CINTILLO&quot;","block_context":{"text":"CINTILLO","link":"https:\/\/www.grieta.org.mx\/index.php\/category\/cintillo\/"},"img":{"alt_text":"","src":"https:\/\/i0.wp.com\/www.grieta.org.mx\/wp-content\/uploads\/2022\/05\/periodistas-vallartenses-conmemoran-libertad-de-prensa-2-cover.jpg?resize=350%2C200&ssl=1","width":350,"height":200,"srcset":"https:\/\/i0.wp.com\/www.grieta.org.mx\/wp-content\/uploads\/2022\/05\/periodistas-vallartenses-conmemoran-libertad-de-prensa-2-cover.jpg?resize=350%2C200&ssl=1 1x, https:\/\/i0.wp.com\/www.grieta.org.mx\/wp-content\/uploads\/2022\/05\/periodistas-vallartenses-conmemoran-libertad-de-prensa-2-cover.jpg?resize=525%2C300&ssl=1 1.5x, https:\/\/i0.wp.com\/www.grieta.org.mx\/wp-content\/uploads\/2022\/05\/periodistas-vallartenses-conmemoran-libertad-de-prensa-2-cover.jpg?resize=700%2C400&ssl=1 2x"},"classes":[]},{"id":32155,"url":"https:\/\/www.grieta.org.mx\/index.php\/2019\/04\/08\/coahuila-es-el-estado-mas-agresivo-contra-periodistas-segun-articulo-19\/","url_meta":{"origin":68358,"position":5},"title":"Coahuila es el Estado m\u00e1s agresivo contra periodistas, seg\u00fan Art\u00edculo 19","author":"grieta","date":"8 abril, 2019","format":false,"excerpt":"Pasa del tercer lugar en 2017 a ser el l\u00edder en 2018 Armando R\u00edos\/VANGUARDIA MX Dentro del informe publicado el pasado mi\u00e9rcoles por la organizaci\u00f3n Art\u00edculo 19, Coahuila se coloc\u00f3 como el primer lugar en agresiones contra el gremio period\u00edstico a nivel nacional. Del tercer lugar que ocup\u00f3 en el\u2026","rel":"","context":"En &quot;CINTILLO&quot;","block_context":{"text":"CINTILLO","link":"https:\/\/www.grieta.org.mx\/index.php\/category\/cintillo\/"},"img":{"alt_text":"","src":"https:\/\/i0.wp.com\/www.grieta.org.mx\/wp-content\/uploads\/2019\/04\/violencia-periodistas.jpg?resize=350%2C200&ssl=1","width":350,"height":200,"srcset":"https:\/\/i0.wp.com\/www.grieta.org.mx\/wp-content\/uploads\/2019\/04\/violencia-periodistas.jpg?resize=350%2C200&ssl=1 1x, https:\/\/i0.wp.com\/www.grieta.org.mx\/wp-content\/uploads\/2019\/04\/violencia-periodistas.jpg?resize=525%2C300&ssl=1 1.5x, https:\/\/i0.wp.com\/www.grieta.org.mx\/wp-content\/uploads\/2019\/04\/violencia-periodistas.jpg?resize=700%2C400&ssl=1 2x"},"classes":[]}],"_links":{"self":[{"href":"https:\/\/www.grieta.org.mx\/index.php\/wp-json\/wp\/v2\/posts\/68358","targetHints":{"allow":["GET"]}}],"collection":[{"href":"https:\/\/www.grieta.org.mx\/index.php\/wp-json\/wp\/v2\/posts"}],"about":[{"href":"https:\/\/www.grieta.org.mx\/index.php\/wp-json\/wp\/v2\/types\/post"}],"author":[{"embeddable":true,"href":"https:\/\/www.grieta.org.mx\/index.php\/wp-json\/wp\/v2\/users\/2"}],"replies":[{"embeddable":true,"href":"https:\/\/www.grieta.org.mx\/index.php\/wp-json\/wp\/v2\/comments?post=68358"}],"version-history":[{"count":1,"href":"https:\/\/www.grieta.org.mx\/index.php\/wp-json\/wp\/v2\/posts\/68358\/revisions"}],"predecessor-version":[{"id":68362,"href":"https:\/\/www.grieta.org.mx\/index.php\/wp-json\/wp\/v2\/posts\/68358\/revisions\/68362"}],"wp:featuredmedia":[{"embeddable":true,"href":"https:\/\/www.grieta.org.mx\/index.php\/wp-json\/wp\/v2\/media\/68359"}],"wp:attachment":[{"href":"https:\/\/www.grieta.org.mx\/index.php\/wp-json\/wp\/v2\/media?parent=68358"}],"wp:term":[{"taxonomy":"category","embeddable":true,"href":"https:\/\/www.grieta.org.mx\/index.php\/wp-json\/wp\/v2\/categories?post=68358"},{"taxonomy":"post_tag","embeddable":true,"href":"https:\/\/www.grieta.org.mx\/index.php\/wp-json\/wp\/v2\/tags?post=68358"}],"curies":[{"name":"wp","href":"https:\/\/api.w.org\/{rel}","templated":true}]}}