{"id":68326,"date":"2023-05-10T14:09:47","date_gmt":"2023-05-10T20:09:47","guid":{"rendered":"https:\/\/www.grieta.org.mx\/?p=68326"},"modified":"2024-01-14T14:20:02","modified_gmt":"2024-01-14T20:20:02","slug":"con-seis-asesinatos-desde-2020-guanajuato-es-la-entidad-mas-violenta-para-personas-buscadoras-grupos-de-madres-exigen-proteccion","status":"publish","type":"post","link":"https:\/\/www.grieta.org.mx\/index.php\/2023\/05\/10\/con-seis-asesinatos-desde-2020-guanajuato-es-la-entidad-mas-violenta-para-personas-buscadoras-grupos-de-madres-exigen-proteccion\/","title":{"rendered":"Con seis asesinatos desde 2020, Guanajuato es la entidad m\u00e1s violenta para personas buscadoras; grupos de madres exigen protecci\u00f3n"},"content":{"rendered":"<p><strong>El asesinato de Teresa Magueyal, ocurrido en Celaya la semana pasada, es uno m\u00e1s de los cr\u00edmenes contra personas buscadoras en el estado. Este mi\u00e9rcoles, en el D\u00eda de las Madres, colectivos saldr\u00e1n a exigir la localizaci\u00f3n de sus desaparecidos y justicia por los casos de violencia.<\/strong><\/p>\n<p>Por: Marcela Nochebuena, Animal Pol\u00edtico<br \/>\n10 de mayo, 2023<\/p>\n<p>Madres buscadoras saldr\u00e1n a marchar este mi\u00e9rcoles no solo por sus desaparecidos y por su lucha por encontrarlos, sino tambi\u00e9n para reclamar por el contexto de violencia que las rodea. Hace apenas ocho d\u00edas ocurri\u00f3 el asesinato de la madre Teresa Magueyal en Celaya, Guanajuato, un crimen por el que colectivos del estado \u2014integrados principalmente por mujeres\u2014 exigen justicia y seguridad para quienes salen a buscar a los suyos.<\/p>\n<p>Con el caso de Teresa, son por lo menos seis los asesinatos de personas buscadoras ocurridos en Guanajuato desde 2020, seg\u00fan lo ha documentado la Plataforma por la Paz y la Justicia, junto con organismos internacionales y organizaciones civiles. El dato hace de Guanajuato la entidad m\u00e1s peligrosa del pa\u00eds para ejercer el derecho a buscar y ser buscados. <\/p>\n<p>Antes de Teresa, quien pertenec\u00eda al colectivo Una Promesa por Cumplir y fue asesinada el 2 de mayo a sus 65 a\u00f1os de edad, otras v\u00edctimas fueron Rosario Zavala Aguilar, en 2020; Francisco Javier Barajas y un buscador de P\u00e9njamo, en 2021, y Ulises Cardona Aguilar y Mar\u00eda Carmela V\u00e1zquez, en 2022. <\/p>\n<p>Por ello, se\u00f1alan los colectivos, las familias y madres buscadoras de Guanajuato son una reserva moral y pol\u00edtica contra la indolencia de las autoridades, as\u00ed como un empuje para que act\u00faen. <\/p>\n<p>Este 10 de mayo, madres de personas migrantes desaparecidas de M\u00e9xico y Centroam\u00e9rica encabezar\u00e1n la XII Marcha de la Dignidad Nacional Madres Buscando a sus hijos e hijas, que partir\u00e1 del Monumento a la Madre al \u00c1ngel de la Independencia a las 10:00 de la ma\u00f1ana. <\/p>\n<figure id=\"attachment_68327\" aria-describedby=\"caption-attachment-68327\" style=\"width: 768px\" class=\"wp-caption alignnone\"><img loading=\"lazy\" decoding=\"async\" data-attachment-id=\"68327\" data-permalink=\"https:\/\/www.grieta.org.mx\/index.php\/2023\/05\/10\/con-seis-asesinatos-desde-2020-guanajuato-es-la-entidad-mas-violenta-para-personas-buscadoras-grupos-de-madres-exigen-proteccion\/whatsapp-image-2023-05-09-at-8-34-52-pm\/\" data-orig-file=\"https:\/\/www.grieta.org.mx\/wp-content\/uploads\/2024\/01\/WhatsApp-Image-2023-05-09-at-8.34.52-PM.jpeg\" data-orig-size=\"768,768\" data-comments-opened=\"0\" data-image-meta=\"{&quot;aperture&quot;:&quot;0&quot;,&quot;credit&quot;:&quot;&quot;,&quot;camera&quot;:&quot;&quot;,&quot;caption&quot;:&quot;&quot;,&quot;created_timestamp&quot;:&quot;0&quot;,&quot;copyright&quot;:&quot;&quot;,&quot;focal_length&quot;:&quot;0&quot;,&quot;iso&quot;:&quot;0&quot;,&quot;shutter_speed&quot;:&quot;0&quot;,&quot;title&quot;:&quot;&quot;,&quot;orientation&quot;:&quot;0&quot;}\" data-image-title=\"WhatsApp-Image-2023-05-09-at-8.34.52-PM\" data-image-description=\"\" data-image-caption=\"&lt;p&gt;Imagen: Animal Pol\u00edtico&lt;\/p&gt;\n\" data-medium-file=\"https:\/\/www.grieta.org.mx\/wp-content\/uploads\/2024\/01\/WhatsApp-Image-2023-05-09-at-8.34.52-PM-300x300.jpeg\" data-large-file=\"https:\/\/www.grieta.org.mx\/wp-content\/uploads\/2024\/01\/WhatsApp-Image-2023-05-09-at-8.34.52-PM.jpeg\" src=\"http:\/\/www.grieta.org.mx\/wp-content\/uploads\/2024\/01\/WhatsApp-Image-2023-05-09-at-8.34.52-PM.jpeg\" alt=\"\" width=\"768\" height=\"768\" class=\"size-full wp-image-68327\" srcset=\"https:\/\/www.grieta.org.mx\/wp-content\/uploads\/2024\/01\/WhatsApp-Image-2023-05-09-at-8.34.52-PM.jpeg 768w, https:\/\/www.grieta.org.mx\/wp-content\/uploads\/2024\/01\/WhatsApp-Image-2023-05-09-at-8.34.52-PM-300x300.jpeg 300w, https:\/\/www.grieta.org.mx\/wp-content\/uploads\/2024\/01\/WhatsApp-Image-2023-05-09-at-8.34.52-PM-150x150.jpeg 150w\" sizes=\"auto, (max-width: 768px) 100vw, 768px\" \/><figcaption id=\"caption-attachment-68327\" class=\"wp-caption-text\">Imagen: Animal Pol\u00edtico<\/figcaption><\/figure>\n<p>De acuerdo con el bolet\u00edn de mayo sobre desapariciones en Guanajuato, dado a conocer por la Plataforma por la Paz y la Justicia, hasta el 15 de abril de 2023, en la entidad la cifra de personas desaparecidas ascend\u00eda a 3 mil 666. De ellas, 181 fueron registradas antes del 1 de enero de 2012, mientras que 3 mil 485 corresponden al periodo posterior. <\/p>\n<p>Con ello, el n\u00famero de personas desaparecidas en Guanajuato, sin contar la cifra negra de casos que no son denunciados, ha crecido seis veces entre abril de 2018 y el mismo mes de 2023. Irapuato, Celaya, Le\u00f3n, Salamanca y P\u00e9njamo han sido en los \u00faltimos cinco a\u00f1os las ciudades con m\u00e1s personas desaparecidas en t\u00e9rminos absolutos. En tanto, hasta septiembre de 2022, Villagr\u00e1n ha tenido la tasa m\u00e1s alta de desapariciones, seguida por Apaseo el Alto, Cuer\u00e1maro, Abasolo y P\u00e9njamo.<\/p>\n<p>\u201cParticularmente grave, pero ausente de la agenda pol\u00edtica y medi\u00e1tica, la situaci\u00f3n de P\u00e9njamo: tanto en n\u00fameros absolutos como sobre la poblaci\u00f3n, est\u00e1 entre los primeros cinco municipios con m\u00e1s desapariciones\u201d, destaca la plataforma. Todo ello habla de un contexto de violencias extremas, impunidad y tolerancia por parte del Estado, que no ha mostrado presencia material y simb\u00f3lica m\u00e1s all\u00e1 de operativos militares y de tipo reactivo, denuncian activistas.  <\/p>\n<p>Los asesinatos de madres buscadoras pudieron prevenirse pero el Estado no lo hizo, se\u00f1alan los colectivos. De la misma forma, subrayan el patr\u00f3n de fosas y otros tipos de sitio de ocultamiento que evidencian violaciones sistem\u00e1ticas, desapariciones seriales y recurrentes, as\u00ed como ocultamientos con rasgos comunes en las subregiones y los municipios del estado. <\/p>\n<figure id=\"attachment_68328\" aria-describedby=\"caption-attachment-68328\" style=\"width: 960px\" class=\"wp-caption alignnone\"><img loading=\"lazy\" decoding=\"async\" data-attachment-id=\"68328\" data-permalink=\"https:\/\/www.grieta.org.mx\/index.php\/2023\/05\/10\/con-seis-asesinatos-desde-2020-guanajuato-es-la-entidad-mas-violenta-para-personas-buscadoras-grupos-de-madres-exigen-proteccion\/grupos-de-madres-buscadoras-de-desaparecidos-acudieron-con-mantas-y-fotos-de-sus-familiares-a-la-platica-abrazos-balazos-etcel-pais-de-las-victimas-donde-respondieron-a-l\/\" data-orig-file=\"https:\/\/www.grieta.org.mx\/wp-content\/uploads\/2024\/01\/906626_Protesta-Madres-Buscadoras-1_web-1-e1683692447962.jpg\" data-orig-size=\"960,653\" data-comments-opened=\"0\" data-image-meta=\"{&quot;aperture&quot;:&quot;0&quot;,&quot;credit&quot;:&quot;Ana Luisa Anza Constabile&quot;,&quot;camera&quot;:&quot;&quot;,&quot;caption&quot;:&quot;GUADALAJARA, JALISCO, 01DICIEMBRE2022.- Grupos de madres buscadoras de desaparecidos acudieron con mantas y fotos de sus familiares a la pl\\u00e1tica \\u201cAbrazos, balazos, etc\\u2026El pa\\u00eds de las v\\u00edctimas\\u201d, donde respondieron a la pregunta \\u201c\\u00bfPor qu\\u00e9 los buscamos?\\u201d con un \\u201c\\u00a1Porque los queremos!\\u201d Los ponentes hablaron de casos particulares, cifras y la necesidad de poner fin a la impunidad y encontrar a las v\\u00edctimas de desaparici\\u00f3n. Para finalizar la presentaci\\u00f3n, el sacerdote Javier \\u00c1vila concluy\\u00f3 con la frase \\u201cLos abrazos no nos alcanzan para cubrir los balazos\\u201d. \\r\\nFOTO: ANA LUISA ANZA\/CUARTOSCURO.COM&quot;,&quot;created_timestamp&quot;:&quot;0&quot;,&quot;copyright&quot;:&quot;Ana Luisa Anza Constabile @Cuartoscuro&quot;,&quot;focal_length&quot;:&quot;0&quot;,&quot;iso&quot;:&quot;0&quot;,&quot;shutter_speed&quot;:&quot;0&quot;,&quot;title&quot;:&quot;Grupos de madres buscadoras de desaparecidos acudieron con mantas y fotos de sus familiares a la pl\\u00e1tica \\u201cAbrazos, balazos, etc\\u2026El pa\\u00eds de las v\\u00edctimas\\u201d, donde respondieron a la pregunta \\u201c\\u00bfPor qu\\u00e9 los buscamos?\\u201d con un \\u201c\\u00a1Porque los quere&quot;,&quot;orientation&quot;:&quot;0&quot;}\" data-image-title=\"Grupos de madres buscadoras de desaparecidos acudieron con mantas y fotos de sus familiares a la pl\u00e1tica \u201cAbrazos, balazos, etc\u2026El pa\u00eds de las v\u00edctimas\u201d, donde respondieron a la pregunta \u201c\u00bfPor qu\u00e9 los buscamos?\u201d con un \u201c\u00a1Porque los quere\" data-image-description=\"&lt;p&gt;Foto: Animal Pol\u00edtico.&lt;\/p&gt;\n\" data-image-caption=\"&lt;p&gt;GUADALAJARA, JALISCO, 01DICIEMBRE2022.- Grupos de madres buscadoras de desaparecidos acudieron con mantas y fotos de sus familiares a la pl\u00e1tica \u201cAbrazos, balazos, etc\u2026El pa\u00eds de las v\u00edctimas\u201d, donde respondieron a la pregunta \u201c\u00bfPor qu\u00e9 los buscamos?\u201d con un \u201c\u00a1Porque los queremos!\u201d Los ponentes hablaron de casos particulares, cifras y la necesidad de poner fin a la impunidad y encontrar a las v\u00edctimas de desaparici\u00f3n. Para finalizar la presentaci\u00f3n, el sacerdote Javier \u00c1vila concluy\u00f3 con la frase \u201cLos abrazos no nos alcanzan para cubrir los balazos\u201d.&lt;br \/&gt;\nFOTO: ANA LUISA ANZA\/CUARTOSCURO.COM&lt;\/p&gt;\n\" data-medium-file=\"https:\/\/www.grieta.org.mx\/wp-content\/uploads\/2024\/01\/906626_Protesta-Madres-Buscadoras-1_web-1-e1683692447962-300x204.jpg\" data-large-file=\"https:\/\/www.grieta.org.mx\/wp-content\/uploads\/2024\/01\/906626_Protesta-Madres-Buscadoras-1_web-1-e1683692447962.jpg\" src=\"http:\/\/www.grieta.org.mx\/wp-content\/uploads\/2024\/01\/906626_Protesta-Madres-Buscadoras-1_web-1-e1683692447962.jpg\" alt=\"\" width=\"960\" height=\"653\" class=\"size-full wp-image-68328\" srcset=\"https:\/\/www.grieta.org.mx\/wp-content\/uploads\/2024\/01\/906626_Protesta-Madres-Buscadoras-1_web-1-e1683692447962.jpg 960w, https:\/\/www.grieta.org.mx\/wp-content\/uploads\/2024\/01\/906626_Protesta-Madres-Buscadoras-1_web-1-e1683692447962-300x204.jpg 300w, https:\/\/www.grieta.org.mx\/wp-content\/uploads\/2024\/01\/906626_Protesta-Madres-Buscadoras-1_web-1-e1683692447962-768x522.jpg 768w\" sizes=\"auto, (max-width: 960px) 100vw, 960px\" \/><figcaption id=\"caption-attachment-68328\" class=\"wp-caption-text\">GUADALAJARA, JALISCO, 01DICIEMBRE2022.- Grupos de madres buscadoras de desaparecidos acudieron con mantas y fotos de sus familiares a la pl\u00e1tica \u201cAbrazos, balazos, etc\u2026El pa\u00eds de las v\u00edctimas\u201d, donde respondieron a la pregunta \u201c\u00bfPor qu\u00e9 los buscamos?\u201d con un \u201c\u00a1Porque los queremos!\u201d Los ponentes hablaron de casos particulares, cifras y la necesidad de poner fin a la impunidad y encontrar a las v\u00edctimas de desaparici\u00f3n. Para finalizar la presentaci\u00f3n, el sacerdote Javier \u00c1vila concluy\u00f3 con la frase \u201cLos abrazos no nos alcanzan para cubrir los balazos\u201d.<br \/>FOTO: ANA LUISA ANZA\/CUARTOSCURO.COM<\/figcaption><\/figure>\n<p>El colectivo al que pertenec\u00eda Teresa Magueyal tiene sede en Celaya. Ella buscaba a su hijo Jos\u00e9 Luis Apaseo Magueyal, desaparecido el 6 de abril de 2020 en la misma comunidad donde Teresa vivi\u00f3 y fue asesinada: San Miguel Octopan, tambi\u00e9n en Celaya. Tras realizar algunas compras, fue perseguida por una motocicleta y recibi\u00f3 disparos en plena v\u00eda p\u00fablica, donde circulaba en bicicleta de regreso a casa.<br \/>\nUn reclamo cada vez m\u00e1s presente<\/p>\n<p>Apenas hace seis meses, en noviembre de 2022, Animal Pol\u00edtico public\u00f3 que, ante el incremento de casos de familiares asesinados en la b\u00fasqueda de personas desaparecidas \u2014el m\u00e1s reciente para entonces ocurrido tambi\u00e9n en Guanajuato, de Mar\u00eda Carmela V\u00e1zquez, en Abasolo, el 6 de noviembre\u2014, organizaciones ya se\u00f1alaban la deficiencia en la investigaci\u00f3n de estos, as\u00ed como la carencia en gobiernos estatales y locales de mecanismos de protecci\u00f3n. <\/p>\n<p>Desde aquel momento, Raymundo Sandoval, de la Plataforma por la Paz y la Justicia, advert\u00eda que en m\u00e1s de una ocasi\u00f3n el Mecanismo de Protecci\u00f3n para Personas Defensoras de Derechos Humanos y Periodistas hab\u00eda negado medidas en la entidad. \u201cPedimos incorporaci\u00f3n al mecanismo y nos dicen que el riesgo es por ser v\u00edctimas y no por ser personas defensoras de derechos humanos\u201d, se\u00f1al\u00f3.<\/p>\n<p>En el \u00faltimo informe de su visita a M\u00e9xico, el Comit\u00e9 contra la Desaparici\u00f3n Forzada de la ONU (CED) document\u00f3 que, desde diciembre de 2010 hasta abril de 2022, al menos 13 personas buscadoras hab\u00edan sido asesinadas presuntamente en represal\u00eda a sus labores de b\u00fasqueda, seis de ellas a partir de 2018. Incluso, durante la elaboraci\u00f3n del documento, ocurri\u00f3 el homicidio de Ana Luisa Gardu\u00f1o Ju\u00e1rez en enero de 2022. <\/p>\n<p>En ese mismo a\u00f1o, al asesinato de Ana Luisa se sumaron otros cuatro: el de Brenda Jazm\u00edn, del colectivo Guerreras Buscadoras de Cajeme, en Sonora \u2014las autoridades no han aclarado si su asesinato estuvo vinculado con sus acciones de b\u00fasqueda\u2014; el de Rosario Lili\u00e1n Rodr\u00edguez Barraza, de Sinaloa, en agosto; el de Esmeralda Gallardo, del colectivo Voz de los Desaparecidos en Puebla, en octubre, y el de Mar\u00eda Carmela V\u00e1zquez, en noviembre, en Guanajuato.<\/p>\n<p>De acuerdo con el Registro Nacional de Personas Desaparecidas y No Localizadas (RNPDNO), hasta el cierre de esta publicaci\u00f3n 112 mil 201 personas permanecen desaparecidas en M\u00e9xico, el 58% hombres y el 41% mujeres. Jalisco, Estado de M\u00e9xico y Tamaulipas son las entidades con mayor registro de personas desaparecidas y no localizadas, en ese orden. <\/p>\n<p>\u201cNos hemos pronunciado reiteradamente en 2022 y ahora 2023 en contra de estos deleznables cr\u00edmenes haciendo hincapi\u00e9 que la b\u00fasqueda de personas desaparecidas no debe nunca significar una sentencia de muerte para sus familias, pero sigue manifest\u00e1ndose una omisi\u00f3n reiterada por parte de las autoridades de todos los niveles de gobierno que los posibilita; desde luego, hay un manifiesto poder criminal que deja entrever que es posible seguir asesinando a las v\u00edctimas en este pa\u00eds sin que pase nada al respecto\u201d, reclam\u00f3 el Proyecto sobre Desaparici\u00f3n Forzada en M\u00e9xico y Am\u00e9rica Latina de la UAM, ante el reciente asesinato de Teresa Magueyal. <\/p>\n<p><a href=\"https:\/\/animalpolitico.com\/sociedad\/guanajuato-asesinatos-entidad-violenta-personas-buscadoras\">https:\/\/animalpolitico.com\/sociedad\/guanajuato-asesinatos-entidad-violenta-personas-buscadoras<\/a><\/p>\n","protected":false},"excerpt":{"rendered":"<p>El asesinato de Teresa Magueyal, ocurrido en Celaya la semana pasada, es uno m\u00e1s de los cr\u00edmenes contra personas buscadoras en el estado. Este mi\u00e9rcoles, en el D\u00eda de las &hellip; <a href=\"https:\/\/www.grieta.org.mx\/index.php\/2023\/05\/10\/con-seis-asesinatos-desde-2020-guanajuato-es-la-entidad-mas-violenta-para-personas-buscadoras-grupos-de-madres-exigen-proteccion\/\" class=\"more-link\">Leer m\u00e1s<\/a><\/p>\n","protected":false},"author":2,"featured_media":68329,"comment_status":"closed","ping_status":"closed","sticky":false,"template":"","format":"standard","meta":{"ngg_post_thumbnail":0,"_jetpack_newsletter_access":"","_jetpack_dont_email_post_to_subs":false,"_jetpack_newsletter_tier_id":0,"_jetpack_memberships_contains_paywalled_content":false,"_jetpack_memberships_contains_paid_content":false,"footnotes":""},"categories":[80,4091,1432,2106,17,2,2283],"tags":[2484,2220,2523,1635],"class_list":["post-68326","post","type-post","status-publish","format-standard","has-post-thumbnail","hentry","category-cintillo","category-colectivos-de-busqueda-de-desaparecidos-en-guanajuato","category-desaparecidos-en-guanajuato","category-feminicidios-en-guanajuato","category-guanajuato","category-noticias-nacionales","category-resistencias-y-luchas-de-las-mujeres-en-guanajuato","tag-buscadoras","tag-colectivos-rastreadores-de-desaparecidos","tag-desparecidos","tag-rastreadoras-de-desaparecidos","entry"],"jetpack_featured_media_url":"https:\/\/www.grieta.org.mx\/wp-content\/uploads\/2024\/01\/928712_Brigada-Estatal-de-Desaparecidos-Baja-California-14_web-1024x682-1.webp","jetpack_sharing_enabled":true,"jetpack_shortlink":"https:\/\/wp.me\/p7ZJR4-hM2","jetpack_likes_enabled":false,"jetpack-related-posts":[{"id":67603,"url":"https:\/\/www.grieta.org.mx\/index.php\/2023\/09\/01\/en-guanajuato-quitan-seguridad-a-mujeres-buscadoras\/","url_meta":{"origin":68326,"position":0},"title":"En Guanajuato, quitan seguridad a mujeres buscadoras","author":"grieta","date":"1 septiembre, 2023","format":false,"excerpt":"El gobierno de Guanajuato ha quitado el apoyo en seguridad para las brigadas de b\u00fasqueda independientes que desde hace algunos a\u00f1os realizan colectivos de familiares de personas desaparecidas. Su tarea no es menor, pues en los \u00faltimos tres a\u00f1os, cinco familiares dedicados a la b\u00fasqueda han sido asesinados en Guanajuato\u2026","rel":"","context":"En &quot;CINTILLO&quot;","block_context":{"text":"CINTILLO","link":"https:\/\/www.grieta.org.mx\/index.php\/category\/cintillo\/"},"img":{"alt_text":"","src":"https:\/\/i0.wp.com\/www.grieta.org.mx\/wp-content\/uploads\/2023\/09\/mamas_buscadoras_guanajuato.jpg?resize=350%2C200&ssl=1","width":350,"height":200,"srcset":"https:\/\/i0.wp.com\/www.grieta.org.mx\/wp-content\/uploads\/2023\/09\/mamas_buscadoras_guanajuato.jpg?resize=350%2C200&ssl=1 1x, https:\/\/i0.wp.com\/www.grieta.org.mx\/wp-content\/uploads\/2023\/09\/mamas_buscadoras_guanajuato.jpg?resize=525%2C300&ssl=1 1.5x, https:\/\/i0.wp.com\/www.grieta.org.mx\/wp-content\/uploads\/2023\/09\/mamas_buscadoras_guanajuato.jpg?resize=700%2C400&ssl=1 2x"},"classes":[]},{"id":57720,"url":"https:\/\/www.grieta.org.mx\/index.php\/2021\/03\/09\/buscadoras-de-desaparecidos-instalan-planton-en-guanajuato\/","url_meta":{"origin":68326,"position":1},"title":"Buscadoras de desaparecidos instalan plant\u00f3n en Guanajuato","author":"grieta","date":"9 marzo, 2021","format":false,"excerpt":"Mujeres que buscan a sus familiares desaparecidos instalaron un plant\u00f3n en Guanajuato luego de que la Fiscal\u00eda rompiera acuerdos para la recuperaci\u00f3n de restos humanos hallados en Celaya. Por Ver\u00f3nica Espinosa Proceso, martes, 9 de marzo de 2021 GUANAJUATO, Gto., (apro).- Molestas por la falta de cumplimiento de compromisos asumidos\u2026","rel":"","context":"En &quot;CINTILLO&quot;","block_context":{"text":"CINTILLO","link":"https:\/\/www.grieta.org.mx\/index.php\/category\/cintillo\/"},"img":{"alt_text":"","src":"https:\/\/i0.wp.com\/www.grieta.org.mx\/wp-content\/uploads\/2018\/03\/14524434_1106112876131411_958039263622046936_o.jpg?resize=350%2C200&ssl=1","width":350,"height":200,"srcset":"https:\/\/i0.wp.com\/www.grieta.org.mx\/wp-content\/uploads\/2018\/03\/14524434_1106112876131411_958039263622046936_o.jpg?resize=350%2C200&ssl=1 1x, https:\/\/i0.wp.com\/www.grieta.org.mx\/wp-content\/uploads\/2018\/03\/14524434_1106112876131411_958039263622046936_o.jpg?resize=525%2C300&ssl=1 1.5x, https:\/\/i0.wp.com\/www.grieta.org.mx\/wp-content\/uploads\/2018\/03\/14524434_1106112876131411_958039263622046936_o.jpg?resize=700%2C400&ssl=1 2x"},"classes":[]},{"id":64238,"url":"https:\/\/www.grieta.org.mx\/index.php\/2022\/05\/13\/colectivos-hallan-18-cuerpos-en-fosa-clandestina-de-guanajuato\/","url_meta":{"origin":68326,"position":2},"title":"Colectivos hallan 18 cuerpos en fosa clandestina de Guanajuato","author":"grieta","date":"13 mayo, 2022","format":false,"excerpt":"El colectivo \u201cMadres Guerreras de Le\u00f3n\u201d informaron que recuperaron los restos de 10 hombres y ocho mujeres, que fueron inhumados; en un punto cercano a la comunidad de Comanja, fue desmantelado un centro de operaciones del C\u00e1rtel Jalisco Nueva Generaci\u00f3n en noviembre del 2020. Por Ver\u00f3nica Espinosa, Proceso viernes, 13\u2026","rel":"","context":"En &quot;CINTILLO&quot;","block_context":{"text":"CINTILLO","link":"https:\/\/www.grieta.org.mx\/index.php\/category\/cintillo\/"},"img":{"alt_text":"","src":"https:\/\/i0.wp.com\/www.grieta.org.mx\/wp-content\/uploads\/2022\/05\/f800x450-154748_206194_5050.jpg?resize=350%2C200&ssl=1","width":350,"height":200,"srcset":"https:\/\/i0.wp.com\/www.grieta.org.mx\/wp-content\/uploads\/2022\/05\/f800x450-154748_206194_5050.jpg?resize=350%2C200&ssl=1 1x, https:\/\/i0.wp.com\/www.grieta.org.mx\/wp-content\/uploads\/2022\/05\/f800x450-154748_206194_5050.jpg?resize=525%2C300&ssl=1 1.5x, https:\/\/i0.wp.com\/www.grieta.org.mx\/wp-content\/uploads\/2022\/05\/f800x450-154748_206194_5050.jpg?resize=700%2C400&ssl=1 2x"},"classes":[]},{"id":67854,"url":"https:\/\/www.grieta.org.mx\/index.php\/2023\/09\/18\/buscadoras-acuden-a-hallazgo-de-fosa-y-policia-de-irapuato-responde-con-detencion-y-amenazas-guanajuato\/","url_meta":{"origin":68326,"position":3},"title":"Buscadoras acuden a hallazgo de fosa y Polic\u00eda de Irapuato responde con detenci\u00f3n y amenazas (Guanajuato)","author":"grieta","date":"18 septiembre, 2023","format":false,"excerpt":"Imagen: Zona Docs \u201cTe faltan unos buenos putazos\u201d fue la amenaza de preventivos municipales a Karla Mart\u00ednez, integrante de la Brigada Independiente al llegar a una fosa resguardada por la corporaci\u00f3n en la comunidad El Conejo Edith Dom\u00ednguez \/ Zona Docs Guanajuato se ha convertido en el estado m\u00e1s violento\u2026","rel":"","context":"En &quot;CINTILLO&quot;","block_context":{"text":"CINTILLO","link":"https:\/\/www.grieta.org.mx\/index.php\/category\/cintillo\/"},"img":{"alt_text":"","src":"https:\/\/i0.wp.com\/www.grieta.org.mx\/wp-content\/uploads\/2023\/10\/PORTADA_POP-LAB_AGRESIONES-BUSCADORAS-GUANAJUATO-1068x391-1.png?resize=350%2C200&ssl=1","width":350,"height":200,"srcset":"https:\/\/i0.wp.com\/www.grieta.org.mx\/wp-content\/uploads\/2023\/10\/PORTADA_POP-LAB_AGRESIONES-BUSCADORAS-GUANAJUATO-1068x391-1.png?resize=350%2C200&ssl=1 1x, https:\/\/i0.wp.com\/www.grieta.org.mx\/wp-content\/uploads\/2023\/10\/PORTADA_POP-LAB_AGRESIONES-BUSCADORAS-GUANAJUATO-1068x391-1.png?resize=525%2C300&ssl=1 1.5x, https:\/\/i0.wp.com\/www.grieta.org.mx\/wp-content\/uploads\/2023\/10\/PORTADA_POP-LAB_AGRESIONES-BUSCADORAS-GUANAJUATO-1068x391-1.png?resize=700%2C400&ssl=1 2x, https:\/\/i0.wp.com\/www.grieta.org.mx\/wp-content\/uploads\/2023\/10\/PORTADA_POP-LAB_AGRESIONES-BUSCADORAS-GUANAJUATO-1068x391-1.png?resize=1050%2C600&ssl=1 3x"},"classes":[]},{"id":57634,"url":"https:\/\/www.grieta.org.mx\/index.php\/2021\/03\/09\/colectivos-de-busqueda-inician-planton-en-el-teatro-juarez-de-guanajuato\/","url_meta":{"origin":68326,"position":4},"title":"Colectivos de b\u00fasqueda inician plant\u00f3n en el Teatro Ju\u00e1rez de Guanajuato","author":"grieta","date":"9 marzo, 2021","format":false,"excerpt":"Redaci\u00f3n Notus 09 de marzo de 2021 Guanajuato, Gto.- Los colectivos de b\u00fasqueda, \u201cHasta encontrarte\u201d, \u201cSalamanca unidos buscando desaparecidos\u201d, \u201cColectivo buscadoras\u201d, \u201cLuz y Justicia\u201d y \u201cProyecto de b\u00fasqueda Guanajuato\u201d, son los colectivos que se reunieron el d\u00eda de hoy con casas de campa\u00f1a para plantarse en las escalinatas del Teatro\u2026","rel":"","context":"En &quot;CINTILLO&quot;","block_context":{"text":"CINTILLO","link":"https:\/\/www.grieta.org.mx\/index.php\/category\/cintillo\/"},"img":{"alt_text":"","src":"https:\/\/i0.wp.com\/www.grieta.org.mx\/wp-content\/uploads\/2021\/03\/https-_i1.wp.com_notus.com_.mx_wp-content_uploads_2021_03_colectivo-de-busqueda-planton-teatro-juazrez-1.jpgresize7082C398ssl1.jpg?resize=350%2C200&ssl=1","width":350,"height":200,"srcset":"https:\/\/i0.wp.com\/www.grieta.org.mx\/wp-content\/uploads\/2021\/03\/https-_i1.wp.com_notus.com_.mx_wp-content_uploads_2021_03_colectivo-de-busqueda-planton-teatro-juazrez-1.jpgresize7082C398ssl1.jpg?resize=350%2C200&ssl=1 1x, https:\/\/i0.wp.com\/www.grieta.org.mx\/wp-content\/uploads\/2021\/03\/https-_i1.wp.com_notus.com_.mx_wp-content_uploads_2021_03_colectivo-de-busqueda-planton-teatro-juazrez-1.jpgresize7082C398ssl1.jpg?resize=525%2C300&ssl=1 1.5x, https:\/\/i0.wp.com\/www.grieta.org.mx\/wp-content\/uploads\/2021\/03\/https-_i1.wp.com_notus.com_.mx_wp-content_uploads_2021_03_colectivo-de-busqueda-planton-teatro-juazrez-1.jpgresize7082C398ssl1.jpg?resize=700%2C400&ssl=1 2x"},"classes":[]},{"id":67024,"url":"https:\/\/www.grieta.org.mx\/index.php\/2023\/05\/02\/asesinan-a-la-buscadora-teresa-magueyal-en-celaya-guanajuato\/","url_meta":{"origin":68326,"position":5},"title":"Asesinan a la buscadora Teresa Magueyal en Celaya, Guanajuato","author":"grieta","date":"2 mayo, 2023","format":false,"excerpt":"La Uni\u00f3n Regional de B\u00fasqueda del Baj\u00edo exige una investigaci\u00f3n a fondo en el caso del asesinato de Teresa Magueyal, la sexta persona buscadora asesinada en Guanajuato desde octubre de 2020, y pide medidas urgentes de protecci\u00f3n para las buscadoras de la regi\u00f3n. Por Mario Marlo \/ @Mariomarlo Somoselmedio, 02\u2026","rel":"","context":"En &quot;CINTILLO&quot;","block_context":{"text":"CINTILLO","link":"https:\/\/www.grieta.org.mx\/index.php\/category\/cintillo\/"},"img":{"alt_text":"Foto: Somoselmedio","src":"https:\/\/i0.wp.com\/www.grieta.org.mx\/wp-content\/uploads\/2023\/06\/FvKRX0jX0AAHKj_-696x365-1.jpg?resize=350%2C200&ssl=1","width":350,"height":200,"srcset":"https:\/\/i0.wp.com\/www.grieta.org.mx\/wp-content\/uploads\/2023\/06\/FvKRX0jX0AAHKj_-696x365-1.jpg?resize=350%2C200&ssl=1 1x, https:\/\/i0.wp.com\/www.grieta.org.mx\/wp-content\/uploads\/2023\/06\/FvKRX0jX0AAHKj_-696x365-1.jpg?resize=525%2C300&ssl=1 1.5x"},"classes":[]}],"_links":{"self":[{"href":"https:\/\/www.grieta.org.mx\/index.php\/wp-json\/wp\/v2\/posts\/68326","targetHints":{"allow":["GET"]}}],"collection":[{"href":"https:\/\/www.grieta.org.mx\/index.php\/wp-json\/wp\/v2\/posts"}],"about":[{"href":"https:\/\/www.grieta.org.mx\/index.php\/wp-json\/wp\/v2\/types\/post"}],"author":[{"embeddable":true,"href":"https:\/\/www.grieta.org.mx\/index.php\/wp-json\/wp\/v2\/users\/2"}],"replies":[{"embeddable":true,"href":"https:\/\/www.grieta.org.mx\/index.php\/wp-json\/wp\/v2\/comments?post=68326"}],"version-history":[{"count":1,"href":"https:\/\/www.grieta.org.mx\/index.php\/wp-json\/wp\/v2\/posts\/68326\/revisions"}],"predecessor-version":[{"id":68330,"href":"https:\/\/www.grieta.org.mx\/index.php\/wp-json\/wp\/v2\/posts\/68326\/revisions\/68330"}],"wp:featuredmedia":[{"embeddable":true,"href":"https:\/\/www.grieta.org.mx\/index.php\/wp-json\/wp\/v2\/media\/68329"}],"wp:attachment":[{"href":"https:\/\/www.grieta.org.mx\/index.php\/wp-json\/wp\/v2\/media?parent=68326"}],"wp:term":[{"taxonomy":"category","embeddable":true,"href":"https:\/\/www.grieta.org.mx\/index.php\/wp-json\/wp\/v2\/categories?post=68326"},{"taxonomy":"post_tag","embeddable":true,"href":"https:\/\/www.grieta.org.mx\/index.php\/wp-json\/wp\/v2\/tags?post=68326"}],"curies":[{"name":"wp","href":"https:\/\/api.w.org\/{rel}","templated":true}]}}