{"id":68320,"date":"2024-01-13T22:11:53","date_gmt":"2024-01-14T04:11:53","guid":{"rendered":"https:\/\/www.grieta.org.mx\/?p=68320"},"modified":"2024-01-13T22:36:16","modified_gmt":"2024-01-14T04:36:16","slug":"el-cni-publica-denuncia-del-ejido-tila-ante-los-asesinatos-en-el-ejido-tila","status":"publish","type":"post","link":"https:\/\/www.grieta.org.mx\/index.php\/2024\/01\/13\/el-cni-publica-denuncia-del-ejido-tila-ante-los-asesinatos-en-el-ejido-tila\/","title":{"rendered":"EL CNI PUBLICA DENUNCIA DEL EJIDO TILA ANTE LOS ASESINATOS EN EL EJIDO TILA"},"content":{"rendered":"<p><strong>Denuncia publicada en la p\u00e1gina del Congreso Nacional Ind\u00edgena<\/strong><\/p>\n<p>Ejido Tila, Chiapas, M\u00e9xico; a 13 de enero de 2024<\/p>\n<p>Denuncia publica<\/p>\n<p>A la opini\u00f3n publica<br \/>\nA los derechos humanos nacional e internacional no gubernamental<br \/>\nA los pueblos originarios en defensa de la tierra el territorio y la vida<br \/>\nA los compa\u00f1eros y compa\u00f1eras que luchan por la tierra a nivel nacional e internacional<br \/>\nAl congreso nacional indi\u00ecgena<br \/>\nAl concejo indi\u00ecgena de gobierno<br \/>\nAl eje\u00ecrcito zapatista de liberaci\u00f3n nacional<\/p>\n<p>Denunciamos pu\u00ecblicamente los diferentes asesinatos que ha suscitado dentro del ejido de tila como se ha venido denunciando p\u00fablicamente quienes forman parte del llamado KARMA es un grupo delincuencial formado por Jos\u00e9 Rodrigo Mart\u00ednez Parcero y su hermana Doctora Adelaida cruz de Santis Marti\u00ecnez Parcero ambos trabajadores de la secretaria de salud, cabe mencionar que Adelaida Mart\u00ednez Parcero es plurinominal del ayuntamiento municipal estas dos personas son los que lideran este grupo criminal dentro de ellos existe un grupo que en varias ocasiones se ha denunciado Arturo Sa\u00ecnchez S\u00e1nchez, Francisco Arturo S\u00e1nchez Mart\u00ednez, Clara Esmeralda Gordillo estrada, Juan Lopez Lopez, Alfredo Pe\u00ecrez Lopez, Rosalino Mart\u00ednez Santiago, Marco Antonio Marti\u00ecnez S\u00e1nchez, Vicente Go\u00ecmez Lopez, Eugenio Ram\u00edrez Jime\u00ecnez, Vicente Jim\u00e9nez Ramirez, Cecilia V\u00e1zquez Lopez, Ocario Guti\u00e9rrez Hern\u00e1ndez, H\u00e9ctor V\u00e1zquez Lopez, Amalia S\u00e1nchez, Marcos Sa\u00ecnchez, David Pin\u00deeiro, Adauto Lopez Lara, Bartola Jime\u00ecnez coordinados con el supuesto comisariado legal Eduardo Guti\u00e9rrez Mart\u00ednez y el corrupto Miguel Va\u00eczquez Guti\u00e9rrez y el intelectual Francisco P\u00e9rez Lopez como se vio que este grupo corrupto cuando marcharon para una supuesta paz algunos en el anexo Cantioc sacaron su cartulina pidiendo una supuesta paz cuando es el grupo de aliado que ha estado asesinando dentro del ejido de Tila.<\/p>\n<p>Ante todos estos asesinatos que ha pasado en el ejido Tila, se han denunciado ante la fiscali\u00eca del estado y los tres niveles de gobierno se ha hecho del oi\u00ecdo sordo y se ve claro que sigue el mismo narco estado y narco gobierno donde el gobierno federal diciendo en sus ma\u00f1aneras que el estado de Chiapas solo es un grupo de autodefensa, pero cuando la realidad los asesinatos a manos de grupos criminales siguen cada a di\u00eca; este 12 de enero aproximadamente a las 7: 15 de la noche fue abatido a tiros miembro del CNI congreso nacional indi\u00ecgena y ex consejo de vigilancia en el periodo 2018 a 2021 de nombre Carmen Lopez Lugo por arma de uso exclusivo del eje\u00ecrcito calibre 9mm. A mano de integrantes del grupo Karma, este grupo se ha visto promoviendo a unos supuestos precandidatos a la gubernatura del estado de Chiapas de apellido SASIL y EDUARDO RAMIREZ AGUILAR, para que se den cuenta que tipo de personas quieren gobernar el estado de Chiapas son l\u00edderes de la delincuencia organizada<\/p>\n<p>Asi mismo denunciamos al jardi\u00ecn de nin\u00deos del estado Mari\u00eca Montessori a este grupo les ha estado dando el empleo cuando llega el programa escuela es nuestra como bien sabemos que los servidores de la nacio\u00ecn son aliados al partido MORENA que gobierna lopez obrador es la misma corrupci\u00f3n que los otros anteriores porque no respeta la autonom\u00eda de los pueblos originarios como saben que el ejido Tila hab\u00eda cancelado todo proyecto y programa del orden federal pero este gobierno se pasa por encimas de la leyes constitucionales como los siguen mencionando ambas mujeres de MORENA Y la ALIANZA que buscan el poder apoyados por la delincuencia organizada tal como est\u00e1 pasando en el ejido tila y en otro pueblos que se mantiene en resistencia por la defensa de la tierra el territorio y la vida est\u00e1n siendo asesinados por defender el derecho a la autonom\u00eda y la libre determinac\u00f3n que los tres niveles de gobierno no le conviene.<\/p>\n<p>Por lo que todos los pueblos les informamos se mantengan al tanto de lo que puede seguir pasando en el ejido de Tila como ha venido suscitando asesinatos y secuestro de personas.<\/p>\n<p>NUNCA M\u00c1S UN MEXICO SIN NOSOTROS.<\/p>\n<p>ATENTAMENTE EJIDO TILA.<\/p>\n","protected":false},"excerpt":{"rendered":"<p>Denuncia publicada en la p\u00e1gina del Congreso Nacional Ind\u00edgena Ejido Tila, Chiapas, M\u00e9xico; a 13 de enero de 2024 Denuncia publica A la opini\u00f3n publica A los derechos humanos nacional &hellip; <a href=\"https:\/\/www.grieta.org.mx\/index.php\/2024\/01\/13\/el-cni-publica-denuncia-del-ejido-tila-ante-los-asesinatos-en-el-ejido-tila\/\" class=\"more-link\">Leer m\u00e1s<\/a><\/p>\n","protected":false},"author":2,"featured_media":68324,"comment_status":"closed","ping_status":"closed","sticky":false,"template":"","format":"standard","meta":{"ngg_post_thumbnail":0,"_jetpack_newsletter_access":"","_jetpack_dont_email_post_to_subs":false,"_jetpack_newsletter_tier_id":0,"_jetpack_memberships_contains_paywalled_content":false,"_jetpack_memberships_contains_paid_content":false,"footnotes":""},"categories":[80,79,1707,2],"tags":[1834,2085,3655],"class_list":["post-68320","post","type-post","status-publish","format-standard","has-post-thumbnail","hentry","category-cintillo","category-cni","category-denuncias","category-noticias-nacionales","tag-asesinato-de-lideres-indigenas","tag-congreso-nacional-indigena-concejo-indigena-de-gobierno","tag-denuncias","entry"],"jetpack_featured_media_url":"https:\/\/www.grieta.org.mx\/wp-content\/uploads\/2024\/01\/CNI_nuncamas.jpg","jetpack_sharing_enabled":true,"jetpack_shortlink":"https:\/\/wp.me\/p7ZJR4-hLW","jetpack_likes_enabled":false,"jetpack-related-posts":[{"id":53304,"url":"https:\/\/www.grieta.org.mx\/index.php\/2020\/09\/14\/comunicado-del-cni-cig-ante-los-hechos-ocurridos-en-tila-chiapas\/","url_meta":{"origin":68320,"position":0},"title":"Comunicado del CNI-CIG ante los hechos ocurridos en Tila, Chiapas.","author":"grieta","date":"14 septiembre, 2020","format":false,"excerpt":"Al pueblo de M\u00e9xico A los pueblos del mundo A la Sexta Nacional e Internacional A los medios de comunicaci\u00f3n \u00a0 Con dolor y rabia denunciamos el cobarde ataque en el que fue asesinado el compa\u00f1ero Pedro Alejandro Jim\u00e9nez P\u00e9rez, del ejido Tila, Chiapas el pasado d\u00eda 11 de septiembre,\u2026","rel":"","context":"En &quot;CINTILLO&quot;","block_context":{"text":"CINTILLO","link":"https:\/\/www.grieta.org.mx\/index.php\/category\/cintillo\/"},"img":{"alt_text":"","src":"https:\/\/i0.wp.com\/www.grieta.org.mx\/wp-content\/uploads\/2020\/09\/logo-CNI-To.png?resize=350%2C200&ssl=1","width":350,"height":200,"srcset":"https:\/\/i0.wp.com\/www.grieta.org.mx\/wp-content\/uploads\/2020\/09\/logo-CNI-To.png?resize=350%2C200&ssl=1 1x, https:\/\/i0.wp.com\/www.grieta.org.mx\/wp-content\/uploads\/2020\/09\/logo-CNI-To.png?resize=525%2C300&ssl=1 1.5x"},"classes":[]},{"id":18898,"url":"https:\/\/www.grieta.org.mx\/index.php\/2016\/08\/05\/congreso-nacional-indigena-repudia-energicamente-el-hostigamiento-que-esta-sufriendo-la-comunidad-chol-del-ejido-tila-en-chiapas\/","url_meta":{"origin":68320,"position":1},"title":"Congreso Nacional Ind\u00edgena repudia en\u00e9rgicamente el hostigamiento que est\u00e1 sufriendo la comunidad Chol del ejido Tila en Chiapas","author":"grieta","date":"5 agosto, 2016","format":false,"excerpt":"A los pueblos del mundo A la Sexta Nacional e Internacional A los medios libres de comunicaci\u00f3n. Los pueblos, naciones, barrios y tribus que conformamos el Congreso Nacional Ind\u00edgena, repudiamos en\u00e9rgicamente el hostigamiento que est\u00e1 sufriendo la comunidad Chol del ejido Tila, en el estado de Chiapas, resaltando la provocaci\u00f3n\u2026","rel":"","context":"En &quot;CINTILLO&quot;","block_context":{"text":"CINTILLO","link":"https:\/\/www.grieta.org.mx\/index.php\/category\/cintillo\/"},"img":{"alt_text":"","src":"https:\/\/i0.wp.com\/www.grieta.org.mx\/wp-content\/uploads\/2018\/03\/14524434_1106112876131411_958039263622046936_o.jpg?resize=350%2C200&ssl=1","width":350,"height":200,"srcset":"https:\/\/i0.wp.com\/www.grieta.org.mx\/wp-content\/uploads\/2018\/03\/14524434_1106112876131411_958039263622046936_o.jpg?resize=350%2C200&ssl=1 1x, https:\/\/i0.wp.com\/www.grieta.org.mx\/wp-content\/uploads\/2018\/03\/14524434_1106112876131411_958039263622046936_o.jpg?resize=525%2C300&ssl=1 1.5x, https:\/\/i0.wp.com\/www.grieta.org.mx\/wp-content\/uploads\/2018\/03\/14524434_1106112876131411_958039263622046936_o.jpg?resize=700%2C400&ssl=1 2x"},"classes":[]},{"id":3433,"url":"https:\/\/www.grieta.org.mx\/index.php\/2015\/12\/20\/frente-a-la-tormenta-que-se-avecina\/","url_meta":{"origin":68320,"position":2},"title":"Frente a la tormenta que se avecina","author":"grieta","date":"20 diciembre, 2015","format":false,"excerpt":"A los Pueblos, Naciones, Tribus y Barrios que integran el Congreso Nacional Ind\u00edgena; A la Sexta Nacional e Internacional A los pueblos de M\u00e9xico y el Mundo Frente a la tormenta que se avecina Este 16 de diciembre nuestros hermanas y hermanos del pueblo ch\u2019ol del Ejido Tila, en la\u2026","rel":"","context":"En &quot;CNI&quot;","block_context":{"text":"CNI","link":"https:\/\/www.grieta.org.mx\/index.php\/category\/cni\/"},"img":{"alt_text":"","src":"https:\/\/i0.wp.com\/www.grieta.org.mx\/wp-content\/uploads\/2018\/03\/14524434_1106112876131411_958039263622046936_o.jpg?resize=350%2C200&ssl=1","width":350,"height":200,"srcset":"https:\/\/i0.wp.com\/www.grieta.org.mx\/wp-content\/uploads\/2018\/03\/14524434_1106112876131411_958039263622046936_o.jpg?resize=350%2C200&ssl=1 1x, https:\/\/i0.wp.com\/www.grieta.org.mx\/wp-content\/uploads\/2018\/03\/14524434_1106112876131411_958039263622046936_o.jpg?resize=525%2C300&ssl=1 1.5x, https:\/\/i0.wp.com\/www.grieta.org.mx\/wp-content\/uploads\/2018\/03\/14524434_1106112876131411_958039263622046936_o.jpg?resize=700%2C400&ssl=1 2x"},"classes":[]},{"id":42461,"url":"https:\/\/www.grieta.org.mx\/index.php\/2019\/12\/23\/la-lucha-que-ahora-estamos-haciendo-es-por-la-vida-foro-ezln-cni-cig\/","url_meta":{"origin":68320,"position":3},"title":"\u201cLa lucha que ahora estamos haciendo es por la vida\u201d, Foro EZLN CNI-CIG","author":"grieta","date":"23 diciembre, 2019","format":false,"excerpt":"Radio Pozol \/ Foto e informaci\u00f3n: CNI San Crist\u00f3bal de las Casas, Chiapas. 21 de diciembre. \u201cNosotros como Ejido Tila, estamos en defensa de tierra y territorio y en camino de la autonom\u00eda y autogobierno, a pesar del constante acoso, represi\u00f3n y sabotaje legal del mal gobierno. Creemos lo que\u2026","rel":"","context":"En &quot;CINTILLO&quot;","block_context":{"text":"CINTILLO","link":"https:\/\/www.grieta.org.mx\/index.php\/category\/cintillo\/"},"img":{"alt_text":"","src":"https:\/\/i0.wp.com\/www.grieta.org.mx\/wp-content\/uploads\/2019\/12\/A-2.jpg?resize=350%2C200&ssl=1","width":350,"height":200,"srcset":"https:\/\/i0.wp.com\/www.grieta.org.mx\/wp-content\/uploads\/2019\/12\/A-2.jpg?resize=350%2C200&ssl=1 1x, https:\/\/i0.wp.com\/www.grieta.org.mx\/wp-content\/uploads\/2019\/12\/A-2.jpg?resize=525%2C300&ssl=1 1.5x, https:\/\/i0.wp.com\/www.grieta.org.mx\/wp-content\/uploads\/2019\/12\/A-2.jpg?resize=700%2C400&ssl=1 2x"},"classes":[]},{"id":67944,"url":"https:\/\/www.grieta.org.mx\/index.php\/2023\/10\/16\/denuncia-del-congreso-nacional-indigena-concejo-indigena-de-gobierno-por-el-intento-de-desalojo-de-la-casa-de-los-pueblos\/","url_meta":{"origin":68320,"position":4},"title":"Denuncia del Congreso Nacional Ind\u00edgena \u2013 Concejo Ind\u00edgena de Gobierno por el Intento de Desalojo de la Casa de los Pueblos","author":"grieta","date":"16 octubre, 2023","format":false,"excerpt":"A los pueblos y gobiernos de M\u00e9xico y del mundo. A los organismos de derechos humanos. A los medios de comunicaci\u00f3n. Denunciamos que desde hace algunas horas un numeroso contingente de granaderos del gobierno de la Ciudad de M\u00e9xico est\u00e1 tratando de desalojar con violencia a la Comunidad Ind\u00edgena Otom\u00ed\u2026","rel":"","context":"En &quot;CIG&quot;","block_context":{"text":"CIG","link":"https:\/\/www.grieta.org.mx\/index.php\/category\/cig\/"},"img":{"alt_text":"","src":"https:\/\/i0.wp.com\/www.grieta.org.mx\/wp-content\/uploads\/2023\/10\/logo-CNI-T.png?resize=350%2C200&ssl=1","width":350,"height":200,"srcset":"https:\/\/i0.wp.com\/www.grieta.org.mx\/wp-content\/uploads\/2023\/10\/logo-CNI-T.png?resize=350%2C200&ssl=1 1x, https:\/\/i0.wp.com\/www.grieta.org.mx\/wp-content\/uploads\/2023\/10\/logo-CNI-T.png?resize=525%2C300&ssl=1 1.5x"},"classes":[]},{"id":51096,"url":"https:\/\/www.grieta.org.mx\/index.php\/2020\/06\/20\/comunicado-del-cni-cig-ante-los-hechos-ocurridos-en-el-ejido-de-san-nicolas-totolapan-cdmx\/","url_meta":{"origin":68320,"position":5},"title":"Comunicado del CNI-CIG ante los hechos ocurridos en el Ejido de San Nicol\u00e1s Totolapan, CDMX.","author":"grieta","date":"20 junio, 2020","format":false,"excerpt":"Al pueblo de M\u00e9xico. A las redes de resistencia y rebeld\u00eda. A la Sexta Nacional e Internacional. A los medios de comunicaci\u00f3n. A las organizaciones en defensa del territorio y de la madre tierra. El Congreso Nacional Ind\u00edgena, el Concejo Ind\u00edgena de Gobierno, a trav\u00e9s de este comunicado damos a\u2026","rel":"","context":"En &quot;CIG&quot;","block_context":{"text":"CIG","link":"https:\/\/www.grieta.org.mx\/index.php\/category\/cig\/"},"img":{"alt_text":"","src":"https:\/\/i0.wp.com\/www.grieta.org.mx\/wp-content\/uploads\/2020\/06\/logo-CNI-To.png?resize=350%2C200&ssl=1","width":350,"height":200,"srcset":"https:\/\/i0.wp.com\/www.grieta.org.mx\/wp-content\/uploads\/2020\/06\/logo-CNI-To.png?resize=350%2C200&ssl=1 1x, https:\/\/i0.wp.com\/www.grieta.org.mx\/wp-content\/uploads\/2020\/06\/logo-CNI-To.png?resize=525%2C300&ssl=1 1.5x"},"classes":[]}],"_links":{"self":[{"href":"https:\/\/www.grieta.org.mx\/index.php\/wp-json\/wp\/v2\/posts\/68320","targetHints":{"allow":["GET"]}}],"collection":[{"href":"https:\/\/www.grieta.org.mx\/index.php\/wp-json\/wp\/v2\/posts"}],"about":[{"href":"https:\/\/www.grieta.org.mx\/index.php\/wp-json\/wp\/v2\/types\/post"}],"author":[{"embeddable":true,"href":"https:\/\/www.grieta.org.mx\/index.php\/wp-json\/wp\/v2\/users\/2"}],"replies":[{"embeddable":true,"href":"https:\/\/www.grieta.org.mx\/index.php\/wp-json\/wp\/v2\/comments?post=68320"}],"version-history":[{"count":1,"href":"https:\/\/www.grieta.org.mx\/index.php\/wp-json\/wp\/v2\/posts\/68320\/revisions"}],"predecessor-version":[{"id":68325,"href":"https:\/\/www.grieta.org.mx\/index.php\/wp-json\/wp\/v2\/posts\/68320\/revisions\/68325"}],"wp:featuredmedia":[{"embeddable":true,"href":"https:\/\/www.grieta.org.mx\/index.php\/wp-json\/wp\/v2\/media\/68324"}],"wp:attachment":[{"href":"https:\/\/www.grieta.org.mx\/index.php\/wp-json\/wp\/v2\/media?parent=68320"}],"wp:term":[{"taxonomy":"category","embeddable":true,"href":"https:\/\/www.grieta.org.mx\/index.php\/wp-json\/wp\/v2\/categories?post=68320"},{"taxonomy":"post_tag","embeddable":true,"href":"https:\/\/www.grieta.org.mx\/index.php\/wp-json\/wp\/v2\/tags?post=68320"}],"curies":[{"name":"wp","href":"https:\/\/api.w.org\/{rel}","templated":true}]}}