{"id":68317,"date":"2024-01-10T05:08:14","date_gmt":"2024-01-10T11:08:14","guid":{"rendered":"https:\/\/www.grieta.org.mx\/?p=68317"},"modified":"2024-01-13T05:17:59","modified_gmt":"2024-01-13T11:17:59","slug":"desaparicion-de-personas-en-quintana-roo-indolencia-y-falta-de-empatia-de-autoridades-solo-reaccionan-ante-la-presion-de-colectivos-de-familiares","status":"publish","type":"post","link":"https:\/\/www.grieta.org.mx\/index.php\/2024\/01\/10\/desaparicion-de-personas-en-quintana-roo-indolencia-y-falta-de-empatia-de-autoridades-solo-reaccionan-ante-la-presion-de-colectivos-de-familiares\/","title":{"rendered":"Desaparici\u00f3n de personas en Quintana Roo, Indolencia y Falta de Empat\u00eda de Autoridades; Solo reaccionan Ante la Presi\u00f3n de Colectivos de Familiares"},"content":{"rendered":"<p>Graciela Machuca Mart\u00ednez\/CAMBIO 22<\/p>\n<p>Deysi Blanco es la mam\u00e1 de Fernanda Cayetana desaparecida el 21 de julio de 2022 en el domicilio de un vecino en la zona continental de Isla Mujeres, a donde hab\u00eda ido a lavar trastes, desde entonces se ignora su paradero, a pesar, que en noviembre de 2022 fue detenido Marco Antonio Cahuich Adri\u00e1n, principal sospecho y quien se hab\u00eda dado a la fuga a San Crist\u00f3bal de las Casas, al estado de Chiapas.<\/p>\n<p>Entrevistada recientemente, do\u00f1a Deysi coment\u00f3 que fue hasta el 27 de diciembre pasado cuando se pudo llevar a cabo una audiencia judicial de desahogo de pruebas, luego de haberse diferido por dos ocasiones, debido a que los abogados de Cahuich Adri\u00e1n dejaban de representarlo, hasta que lleg\u00f3 a defenderlo un defensor p\u00fablico que ni \u00e9l mismo conoc\u00eda y que le fue proporcionado por el juzgado.<\/p>\n<p>A pesar, que fue detenido desde la noche del d\u00eda 10 de noviembre de 2022 y puesto a disposici\u00f3n del juez al d\u00eda siguiente, despu\u00e9s de un a\u00f1o se realiz\u00f3 la referida audiencia, por lo que el proceso ha retrasado y hasta el momento no se conoce informaci\u00f3n sobre el paradero de Fernanda Cayetana.<\/p>\n<p>El calvario de la mam\u00e1 de Fernanda Cayetana contin\u00faa porque est\u00e1 a expensas de la defensa de Marco Antonio, el due\u00f1o de la casa donde la menor de edad fue a lavar trastes y de donde desapareci\u00f3.<br \/>\nDesde la desaparici\u00f3n de su hija, do\u00f1a Daysi se ha involucrado en colectivos de familiares de personas desaparecidas en Quintana Roo, con la finalidad de hacer presi\u00f3n y obligar a las autoridades a realizar las b\u00fasquedas de acuerdos a los protocolos establecidos para tales efectos.<\/p>\n<p>Con la experiencia que le ha dejado su participaci\u00f3n en los colectivos de madres buscadoras, do\u00f1a Deysi comenta que en Quintana Roo no se tiene el registro exacto de las personas desaparecidas, pero que el n\u00famero fluct\u00faa entre mil y dos mil personas adultas, de la tercera edad, ni\u00f1as, ni\u00f1os, adolescentes y j\u00f3venes.<\/p>\n<p>Lo lamentable del asunto es que las investigaciones no avanzan, mientras que la desaparici\u00f3n de personas se da todos los d\u00edas.<\/p>\n<p>Recod\u00f3 que en uno de los grupos de madres buscadoras en el que particip\u00f3, tuvo conocimiento de que se encontraron solo dos personas en Tulum, el n\u00famero de personas localizadas con y sin vida, es m\u00ednimo.<br \/>\nNombres de personas como Francisco Padilla, Ren\u00e9 Alfonso, Gilberto, Jorge y un beb\u00e9 de nombre Jonathan, adem\u00e1s de Fernanda Cayetano, son los que resuenan en la memoria de do\u00f1a Deysi, porque sus familiares, al igual que ella, dedican su vida a buscarlas.<\/p>\n<p>Do\u00f1a Deysi, ahora solo quiere que las autoridades le saquen la verdad a Marco Antonio, que diga a donde llevaron a su hija, porque actualmente est\u00e1 en la c\u00e1rcel viviendo con privilegios, all\u00ed come y descansa, mientras una ni\u00f1a se encuentra desaparecida.<\/p>\n<p>El objetivo de vida de do\u00f1a Romana es buscar a su hija Diana<\/p>\n<p>Iniciamos un nuevo a\u00f1o y en materia de desaparici\u00f3n de personas en el estado de Quintana Roo no puede haber \u201cborr\u00f3n y cuenta nuevas\u201d, se tiene que hacer memoria, seguir buscando a esas personas desaparecidas, hay que visibilizar los casos, los nombres, las historias, as\u00ed como el trabajo que todos los d\u00edas realizan cientos de mujeres y hombres en busca de sus seres queridos y desde luego, dejar claro, que diferentes instancias gubernamentales, de acuerdo a la ley, tienen la obligaci\u00f3n de encabezar esa b\u00fasqueda, porque de lo contrario estar\u00edan en la ilegalidad.<\/p>\n<p>A pesar de ello, en la entidad, quienes buscan a sus seres queridos se quejan constantemente de la indiferencia, de la falta de empat\u00eda, de negligencia, de parte de las personas servidoras p\u00fablicas que est\u00e1n cobrando un salario y que tienen a su disposici\u00f3n recursos p\u00fablicos para actuar, pero ante la falta de voluntad pol\u00edtica y desconocimiento del tema de los derechos humanos han convertido esta desgracia nacional en un sistema burocr\u00e1tico.<\/p>\n<p>Adem\u00e1s, de las estad\u00edsticas, las cuales diversos actores gubernamentales tratan de minimizar, el fen\u00f3meno de la desaparici\u00f3n de personas en M\u00e9xico est\u00e1 conformado por un c\u00famulo de historias de dolor y angustia, de desesperaci\u00f3n ante la indolencia gubernamental.<\/p>\n<p>Por ejemplo, la historia de Romana Rivera Ram\u00edrez se ha conocido a nivel nacional por la b\u00fasqueda de su hija Diana Garc\u00eda Rivera, cuya ficha de b\u00fasqueda la emiti\u00f3 la Fiscal\u00eda General de Quintana Roo desde el 26 de febrero de 2020, pero hasta la fecha las investigaciones no avanzan, todo es burocratismo, mentiras, cinismo, negligencia de parte de quienes tienen que investigar.<\/p>\n<p>Esta etapa dolorosa en la vida de la se\u00f1ora Romana inici\u00f3 como a las 03:40 horas del 22 de febrero de 2020 en Canc\u00fan, cuando un comando armado ingres\u00f3 al Bar Imperio, ubicado en la Plaza Infinity, para llevarse a Diana, de 20 a\u00f1os, y a un joven, de 21 a\u00f1os, que la acompa\u00f1aba en ese momento, de nombre Jorge Armando, quien pas\u00f3 a visitarla al domicilio de sus medias hermanas, por la noche del d\u00eda 21 de febrero, posteriormente le ofreci\u00f3 darle un rite a su casa, pero est\u00e1 documentado que despu\u00e9s estuvieron en dicho bar, hasta la hora que fueron privados de la libertad.<\/p>\n<p>La madre de Jorge Armando, Luisa Rodr\u00edguez, sostiene que tuvo una conversaci\u00f3n telef\u00f3nica a las 03:30 horas del 22 de febrero, pero los hombres armados ingresaron al bar diez minutos despu\u00e9s para llev\u00e1rselos con rumbo desconocido. De las c\u00e1maras de seguridad instaladas en las vialidades de Canc\u00fan, se obtuvo muy poca informaci\u00f3n, porque la mayor\u00eda no serv\u00edan, a pesar de la multimillonaria inversi\u00f3n que se hizo con dinero del pueblo para rentar ese sistema de videovigilancia.<\/p>\n<p>La se\u00f1ora Romana, al ir a presentar la denuncia en la Fiscal\u00eda ante la desaparici\u00f3n de su hija, coincidi\u00f3 con los padres de Jorge Armando y el padre de este declar\u00f3 que su hijo vende autom\u00f3viles, pero tambi\u00e9n vende y consume drogas, por lo que ser\u00eda posible que por esto se lo hubieran llevado.<\/p>\n<p>El d\u00eda 21 de febrero, entre ocho y media y nueve de la noche, la se\u00f1ora Romana le marc\u00f3 a Diana para preguntarle en donde estaba, a lo que le respondi\u00f3 que se le hab\u00eda hecho tarde y que al d\u00eda siguiente regresar\u00eda a su domicilio. Al d\u00eda siguiente, le volvi\u00f3 a marcar, pero la mandaba a buz\u00f3n, por lo que presumi\u00f3 que se le hab\u00eda acabado la pila y que estaba bien por estar en casa de sus hermanas. Hasta por la tarde del d\u00eda 22, una de ellas, le habl\u00f3 para decirle que Diana hab\u00eda salido casi a la media noche con un joven quien la llevar\u00eda a su casa.<\/p>\n<p>A partir de esa hora inici\u00f3 la b\u00fasqueda, la cual hasta los primeros d\u00edas del 2024 a\u00fan no termina. Los primeros d\u00edas y horas tanto do\u00f1a Romana como los padres del joven se enfrentaron al burocratismo de la Fiscal\u00eda, a la deshumanizaci\u00f3n de las personas servidoras p\u00fablicas, a la falta de protocolos, a la indiferencia, a la falta de empat\u00eda, por lo que la ficha de b\u00fasqueda se pudo liberar hasta el d\u00eda 26 de febrero.<\/p>\n<p>Do\u00f1a romana no conoc\u00eda los procedimientos, ignoraba que proced\u00eda, de lo que si estaba segura es que la Fiscal\u00eda ten\u00eda que actuar, hacer algo, para localizar a su hija.<\/p>\n<p>De voz de la titular de la Fiscal\u00eda Especializada solo escuch\u00f3 que se estaban enviado los oficios respectivos a la Polic\u00eda Ministerial de Investigaci\u00f3n, que iban a hacer la diligencias en el lugar para levantar alguna evidencia o cosas as\u00ed.<\/p>\n<p>A insistencia del padre del joven se logr\u00f3 que realizaran un cateo, por lo que todo el personal que labor\u00f3 ese d\u00eda lo llevaron a declarar, pero de esos testimonios no se obtuvo ninguna informaci\u00f3n significativa para la b\u00fasqueda. Todo quedaba en burocratismo y falta de inter\u00e9s institucional.<\/p>\n<p>La se\u00f1ora Romana en la b\u00fasqueda de su hija Diana a conocido al fiscal Oscar Montes de Oca y al actual, a Raciel L\u00f3pez Salazar, as\u00ed como a dos fiscales especiales para personas desaparecidas y ha participado en el trabajo colectivo de familiares de personas desaparecidas en Quintana Roo, pero sigue sin encontrar a su hija.<\/p>\n<p>A casi cuatro a\u00f1os de la desaparici\u00f3n de Diana, la integraci\u00f3n de la carpeta de investigaci\u00f3n de su caso y de otras personas ha sido lento, sin embargo, el trabajo institucional mejor\u00f3, pero gracias al trabajo de los colectivos, porque la instituci\u00f3n, por si sola, no act\u00faa, a pesar, que la ley se lo ordena.<\/p>\n<p><a href=\"https:\/\/diariocambio22.mx\/desaparicion-de-personas-en-quintana-roo-indolencia-y-falta-de-empatia-de-autoridades-solo-reaccionan-ante-la-presion-de-colectivos-de-familiares\/\" rel=\"noopener\" target=\"_blank\">https:\/\/diariocambio22.mx\/desaparicion-de-personas-en-quintana-roo-indolencia-y-falta-de-empatia-de-autoridades-solo-reaccionan-ante-la-presion-de-colectivos-de-familiares\/<\/a><\/p>\n","protected":false},"excerpt":{"rendered":"<p>Graciela Machuca Mart\u00ednez\/CAMBIO 22 Deysi Blanco es la mam\u00e1 de Fernanda Cayetana desaparecida el 21 de julio de 2022 en el domicilio de un vecino en la zona continental de &hellip; <a href=\"https:\/\/www.grieta.org.mx\/index.php\/2024\/01\/10\/desaparicion-de-personas-en-quintana-roo-indolencia-y-falta-de-empatia-de-autoridades-solo-reaccionan-ante-la-presion-de-colectivos-de-familiares\/\" class=\"more-link\">Leer m\u00e1s<\/a><\/p>\n","protected":false},"author":2,"featured_media":68318,"comment_status":"closed","ping_status":"closed","sticky":false,"template":"","format":"standard","meta":{"ngg_post_thumbnail":0,"_jetpack_newsletter_access":"","_jetpack_dont_email_post_to_subs":false,"_jetpack_newsletter_tier_id":0,"_jetpack_memberships_contains_paywalled_content":false,"_jetpack_memberships_contains_paid_content":false,"footnotes":""},"categories":[80,87,2808,2,28,83],"tags":[1828,3018,3937],"class_list":["post-68317","post","type-post","status-publish","format-standard","has-post-thumbnail","hentry","category-cintillo","category-desaparecidos","category-desaparecidos-en-quintana-roo","category-noticias-nacionales","category-quintana-roo","category-temas-nacionales","tag-busqueda-de-desaparecidos","tag-colectivos-de-busqueda-de-desaparecidos","tag-desaparecdios","entry"],"jetpack_featured_media_url":"https:\/\/www.grieta.org.mx\/wp-content\/uploads\/2024\/01\/Desaparecidos-e1705144367123.jpg","jetpack_sharing_enabled":true,"jetpack_shortlink":"https:\/\/wp.me\/p7ZJR4-hLT","jetpack_likes_enabled":false,"jetpack-related-posts":[{"id":66078,"url":"https:\/\/www.grieta.org.mx\/index.php\/2023\/01\/13\/cuelgan-mampara-con-fotos-de-desaparecidos-en-el-palacio-municipal-de-cancun-quintana-roo\/","url_meta":{"origin":68317,"position":0},"title":"Cuelgan mampara con fotos de desaparecidos en el Palacio Municipal de Canc\u00fan (Quintana Roo)","author":"grieta","date":"13 enero, 2023","format":false,"excerpt":"Noticaribe CANC\u00daN, MX.- Madres de diversos colectivos que buscan a familiares desaparecidos, aprobaron la mampara que se coloc\u00f3 en los bajos del palacio municipal del Colectivo Verdad, Memoria y Justicia, al se\u00f1alar que de com\u00fan acuerdo con el ayuntamiento benitojuarense y otros colectivos, se coloc\u00f3 un collage de varias fotos\u2026","rel":"","context":"En &quot;CINTILLO&quot;","block_context":{"text":"CINTILLO","link":"https:\/\/www.grieta.org.mx\/index.php\/category\/cintillo\/"},"img":{"alt_text":"","src":"https:\/\/i0.wp.com\/www.grieta.org.mx\/wp-content\/uploads\/2023\/01\/MamparDesaparecidos.jpg?resize=350%2C200&ssl=1","width":350,"height":200,"srcset":"https:\/\/i0.wp.com\/www.grieta.org.mx\/wp-content\/uploads\/2023\/01\/MamparDesaparecidos.jpg?resize=350%2C200&ssl=1 1x, https:\/\/i0.wp.com\/www.grieta.org.mx\/wp-content\/uploads\/2023\/01\/MamparDesaparecidos.jpg?resize=525%2C300&ssl=1 1.5x"},"classes":[]},{"id":68717,"url":"https:\/\/www.grieta.org.mx\/index.php\/2024\/03\/21\/madres-de-personas-desaparecidas-convocan-a-sociedad-a-sumarse-a-jornada-nacional-de-busqueda-y-concentracion-pacifica-quintana-roo\/","url_meta":{"origin":68317,"position":1},"title":"Madres de personas desaparecidas convocan a sociedad a sumarse a Jornada Nacional de B\u00fasqueda y concentraci\u00f3n pac\u00edfica (Quintana Roo)","author":"grieta","date":"21 marzo, 2024","format":false,"excerpt":"Adriana Varillas \/ Estamos Aqu\u00ed 21 de marzo\/ Canc\u00fan, Q. Roo.- Colectivos de familiares de personas desaparecidas en Quintana Roo, convocaron a los movimientos feministas, a las y los defensores de derechos humanos, de la Tierra y del territorio, de las disidencias sexuales, a las expresiones religiosas, a la academia,\u2026","rel":"","context":"En &quot;CINTILLO&quot;","block_context":{"text":"CINTILLO","link":"https:\/\/www.grieta.org.mx\/index.php\/category\/cintillo\/"},"img":{"alt_text":"","src":"https:\/\/i0.wp.com\/www.grieta.org.mx\/wp-content\/uploads\/2024\/03\/MadresBuscadoras-e1711914841303.jpg?resize=350%2C200&ssl=1","width":350,"height":200,"srcset":"https:\/\/i0.wp.com\/www.grieta.org.mx\/wp-content\/uploads\/2024\/03\/MadresBuscadoras-e1711914841303.jpg?resize=350%2C200&ssl=1 1x, https:\/\/i0.wp.com\/www.grieta.org.mx\/wp-content\/uploads\/2024\/03\/MadresBuscadoras-e1711914841303.jpg?resize=525%2C300&ssl=1 1.5x, https:\/\/i0.wp.com\/www.grieta.org.mx\/wp-content\/uploads\/2024\/03\/MadresBuscadoras-e1711914841303.jpg?resize=700%2C400&ssl=1 2x"},"classes":[]},{"id":69534,"url":"https:\/\/www.grieta.org.mx\/index.php\/2024\/08\/30\/marchan-por-desaparecidos-en-cancun-y-chetumal-quintana-roo\/","url_meta":{"origin":68317,"position":2},"title":"Marchan por desaparecidos en Canc\u00fan y Chetumal (Quintana Roo)","author":"grieta","date":"30 agosto, 2024","format":false,"excerpt":"Noticaribe CANC\u00daN, MX.- Madres y otros familiares de personas desaparecidos marcharon hoy en Canc\u00fan y en Chetumal para conmemorar el D\u00eda de la B\u00fasqueda de Personas. En Canc\u00fan, dos colectivos, el \u201d Verdad y Justicia\u201d, as\u00ed como las \u201cMadres Buscadoras\u201d marcharon por separado rumbo al Palacio Municipal. Integrantes de \u201cVerdad,\u2026","rel":"","context":"En &quot;CINTILLO&quot;","block_context":{"text":"CINTILLO","link":"https:\/\/www.grieta.org.mx\/index.php\/category\/cintillo\/"},"img":{"alt_text":"","src":"https:\/\/i0.wp.com\/www.grieta.org.mx\/wp-content\/uploads\/2024\/08\/Marchan-e1725139943721.jpg?resize=350%2C200&ssl=1","width":350,"height":200,"srcset":"https:\/\/i0.wp.com\/www.grieta.org.mx\/wp-content\/uploads\/2024\/08\/Marchan-e1725139943721.jpg?resize=350%2C200&ssl=1 1x, https:\/\/i0.wp.com\/www.grieta.org.mx\/wp-content\/uploads\/2024\/08\/Marchan-e1725139943721.jpg?resize=525%2C300&ssl=1 1.5x, https:\/\/i0.wp.com\/www.grieta.org.mx\/wp-content\/uploads\/2024\/08\/Marchan-e1725139943721.jpg?resize=700%2C400&ssl=1 2x"},"classes":[]},{"id":65576,"url":"https:\/\/www.grieta.org.mx\/index.php\/2022\/10\/20\/marchan-activistas-contra-nulos-resultados-de-la-fiscalia-en-casos-de-desaparecidos-quintana-roo\/","url_meta":{"origin":68317,"position":3},"title":"Marchan activistas contra nulos resultados de la Fiscal\u00eda en casos de desaparecidos (Quintana Roo)","author":"grieta","date":"20 octubre, 2022","format":false,"excerpt":"Juan Morales \/ Grupo Pir\u00e1mide Canc\u00fan, Quintana Roo.- Miembros del colectivo Verdad, Memoria y Justicia marcharon en Canc\u00fan contra los nulos resultados de la Fiscal\u00eda General del Estado (FGE) en los reportes de personas desaparecidas, los cuales aumentaron durante septiembre con dos casos m\u00e1s. Los manifestantes arrancaron su protesta desde\u2026","rel":"","context":"En &quot;CINTILLO&quot;","block_context":{"text":"CINTILLO","link":"https:\/\/www.grieta.org.mx\/index.php\/category\/cintillo\/"},"img":{"alt_text":"","src":"https:\/\/i0.wp.com\/www.grieta.org.mx\/wp-content\/uploads\/2022\/10\/DesaparecidosQroo-e1666432285627.jpg?resize=350%2C200&ssl=1","width":350,"height":200,"srcset":"https:\/\/i0.wp.com\/www.grieta.org.mx\/wp-content\/uploads\/2022\/10\/DesaparecidosQroo-e1666432285627.jpg?resize=350%2C200&ssl=1 1x, https:\/\/i0.wp.com\/www.grieta.org.mx\/wp-content\/uploads\/2022\/10\/DesaparecidosQroo-e1666432285627.jpg?resize=525%2C300&ssl=1 1.5x, https:\/\/i0.wp.com\/www.grieta.org.mx\/wp-content\/uploads\/2022\/10\/DesaparecidosQroo-e1666432285627.jpg?resize=700%2C400&ssl=1 2x"},"classes":[]},{"id":69769,"url":"https:\/\/www.grieta.org.mx\/index.php\/2024\/09\/18\/colectivos-de-busqueda-en-quintana-roo-denuncian-el-hallazgo-de-un-crematorio-clandestino-cerca-de-cancun\/","url_meta":{"origin":68317,"position":4},"title":"Colectivos de b\u00fasqueda en Quintana Roo denuncian el hallazgo de un crematorio clandestino cerca de Canc\u00fan","author":"grieta","date":"18 septiembre, 2024","format":false,"excerpt":"Almudena Barrag\u00e1n \/ El Pa\u00eds Familiares de desaparecidos en el Estado de Quintana Roo revelaron el hallazgo de un crematorio clandestino a las afueras de Canc\u00fan, el destino tur\u00edstico m\u00e1s importante de M\u00e9xico. Cerca de la carretera M\u00e9rida - Canc\u00fan, escondido en mitad de la selva, integrantes del Colectivo Verdad,\u2026","rel":"","context":"En &quot;CINTILLO&quot;","block_context":{"text":"CINTILLO","link":"https:\/\/www.grieta.org.mx\/index.php\/category\/cintillo\/"},"img":{"alt_text":"","src":"https:\/\/i0.wp.com\/www.grieta.org.mx\/wp-content\/uploads\/2024\/09\/Crematorio-e1727137836127.jpg?resize=350%2C200&ssl=1","width":350,"height":200,"srcset":"https:\/\/i0.wp.com\/www.grieta.org.mx\/wp-content\/uploads\/2024\/09\/Crematorio-e1727137836127.jpg?resize=350%2C200&ssl=1 1x, https:\/\/i0.wp.com\/www.grieta.org.mx\/wp-content\/uploads\/2024\/09\/Crematorio-e1727137836127.jpg?resize=525%2C300&ssl=1 1.5x, https:\/\/i0.wp.com\/www.grieta.org.mx\/wp-content\/uploads\/2024\/09\/Crematorio-e1727137836127.jpg?resize=700%2C400&ssl=1 2x"},"classes":[]},{"id":67078,"url":"https:\/\/www.grieta.org.mx\/index.php\/2023\/06\/23\/mantendran-planton-frente-a-la-fge-en-cancun-madres-buscadoras-hasta-que-las-autoridades-encuentren-a-francisca-mariner-patron-quintana-roo\/","url_meta":{"origin":68317,"position":5},"title":"Mantendr\u00e1n Plant\u00f3n Frente a la FGE en Canc\u00fan, Madres Buscadoras hasta que las Autoridades Encuentren a Francisca Mariner Patr\u00f3n  (Quintana Roo)","author":"grieta","date":"23 junio, 2023","format":false,"excerpt":"Rafael Garc\u00eda\/Cambio 22 Canc\u00fan, Q. Roo a 23 de junio.- La presidenta del Colectivo de Madres Buscadoras, Mar\u00eda Dolores Patr\u00f3n, sentenci\u00f3 que no retiraran el plant\u00f3n que mantienen en la avenida Xcaret frente a las instalaciones de la Fiscal\u00eda General del estado (FGE), hasta que el entreguen a su hija,\u2026","rel":"","context":"En &quot;CINTILLO&quot;","block_context":{"text":"CINTILLO","link":"https:\/\/www.grieta.org.mx\/index.php\/category\/cintillo\/"},"img":{"alt_text":"","src":"https:\/\/i0.wp.com\/www.grieta.org.mx\/wp-content\/uploads\/2023\/06\/Planton-e1687635912426.jpg?resize=350%2C200&ssl=1","width":350,"height":200,"srcset":"https:\/\/i0.wp.com\/www.grieta.org.mx\/wp-content\/uploads\/2023\/06\/Planton-e1687635912426.jpg?resize=350%2C200&ssl=1 1x, https:\/\/i0.wp.com\/www.grieta.org.mx\/wp-content\/uploads\/2023\/06\/Planton-e1687635912426.jpg?resize=525%2C300&ssl=1 1.5x, https:\/\/i0.wp.com\/www.grieta.org.mx\/wp-content\/uploads\/2023\/06\/Planton-e1687635912426.jpg?resize=700%2C400&ssl=1 2x"},"classes":[]}],"_links":{"self":[{"href":"https:\/\/www.grieta.org.mx\/index.php\/wp-json\/wp\/v2\/posts\/68317","targetHints":{"allow":["GET"]}}],"collection":[{"href":"https:\/\/www.grieta.org.mx\/index.php\/wp-json\/wp\/v2\/posts"}],"about":[{"href":"https:\/\/www.grieta.org.mx\/index.php\/wp-json\/wp\/v2\/types\/post"}],"author":[{"embeddable":true,"href":"https:\/\/www.grieta.org.mx\/index.php\/wp-json\/wp\/v2\/users\/2"}],"replies":[{"embeddable":true,"href":"https:\/\/www.grieta.org.mx\/index.php\/wp-json\/wp\/v2\/comments?post=68317"}],"version-history":[{"count":1,"href":"https:\/\/www.grieta.org.mx\/index.php\/wp-json\/wp\/v2\/posts\/68317\/revisions"}],"predecessor-version":[{"id":68319,"href":"https:\/\/www.grieta.org.mx\/index.php\/wp-json\/wp\/v2\/posts\/68317\/revisions\/68319"}],"wp:featuredmedia":[{"embeddable":true,"href":"https:\/\/www.grieta.org.mx\/index.php\/wp-json\/wp\/v2\/media\/68318"}],"wp:attachment":[{"href":"https:\/\/www.grieta.org.mx\/index.php\/wp-json\/wp\/v2\/media?parent=68317"}],"wp:term":[{"taxonomy":"category","embeddable":true,"href":"https:\/\/www.grieta.org.mx\/index.php\/wp-json\/wp\/v2\/categories?post=68317"},{"taxonomy":"post_tag","embeddable":true,"href":"https:\/\/www.grieta.org.mx\/index.php\/wp-json\/wp\/v2\/tags?post=68317"}],"curies":[{"name":"wp","href":"https:\/\/api.w.org\/{rel}","templated":true}]}}