{"id":68293,"date":"2024-01-09T10:04:19","date_gmt":"2024-01-09T16:04:19","guid":{"rendered":"https:\/\/www.grieta.org.mx\/?p=68293"},"modified":"2024-01-11T10:13:52","modified_gmt":"2024-01-11T16:13:52","slug":"primaria-de-campeche-bajo-los-escombros-padres-protestan-por-rehabilitacion-inconclusa","status":"publish","type":"post","link":"https:\/\/www.grieta.org.mx\/index.php\/2024\/01\/09\/primaria-de-campeche-bajo-los-escombros-padres-protestan-por-rehabilitacion-inconclusa\/","title":{"rendered":"Primaria de Campeche, &#8216;bajo los escombros&#8217;; padres protestan por rehabilitaci\u00f3n inconclusa"},"content":{"rendered":"<p>July Yerbes \/ Por Esto!<\/p>\n<p>Ante la falta de entrega de la rehabilitaci\u00f3n de la Escuela Primaria \u201cIgnacio Zaragoza\u201d de Campeche, padres de familia acudieron al plantel a manifestarse ante el director y autoridades de la Secretar\u00eda de Educaci\u00f3n; reclamaron que desde octubre pasado retiraron a sus hijos del plantel para tomar clases en l\u00ednea y que hasta este 8 de enero, fecha de entrega de la escuela, la obra no ha tenido avance.<\/p>\n<p>Entre dimes y diretes, padres de familia se apersonaron este lunes en las instalaciones del plantel ubicado en la calle 12, del barrio de San Rom\u00e1n, enojados por la falta de respuesta de las autoridades educativas, por lo que la madre de familia, Esmeralda Soto y un grupo de al menos 20 tutores, reclamaron a Daniel Tamay, director de la escuela.<\/p>\n<p>\u201cNo lo hicieron en tres meses y dicen que en dos semanas ya lo hacen, bien que pueden cerrar aqu\u00ed, y darles clases del otro lado a los ni\u00f1os. Est\u00e1n perdiendo muchas clases, porque en l\u00ednea no aprenden nada, ya no estamos en pandemia\u201d dijo.<\/p>\n<p>Mientras esperaban la llegada del supervisor y del encargado de la obra, los padres de familia externaron su molestia, ya que desde la segunda semana de octubre los peque\u00f1os dejaron de asistir a clases presenciales, situaci\u00f3n que no ha sido de su agrado, ya que en su mayor\u00eda trabajan y por ello no tienen el tiempo necesario para vigilar a sus peque\u00f1os.<\/p>\n<p>Por su parte, do\u00f1a Sara C\u00e1mara, muy enojada por la falta de respuesta extern\u00f3 que en su caso le es complicado estar al tanto de sus nietos, pues los que toman clases en esa escuela son tres de grupos diferentes, por lo que en repetidas ocasiones pidi\u00f3 al director de la escuela Daniel Tamay, que se estuvieran pendientes de los trabajos.<\/p>\n<p>\u201cPorque ustedes de golpe y porrazo nos informaron que los ni\u00f1os deb\u00edan dejar de venir, ya que el contratista les inform\u00f3 que un lunes iniciar\u00edan la obra y es mentira, y yo no es porque sea supervisora de obra, sino que mi pasada es diaria y no hay avances\u201d, indic\u00f3.<\/p>\n<p>A su vez, el director del plantel detall\u00f3 que el proyecto de remodelaci\u00f3n no es correspondiente en su totalidad a la Secretar\u00eda de Educaci\u00f3n, sino al Instituto de Infraestructura F\u00edsica Educativa del Estado de Campeche (Inifeec), por lo que ellos tendr\u00edan que dar raz\u00f3n a los padres que asistieron a la junta programada.<\/p>\n<p>\u201cAyer tuvimos una reuni\u00f3n con representantes de grupo para informarles que los trabajos que estaban previstos para terminar este fin de semana iban a tener una pr\u00f3rroga de 2 semanas m\u00e1s, debido a un trabajo que todav\u00eda le resta, y esto no depende de la organizaci\u00f3n escolar, est\u00e1 a cargo del Inifeec\u201d, se\u00f1al\u00f3 el director.<\/p>\n<p>Cabe recalcar, que el trabajo de rehabilitaci\u00f3n se autoriz\u00f3 al residente de obra Gustavo Le\u00f3n del Inifeec y a la constructora desde el mes de octubre del 2023, y que se debi\u00f3 entregar la escuela lista el 8 de enero para que los peque\u00f1os se reinstalen en las aulas.<\/p>\n<p>\u201cEs una obra que est\u00e1 considerada para terminarse en 91 d\u00edas naturales, estamos en espera del supervisor de la obra, el ingeniero Gustavo Le\u00f3n, del Inifeec, y del contratista, para que ellos nos expliquen el avance y cu\u00e1ndo entregar\u00edan la escuela\u201d, se\u00f1al\u00f3 el director.<\/p>\n<p>Por otra parte, Alberto Cruz, contratista de Construcciones Adda, dijo que en todos los trabajos hay imprevistos y que los d\u00edas inh\u00e1biles de la temporada de asueto navide\u00f1o les perjudic\u00f3, sin embargo, asegur\u00f3 que tienen un 75 por ciento de avance.<\/p>\n<p>Al menos 235 alumnos, desde primero a sexto grado, son los que se han visto afectados por la falta de clases presenciales, por lo que los padres esperan una respuesta de las autoridades competentes para tomar decisiones sobre la educaci\u00f3n de sus hijos.<\/p>\n<p>Ante lo anterior, el director Daniel Tamay y el director de Educaci\u00f3n B\u00e1sica, Marco Antonio Yam Camacho, para calmar a los padres de familia, les dieron la opci\u00f3n de seguir con las clases en l\u00ednea o la alternativa de acudir a la escuela Morelos, para que los peque\u00f1os y docentes de la Ignacio Zaragoza puedan seguir con sus actividades pendientes.<\/p>\n<p><a href=\"https:\/\/www.poresto.net\/campeche\/2024\/1\/9\/primaria-de-campeche-bajo-los-escombros-padres-protestan-por-rehabilitacion-inconclusa-416999.html\" rel=\"noopener\" target=\"_blank\">https:\/\/www.poresto.net\/campeche\/2024\/1\/9\/primaria-de-campeche-bajo-los-escombros-padres-protestan-por-rehabilitacion-inconclusa-416999.html<\/a><\/p>\n","protected":false},"excerpt":{"rendered":"<p>July Yerbes \/ Por Esto! Ante la falta de entrega de la rehabilitaci\u00f3n de la Escuela Primaria \u201cIgnacio Zaragoza\u201d de Campeche, padres de familia acudieron al plantel a manifestarse ante &hellip; <a href=\"https:\/\/www.grieta.org.mx\/index.php\/2024\/01\/09\/primaria-de-campeche-bajo-los-escombros-padres-protestan-por-rehabilitacion-inconclusa\/\" class=\"more-link\">Leer m\u00e1s<\/a><\/p>\n","protected":false},"author":2,"featured_media":68294,"comment_status":"closed","ping_status":"closed","sticky":false,"template":"","format":"standard","meta":{"ngg_post_thumbnail":0,"_jetpack_newsletter_access":"","_jetpack_dont_email_post_to_subs":false,"_jetpack_newsletter_tier_id":0,"_jetpack_memberships_contains_paywalled_content":false,"_jetpack_memberships_contains_paid_content":false,"footnotes":""},"categories":[11,80,916,2,83],"tags":[1783,1681],"class_list":["post-68293","post","type-post","status-publish","format-standard","has-post-thumbnail","hentry","category-campeche","category-cintillo","category-privatizacion-del-la-educacion-publica","category-noticias-nacionales","category-temas-nacionales","tag-escuelas-publicas-deplorables","tag-precariedad-de-planteles-educativos","entry"],"jetpack_featured_media_url":"https:\/\/www.grieta.org.mx\/wp-content\/uploads\/2024\/01\/Primaria-e1704989343352.jpg","jetpack_sharing_enabled":true,"jetpack_shortlink":"https:\/\/wp.me\/p7ZJR4-hLv","jetpack_likes_enabled":false,"jetpack-related-posts":[{"id":25567,"url":"https:\/\/www.grieta.org.mx\/index.php\/2018\/08\/15\/amenazan-con-cerrar-escuela-rural-campeche\/","url_meta":{"origin":68293,"position":0},"title":"Amenazan con cerrar escuela rural (Campeche)","author":"grieta","date":"15 agosto, 2018","format":false,"excerpt":"HECELCHAK\u00c1N. En un caso inusual en donde la Escuela Normal Rural \u201cJusto Sierra M\u00e9ndez\u201d, neg\u00f3 el derecho a la educaci\u00f3n a pobladores de la comunidad de Hecelchak\u00e1n, alumnos colocaron una manta en demanda de una matr\u00edcula de 100 estudiantes de nuevo ingreso para el nuevo ciclo escolar 2018-2019, los directivos\u2026","rel":"","context":"En &quot;Campeche&quot;","block_context":{"text":"Campeche","link":"https:\/\/www.grieta.org.mx\/index.php\/category\/noticias-nacionales\/campeche\/"},"img":{"alt_text":"","src":"http:\/\/www.grieta.org.mx\/wp-content\/uploads\/2018\/08\/Campeche-Hoy-Hecelchaka?n-640x480.jpg","width":350,"height":200,"srcset":"http:\/\/www.grieta.org.mx\/wp-content\/uploads\/2018\/08\/Campeche-Hoy-Hecelchaka?n-640x480.jpg 1x, http:\/\/www.grieta.org.mx\/wp-content\/uploads\/2018\/08\/Campeche-Hoy-Hecelchaka?n-640x480.jpg 1.5x"},"classes":[]},{"id":6364,"url":"https:\/\/www.grieta.org.mx\/index.php\/2016\/02\/12\/por-falta-de-maestros-padres-toman-escuela\/","url_meta":{"origin":68293,"position":1},"title":"Por falta de maestros padres toman escuela","author":"grieta","date":"12 febrero, 2016","format":false,"excerpt":"Redacci\u00f3n Diario Avance C\u00c1RDENAS, TAB.- Ante el incumplimiento de la Secretaria de Educaci\u00f3n (SE), por asignarle un maestro a la escuela tele secundaria \u201cLuis Ram\u00f3n Su\u00e1rez\u201d, del ejido Habanero, primera secci\u00f3n padres de familia y alumnos del plantel educativo tomaron las instalaciones educativas por tiempo indefinido en se\u00f1al de protesta.\u2026","rel":"","context":"En &quot;CINTILLO&quot;","block_context":{"text":"CINTILLO","link":"https:\/\/www.grieta.org.mx\/index.php\/category\/cintillo\/"},"img":{"alt_text":"","src":"https:\/\/i0.wp.com\/www.grieta.org.mx\/wp-content\/uploads\/2018\/03\/14524434_1106112876131411_958039263622046936_o.jpg?resize=350%2C200&ssl=1","width":350,"height":200,"srcset":"https:\/\/i0.wp.com\/www.grieta.org.mx\/wp-content\/uploads\/2018\/03\/14524434_1106112876131411_958039263622046936_o.jpg?resize=350%2C200&ssl=1 1x, https:\/\/i0.wp.com\/www.grieta.org.mx\/wp-content\/uploads\/2018\/03\/14524434_1106112876131411_958039263622046936_o.jpg?resize=525%2C300&ssl=1 1.5x, https:\/\/i0.wp.com\/www.grieta.org.mx\/wp-content\/uploads\/2018\/03\/14524434_1106112876131411_958039263622046936_o.jpg?resize=700%2C400&ssl=1 2x"},"classes":[]},{"id":14549,"url":"https:\/\/www.grieta.org.mx\/index.php\/2016\/06\/16\/padres-de-familia-cierran-escuela-primaria-en-chetumal-no-reconocen-calificaciones-de-maestro-cesado-y-los-ninos-pierden\/","url_meta":{"origin":68293,"position":2},"title":"Padres de familia cierran escuela primaria en Chetumal; no reconocen calificaciones de maestro cesado y los ni\u00f1os pierden","author":"grieta","date":"16 junio, 2016","format":false,"excerpt":"CHETUMAL, MX.- Ante el rechazo de la Secretar\u00eda de Educaci\u00f3n y Cultura del Estado de validar las calificaciones a los alumnos del docente Daniel Castro Casta\u00f1eda, quien fue dado de baja del sistema educativo por no presentar la evaluaci\u00f3n magisterial, padres de familias de la escuela primaria Fidel Vel\u00e1zquez de\u2026","rel":"","context":"En &quot;CINTILLO&quot;","block_context":{"text":"CINTILLO","link":"https:\/\/www.grieta.org.mx\/index.php\/category\/cintillo\/"},"img":{"alt_text":"","src":"https:\/\/i0.wp.com\/www.grieta.org.mx\/wp-content\/uploads\/2018\/03\/14524434_1106112876131411_958039263622046936_o.jpg?resize=350%2C200&ssl=1","width":350,"height":200,"srcset":"https:\/\/i0.wp.com\/www.grieta.org.mx\/wp-content\/uploads\/2018\/03\/14524434_1106112876131411_958039263622046936_o.jpg?resize=350%2C200&ssl=1 1x, https:\/\/i0.wp.com\/www.grieta.org.mx\/wp-content\/uploads\/2018\/03\/14524434_1106112876131411_958039263622046936_o.jpg?resize=525%2C300&ssl=1 1.5x, https:\/\/i0.wp.com\/www.grieta.org.mx\/wp-content\/uploads\/2018\/03\/14524434_1106112876131411_958039263622046936_o.jpg?resize=700%2C400&ssl=1 2x"},"classes":[]},{"id":67711,"url":"https:\/\/www.grieta.org.mx\/index.php\/2023\/09\/01\/cierran-primaria-por-falta-de-maestros-yucatan\/","url_meta":{"origin":68293,"position":3},"title":"Cierran primaria por falta de maestros (Yucat\u00e1n)","author":"grieta","date":"1 septiembre, 2023","format":false,"excerpt":"Yucat\u00e1n Ahora Padres de familia de la escuela primaria \u201cErmilo Abreu G\u00f3mez\u201d, de la colonia M\u00e9xico Oriente, cerraron el plantel como protesta por la falta de maestros que les aqueja desde hace a\u00f1os. Seg\u00fan Karina G\u00f3mez, una de las personas que protestaron, la escuela inici\u00f3 el curso con dos maestros\u2026","rel":"","context":"En &quot;CINTILLO&quot;","block_context":{"text":"CINTILLO","link":"https:\/\/www.grieta.org.mx\/index.php\/category\/cintillo\/"},"img":{"alt_text":"","src":"https:\/\/i0.wp.com\/www.grieta.org.mx\/wp-content\/uploads\/2023\/09\/Primaria-e1694448335769.jpg?resize=350%2C200&ssl=1","width":350,"height":200,"srcset":"https:\/\/i0.wp.com\/www.grieta.org.mx\/wp-content\/uploads\/2023\/09\/Primaria-e1694448335769.jpg?resize=350%2C200&ssl=1 1x, https:\/\/i0.wp.com\/www.grieta.org.mx\/wp-content\/uploads\/2023\/09\/Primaria-e1694448335769.jpg?resize=525%2C300&ssl=1 1.5x, https:\/\/i0.wp.com\/www.grieta.org.mx\/wp-content\/uploads\/2023\/09\/Primaria-e1694448335769.jpg?resize=700%2C400&ssl=1 2x"},"classes":[]},{"id":6367,"url":"https:\/\/www.grieta.org.mx\/index.php\/2016\/02\/09\/segundo-dia-de-protestas-en-escuelas-por-falta-de-maestros\/","url_meta":{"origin":68293,"position":4},"title":"Segundo d\u00eda de protestas en escuelas por falta de maestros","author":"grieta","date":"9 febrero, 2016","format":false,"excerpt":"Tabasco Hoy 09\/02\/2016 14:49 \/ Centro, Tabasco Padres de familia de diversas escuelas de los municipios de Centro, C\u00e1rdenas y Cunduac\u00e1n realizaron este d\u00eda protestas por la falta de docentes en los centros educativos, lo cual causa afectaci\u00f3n al aprendizaje de sus hijos. Este es el segundo d\u00eda que las\u2026","rel":"","context":"En &quot;CINTILLO&quot;","block_context":{"text":"CINTILLO","link":"https:\/\/www.grieta.org.mx\/index.php\/category\/cintillo\/"},"img":{"alt_text":"","src":"https:\/\/i0.wp.com\/www.grieta.org.mx\/wp-content\/uploads\/2018\/03\/14524434_1106112876131411_958039263622046936_o.jpg?resize=350%2C200&ssl=1","width":350,"height":200,"srcset":"https:\/\/i0.wp.com\/www.grieta.org.mx\/wp-content\/uploads\/2018\/03\/14524434_1106112876131411_958039263622046936_o.jpg?resize=350%2C200&ssl=1 1x, https:\/\/i0.wp.com\/www.grieta.org.mx\/wp-content\/uploads\/2018\/03\/14524434_1106112876131411_958039263622046936_o.jpg?resize=525%2C300&ssl=1 1.5x, https:\/\/i0.wp.com\/www.grieta.org.mx\/wp-content\/uploads\/2018\/03\/14524434_1106112876131411_958039263622046936_o.jpg?resize=700%2C400&ssl=1 2x"},"classes":[]},{"id":20875,"url":"https:\/\/www.grieta.org.mx\/index.php\/2016\/08\/31\/protestan-padres-de-familia-de-escuela-en-jiutepec-mor-por-falta-de-maestro\/","url_meta":{"origin":68293,"position":5},"title":"Protestan padres de familia de escuela en Jiutepec (MOR) por falta de maestro","author":"grieta","date":"31 agosto, 2016","format":false,"excerpt":"Tlaulli Preciado, Morelos. Jiutepec, Morelos.- Contin\u00faan las protestas por la falta de maestros en escuelas, no obstante que el director del Instituto de la Educaci\u00f3n B\u00e1sica del Estado de Morelos (IEBEM), Fernando Pacheco God\u00ednez, hab\u00eda asegurado que desde el lunes este problema iba a quedar resuelto. Padres de familia de\u2026","rel":"","context":"En &quot;CINTILLO&quot;","block_context":{"text":"CINTILLO","link":"https:\/\/www.grieta.org.mx\/index.php\/category\/cintillo\/"},"img":{"alt_text":"","src":"https:\/\/i0.wp.com\/www.grieta.org.mx\/wp-content\/uploads\/2018\/03\/14524434_1106112876131411_958039263622046936_o.jpg?resize=350%2C200&ssl=1","width":350,"height":200,"srcset":"https:\/\/i0.wp.com\/www.grieta.org.mx\/wp-content\/uploads\/2018\/03\/14524434_1106112876131411_958039263622046936_o.jpg?resize=350%2C200&ssl=1 1x, https:\/\/i0.wp.com\/www.grieta.org.mx\/wp-content\/uploads\/2018\/03\/14524434_1106112876131411_958039263622046936_o.jpg?resize=525%2C300&ssl=1 1.5x, https:\/\/i0.wp.com\/www.grieta.org.mx\/wp-content\/uploads\/2018\/03\/14524434_1106112876131411_958039263622046936_o.jpg?resize=700%2C400&ssl=1 2x"},"classes":[]}],"_links":{"self":[{"href":"https:\/\/www.grieta.org.mx\/index.php\/wp-json\/wp\/v2\/posts\/68293","targetHints":{"allow":["GET"]}}],"collection":[{"href":"https:\/\/www.grieta.org.mx\/index.php\/wp-json\/wp\/v2\/posts"}],"about":[{"href":"https:\/\/www.grieta.org.mx\/index.php\/wp-json\/wp\/v2\/types\/post"}],"author":[{"embeddable":true,"href":"https:\/\/www.grieta.org.mx\/index.php\/wp-json\/wp\/v2\/users\/2"}],"replies":[{"embeddable":true,"href":"https:\/\/www.grieta.org.mx\/index.php\/wp-json\/wp\/v2\/comments?post=68293"}],"version-history":[{"count":1,"href":"https:\/\/www.grieta.org.mx\/index.php\/wp-json\/wp\/v2\/posts\/68293\/revisions"}],"predecessor-version":[{"id":68295,"href":"https:\/\/www.grieta.org.mx\/index.php\/wp-json\/wp\/v2\/posts\/68293\/revisions\/68295"}],"wp:featuredmedia":[{"embeddable":true,"href":"https:\/\/www.grieta.org.mx\/index.php\/wp-json\/wp\/v2\/media\/68294"}],"wp:attachment":[{"href":"https:\/\/www.grieta.org.mx\/index.php\/wp-json\/wp\/v2\/media?parent=68293"}],"wp:term":[{"taxonomy":"category","embeddable":true,"href":"https:\/\/www.grieta.org.mx\/index.php\/wp-json\/wp\/v2\/categories?post=68293"},{"taxonomy":"post_tag","embeddable":true,"href":"https:\/\/www.grieta.org.mx\/index.php\/wp-json\/wp\/v2\/tags?post=68293"}],"curies":[{"name":"wp","href":"https:\/\/api.w.org\/{rel}","templated":true}]}}