{"id":68288,"date":"2023-12-25T00:31:31","date_gmt":"2023-12-25T06:31:31","guid":{"rendered":"http:\/\/www.grieta.org.mx\/?p=68288"},"modified":"2024-11-11T18:53:08","modified_gmt":"2024-11-12T00:53:08","slug":"invitacion-al-treinta-aniversario-del-inicio-de-la-guerra-contra-el-olvido","status":"publish","type":"post","link":"https:\/\/www.grieta.org.mx\/index.php\/2023\/12\/25\/invitacion-al-treinta-aniversario-del-inicio-de-la-guerra-contra-el-olvido\/","title":{"rendered":"INVITACI\u00d3N AL TREINTA ANIVERSARIO DEL INICIO DE LA GUERRA CONTRA EL OLVIDO."},"content":{"rendered":"<p>Diciembre del 2023.<\/p>\n<p>Las comunidades zapatistas y el EZLN invitan a todas las personas, grupos, colectivos, asociaciones, organizaciones y movimientos firmantes de la llamada Declaraci\u00f3n por la Vida, a los pueblos originarios acuerpados en el Congreso Nacional Ind\u00edgena, a la Sexta Mundial, a las organizaciones no gubernamentales defensoras de los derechos humanos y, especialmente, a quienes tienen en la creaci\u00f3n art\u00edstica su destino, a la celebraci\u00f3n del treinta aniversario del inicio de la guerra contra el olvido.<\/p>\n<p>La celebraci\u00f3n ser\u00e1 los d\u00edas 30 y 31 de diciembre del 2023 y el 1 y 2 de enero del 2024. Los invitados podr\u00e1n llegar desde el d\u00eda 29, no antes de ese d\u00eda.<\/p>\n<p>El registro de asistentes ser\u00e1 en el CIDECI de San Crist\u00f3bal de Las Casas, Chiapas. Prensa, invitados y Congreso Nacional Ind\u00edgena se registran ah\u00ed, o directo en el caracol sede.<\/p>\n<p>La celebraci\u00f3n central del 30 aniversario ser\u00e1 en el Caracol \u201cResistencia y Rebeld\u00eda: Un Nuevo Horizonte\u201d, inaugurado hace 3 a\u00f1os en el poblado Dolores Hidalgo, fundado en tierra recuperada. Clima de templado a caluroso en el d\u00eda. De fresco a fr\u00edo en la noche- madrugada.<\/p>\n<p>Ubicaci\u00f3n: a una hora de la cabecera del municipio oficialista de Ocosingo, carretera a Monte L\u00edbano. A unas 4-5 horas desde San Crist\u00f3bal de las Casas. En Ocosingo hay hoteles de diferentes precios. Desde San Crist\u00f3bal, se recomienda la ruta por Chanal- Altamirano rumbo a la cabecera de Ocosingo. Luego agarrar la carretera a Monte L\u00edbano. Pasan el cuartel federal de Tonin\u00e1 y m\u00e1s adelante, siempre en la carretera a Monte L\u00edbano, habr\u00e1 letreros en los diferentes GALes que hay a pie de carretera. Desde Ocosingo, en una hora-hora y 20 minutos llegar\u00e1n al Caracol de la celebraci\u00f3n.<\/p>\n<p>Fechas: 30 y 31 de diciembre del 2023. Fiesta cultural con participaciones de la juventud y ni\u00f1ez zapatista. Habr\u00e1 obras de teatro, canciones, bailables y poes\u00edas. Baile en la tarde y noche.<\/p>\n<p>1 de enero del 2024. A las 00:00: palabras centrales zapatistas. En la tarde y noche participaciones culturales de familiares invitados de todo el mundo. Quienes tienen como vocaci\u00f3n el arte y la cultura podr\u00e1n presentar sus creaciones frente a las comunidades zapatistas e invitados los d\u00edas 1 y 2 de enero del 2024. Danza, Teatro, Cine, M\u00fasica, Murales, etc., ser\u00e1n bienvenidos.<\/p>\n<p>2 de enero del 2024. Participaciones culturales de familiares de todo el mundo. Baile.<\/p>\n<p>Se recomienda traer algo para poner entre el suelo y su maltrecha anatom\u00eda a la hora de dormir. Ac\u00e1, adem\u00e1s de digno, el suelo es duro.<\/p>\n<p>Habr\u00e1 servicio de internet por fichas, para que avisen a sus familiares que llegaron bien. Habr\u00e1 puestos no especializados de venta de alimentos (o sea que no hay puestos de comida vegana, ni vegetariana). Ah\u00ed lo vean.<\/p>\n<p>Las personas con r\u00e9gimen alimenticio y medicaci\u00f3n especiales, recomendamos traigan lo necesario. Habr\u00e1 servicio de ambulancia y atenci\u00f3n m\u00e9dica primaria.<\/p>\n<p>Para la asignaci\u00f3n de zonas de reposo y dormitorios, tienen preferencia las personas de juicio (lo que ustedes llaman \u201ctercera edad\u201d o \u201cedad dorada\u201d o \u201cancianos\u201d o \u201cpersonas en proceso de a\u00f1ejamiento\u201d), y los menores de edad.<\/p>\n<p>A los menores de edad se les avisa que est\u00e1 prohibido apedrear, acosar o cazar a las ballenas, unicornios, cocodrilos, dragones, perros, gatos, cuches, gallinas, gallos, conejos, vacas, bueyes (sin agraviar), mulas (sin agraviar), caballos, yeguas, borregos, bicicletas y otros animales fant\u00e1sticos que puedan encontrar. El 3 veces T \u201cComando Palomitas\u201d estar\u00e1 patrullando y vigilando que ning\u00fan ser vivo sea agredido de pensamiento, palabra u obra. En cambio, est\u00e1 permitido agredir a las piedras, siempre y cuando sea con la cabeza. Ah\u00ed lo vean.<\/p>\n<p>Les recordamos que en los territorios zapatistas est\u00e1 prohibido el consumo, comercio, trasiego y siembra de drogas. Igualmente, est\u00e1 prohibido el consumo de alcohol en cualquiera de sus formas.<\/p>\n<p>Tambi\u00e9n est\u00e1 prohibida la exhibici\u00f3n, distribuci\u00f3n, propaganda y apolog\u00eda de cualquiera de los partidos pol\u00edticos electorales de cualquier geograf\u00eda.<\/p>\n<p>Est\u00e1n prohibidas tambi\u00e9n las manifestaciones sexistas, religiosas, nacionalistas, racistas, ideol\u00f3gicas, pol\u00edticas y deportivas que promuevan la burla, el acoso, el hostigamiento, la agresi\u00f3n y la violencia en contra de las personas por su color, raza, orientaci\u00f3n sexual, religi\u00f3n, lengua, cultura, origen social, tama\u00f1o, nacionalidad, ideolog\u00eda, etc.<\/p>\n<p>La celebraci\u00f3n es de y para los pueblos zapatistas. Se exige respeto a nuestros usos y costumbres, a nuestros modos y tiempos, a nuestra lucha.<\/p>\n<p>Desde las monta\u00f1as del Sureste Mexicano.<\/p>\n<p>Subcomandante Insurgente Mois\u00e9s.<br \/>\nM\u00e9xico, diciembre del 2023.<\/p>\n<p><iframe loading=\"lazy\" src=\"https:\/\/player.vimeo.com\/video\/897645066?h=db037857e8\" width=\"640\" height=\"400\" frameborder=\"0\" allowfullscreen=\"allowfullscreen\" data-mce-fragment=\"1\">&lt;span<br \/>\n data-mce-type=&#8221;bookmark&#8221; style=&#8221;display: inline-block; width: 0px;<br \/>\noverflow: hidden; line-height: 0;&#8221;<br \/>\nclass=&#8221;mce_SELRES_start&#8221;&gt;\ufeff&lt;\/span&gt;<\/iframe><\/p>\n<p>&nbsp; Milicianos y milicianas zapatistas trabajando en el acondicionamiento del lugar para la celebraci\u00f3n de los 30 a\u00f1os.&nbsp; Taller zapatista de bicicletas.&nbsp; El 3 veces T \u201cComando Palomitas\u201d reforzado con la pelusa colocha en su ala canina.&nbsp; Im\u00e1genes cortes\u00eda de Los Tercios Compas, copyleft diciembre del 2023.&nbsp; M\u00fasica: <strong><em>Armad@s de Baile<\/em><\/strong>.&nbsp; Bossan\u00f3nimos. Original y Copla \u2117 2014 Bossan\u00f3nimos Released on: 2014-10-23<\/p>\n<p><a href=\"https:\/\/enlacezapatista.ezln.org.mx\/2023\/12\/24\/invitacion-al-treinta-aniversario-del-inicio-de-la-guerra-contra-el-olvido\/\" rel=\"noopener\" target=\"_blank\">https:\/\/enlacezapatista.ezln.org.mx\/2023\/12\/24\/invitacion-al-treinta-aniversario-del-inicio-de-la-guerra-contra-el-olvido\/<\/a><\/p>\n","protected":false},"excerpt":{"rendered":"<p>Diciembre del 2023. Las comunidades zapatistas y el EZLN invitan a todas las personas, grupos, colectivos, asociaciones, organizaciones y movimientos firmantes de la llamada Declaraci\u00f3n por la Vida, a los &hellip; <a href=\"https:\/\/www.grieta.org.mx\/index.php\/2023\/12\/25\/invitacion-al-treinta-aniversario-del-inicio-de-la-guerra-contra-el-olvido\/\" class=\"more-link\">Leer m\u00e1s<\/a><\/p>\n","protected":false},"author":1,"featured_media":68289,"comment_status":"closed","ping_status":"closed","sticky":false,"template":"","format":"standard","meta":{"ngg_post_thumbnail":0,"_jetpack_newsletter_access":"","_jetpack_dont_email_post_to_subs":false,"_jetpack_newsletter_tier_id":0,"_jetpack_memberships_contains_paywalled_content":false,"_jetpack_memberships_contains_paid_content":false,"footnotes":""},"categories":[80,74,907,2,78],"tags":[2839,466],"class_list":["post-68288","post","type-post","status-publish","format-standard","has-post-thumbnail","hentry","category-cintillo","category-ezln","category-ezln-2","category-noticias-nacionales","category-palabras-del-ezln","tag-comunicados-ezln","tag-ezln","entry"],"jetpack_featured_media_url":"https:\/\/www.grieta.org.mx\/wp-content\/uploads\/2023\/12\/Screenshot-2023-12-25-at-00-29-07-Enlace-Zapatista.jpg","jetpack_sharing_enabled":true,"jetpack_shortlink":"https:\/\/wp.me\/p7ZJR4-hLq","jetpack_likes_enabled":false,"jetpack-related-posts":[{"id":68186,"url":"https:\/\/www.grieta.org.mx\/index.php\/2023\/12\/04\/quinceava-parte-de-noche-y-a-toda-luz\/","url_meta":{"origin":68288,"position":0},"title":"Quinceava Parte: De noche y a toda luz\u2026","author":"grieta","date":"4 diciembre, 2023","format":false,"excerpt":"https:\/\/vimeo.com\/891306166 \u00a0 Im\u00e1genes de trabajos artesanales de insurgentas e insurgentes en preparativos para la celebraci\u00f3n de los 30 a\u00f1os del inicio de la guerra contra el olvido. Fotos y videos cortes\u00eda de Los Tercios Compas. Copyleft; diciembre del 2023. M\u00fasica Dan Dan Kokoro Hikareteku (Mi coraz\u00f3n encantado), Piano: RuRu Violin:\u2026","rel":"","context":"En &quot;CINTILLO&quot;","block_context":{"text":"CINTILLO","link":"https:\/\/www.grieta.org.mx\/index.php\/category\/cintillo\/"},"img":{"alt_text":"","src":"https:\/\/i0.wp.com\/www.grieta.org.mx\/wp-content\/uploads\/2023\/12\/Diapositiva1.jpeg?resize=350%2C200&ssl=1","width":350,"height":200,"srcset":"https:\/\/i0.wp.com\/www.grieta.org.mx\/wp-content\/uploads\/2023\/12\/Diapositiva1.jpeg?resize=350%2C200&ssl=1 1x, https:\/\/i0.wp.com\/www.grieta.org.mx\/wp-content\/uploads\/2023\/12\/Diapositiva1.jpeg?resize=525%2C300&ssl=1 1.5x, https:\/\/i0.wp.com\/www.grieta.org.mx\/wp-content\/uploads\/2023\/12\/Diapositiva1.jpeg?resize=700%2C400&ssl=1 2x"},"classes":[]},{"id":68222,"url":"https:\/\/www.grieta.org.mx\/index.php\/2023\/12\/05\/dieciseisava-parte-bertold-brecht-las-cumbias-y-la-no-existencia\/","url_meta":{"origin":68288,"position":1},"title":"Dieciseisava Parte: Bertold Brecht, las Cumbias y la No-Existencia.","author":"grieta","date":"5 diciembre, 2023","format":false,"excerpt":"J\u00f3venas y j\u00f3venes zapatistas practicando un bailable-teatro-cumbiero para la celebraci\u00f3n de los 30 a\u00f1os del inicio de la guerra contra el olvido. S\u00ed, nosotros tampoco entendemos c\u00f3mo es posible, si dicen que toda la juventud zapatista se fue al norte y ya no hay j\u00f3venes -ni tampoco zapatistas en general-\u2026","rel":"","context":"En &quot;CINTILLO&quot;","block_context":{"text":"CINTILLO","link":"https:\/\/www.grieta.org.mx\/index.php\/category\/cintillo\/"},"img":{"alt_text":"","src":"https:\/\/i0.wp.com\/www.grieta.org.mx\/wp-content\/uploads\/2023\/12\/Captura-de-pantalla-2023-12-07-213253.png?resize=350%2C200&ssl=1","width":350,"height":200,"srcset":"https:\/\/i0.wp.com\/www.grieta.org.mx\/wp-content\/uploads\/2023\/12\/Captura-de-pantalla-2023-12-07-213253.png?resize=350%2C200&ssl=1 1x, https:\/\/i0.wp.com\/www.grieta.org.mx\/wp-content\/uploads\/2023\/12\/Captura-de-pantalla-2023-12-07-213253.png?resize=525%2C300&ssl=1 1.5x, https:\/\/i0.wp.com\/www.grieta.org.mx\/wp-content\/uploads\/2023\/12\/Captura-de-pantalla-2023-12-07-213253.png?resize=700%2C400&ssl=1 2x"},"classes":[]},{"id":68236,"url":"https:\/\/www.grieta.org.mx\/index.php\/2023\/12\/10\/dieciochoava-parte-la-rabia\/","url_meta":{"origin":68288,"position":2},"title":"Dieciochoava Parte: La Rabia.","author":"grieta","date":"10 diciembre, 2023","format":false,"excerpt":"Dieciochoava Parte: La Rabia. \u00bfSe hereda?\u00a0 \u00bfSe adquiere? \u00bfSe cultiva?\u00a0 \u00bfSe pierde?\u00a0 \u00bfSe transforma?\u00a0 \u00bfSe contagia?\u00a0 \u00bfPor cu\u00e1les canales se trasmite?\u00a0 \u00bfC\u00f3mo se hace colectiva?\u00a0 \u00bfEs creativa? \u00bfEn qu\u00e9 momento se convierte en digna?\u00a0 \u00bfCu\u00e1ndo empieza a distanciarse del rencor y la venganza?\u00a0 \u00bfSe acerca a la justicia? \u00bfC\u00f3mo es\u2026","rel":"","context":"En &quot;CINTILLO&quot;","block_context":{"text":"CINTILLO","link":"https:\/\/www.grieta.org.mx\/index.php\/category\/cintillo\/"},"img":{"alt_text":"","src":"https:\/\/i0.wp.com\/www.grieta.org.mx\/wp-content\/uploads\/2023\/12\/Captura-de-pantalla-2023-12-10-142019.png?resize=350%2C200&ssl=1","width":350,"height":200,"srcset":"https:\/\/i0.wp.com\/www.grieta.org.mx\/wp-content\/uploads\/2023\/12\/Captura-de-pantalla-2023-12-10-142019.png?resize=350%2C200&ssl=1 1x, https:\/\/i0.wp.com\/www.grieta.org.mx\/wp-content\/uploads\/2023\/12\/Captura-de-pantalla-2023-12-10-142019.png?resize=525%2C300&ssl=1 1.5x, https:\/\/i0.wp.com\/www.grieta.org.mx\/wp-content\/uploads\/2023\/12\/Captura-de-pantalla-2023-12-10-142019.png?resize=700%2C400&ssl=1 2x"},"classes":[]},{"id":40992,"url":"https:\/\/www.grieta.org.mx\/index.php\/2019\/11\/06\/combo-por-la-vida-diciembre-de-resistencia-y-rebeldia\/","url_meta":{"origin":68288,"position":3},"title":"COMBO POR LA VIDA: DICIEMBRE DE RESISTENCIA Y REBELD\u00cdA","author":"grieta","date":"6 noviembre, 2019","format":false,"excerpt":"COMISI\u00d3N SEXTA DEL EZLN. M\u00e9xico. \u00a0 Noviembre del 2019. A las mujeres que luchan en todo el mundo: Al Congreso Nacional Ind\u00edgena-Concejo Ind\u00edgena de Gobierno: A la Sexta Nacional e Internacional. A las Redes en Resistencia y Rebeld\u00eda o como se llamen: A quienes se sientan convocad@s a alguna de\u2026","rel":"","context":"En &quot;CINTILLO&quot;","block_context":{"text":"CINTILLO","link":"https:\/\/www.grieta.org.mx\/index.php\/category\/cintillo\/"},"img":{"alt_text":"","src":"https:\/\/i0.wp.com\/www.grieta.org.mx\/wp-content\/uploads\/2018\/03\/14524434_1106112876131411_958039263622046936_o.jpg?resize=350%2C200&ssl=1","width":350,"height":200,"srcset":"https:\/\/i0.wp.com\/www.grieta.org.mx\/wp-content\/uploads\/2018\/03\/14524434_1106112876131411_958039263622046936_o.jpg?resize=350%2C200&ssl=1 1x, https:\/\/i0.wp.com\/www.grieta.org.mx\/wp-content\/uploads\/2018\/03\/14524434_1106112876131411_958039263622046936_o.jpg?resize=525%2C300&ssl=1 1.5x, https:\/\/i0.wp.com\/www.grieta.org.mx\/wp-content\/uploads\/2018\/03\/14524434_1106112876131411_958039263622046936_o.jpg?resize=700%2C400&ssl=1 2x"},"classes":[]},{"id":70981,"url":"https:\/\/www.grieta.org.mx\/index.php\/2025\/02\/16\/alto-a-los-ataques-contra-la-ucizoni-pronunciamiento-del-congreso-nacional-indigena-y-el-ezln-en-apoyo-a-quienes-resisten-en-el-istmo\/","url_meta":{"origin":68288,"position":4},"title":"ALTO A LOS ATAQUES CONTRA LA UCIZONI. PRONUNCIAMIENTO DEL CONGRESO NACIONAL IND\u00cdGENA Y EL EZLN EN APOYO A QUIENES RESISTEN EN EL ISTMO","author":"grieta","date":"16 febrero, 2025","format":false,"excerpt":"ALTO A LOS ATAQUES CONTRA LA UCIZONI PRONUNCIAMIENTO DEL CONGRESO NACIONAL IND\u00cdGENA Y EL EZLN EN APOYO A QUIENES RESISTEN EN EL ISTMO. A los pueblos ind\u00edgenas de M\u00e9xico y del mundo A las organizaciones en resistencia A la sociedad civil nacional e internacional Hermanas y hermanos: Desde el Congreso\u2026","rel":"","context":"En &quot;CINTILLO&quot;","block_context":{"text":"CINTILLO","link":"https:\/\/www.grieta.org.mx\/index.php\/category\/cintillo\/"},"img":{"alt_text":"","src":"https:\/\/i0.wp.com\/www.grieta.org.mx\/wp-content\/uploads\/2025\/02\/ucizoni.png?resize=350%2C200&ssl=1","width":350,"height":200,"srcset":"https:\/\/i0.wp.com\/www.grieta.org.mx\/wp-content\/uploads\/2025\/02\/ucizoni.png?resize=350%2C200&ssl=1 1x, https:\/\/i0.wp.com\/www.grieta.org.mx\/wp-content\/uploads\/2025\/02\/ucizoni.png?resize=525%2C300&ssl=1 1.5x, https:\/\/i0.wp.com\/www.grieta.org.mx\/wp-content\/uploads\/2025\/02\/ucizoni.png?resize=700%2C400&ssl=1 2x"},"classes":[]},{"id":68218,"url":"https:\/\/www.grieta.org.mx\/index.php\/2023\/12\/06\/diecisieteava-parte-nunca-mas\/","url_meta":{"origin":68288,"position":5},"title":"Diecisieteava parte: Nunca M\u00e1s\u2026","author":"grieta","date":"6 diciembre, 2023","format":false,"excerpt":"Diecisieteava parte: Nunca M\u00e1s\u2026 Tercios Compas y El Capit\u00e1n. La memoria no es s\u00f3lo el alimento de la digna rabia, es tambi\u00e9n ra\u00edz del \u00e1rbol de la dignidad y la rebeld\u00eda. En el caso de los pueblos originarios, es una ra\u00edz que se hunde en siglos de oscuridad, y que,\u2026","rel":"","context":"En &quot;CINTILLO&quot;","block_context":{"text":"CINTILLO","link":"https:\/\/www.grieta.org.mx\/index.php\/category\/cintillo\/"},"img":{"alt_text":"","src":"https:\/\/i0.wp.com\/www.grieta.org.mx\/wp-content\/uploads\/2023\/12\/Screenshot-2023-12-06-at-20-24-08-Enlace-Zapatista.png?resize=350%2C200&ssl=1","width":350,"height":200,"srcset":"https:\/\/i0.wp.com\/www.grieta.org.mx\/wp-content\/uploads\/2023\/12\/Screenshot-2023-12-06-at-20-24-08-Enlace-Zapatista.png?resize=350%2C200&ssl=1 1x, https:\/\/i0.wp.com\/www.grieta.org.mx\/wp-content\/uploads\/2023\/12\/Screenshot-2023-12-06-at-20-24-08-Enlace-Zapatista.png?resize=525%2C300&ssl=1 1.5x, https:\/\/i0.wp.com\/www.grieta.org.mx\/wp-content\/uploads\/2023\/12\/Screenshot-2023-12-06-at-20-24-08-Enlace-Zapatista.png?resize=700%2C400&ssl=1 2x, https:\/\/i0.wp.com\/www.grieta.org.mx\/wp-content\/uploads\/2023\/12\/Screenshot-2023-12-06-at-20-24-08-Enlace-Zapatista.png?resize=1050%2C600&ssl=1 3x"},"classes":[]}],"_links":{"self":[{"href":"https:\/\/www.grieta.org.mx\/index.php\/wp-json\/wp\/v2\/posts\/68288","targetHints":{"allow":["GET"]}}],"collection":[{"href":"https:\/\/www.grieta.org.mx\/index.php\/wp-json\/wp\/v2\/posts"}],"about":[{"href":"https:\/\/www.grieta.org.mx\/index.php\/wp-json\/wp\/v2\/types\/post"}],"author":[{"embeddable":true,"href":"https:\/\/www.grieta.org.mx\/index.php\/wp-json\/wp\/v2\/users\/1"}],"replies":[{"embeddable":true,"href":"https:\/\/www.grieta.org.mx\/index.php\/wp-json\/wp\/v2\/comments?post=68288"}],"version-history":[{"count":1,"href":"https:\/\/www.grieta.org.mx\/index.php\/wp-json\/wp\/v2\/posts\/68288\/revisions"}],"predecessor-version":[{"id":70460,"href":"https:\/\/www.grieta.org.mx\/index.php\/wp-json\/wp\/v2\/posts\/68288\/revisions\/70460"}],"wp:featuredmedia":[{"embeddable":true,"href":"https:\/\/www.grieta.org.mx\/index.php\/wp-json\/wp\/v2\/media\/68289"}],"wp:attachment":[{"href":"https:\/\/www.grieta.org.mx\/index.php\/wp-json\/wp\/v2\/media?parent=68288"}],"wp:term":[{"taxonomy":"category","embeddable":true,"href":"https:\/\/www.grieta.org.mx\/index.php\/wp-json\/wp\/v2\/categories?post=68288"},{"taxonomy":"post_tag","embeddable":true,"href":"https:\/\/www.grieta.org.mx\/index.php\/wp-json\/wp\/v2\/tags?post=68288"}],"curies":[{"name":"wp","href":"https:\/\/api.w.org\/{rel}","templated":true}]}}