{"id":68284,"date":"2023-11-30T17:11:27","date_gmt":"2023-11-30T23:11:27","guid":{"rendered":"https:\/\/www.grieta.org.mx\/?p=68284"},"modified":"2023-12-24T17:18:30","modified_gmt":"2023-12-24T23:18:30","slug":"desaparecen-17-mujeres-en-colima-9-son-menores-de-edad-colima","status":"publish","type":"post","link":"https:\/\/www.grieta.org.mx\/index.php\/2023\/11\/30\/desaparecen-17-mujeres-en-colima-9-son-menores-de-edad-colima\/","title":{"rendered":"Desaparecen 17 mujeres en Colima, 9 son menores de edad (Colima)"},"content":{"rendered":"<p>Imagen: Diario Avanzada<\/p>\n<p>Heidi de Le\u00f3n Guti\u00e9rrez \/ Diario Avanzada<\/p>\n<p>Colima, M\u00e9xico, Avanzada (28\/11\/2023).- Diecisiete mujeres desaparecieron en el estado de Colima durante los meses de octubre y noviembre, sin que la autoridad detalle informaci\u00f3n sobre las l\u00edneas de investigaci\u00f3n que siguen para localizarlas.<\/p>\n<p>El sistema de Alerta Alba de la Fiscal\u00eda General del Estado (FGE) revela que, hasta el momento, las autoridades de procuraci\u00f3n de justicia no han localizado de ninguna de estas mujeres desaparecidas. En octubre se registraron ocho casos, mientras que en noviembre se sumaron nueve m\u00e1s. De estas 17 desapariciones, nueve afectan a menores de edad, incluyendo dos casos de madre e hija v\u00edctimas de este delito.<\/p>\n<p>Las Alertas Alba emitidas por la FGE permanecen vigentes para todos los casos, se\u00f1alando la gravedad de la situaci\u00f3n al tratarse de asuntos no resueltos. Entre las mujeres cuyo paradero a\u00fan se desconoce en noviembre se encuentran Karina Gonz\u00e1lez Calvillo, Noelia Pineda Caballero, de 30 a\u00f1os, y Maritza Gallardo Castillo, de 15 a\u00f1os. Tambi\u00e9n Arely Lizeth Ramos S\u00e1nchez, de 23 a\u00f1os, y su hija Regina Rinc\u00f3n Ramos, de 5 meses, quienes fueron vistas por \u00faltima vez en Colima.<\/p>\n<p>En octubre, Jocelyn Godoy Alvarado, de 15 a\u00f1os, desapareci\u00f3 en Manzanillo, junto con Blanca Marisela Cort\u00e9s Pe\u00f1a, de 38 a\u00f1os, en la capital del estado. En noviembre tambi\u00e9n se suma el caso de Dana Paola C\u00e1rdenas Castillo, de 16 a\u00f1os, desaparecida en la ciudad de Villa de \u00c1lvarez.<\/p>\n<p>En el mismo mes, se report\u00f3 la desaparici\u00f3n de Maritza Adilene Jim\u00e9nez, de 14 a\u00f1os, y Sara Novaly Alcal\u00e1 M\u00e9ndez, de 16 a\u00f1os, ambas en la ciudad de Colima. Permanecen sin resolver los casos de Mar\u00eda del Refugio Delgado Preciado, Norma Sof\u00eda Alc\u00e1ntar C\u00e1rdenas, Alejandra Jim\u00e9nez Infante, Fabiola Lizeth \u00c1lvarez Gonz\u00e1lez, Viridiana Horta P\u00e9rez y su hija Valentina Vargas Horta, Jenifer Guadalupe Raya Quiroz, todas desaparecidas en diferentes municipios de la entidad.<\/p>\n<p>La Alerta Alba por Jenifer Guadalupe Raya Quiroz, de 17 a\u00f1os, tambi\u00e9n sigue vigente tras su desaparici\u00f3n en Colima.<\/p>\n<p><a href=\"https:\/\/diarioavanzada.com.mx\/?p=50967\">https:\/\/diarioavanzada.com.mx\/?p=50967<\/a><\/p>\n","protected":false},"excerpt":{"rendered":"<p>Imagen: Diario Avanzada Heidi de Le\u00f3n Guti\u00e9rrez \/ Diario Avanzada Colima, M\u00e9xico, Avanzada (28\/11\/2023).- Diecisiete mujeres desaparecieron en el estado de Colima durante los meses de octubre y noviembre, sin &hellip; <a href=\"https:\/\/www.grieta.org.mx\/index.php\/2023\/11\/30\/desaparecen-17-mujeres-en-colima-9-son-menores-de-edad-colima\/\" class=\"more-link\">Leer m\u00e1s<\/a><\/p>\n","protected":false},"author":2,"featured_media":68285,"comment_status":"closed","ping_status":"closed","sticky":false,"template":"","format":"standard","meta":{"ngg_post_thumbnail":0,"_jetpack_newsletter_access":"","_jetpack_dont_email_post_to_subs":false,"_jetpack_newsletter_tier_id":0,"_jetpack_memberships_contains_paywalled_content":false,"_jetpack_memberships_contains_paid_content":false,"footnotes":""},"categories":[80,13,87,1829,2,83],"tags":[3700,631,3775,1434,1630],"class_list":["post-68284","post","type-post","status-publish","format-standard","has-post-thumbnail","hentry","category-cintillo","category-colima","category-desaparecidos","category-desaparecidos-en-colima","category-noticias-nacionales","category-temas-nacionales","tag-aumento-desaparecidos","tag-desaparecidas","tag-estadisticas-de-desaparecidos","tag-ninas-desaparecidas","tag-violencia-contra-las-mujeres","entry"],"jetpack_featured_media_url":"https:\/\/www.grieta.org.mx\/wp-content\/uploads\/2023\/12\/Imagen-de-WhatsApp-2023-11-30-a-las-14.26.12_49d5d050-1200x1500-1.webp","jetpack_sharing_enabled":true,"jetpack_shortlink":"https:\/\/wp.me\/p7ZJR4-hLm","jetpack_likes_enabled":false,"jetpack-related-posts":[{"id":71644,"url":"https:\/\/www.grieta.org.mx\/index.php\/2025\/04\/14\/jovenes-y-en-edad-reproductiva-mayoria-de-desaparecidos-en-colima\/","url_meta":{"origin":68284,"position":0},"title":"J\u00f3venes y en edad reproductiva: mayor\u00eda de desaparecidos en Colima","author":"grieta","date":"14 abril, 2025","format":false,"excerpt":"Imagen: Diario Avanzada Heidi de Le\u00f3n Guti\u00e9rrez \/ Diario Avanzada Colima, M\u00e9xico, Avanzada (16\/04\/2025).- La mayor parte de las personas desaparecidas en el estado de Colima se encuentra en edad productiva, seg\u00fan datos del Registro Nacional de Personas Desaparecidas y No Localizadas (RNPDNO), lo que sugiere que muchas de las\u2026","rel":"","context":"En &quot;CINTILLO&quot;","block_context":{"text":"CINTILLO","link":"https:\/\/www.grieta.org.mx\/index.php\/category\/cintillo\/"},"img":{"alt_text":"","src":"https:\/\/i0.wp.com\/www.grieta.org.mx\/wp-content\/uploads\/2025\/05\/img_0467-1.jpg?resize=350%2C200&ssl=1","width":350,"height":200,"srcset":"https:\/\/i0.wp.com\/www.grieta.org.mx\/wp-content\/uploads\/2025\/05\/img_0467-1.jpg?resize=350%2C200&ssl=1 1x, https:\/\/i0.wp.com\/www.grieta.org.mx\/wp-content\/uploads\/2025\/05\/img_0467-1.jpg?resize=525%2C300&ssl=1 1.5x, https:\/\/i0.wp.com\/www.grieta.org.mx\/wp-content\/uploads\/2025\/05\/img_0467-1.jpg?resize=700%2C400&ssl=1 2x, https:\/\/i0.wp.com\/www.grieta.org.mx\/wp-content\/uploads\/2025\/05\/img_0467-1.jpg?resize=1050%2C600&ssl=1 3x"},"classes":[]},{"id":64403,"url":"https:\/\/www.grieta.org.mx\/index.php\/2022\/06\/06\/rebasa-colima-la-cifra-de-cuatro-mil-personas-desaparecidas\/","url_meta":{"origin":68284,"position":1},"title":"Rebasa Colima la cifra de cuatro mil personas desaparecidas","author":"grieta","date":"6 junio, 2022","format":false,"excerpt":"Imagen: Diario Avanzada Redacci\u00f3n \/ Diario Avanzada Colima, M\u00e9xico, Avanzada (06\/06\/2022).- Colima lleg\u00f3 a la cifra de 4 mil 011 personas desaparecidas, de las que 2 mil 562 (63.87 por ciento) han sido localizadas, 2 mil 339 con vida y 223 sin vida, de acuerdo con datos del Registro Nacional\u2026","rel":"","context":"En &quot;CINTILLO&quot;","block_context":{"text":"CINTILLO","link":"https:\/\/www.grieta.org.mx\/index.php\/category\/cintillo\/"},"img":{"alt_text":"","src":"https:\/\/i0.wp.com\/www.grieta.org.mx\/wp-content\/uploads\/2022\/06\/image-7-1024x1024-1.png?resize=350%2C200&ssl=1","width":350,"height":200,"srcset":"https:\/\/i0.wp.com\/www.grieta.org.mx\/wp-content\/uploads\/2022\/06\/image-7-1024x1024-1.png?resize=350%2C200&ssl=1 1x, https:\/\/i0.wp.com\/www.grieta.org.mx\/wp-content\/uploads\/2022\/06\/image-7-1024x1024-1.png?resize=525%2C300&ssl=1 1.5x, https:\/\/i0.wp.com\/www.grieta.org.mx\/wp-content\/uploads\/2022\/06\/image-7-1024x1024-1.png?resize=700%2C400&ssl=1 2x"},"classes":[]},{"id":67532,"url":"https:\/\/www.grieta.org.mx\/index.php\/2023\/08\/12\/preocupante-activan-alerta-alba-por-la-desaparicion-de-cinco-mujeres-en-dos-dias-colima\/","url_meta":{"origin":68284,"position":2},"title":"\u00a1Preocupante!, activan Alerta Alba por la desaparici\u00f3n de cinco mujeres en dos d\u00edas (Colima)","author":"grieta","date":"12 agosto, 2023","format":false,"excerpt":"Imagen: Diario Avanzada Redacci\u00f3n \/ DIario Avanzada Colima, M\u00e9xico, Avanzada (12\/08\/2023).- El sombr\u00edo panorama provocado por la violencia en el estado de Colima, se oscurece m\u00e1s con la desaparici\u00f3n de cinco mujeres que fueron reportadas por la Fiscal\u00eda General del Estado luego de que emiti\u00f3 sus Alertas Alba. La preocupaci\u00f3n\u2026","rel":"","context":"En &quot;CINTILLO&quot;","block_context":{"text":"CINTILLO","link":"https:\/\/www.grieta.org.mx\/index.php\/category\/cintillo\/"},"img":{"alt_text":"","src":"https:\/\/i0.wp.com\/www.grieta.org.mx\/wp-content\/uploads\/2023\/08\/image-102.webp?resize=350%2C200&ssl=1","width":350,"height":200,"srcset":"https:\/\/i0.wp.com\/www.grieta.org.mx\/wp-content\/uploads\/2023\/08\/image-102.webp?resize=350%2C200&ssl=1 1x, https:\/\/i0.wp.com\/www.grieta.org.mx\/wp-content\/uploads\/2023\/08\/image-102.webp?resize=525%2C300&ssl=1 1.5x"},"classes":[]},{"id":40667,"url":"https:\/\/www.grieta.org.mx\/index.php\/2019\/10\/14\/mujeres-desaparecidas-colima-segundo-lugar-nacional\/","url_meta":{"origin":68284,"position":3},"title":"Mujeres desaparecidas, Colima segundo lugar nacional","author":"grieta","date":"14 octubre, 2019","format":false,"excerpt":"Foto: Diario Avanzada Heidi de Le\u00f3n Guti\u00e9rrez \/ Diario Avazada Colima, M\u00e9xico, Avanzada (14\/10\/2019).- Pese a tener una poblaci\u00f3n de apenas 750 mil habitantes, Colima es el segundo estado con la tasa m\u00e1s alta de mujeres desaparecidas en el pa\u00eds; \u00a0s\u00f3lo\u00a0es superado por Tamaulipas, de acuerdo a los Registros Nacional\u2026","rel":"","context":"En &quot;Colima&quot;","block_context":{"text":"Colima","link":"https:\/\/www.grieta.org.mx\/index.php\/category\/noticias-nacionales\/colima\/"},"img":{"alt_text":"","src":"https:\/\/i0.wp.com\/www.grieta.org.mx\/wp-content\/uploads\/2019\/10\/AF754938-40DD-400C-9775-74821642E6F1.jpeg?resize=350%2C200&ssl=1","width":350,"height":200,"srcset":"https:\/\/i0.wp.com\/www.grieta.org.mx\/wp-content\/uploads\/2019\/10\/AF754938-40DD-400C-9775-74821642E6F1.jpeg?resize=350%2C200&ssl=1 1x, https:\/\/i0.wp.com\/www.grieta.org.mx\/wp-content\/uploads\/2019\/10\/AF754938-40DD-400C-9775-74821642E6F1.jpeg?resize=525%2C300&ssl=1 1.5x, https:\/\/i0.wp.com\/www.grieta.org.mx\/wp-content\/uploads\/2019\/10\/AF754938-40DD-400C-9775-74821642E6F1.jpeg?resize=700%2C400&ssl=1 2x, https:\/\/i0.wp.com\/www.grieta.org.mx\/wp-content\/uploads\/2019\/10\/AF754938-40DD-400C-9775-74821642E6F1.jpeg?resize=1050%2C600&ssl=1 3x"},"classes":[]},{"id":55612,"url":"https:\/\/www.grieta.org.mx\/index.php\/2020\/11\/28\/desaparicion-de-mujeres-es-por-trata-de-personas-en-colima-gobierno-se-niega-a-reconocerlo\/","url_meta":{"origin":68284,"position":4},"title":"Desaparici\u00f3n de mujeres es por trata de personas, en Colima gobierno se niega a reconocerlo","author":"grieta","date":"28 noviembre, 2020","format":false,"excerpt":"Foto: Diario Avanzada Heidi de Le\u00f3n Guti\u00e9rrez \/ Diario Avanzada Colima, M\u00e9xico, Avanzada (28\/11\/2020).- La comisionada nacional de b\u00fasqueda de personas, Karla Quintana Osuna se\u00f1al\u00f3 que la hip\u00f3tesis que tienen es que las desapariciones de mujeres est\u00e1n relacionadas con la trata de personas. Indic\u00f3 que esa hip\u00f3tesis tiene que ser\u2026","rel":"","context":"En &quot;CINTILLO&quot;","block_context":{"text":"CINTILLO","link":"https:\/\/www.grieta.org.mx\/index.php\/category\/cintillo\/"},"img":{"alt_text":"","src":"https:\/\/i0.wp.com\/www.grieta.org.mx\/wp-content\/uploads\/2020\/12\/Desaparecidos-1-1.jpg?resize=350%2C200&ssl=1","width":350,"height":200,"srcset":"https:\/\/i0.wp.com\/www.grieta.org.mx\/wp-content\/uploads\/2020\/12\/Desaparecidos-1-1.jpg?resize=350%2C200&ssl=1 1x, https:\/\/i0.wp.com\/www.grieta.org.mx\/wp-content\/uploads\/2020\/12\/Desaparecidos-1-1.jpg?resize=525%2C300&ssl=1 1.5x, https:\/\/i0.wp.com\/www.grieta.org.mx\/wp-content\/uploads\/2020\/12\/Desaparecidos-1-1.jpg?resize=700%2C400&ssl=1 2x"},"classes":[]},{"id":57840,"url":"https:\/\/www.grieta.org.mx\/index.php\/2021\/03\/16\/hay-399-mujeres-desaparecidas-en-colima-segun-el-fiscal-ninguna-es-por-trata\/","url_meta":{"origin":68284,"position":5},"title":"Hay 399 mujeres desaparecidas en Colima, seg\u00fan el Fiscal ninguna es por trata","author":"grieta","date":"16 marzo, 2021","format":false,"excerpt":"Imagen: Diario Avanzada Heidi de Le\u00f3n Guti\u00e9rrez \/ Diario Avanzada Colima, M\u00e9xico, Avanzada (16\/03\/2021).- En el estado de Colima existen 399 mujeres desaparecidas, de las cuales 105 son adolescentes o menores de edad, seg\u00fan los datos m\u00e1s actualizados con los que cuenta la secretar\u00eda de Gobernaci\u00f3n. La cifra anterior se\u2026","rel":"","context":"En &quot;CINTILLO&quot;","block_context":{"text":"CINTILLO","link":"https:\/\/www.grieta.org.mx\/index.php\/category\/cintillo\/"},"img":{"alt_text":"","src":"https:\/\/i0.wp.com\/www.grieta.org.mx\/wp-content\/uploads\/2021\/03\/159821306_436976120888799_9136011263406433812_n.jpg?resize=350%2C200&ssl=1","width":350,"height":200,"srcset":"https:\/\/i0.wp.com\/www.grieta.org.mx\/wp-content\/uploads\/2021\/03\/159821306_436976120888799_9136011263406433812_n.jpg?resize=350%2C200&ssl=1 1x, https:\/\/i0.wp.com\/www.grieta.org.mx\/wp-content\/uploads\/2021\/03\/159821306_436976120888799_9136011263406433812_n.jpg?resize=525%2C300&ssl=1 1.5x, https:\/\/i0.wp.com\/www.grieta.org.mx\/wp-content\/uploads\/2021\/03\/159821306_436976120888799_9136011263406433812_n.jpg?resize=700%2C400&ssl=1 2x, https:\/\/i0.wp.com\/www.grieta.org.mx\/wp-content\/uploads\/2021\/03\/159821306_436976120888799_9136011263406433812_n.jpg?resize=1050%2C600&ssl=1 3x"},"classes":[]}],"_links":{"self":[{"href":"https:\/\/www.grieta.org.mx\/index.php\/wp-json\/wp\/v2\/posts\/68284","targetHints":{"allow":["GET"]}}],"collection":[{"href":"https:\/\/www.grieta.org.mx\/index.php\/wp-json\/wp\/v2\/posts"}],"about":[{"href":"https:\/\/www.grieta.org.mx\/index.php\/wp-json\/wp\/v2\/types\/post"}],"author":[{"embeddable":true,"href":"https:\/\/www.grieta.org.mx\/index.php\/wp-json\/wp\/v2\/users\/2"}],"replies":[{"embeddable":true,"href":"https:\/\/www.grieta.org.mx\/index.php\/wp-json\/wp\/v2\/comments?post=68284"}],"version-history":[{"count":1,"href":"https:\/\/www.grieta.org.mx\/index.php\/wp-json\/wp\/v2\/posts\/68284\/revisions"}],"predecessor-version":[{"id":68286,"href":"https:\/\/www.grieta.org.mx\/index.php\/wp-json\/wp\/v2\/posts\/68284\/revisions\/68286"}],"wp:featuredmedia":[{"embeddable":true,"href":"https:\/\/www.grieta.org.mx\/index.php\/wp-json\/wp\/v2\/media\/68285"}],"wp:attachment":[{"href":"https:\/\/www.grieta.org.mx\/index.php\/wp-json\/wp\/v2\/media?parent=68284"}],"wp:term":[{"taxonomy":"category","embeddable":true,"href":"https:\/\/www.grieta.org.mx\/index.php\/wp-json\/wp\/v2\/categories?post=68284"},{"taxonomy":"post_tag","embeddable":true,"href":"https:\/\/www.grieta.org.mx\/index.php\/wp-json\/wp\/v2\/tags?post=68284"}],"curies":[{"name":"wp","href":"https:\/\/api.w.org\/{rel}","templated":true}]}}