{"id":68226,"date":"2023-12-04T11:23:21","date_gmt":"2023-12-04T17:23:21","guid":{"rendered":"https:\/\/www.grieta.org.mx\/?p=68226"},"modified":"2023-12-08T11:35:00","modified_gmt":"2023-12-08T17:35:00","slug":"militares-hostigan-a-observadores-de-aves-en-la-plancha-yucatan","status":"publish","type":"post","link":"https:\/\/www.grieta.org.mx\/index.php\/2023\/12\/04\/militares-hostigan-a-observadores-de-aves-en-la-plancha-yucatan\/","title":{"rendered":"Militares hostigan a observadores de aves en La Plancha (Yucat\u00e1n)"},"content":{"rendered":"<p>Por Herbeth Escalante \/ Haz Ruido<\/p>\n<blockquote><p>Trabajadores y elementos de la Guardia Nacional proh\u00edben a la gente usar c\u00e1maras o binoculares para observar p\u00e1jaros en el nuevo parque\n<\/p><\/blockquote>\n<p>M\u00e9rida, Yucat\u00e1n, 4 de diciembre de 2023.- Integrantes del Colectivo C\u00e1rdenales denuci\u00f3 a trav\u00e9s de sus redes sociales que elementos militares encargados de vigilar el nuevo Parque de la Plancha no les permitieron que realicen sus actividades de observaci\u00f3n de aves, argumentando que est\u00e1 prohibido y que requieren un permiso.<\/p>\n<p>Indicaron que no llevaban ni 40 minutos en el lugar, cuando los trabajadores empezaron a grabarlos y tomarles fotograf\u00edas en actitud intimidadotoria.<\/p>\n<p>Al poco tiempo, se acercaron para decirles que no pod\u00edan continuar observando aves porque requer\u00edan de un permiso, por lo que les pidi\u00f3 que acudieran a las oficinas del parque.<\/p>\n<p>\u201cUna vez ah\u00ed nos explicaron que no podemos usar c\u00e1maras o binoculares en el parque al ser propiedad federal, a menos que saques un permiso. Al notar que no pod\u00edan retenernos por el simple hecho de cargar binoculares y estar en grupo, decidimos retirarnos a continuar observando aves\u201d, se\u00f1al\u00f3 el Colectivo Cardenales.<\/p>\n<p>En menos de cinco minutos llegaron elementos de la Guardia Nacional para seguirlos y hostigarlos, por lo que los integrantes de esta agrupaci\u00f3n les recalcaron que observar aves no es un delito, que el parque es p\u00fablico y si quieren hacerlo privado deber\u00edan bardearlo y cobrar la entrada.<\/p>\n<p>\u201c\u00bfQu\u00e9 clase de situaci\u00f3n orweliana estamos viviendo? Es la segunda vez en menos de dos meses en el que las autoridades nos hostigan solo por observar aves en grupo. De acuerdo al gobierno federal el parque es un espacio de goce y diversi\u00f3n para los yucatecos y para cualquier visitante. Por eso le decimos al gobierno federal que como yucatecos y visitantes no nos sentimos seguros en su parque\/cuartel militar\u201d, enfatizaron.<\/p>\n<p>Los observadores de aves aconsejaron a la gente no traten de ir solos a La Plancha y que siempre tengan su tel\u00e9fono celular a la mano para grabar cualquier situaci\u00f3n de este tipo.<\/p>\n<p><a href=\"https:\/\/www.hazruido.mx\/reportes\/militares-hostigan-a-observadores-de-aves-en-la-plancha\/\" rel=\"noopener\" target=\"_blank\">https:\/\/www.hazruido.mx\/reportes\/militares-hostigan-a-observadores-de-aves-en-la-plancha\/<\/a><\/p>\n","protected":false},"excerpt":{"rendered":"<p>Por Herbeth Escalante \/ Haz Ruido Trabajadores y elementos de la Guardia Nacional proh\u00edben a la gente usar c\u00e1maras o binoculares para observar p\u00e1jaros en el nuevo parque M\u00e9rida, Yucat\u00e1n, &hellip; <a href=\"https:\/\/www.grieta.org.mx\/index.php\/2023\/12\/04\/militares-hostigan-a-observadores-de-aves-en-la-plancha-yucatan\/\" class=\"more-link\">Leer m\u00e1s<\/a><\/p>\n","protected":false},"author":2,"featured_media":68227,"comment_status":"closed","ping_status":"closed","sticky":false,"template":"","format":"standard","meta":{"ngg_post_thumbnail":0,"_jetpack_newsletter_access":"","_jetpack_dont_email_post_to_subs":false,"_jetpack_newsletter_tier_id":0,"_jetpack_memberships_contains_paywalled_content":false,"_jetpack_memberships_contains_paid_content":false,"footnotes":""},"categories":[2789,80,912,2,83,1935,36],"tags":[2307,2295,249,210],"class_list":["post-68226","post","type-post","status-publish","format-standard","has-post-thumbnail","hentry","category-abuso-autoridades-en-yucatan","category-cintillo","category-militarizacion","category-noticias-nacionales","category-temas-nacionales","category-violencia-contra-migrantes-en-veracruz","category-yucatan","tag-abusos-de-militares","tag-guardia-nacional","tag-hostigamiento","tag-intimidacion","entry"],"jetpack_featured_media_url":"https:\/\/www.grieta.org.mx\/wp-content\/uploads\/2023\/12\/Militares-e1702056436710.jpg","jetpack_sharing_enabled":true,"jetpack_shortlink":"https:\/\/wp.me\/p7ZJR4-hKq","jetpack_likes_enabled":false,"jetpack-related-posts":[{"id":56317,"url":"https:\/\/www.grieta.org.mx\/index.php\/2021\/01\/15\/protestan-en-hospital-regional-de-alta-especialidad-porque-no-los-vacunaron-yucatan\/","url_meta":{"origin":68226,"position":0},"title":"Protestan en Hospital Regional de Alta Especialidad porque no los vacunaron (Yucat\u00e1n)","author":"grieta","date":"15 enero, 2021","format":false,"excerpt":"Herbeth Escalante \/ Haz Ruido Descubrieron que est\u00e1n vacunando a proveedores externos, mientras que trabajadoras de Qu\u00edmica y de Laboratorio fueron sacadas de la fila por la Guardia Nacional. M\u00e9rida, Yucat\u00e1n, 15 de enero de 2021.- Personal de salud del Hospital Regional de Alta Especialidad de la Pen\u00ednsula de Yucat\u00e1n\u2026","rel":"","context":"En &quot;CINTILLO&quot;","block_context":{"text":"CINTILLO","link":"https:\/\/www.grieta.org.mx\/index.php\/category\/cintillo\/"},"img":{"alt_text":"","src":"https:\/\/i0.wp.com\/www.grieta.org.mx\/wp-content\/uploads\/2021\/01\/Vacuna.png?resize=350%2C200&ssl=1","width":350,"height":200,"srcset":"https:\/\/i0.wp.com\/www.grieta.org.mx\/wp-content\/uploads\/2021\/01\/Vacuna.png?resize=350%2C200&ssl=1 1x, https:\/\/i0.wp.com\/www.grieta.org.mx\/wp-content\/uploads\/2021\/01\/Vacuna.png?resize=525%2C300&ssl=1 1.5x, https:\/\/i0.wp.com\/www.grieta.org.mx\/wp-content\/uploads\/2021\/01\/Vacuna.png?resize=700%2C400&ssl=1 2x"},"classes":[]},{"id":71224,"url":"https:\/\/www.grieta.org.mx\/index.php\/2025\/03\/04\/inah-y-guardia-nacional-hostigan-a-ejidatarios-de-telchaquillo-yucatan\/","url_meta":{"origin":68226,"position":1},"title":"INAH y Guardia Nacional hostigan a ejidatarios de Telchaquillo (Yucat\u00e1n)","author":"grieta","date":"4 marzo, 2025","format":false,"excerpt":"Haz Ruido A pesar de que el conflicto por la situaci\u00f3n de los terrenos de la zona arqueol\u00f3gica de Mayap\u00e1n se desarrolla en el Tribunal Agrario, los funcionarios llegaron con agentes armados para presionar a los campesinos M\u00e9rida, Yucat\u00e1n, 4 de marzo de 2025.\u2013 Pobladoras y pobladores de la comunidad\u2026","rel":"","context":"En &quot;CINTILLO&quot;","block_context":{"text":"CINTILLO","link":"https:\/\/www.grieta.org.mx\/index.php\/category\/cintillo\/"},"img":{"alt_text":"","src":"https:\/\/i0.wp.com\/www.grieta.org.mx\/wp-content\/uploads\/2025\/03\/Telchaquillo-e1741540138696.jpg?resize=350%2C200&ssl=1","width":350,"height":200,"srcset":"https:\/\/i0.wp.com\/www.grieta.org.mx\/wp-content\/uploads\/2025\/03\/Telchaquillo-e1741540138696.jpg?resize=350%2C200&ssl=1 1x, https:\/\/i0.wp.com\/www.grieta.org.mx\/wp-content\/uploads\/2025\/03\/Telchaquillo-e1741540138696.jpg?resize=525%2C300&ssl=1 1.5x, https:\/\/i0.wp.com\/www.grieta.org.mx\/wp-content\/uploads\/2025\/03\/Telchaquillo-e1741540138696.jpg?resize=700%2C400&ssl=1 2x"},"classes":[]},{"id":67042,"url":"https:\/\/www.grieta.org.mx\/index.php\/2023\/06\/22\/docentes-y-administrativos-de-bachillerato-exigen-mejores-condiciones-laborales-yucatan\/","url_meta":{"origin":68226,"position":2},"title":"Docentes y administrativos de bachillerato exigen mejores condiciones laborales (Yucat\u00e1n)","author":"grieta","date":"22 junio, 2023","format":false,"excerpt":"Haz Ruido Al menos 72 planteles del Colegio de Bachilleres, Conalep, Cecitey y Telebachillerato se quedaron sin clases pues sus trabajadores protestaron para que les reconozcan su antig\u00fcedad y puedan jubilarse. M\u00e9rida, Yucat\u00e1n, 22 de junio de 2023.-Trabajadores del Colegio de Bachilleres, Conalep, Cecitey y Telebachillerato en Yucat\u00e1n protestaron en\u2026","rel":"","context":"En &quot;CINTILLO&quot;","block_context":{"text":"CINTILLO","link":"https:\/\/www.grieta.org.mx\/index.php\/category\/cintillo\/"},"img":{"alt_text":"","src":"https:\/\/i0.wp.com\/www.grieta.org.mx\/wp-content\/uploads\/2023\/06\/Bach-e1687489553175.jpg?resize=350%2C200&ssl=1","width":350,"height":200,"srcset":"https:\/\/i0.wp.com\/www.grieta.org.mx\/wp-content\/uploads\/2023\/06\/Bach-e1687489553175.jpg?resize=350%2C200&ssl=1 1x, https:\/\/i0.wp.com\/www.grieta.org.mx\/wp-content\/uploads\/2023\/06\/Bach-e1687489553175.jpg?resize=525%2C300&ssl=1 1.5x, https:\/\/i0.wp.com\/www.grieta.org.mx\/wp-content\/uploads\/2023\/06\/Bach-e1687489553175.jpg?resize=700%2C400&ssl=1 2x"},"classes":[]},{"id":67166,"url":"https:\/\/www.grieta.org.mx\/index.php\/2023\/07\/03\/habitantes-de-xpujil-denuncian-que-militares-restringen-el-uso-del-agua-campeche\/","url_meta":{"origin":68226,"position":3},"title":"Habitantes de Xpujil denuncian que militares restringen el uso del agua (Campeche)","author":"grieta","date":"3 julio, 2023","format":false,"excerpt":"Itzel Chan \/ Haz Ruido Las y los pobladores observaron que ahora el agua es conducida a los hoteles en construcci\u00f3n cerca de Calakmul, los cuales forman parte del proyecto del Tren Maya. M\u00e9rida, Yucat\u00e1n, 3 de julio de 2023.-Habitantes de Xpujil, comunidad maya del sur de Campeche, denuncian que\u2026","rel":"","context":"En &quot;25. Xpujil&quot;","block_context":{"text":"25. Xpujil","link":"https:\/\/www.grieta.org.mx\/index.php\/category\/espejos-de-la-resistencia\/25-xpujil\/"},"img":{"alt_text":"","src":"https:\/\/i0.wp.com\/www.grieta.org.mx\/wp-content\/uploads\/2023\/07\/Xpujil-e1688848821346.jpg?resize=350%2C200&ssl=1","width":350,"height":200,"srcset":"https:\/\/i0.wp.com\/www.grieta.org.mx\/wp-content\/uploads\/2023\/07\/Xpujil-e1688848821346.jpg?resize=350%2C200&ssl=1 1x, https:\/\/i0.wp.com\/www.grieta.org.mx\/wp-content\/uploads\/2023\/07\/Xpujil-e1688848821346.jpg?resize=525%2C300&ssl=1 1.5x, https:\/\/i0.wp.com\/www.grieta.org.mx\/wp-content\/uploads\/2023\/07\/Xpujil-e1688848821346.jpg?resize=700%2C400&ssl=1 2x"},"classes":[]},{"id":6189,"url":"https:\/\/www.grieta.org.mx\/index.php\/2016\/08\/29\/avanzan-proyectos-de-parques-eolicos-en-yucatan\/","url_meta":{"origin":68226,"position":4},"title":"Avanzan proyectos de parques e\u00f3licos en Yucat\u00e1n","author":"grieta","date":"29 agosto, 2016","format":false,"excerpt":"29\/08\/16. Sorpresa en obra e\u00f3lica (Yucat\u00e1n) Diario de Yucat\u00e1n 11\/06\/16. En Yucat\u00e1n, empresas de energ\u00eda e\u00f3lica obtendr\u00e1n cr\u00e9ditos hipotecando tierras mayas Mayapolitikon 31\/03\/16. Motul y Ticul \u201cacaparan\u201d parques e\u00f3licos y solares en Yucat\u00e1n Mayapolitikon 03\/12\/15. Pronto nuevo parque e\u00f3lico Diario de Yucat\u00e1n 23\/10\/15. Primer parque e\u00f3lico de Yucat\u00e1n 'alimentar\u00e1' todos\u2026","rel":"","context":"En &quot;16. Pueblo Maya&quot;","block_context":{"text":"16. Pueblo Maya","link":"https:\/\/www.grieta.org.mx\/index.php\/category\/espejos-de-la-resistencia\/16-pueblo-maya\/"},"img":{"alt_text":"","src":"https:\/\/i0.wp.com\/www.grieta.org.mx\/wp-content\/uploads\/2018\/03\/14524434_1106112876131411_958039263622046936_o.jpg?resize=350%2C200&ssl=1","width":350,"height":200,"srcset":"https:\/\/i0.wp.com\/www.grieta.org.mx\/wp-content\/uploads\/2018\/03\/14524434_1106112876131411_958039263622046936_o.jpg?resize=350%2C200&ssl=1 1x, https:\/\/i0.wp.com\/www.grieta.org.mx\/wp-content\/uploads\/2018\/03\/14524434_1106112876131411_958039263622046936_o.jpg?resize=525%2C300&ssl=1 1.5x, https:\/\/i0.wp.com\/www.grieta.org.mx\/wp-content\/uploads\/2018\/03\/14524434_1106112876131411_958039263622046936_o.jpg?resize=700%2C400&ssl=1 2x"},"classes":[]},{"id":71764,"url":"https:\/\/www.grieta.org.mx\/index.php\/2025\/05\/27\/maestros-protestan-en-merida-e-intentan-arrollarlos-yucatan\/","url_meta":{"origin":68226,"position":5},"title":"Maestros protestan en M\u00e9rida e intentan arrollarlos (Yucat\u00e1n)","author":"grieta","date":"27 mayo, 2025","format":false,"excerpt":"Herbeth Escalante \/ Haz Ruido Las y los maestros yucatecos se han sumado a la huelga nacional convocada por la CNTE, aunque tambi\u00e9n est\u00e1n protestando profesores del SNTE. M\u00e1s de 180 escuelas de Yucat\u00e1n est\u00e1n en paro desde hace una semana. M\u00e9rida, Yucat\u00e1n, 27 de mayo de 2025.- M\u00e1s de\u2026","rel":"","context":"En &quot;CINTILLO&quot;","block_context":{"text":"CINTILLO","link":"https:\/\/www.grieta.org.mx\/index.php\/category\/cintillo\/"},"img":{"alt_text":"","src":"https:\/\/i0.wp.com\/www.grieta.org.mx\/wp-content\/uploads\/2025\/06\/Paro-e1749035806353.jpg?resize=350%2C200&ssl=1","width":350,"height":200,"srcset":"https:\/\/i0.wp.com\/www.grieta.org.mx\/wp-content\/uploads\/2025\/06\/Paro-e1749035806353.jpg?resize=350%2C200&ssl=1 1x, https:\/\/i0.wp.com\/www.grieta.org.mx\/wp-content\/uploads\/2025\/06\/Paro-e1749035806353.jpg?resize=525%2C300&ssl=1 1.5x, https:\/\/i0.wp.com\/www.grieta.org.mx\/wp-content\/uploads\/2025\/06\/Paro-e1749035806353.jpg?resize=700%2C400&ssl=1 2x"},"classes":[]}],"_links":{"self":[{"href":"https:\/\/www.grieta.org.mx\/index.php\/wp-json\/wp\/v2\/posts\/68226","targetHints":{"allow":["GET"]}}],"collection":[{"href":"https:\/\/www.grieta.org.mx\/index.php\/wp-json\/wp\/v2\/posts"}],"about":[{"href":"https:\/\/www.grieta.org.mx\/index.php\/wp-json\/wp\/v2\/types\/post"}],"author":[{"embeddable":true,"href":"https:\/\/www.grieta.org.mx\/index.php\/wp-json\/wp\/v2\/users\/2"}],"replies":[{"embeddable":true,"href":"https:\/\/www.grieta.org.mx\/index.php\/wp-json\/wp\/v2\/comments?post=68226"}],"version-history":[{"count":1,"href":"https:\/\/www.grieta.org.mx\/index.php\/wp-json\/wp\/v2\/posts\/68226\/revisions"}],"predecessor-version":[{"id":68228,"href":"https:\/\/www.grieta.org.mx\/index.php\/wp-json\/wp\/v2\/posts\/68226\/revisions\/68228"}],"wp:featuredmedia":[{"embeddable":true,"href":"https:\/\/www.grieta.org.mx\/index.php\/wp-json\/wp\/v2\/media\/68227"}],"wp:attachment":[{"href":"https:\/\/www.grieta.org.mx\/index.php\/wp-json\/wp\/v2\/media?parent=68226"}],"wp:term":[{"taxonomy":"category","embeddable":true,"href":"https:\/\/www.grieta.org.mx\/index.php\/wp-json\/wp\/v2\/categories?post=68226"},{"taxonomy":"post_tag","embeddable":true,"href":"https:\/\/www.grieta.org.mx\/index.php\/wp-json\/wp\/v2\/tags?post=68226"}],"curies":[{"name":"wp","href":"https:\/\/api.w.org\/{rel}","templated":true}]}}