{"id":68171,"date":"2023-11-20T19:29:49","date_gmt":"2023-11-21T01:29:49","guid":{"rendered":"https:\/\/www.grieta.org.mx\/?p=68171"},"modified":"2023-11-25T19:40:13","modified_gmt":"2023-11-26T01:40:13","slug":"juzgado-federal-frena-a-bachoco-en-yucatan","status":"publish","type":"post","link":"https:\/\/www.grieta.org.mx\/index.php\/2023\/11\/20\/juzgado-federal-frena-a-bachoco-en-yucatan\/","title":{"rendered":"Juzgado Federal frena a Bachoco en Yucat\u00e1n"},"content":{"rendered":"<p>Pie de P\u00e1gina<\/p>\n<blockquote><p>La autoridad federal otorg\u00f3 el ampar\u00f3 porque consider\u00f3 que se viol\u00f3 el derecho de consulta libre e informada a comunidades mayas. Los pobladores denuncian que las granjas av\u00edcolas provocan enfermedades y da\u00f1os al medio ambiente, por la filtraci\u00f3n de aguas residuales a la Laguna de Chichankanab y otros mantos acu\u00edferos<\/p><\/blockquote>\n<p>La granja av\u00edcola Akutz\u00e1, perteneciente a Bachoco, detuvo la construcci\u00f3n de una granja av\u00edcola en el municipio de Peto, Yucat\u00e1n, por orden de una juez federal. El amparo fue promovido por la organizaci\u00f3n Proyecto de Derechos Econ\u00f3micos, Sociales y Culturales (ProDESC) y una ambientalista maya.<\/p>\n<p>La juez del Quinto Distrito en el Estado de Yucat\u00e1n reconoci\u00f3 que hay violaciones al derecho de consentimiento libre, previo e informado de las comunidades que se ver\u00edan afectadas por la granja av\u00edcola. <\/p>\n<p>Adem\u00e1s, el juzgado pidi\u00f3 al gobierno municipal de Peto y a la Secretar\u00eda de Desarrollo Sustentable del Estado \u201cvigilar que no se realicen construcciones o trabajos de cualquier \u00edndole relacionados con la granja av\u00edcola, propiedad de la empresa Bachoco, S.A. de C.V.\u201d<\/p>\n<p>La granja av\u00edcola Akutz\u00e1 es un proyecto de producci\u00f3n de huevo en una superficie de 299.9 hect\u00e1reas. Ubicado en \u201cAkutz\u00e1\u201d, entre los estados de Yucat\u00e1n y Quintana Roo. La construcci\u00f3n de la granja fue suspendida despu\u00e9s del fallo de la juez.<\/p>\n<p>Juan Antonio L\u00f3pez, del  \u00e1rea jur\u00eddica de ProDESC, especific\u00f3 en un bolet\u00edn:<\/p>\n<p>    \u201cadem\u00e1s de la protecci\u00f3n a las comunidades ind\u00edgenas, se sustenta en los mejores est\u00e1ndares de protecci\u00f3n al medio ambiente, pues identifica a la naturaleza como un bien jur\u00eddico aut\u00f3nomo que debe ser protegido por su importancia para todo ser vivo, no solo para el ser humano\u201d.<\/p>\n<p>El asesor legal de ProDESC explic\u00f3 que \u201cel Estado Mexicano debe adoptar todas las medidas necesarias para evitar el riesgo al medio ambiente\u201d.<\/p>\n<p>Las comunidades mayas y ejidos colindantes al sitio donde se construye la granja av\u00edcola, tanto en Yucat\u00e1n como de Quintana Roo, desconocen los impactos ambientales y a la salud por dicho proyecto. Ninguna autoridad les ha informado ni consultado sobre las granjas agr\u00edcolas.<\/p>\n<p>Se teme que la granja contamine las tierras, el agua, el subsuelo y los mantos acu\u00edferos que se emplean para consumo humano y en la agricultura. Los pobladores han indicado que el acu\u00edfero Cerros y Valles se encuentra debajo del pol\u00edgono de la granja av\u00edcola. Lo que provocar\u00eda contaminaci\u00f3n en la Laguna Chichankanab.<\/p>\n<p>La Laguna es el cuerpo de agua dulce interior m\u00e1s grande de la Pen\u00ednsula de Yucat\u00e1n, declarado de importancia internacional por la UNESCO en 2004.<\/p>\n<p><a href=\"https:\/\/piedepagina.mx\/juzgado-federal-frena-a-bachoco-en-yucatan\/\" rel=\"noopener\" target=\"_blank\">https:\/\/piedepagina.mx\/juzgado-federal-frena-a-bachoco-en-yucatan\/<\/a><\/p>\n","protected":false},"excerpt":{"rendered":"<p>Pie de P\u00e1gina La autoridad federal otorg\u00f3 el ampar\u00f3 porque consider\u00f3 que se viol\u00f3 el derecho de consulta libre e informada a comunidades mayas. Los pobladores denuncian que las granjas &hellip; <a href=\"https:\/\/www.grieta.org.mx\/index.php\/2023\/11\/20\/juzgado-federal-frena-a-bachoco-en-yucatan\/\" class=\"more-link\">Leer m\u00e1s<\/a><\/p>\n","protected":false},"author":2,"featured_media":68172,"comment_status":"closed","ping_status":"closed","sticky":false,"template":"","format":"standard","meta":{"ngg_post_thumbnail":0,"_jetpack_newsletter_access":"","_jetpack_dont_email_post_to_subs":false,"_jetpack_newsletter_tier_id":0,"_jetpack_memberships_contains_paywalled_content":false,"_jetpack_memberships_contains_paid_content":false,"footnotes":""},"categories":[42,80,2943,1020,1023,3,922,944,952,2,36],"tags":[3820,3778,275,91,2177,4163,3779],"class_list":["post-68171","post","type-post","status-publish","format-standard","has-post-thumbnail","hentry","category-agroindustria","category-cintillo","category-destruccion-y-contaminacion-ambiental-en-yucatan","category-granja-porcicola","category-lucha-contra-granja-porcicola","category-megaproyectos","category-megaproyectos-estados","category-mp-quintana-roo","category-mp-yucatan","category-noticias-nacionales","category-yucatan","tag-amparos","tag-bachoco","tag-consulta-publica-previa-libre-e-informada","tag-contaminacion-ambiental","tag-contaminacion-de-acuiferos","tag-enfermedades-por-contaminacion","tag-granja-avicola","entry"],"jetpack_featured_media_url":"https:\/\/www.grieta.org.mx\/wp-content\/uploads\/2023\/11\/Chichancanab-e1700962665533.jpg","jetpack_sharing_enabled":true,"jetpack_shortlink":"https:\/\/wp.me\/p7ZJR4-hJx","jetpack_likes_enabled":false,"jetpack-related-posts":[{"id":68379,"url":"https:\/\/www.grieta.org.mx\/index.php\/2024\/01\/17\/hunucma-el-pueblo-indigena-en-guerra-contra-empresa-avicola-en-yucatan-reporta-agresiones\/","url_meta":{"origin":68171,"position":0},"title":"Hunucm\u00e1, el pueblo ind\u00edgena en guerra contra empresa av\u00edcola en Yucat\u00e1n; reporta agresiones","author":"grieta","date":"17 enero, 2024","format":false,"excerpt":"CLAUDIA ARRIAGA \/ CORRESPONSAL \/ La Silla Rota Hunucm\u00e1.- Hace 40 a\u00f1os que el pueblo de Hunucm\u00e1, en Yucat\u00e1n, lucha contra el despojo de sus tierras y la contaminaci\u00f3n de las industrias que se instalan en sus periferias. Un ejemplo son las agresiones de la empresa av\u00edcola Bachoco en contra\u2026","rel":"","context":"En &quot;Agroindustria&quot;","block_context":{"text":"Agroindustria","link":"https:\/\/www.grieta.org.mx\/index.php\/category\/megaproyectos\/agroindustria\/"},"img":{"alt_text":"","src":"https:\/\/i0.wp.com\/www.grieta.org.mx\/wp-content\/uploads\/2024\/01\/Hunucma-e1706290453524.jpg?resize=350%2C200&ssl=1","width":350,"height":200,"srcset":"https:\/\/i0.wp.com\/www.grieta.org.mx\/wp-content\/uploads\/2024\/01\/Hunucma-e1706290453524.jpg?resize=350%2C200&ssl=1 1x, https:\/\/i0.wp.com\/www.grieta.org.mx\/wp-content\/uploads\/2024\/01\/Hunucma-e1706290453524.jpg?resize=525%2C300&ssl=1 1.5x, https:\/\/i0.wp.com\/www.grieta.org.mx\/wp-content\/uploads\/2024\/01\/Hunucma-e1706290453524.jpg?resize=700%2C400&ssl=1 2x"},"classes":[]},{"id":68296,"url":"https:\/\/www.grieta.org.mx\/index.php\/2024\/01\/08\/bachoco-continua-bloqueo-contra-campesinos-a-tierras-ejidales-en-hunucma-yucatan\/","url_meta":{"origin":68171,"position":1},"title":"Bachoco contin\u00faa bloqueo contra campesinos a tierras ejidales en Hunucm\u00e1 (Yucat\u00e1n)","author":"grieta","date":"8 enero, 2024","format":false,"excerpt":"Armando P\u00e9rez \/ Por Esto! Luego de fallar en su intento de cercar un camino en San Eduardo, Bachoco no parece dispuesto cesar en su intento de limitar el acceso a tierras ejidales en Hunucm\u00e1, cuyos propietarios habitan y trabajan ah\u00ed todos los d\u00edas. Como POR ESTO!, inform\u00f3, la productora\u2026","rel":"","context":"En &quot;Agroindustria&quot;","block_context":{"text":"Agroindustria","link":"https:\/\/www.grieta.org.mx\/index.php\/category\/megaproyectos\/agroindustria\/"},"img":{"alt_text":"","src":"https:\/\/i0.wp.com\/www.grieta.org.mx\/wp-content\/uploads\/2024\/01\/Bachoco-e1704992026145.jpg?resize=350%2C200&ssl=1","width":350,"height":200,"srcset":"https:\/\/i0.wp.com\/www.grieta.org.mx\/wp-content\/uploads\/2024\/01\/Bachoco-e1704992026145.jpg?resize=350%2C200&ssl=1 1x, https:\/\/i0.wp.com\/www.grieta.org.mx\/wp-content\/uploads\/2024\/01\/Bachoco-e1704992026145.jpg?resize=525%2C300&ssl=1 1.5x, https:\/\/i0.wp.com\/www.grieta.org.mx\/wp-content\/uploads\/2024\/01\/Bachoco-e1704992026145.jpg?resize=700%2C400&ssl=1 2x"},"classes":[]},{"id":68457,"url":"https:\/\/www.grieta.org.mx\/index.php\/2024\/02\/04\/bachoco-amenaza-con-desaparecer-a-ejidatario-de-yucatan-para-despojarlo-de-sus-tierras\/","url_meta":{"origin":68171,"position":2},"title":"Bachoco amenaza con desaparecer a ejidatario de Yucat\u00e1n para despojarlo de sus tierras","author":"grieta","date":"4 febrero, 2024","format":false,"excerpt":"Texto: Claudia V. Arriaga Dur\u00e1n \/ Fotos: Miguel \u00c1ngel Ceh Pacheco \/ Pie de P\u00e1gina Ocho empleados de la av\u00edcola Bachoco ingresaron a la tierra de Miguel \u00c1ngel para golpearlo e intentar secuestrarlo. Miguel vive en Hunucm\u00e1, y tambi\u00e9n es defensor del territorio y los recursos naturales de estos ejidos\u2026","rel":"","context":"En &quot;Agresiones y amenazas a defensor@s de derechos humanos y activistas en Yucat\u00e1n&quot;","block_context":{"text":"Agresiones y amenazas a defensor@s de derechos humanos y activistas en Yucat\u00e1n","link":"https:\/\/www.grieta.org.mx\/index.php\/category\/noticias-nacionales\/yucatan\/ataques-a-defensors-de-derechos-humanos-en-yucatan\/"},"img":{"alt_text":"","src":"https:\/\/i0.wp.com\/www.grieta.org.mx\/wp-content\/uploads\/2024\/02\/Bachoco-e1707159604274.jpg?resize=350%2C200&ssl=1","width":350,"height":200,"srcset":"https:\/\/i0.wp.com\/www.grieta.org.mx\/wp-content\/uploads\/2024\/02\/Bachoco-e1707159604274.jpg?resize=350%2C200&ssl=1 1x, https:\/\/i0.wp.com\/www.grieta.org.mx\/wp-content\/uploads\/2024\/02\/Bachoco-e1707159604274.jpg?resize=525%2C300&ssl=1 1.5x, https:\/\/i0.wp.com\/www.grieta.org.mx\/wp-content\/uploads\/2024\/02\/Bachoco-e1707159604274.jpg?resize=700%2C400&ssl=1 2x"},"classes":[]},{"id":64282,"url":"https:\/\/www.grieta.org.mx\/index.php\/2022\/05\/17\/habitantes-de-sitilpech-exigen-cerrar-granjas-porcicolas-en-yucatan-afuera-del-poder-judicial\/","url_meta":{"origin":68171,"position":3},"title":"Habitantes de Sitilpech exigen cerrar granjas porc\u00edcolas en Yucat\u00e1n afuera del Poder Judicial","author":"grieta","date":"17 mayo, 2022","format":false,"excerpt":"Ruben Dar\u00edo Hau \/ Por Esto! Habitantes de Sitilpech, comisar\u00eda de Izamal, se manifiestan frente a la sede del Poder Judicial de la Federal, en M\u00e9rida, para insistir en que el Juez Primero de Distrito conceda la suspensi\u00f3n definitiva de la granja porc\u00edcola, Kancabch\u00e9n II, aparcera de Kek\u00e9n. El pasado\u2026","rel":"","context":"En &quot;16. Pueblo Maya&quot;","block_context":{"text":"16. Pueblo Maya","link":"https:\/\/www.grieta.org.mx\/index.php\/category\/espejos-de-la-resistencia\/16-pueblo-maya\/"},"img":{"alt_text":"","src":"https:\/\/i0.wp.com\/www.grieta.org.mx\/wp-content\/uploads\/2022\/05\/Sitilpech-e1653577169242.png?resize=350%2C200&ssl=1","width":350,"height":200,"srcset":"https:\/\/i0.wp.com\/www.grieta.org.mx\/wp-content\/uploads\/2022\/05\/Sitilpech-e1653577169242.png?resize=350%2C200&ssl=1 1x, https:\/\/i0.wp.com\/www.grieta.org.mx\/wp-content\/uploads\/2022\/05\/Sitilpech-e1653577169242.png?resize=525%2C300&ssl=1 1.5x, https:\/\/i0.wp.com\/www.grieta.org.mx\/wp-content\/uploads\/2022\/05\/Sitilpech-e1653577169242.png?resize=700%2C400&ssl=1 2x"},"classes":[]},{"id":70471,"url":"https:\/\/www.grieta.org.mx\/index.php\/2024\/11\/17\/bachoco-cubre-con-excrementos-la-selva-de-yucatan\/","url_meta":{"origin":68171,"position":4},"title":"Bachoco cubre con excrementos la selva de Yucat\u00e1n","author":"grieta","date":"17 noviembre, 2024","format":false,"excerpt":"Texto y fotos: Patricio Eleisegui \/ Pie de P\u00e1gina La av\u00edcola Bachoco arroj\u00f3 toneladas de material fecal y otros residuos en el ejido de San Antonio Sih\u00f3, comisar\u00eda del municipio maya de Halach\u00f3. Antes, la empresa quem\u00f3 parte de las selvas aleda\u00f1as y aplic\u00f3 insecticidas para disimular la proliferaci\u00f3n de\u2026","rel":"","context":"En &quot;Agroindustria&quot;","block_context":{"text":"Agroindustria","link":"https:\/\/www.grieta.org.mx\/index.php\/category\/megaproyectos\/agroindustria\/"},"img":{"alt_text":"","src":"https:\/\/i0.wp.com\/www.grieta.org.mx\/wp-content\/uploads\/2024\/11\/Bachoco-e1731966857471.jpg?resize=350%2C200&ssl=1","width":350,"height":200,"srcset":"https:\/\/i0.wp.com\/www.grieta.org.mx\/wp-content\/uploads\/2024\/11\/Bachoco-e1731966857471.jpg?resize=350%2C200&ssl=1 1x, https:\/\/i0.wp.com\/www.grieta.org.mx\/wp-content\/uploads\/2024\/11\/Bachoco-e1731966857471.jpg?resize=525%2C300&ssl=1 1.5x, https:\/\/i0.wp.com\/www.grieta.org.mx\/wp-content\/uploads\/2024\/11\/Bachoco-e1731966857471.jpg?resize=700%2C400&ssl=1 2x"},"classes":[]},{"id":61180,"url":"https:\/\/www.grieta.org.mx\/index.php\/2021\/08\/11\/acusan-que-granjas-porcicolas-quieren-revertir-las-demandas-de-amparo-en-yucatan\/","url_meta":{"origin":68171,"position":5},"title":"Acusan que granjas porc\u00edcolas quieren revertir las demandas de amparo en Yucat\u00e1n","author":"grieta","date":"11 agosto, 2021","format":false,"excerpt":"Itzel Chan \/ Noticaribe M\u00c9RIDA, MX.- Habitantes de los pueblos mayas de Sitilpech y Chapab denunciaron que se encuentran amenazados por las \u2018movidas\u2019 de las mega granjas porc\u00edcolas y por las autoridades judiciales, pues a pesar de que el pasado 6 de julio interpusieron una demanda de amparo, las personas\u2026","rel":"","context":"En &quot;Agroindustria&quot;","block_context":{"text":"Agroindustria","link":"https:\/\/www.grieta.org.mx\/index.php\/category\/megaproyectos\/agroindustria\/"},"img":{"alt_text":"","src":"https:\/\/i0.wp.com\/www.grieta.org.mx\/wp-content\/uploads\/2021\/08\/RevertirAmparos.png?resize=350%2C200&ssl=1","width":350,"height":200,"srcset":"https:\/\/i0.wp.com\/www.grieta.org.mx\/wp-content\/uploads\/2021\/08\/RevertirAmparos.png?resize=350%2C200&ssl=1 1x, https:\/\/i0.wp.com\/www.grieta.org.mx\/wp-content\/uploads\/2021\/08\/RevertirAmparos.png?resize=525%2C300&ssl=1 1.5x, https:\/\/i0.wp.com\/www.grieta.org.mx\/wp-content\/uploads\/2021\/08\/RevertirAmparos.png?resize=700%2C400&ssl=1 2x"},"classes":[]}],"_links":{"self":[{"href":"https:\/\/www.grieta.org.mx\/index.php\/wp-json\/wp\/v2\/posts\/68171","targetHints":{"allow":["GET"]}}],"collection":[{"href":"https:\/\/www.grieta.org.mx\/index.php\/wp-json\/wp\/v2\/posts"}],"about":[{"href":"https:\/\/www.grieta.org.mx\/index.php\/wp-json\/wp\/v2\/types\/post"}],"author":[{"embeddable":true,"href":"https:\/\/www.grieta.org.mx\/index.php\/wp-json\/wp\/v2\/users\/2"}],"replies":[{"embeddable":true,"href":"https:\/\/www.grieta.org.mx\/index.php\/wp-json\/wp\/v2\/comments?post=68171"}],"version-history":[{"count":1,"href":"https:\/\/www.grieta.org.mx\/index.php\/wp-json\/wp\/v2\/posts\/68171\/revisions"}],"predecessor-version":[{"id":68173,"href":"https:\/\/www.grieta.org.mx\/index.php\/wp-json\/wp\/v2\/posts\/68171\/revisions\/68173"}],"wp:featuredmedia":[{"embeddable":true,"href":"https:\/\/www.grieta.org.mx\/index.php\/wp-json\/wp\/v2\/media\/68172"}],"wp:attachment":[{"href":"https:\/\/www.grieta.org.mx\/index.php\/wp-json\/wp\/v2\/media?parent=68171"}],"wp:term":[{"taxonomy":"category","embeddable":true,"href":"https:\/\/www.grieta.org.mx\/index.php\/wp-json\/wp\/v2\/categories?post=68171"},{"taxonomy":"post_tag","embeddable":true,"href":"https:\/\/www.grieta.org.mx\/index.php\/wp-json\/wp\/v2\/tags?post=68171"}],"curies":[{"name":"wp","href":"https:\/\/api.w.org\/{rel}","templated":true}]}}