{"id":68157,"date":"2023-11-21T20:17:46","date_gmt":"2023-11-22T02:17:46","guid":{"rendered":"https:\/\/www.grieta.org.mx\/?p=68157"},"modified":"2024-11-11T19:48:18","modified_gmt":"2024-11-12T01:48:18","slug":"doceava-parte-fragmentos-fragmentos-de-una-carta-del-subcomandante-insurgente-moises-enviada-hara-hace-algunos-meses-a-una-geografia-lejana-en-distancia-y-cercana-en-pensamiento","status":"publish","type":"post","link":"https:\/\/www.grieta.org.mx\/index.php\/2023\/11\/21\/doceava-parte-fragmentos-fragmentos-de-una-carta-del-subcomandante-insurgente-moises-enviada-hara-hace-algunos-meses-a-una-geografia-lejana-en-distancia-y-cercana-en-pensamiento\/","title":{"rendered":"Doceava parte: Fragmentos. Fragmentos de una carta del Subcomandante Insurgente Mois\u00e9s enviada, har\u00e1 hace algunos meses, a una geograf\u00eda lejana en distancia y cercana en pensamiento:"},"content":{"rendered":"<p style=\"text-align: center;\"><strong>Doceava parte: Fragmentos.<br \/>\n<\/strong>Fragmentos de una carta del Subcomandante Insurgente Mois\u00e9s enviada, har\u00e1 hace algunos meses, a una geograf\u00eda lejana en distancia y cercana en pensamiento:<\/p>\n<p style=\"text-align: center;\"><strong><em>\u201cComisi\u00f3n Sexta Zapatista.<br \/>\n<\/em><\/strong><strong><em>M\u00e9xico.<\/em><\/strong><\/p>\n<p style=\"text-align: left;\"><em>\u00a0<\/em><em>Abril del 2023.<\/em><\/p>\n<p><em>(\u2026)<\/em><\/p>\n<p><em>Porque entonces ser\u00eda algo as\u00ed como que, frente a la terrible tormenta que azota ya todos los rincones del planeta, incluso aquellos que se pensaban a salvo de todo mal, nosotros no vemos la tormenta.<\/em><\/p>\n<p><em>Porque entonces ser\u00eda algo as\u00ed como que, frente a la terrible tormenta que azota ya todos los rincones del planeta, incluso aquellos que se pensaban a salvo de todo mal, nosotros no vemos la tormenta.<\/em><\/p>\n<p><em>\u00a0 Quiero decir, no s\u00f3lo vemos la tormenta, y la destrucci\u00f3n, muerte y dolor que trae consigo.\u00a0 Tambi\u00e9n vemos lo que sigue.\u00a0 Queremos ser la semilla de una futura ra\u00edz que no veremos, que luego ser\u00e1, a su vez, el c\u00e9sped que tampoco veremos.<\/em><\/p>\n<p><em>\u00a0 La vocaci\u00f3n zapatista, si alguien nos apura a una definici\u00f3n lac\u00f3nica, es entonces \u201cser buena semilla\u201d.<\/em><\/p>\n<p><em>\u00a0 No pretendemos heredar a las pr\u00f3ximas generaciones una concepci\u00f3n del mundo.\u00a0 No heredarles nuestras miserias, nuestros rencores, nuestros dolores, nuestras fobias, ni nuestras filias.\u00a0 Tampoco que sean un espejo con una imagen m\u00e1s o menos aproximada de lo que supongamos bueno o malo.<\/em><\/p>\n<p><em>\u00a0 Lo que queremos es heredar vida.\u00a0 Lo que hagan con ella otras generaciones ser\u00e1 su decisi\u00f3n y, sobre todo, su responsabilidad.\u00a0 As\u00ed como nosotros heredamos vida de nuestros ancestros, tomamos lo que consideramos valioso, y nos asignamos una tarea.\u00a0 Y, claro, nos hacemos responsables de la decisi\u00f3n que tomamos, de lo que hacemos para cumplir esa tarea, y de las consecuencias de nuestras acciones y omisiones.<\/em><\/p>\n<p><em>\u00a0 Cuando decimos que \u201cNo es necesario conquistar el mundo, basta con hacerlo de nuevo\u201d, nos alejamos, definitiva e irremediablemente, de las concepciones pol\u00edticas vigentes y de las anteriores.\u00a0 El mundo que vemos no es perfecto, ni de lejos.\u00a0 Pero es mejor, sin duda alguna.\u00a0 Un mundo donde cada quien sea quien es, sin verg\u00fcenza, sin ser perseguido, mutilado, encarcelado, asesinado, marginado, oprimido.<\/em><\/p>\n<p><em>\u00a0 \u00bfC\u00f3mo se llama ese mundo?\u00a0 \u00bfQu\u00e9 sistema lo sostiene o es el dominante?\u00a0 Bueno, eso lo decidir\u00e1n, o no, quienes vivan en \u00e9l.<\/em><\/p>\n<p><em>\u00a0 Un mundo donde los afanes de hegemonizar y homogeneizar aprendan de lo que provocaron en \u00e9ste y otros tiempos, y fracasen en ese mundo por venir.<\/em><\/p>\n<p><em>\u00a0 Un mundo en el cual la humanidad no sea definida por la igualdad (que no hace sino esconder la segregaci\u00f3n de los que \u201cno son iguales\u201d), sino por la diferencia.<\/em><\/p>\n<p><em>\u00a0 Un mundo donde la diferencia no se persiga, sino que se celebre.\u00a0 Un mundo en el que las historias contadas no sean las de los que ganan, porque nadie gana.<\/em><\/p>\n<p><em>\u00a0 Un mundo donde las historias que se cuenten, sea en la intimidad, o en las artes, o en la cultura, sean como las que nuestros abuelas y abuelos nos contaron, y que ense\u00f1en no quien gan\u00f3, porque nadie gan\u00f3 y, por lo tanto, nadie perdi\u00f3.<\/em><\/p>\n<p><em>\u00a0 Esas historias que nos permitieron imaginar cosas terribles y maravillosas y en las que, entre la lluvia y el olor del ma\u00edz coci\u00e9ndose, el caf\u00e9 y el tabaco, alcanzamos a imaginar un mundo incompleto, s\u00ed, torpe tambi\u00e9n, pero mucho mejor que el mundo que nuestros antepasados y nuestros contempor\u00e1neos hemos padecido y estamos padeciendo.<\/em><\/p>\n<p><em>\u00a0 No pretendemos heredar leyes, manuales, cosmovisiones, catecismos, reglas, rutas, destinos, pasos, compa\u00f1\u00edas, que, si se ve con detenimiento, es a lo que aspiran casi todas las propuestas pol\u00edticas.<\/em><\/p>\n<p><em>\u00a0 Nuestra pretensi\u00f3n es m\u00e1s sencilla y terriblemente m\u00e1s dif\u00edcil: heredar vida.<\/em><\/p>\n<p><em>(\u2026)<\/em><\/p>\n<p><em>\u00a0 Porque nosotros vemos que esa terrible tormenta, cuyos primeros ventarrones y lluvias ya azotan al planeta entero, est\u00e1 llegando muy r\u00e1pido y muy fuerte.\u00a0 Entonces no vemos lo inmediato.\u00a0 O s\u00ed, pero de acuerdo con lo que vemos a largo plazo.\u00a0 Nuestra realidad inmediata est\u00e1 definida o de acuerdo con dos realidades: una de muerte y destrucci\u00f3n que habr\u00e1 de sacar a flote lo peor del ser humano, sin importar su clase social, su color, su raza, su cultura, su geograf\u00eda, su lengua, su tama\u00f1o; y otra de volver a empezar sobre los escombros de un sistema que hizo lo que mejor sabe hacer, es decir, destruir.<\/em><\/p>\n<p><em>\u00a0 \u00bfPor qu\u00e9 decimos que a la pesadilla que ya est\u00e1, y que no har\u00e1 sino empeorar, seguir\u00e1 un despertar?\u00a0 Bueno, porque hay quienes, como nosotros, estamos empe\u00f1ados en mirar esa posibilidad.\u00a0 M\u00ednima, es cierto.\u00a0 Pero todos los d\u00edas y a todas horas, en todas partes, luchamos porque esa m\u00ednima posibilidad vaya creciendo y, aunque peque\u00f1a y sin importancia -como una semilla diminuta-, crezca y, alg\u00fan d\u00eda, sea el \u00e1rbol de la vida que ser\u00e1 de todos los colores o no ser\u00e1.<\/em><\/p>\n<p><em>\u00a0 No somos los \u00fanicos.\u00a0 En estos 30 a\u00f1os nos hemos asomado a muchos mundos.\u00a0 Diferentes en modos, tiempos, geograf\u00edas, historias propias, calendarios.\u00a0 Pero iguales s\u00f3lo en el empe\u00f1o y la mirada absurda puesta en un tiempo extempor\u00e1neo que suceder\u00e1, no por el destino, no por designio divino, no porque alguien pierda para que alguien gane.\u00a0 No, ser\u00e1 porque estamos trabajando en ello, luchando, viviendo y muriendo por ello.<\/em><\/p>\n<p><em>\u00a0 Y habr\u00e1 un prado, y habr\u00e1 flores, y \u00e1rboles, y r\u00edos, y animales de todo tipo.\u00a0 Y habr\u00e1 c\u00e9sped porque habr\u00e1 ra\u00edces.\u00a0 Y habr\u00e1 una ni\u00f1a, un ni\u00f1o, unoa ni\u00f1oa que estar\u00e1 con vida.\u00a0 Y llegar\u00e1 el d\u00eda en que tenga que hacerse responsable de la decisi\u00f3n que tome de qu\u00e9 hacer con esa vida.<\/em><\/p>\n<p><em>\u00a0 \u00bfNo es \u00e9sa la libertad?<\/em><\/p>\n<p><em>(\u2026)<\/em><\/p>\n<p><em>\u00a0 Y les contaremos la historia de la mujer ind\u00edgena de ra\u00edz maya, de m\u00e1s de 40 a\u00f1os, que se cay\u00f3 decenas de veces aprendiendo a andar en una bicicleta rodada 20.\u00a0 Pero tambi\u00e9n que se levant\u00f3 el mismo n\u00famero de veces y ahora anda en una rodada 24 o rodada 26 y, con ella, llegar\u00e1 a los cursos de plantas medicinales.<\/em><\/p>\n<p><em>\u00a0 Del promotor de salud que llegar\u00e1 a tiempo, a una comunidad apartada y sin camino pavimentado, para administrar suero anti viperino a un anciano atacado por una v\u00edbora nauyaca.<\/em><\/p>\n<p><em>\u00a0 De la ind\u00edgena, autoridad aut\u00f3noma que, con su\u00a0<strong>nag\u00fca<\/strong>\u00a0y su\u00a0<strong>morraleta<\/strong>, llegar\u00e1 a tiempo a una asamblea de \u201ccomo mujeres que somos\u201d y podr\u00e1 dar la pl\u00e1tica sobre higiene femenina.<\/em><\/p>\n<p><em>\u00a0 Y que, cuando no hab\u00eda veh\u00edculo, gasolina, chofer o camino transitable, la salud, en la medida de nuestro desarrollo y posibilidades, llegar\u00e1 a una champa en un rinc\u00f3n de la selva lacandona.<\/em><\/p>\n<p><em>\u00a0 Una champa donde, alrededor de un fog\u00f3n, lloviendo y sin luz el\u00e9ctrica, llegar\u00e1, tambi\u00e9n en bicicleta, la promotora de educaci\u00f3n y, entre el olor a ma\u00edz cocido, caf\u00e9 y tabaco, escuchar\u00e1 una historia terrible y maravillosa, contada en la voz y lengua de una anciana.\u00a0 Y en esa historia se hablar\u00e1 del\u00a0<strong>Vot\u00e1n<\/strong>, que no era hombre ni mujer ni otroa.\u00a0 Y que no era uno, sino muchos.\u00a0 Y escuchar\u00e1 que dir\u00e1: \u201ceso somos,\u00a0<strong>Vot\u00e1n<\/strong>, guardi\u00e1n y coraz\u00f3n del pueblo\u201d.<\/em><\/p>\n<p><em>\u00a0 Y que, ya en la escuela, esa promotora de educaci\u00f3n les contar\u00e1 a los ni\u00f1os y las ni\u00f1as zapatistas esa historia.\u00a0 Bueno, m\u00e1s bien la versi\u00f3n que har\u00e1 de lo que se acuerde haber escuchado, porque no muy se o\u00eda debido al ruido de la lluvia y la voz apagada de la mujer que contaba la historia.<\/em><\/p>\n<p><em>\u00a0 Y de \u201cla cumbia de la bicicleta\u201d que alg\u00fan grupo juvenil musical habr\u00e1 de crear y que nos aliviar\u00e1 a todos de escuchar por en\u00e9sima vez \u201cla cumbia del sapito\u201d.<\/em><\/p>\n<p><em>\u00a0 Y nuestros muertos, a quienes debemos honor y vida, tal vez dir\u00e1n \u201cbueno, al fin hemos entrado a la era de la rueda\u201d.\u00a0 Y en las noches mirar\u00e1n el cielo estrellado, sin nubes que lo oculten, y dir\u00e1n \u201c\u00a1Bicicletas!\u00a0 De ah\u00ed, siguen las naves espaciales\u201d.\u00a0 Y reir\u00e1n, lo s\u00e9.\u00a0 Y alguien vivo pondr\u00e1 a funcionar una grabadorita y se escuchar\u00e1 una cumbia que todos, vivos y muertos, esperamos que no sea \u201cla del mo\u00f1o colorado\u201d.<\/em><\/p>\n<p><em>(\u2026)<\/em><\/p>\n<p style=\"text-align: center;\"><em>Desde las monta\u00f1as del Sureste Mexicano.<br \/>\n<\/em><em>A nombre de los ni\u00f1os, ni\u00f1as, hombres, mujeres y otroas zapatistas.<br \/>\n<\/em><em>Subcomandante Insurgente Mois\u00e9s.<br \/>\n<\/em><em>Coordinador General de la \u201cGira por la Vida\u201d.<br \/>\n<\/em><em>M\u00e9xico, abril del 2023.\u201d<\/em><\/p>\n<p>Estos fragmentos son tomados del original, y con las autorizaciones del remitente y de la destinataria.<br \/>\nDoy fe.<\/p>\n<p><img loading=\"lazy\" decoding=\"async\" class=\"alignnone wp-image-24439\" src=\"https:\/\/i0.wp.com\/enlacezapatista.ezln.org.mx\/wp-content\/uploads\/2023\/11\/firma.png?resize=274%2C222&amp;ssl=1\" sizes=\"auto, (max-width: 274px) 100vw, 274px\" srcset=\"https:\/\/i0.wp.com\/enlacezapatista.ezln.org.mx\/wp-content\/uploads\/2023\/11\/firma.png?resize=640%2C518&amp;ssl=1 640w, https:\/\/i0.wp.com\/enlacezapatista.ezln.org.mx\/wp-content\/uploads\/2023\/11\/firma.png?resize=1024%2C828&amp;ssl=1 1024w, https:\/\/i0.wp.com\/enlacezapatista.ezln.org.mx\/wp-content\/uploads\/2023\/11\/firma.png?resize=768%2C621&amp;ssl=1 768w, https:\/\/i0.wp.com\/enlacezapatista.ezln.org.mx\/wp-content\/uploads\/2023\/11\/firma.png?w=1136&amp;ssl=1 1136w\" alt=\"\" width=\"274\" height=\"222\" data-attachment-id=\"24439\" data-permalink=\"https:\/\/enlacezapatista.ezln.org.mx\/2023\/10\/29\/segunda-parte-los-muertos-estornudan\/firma-2\/\" data-orig-file=\"https:\/\/i0.wp.com\/enlacezapatista.ezln.org.mx\/wp-content\/uploads\/2023\/11\/firma.png?fit=1136%2C919&amp;ssl=1\" data-orig-size=\"1136,919\" data-comments-opened=\"1\" data-image-meta=\"{&quot;aperture&quot;:&quot;0&quot;,&quot;credit&quot;:&quot;&quot;,&quot;camera&quot;:&quot;&quot;,&quot;caption&quot;:&quot;&quot;,&quot;created_timestamp&quot;:&quot;0&quot;,&quot;copyright&quot;:&quot;&quot;,&quot;focal_length&quot;:&quot;0&quot;,&quot;iso&quot;:&quot;0&quot;,&quot;shutter_speed&quot;:&quot;0&quot;,&quot;title&quot;:&quot;&quot;,&quot;orientation&quot;:&quot;0&quot;}\" data-image-title=\"firma\" data-image-description=\"\" data-image-caption=\"\" data-medium-file=\"https:\/\/i0.wp.com\/enlacezapatista.ezln.org.mx\/wp-content\/uploads\/2023\/11\/firma.png?fit=640%2C518&amp;ssl=1\" data-large-file=\"https:\/\/i0.wp.com\/enlacezapatista.ezln.org.mx\/wp-content\/uploads\/2023\/11\/firma.png?fit=1024%2C828&amp;ssl=1\" \/><\/p>\n<p>El Capit\u00e1n.<br \/>\nNoviembre del 2023.<\/p>\n<p><a href=\"https:\/\/enlacezapatista.ezln.org.mx\/2023\/11\/21\/duodecima-parte-fragmentos-fragmentos-de-una-carta-del-subcomandante-insurgente-moises-enviada-hara-hace-algunos-meses-a-una-geografia-lejana-en-distancia-y-cercana-en-pensamiento\/\" target=\"_blank\" rel=\"noopener\">https:\/\/enlacezapatista.ezln.org.mx\/2023\/11\/21\/duodecima-parte-fragmentos-fragmentos-de-una-carta-del-subcomandante-insurgente-moises-enviada-hara-hace-algunos-meses-a-una-geografia-lejana-en-distancia-y-cercana-en-pensamiento\/<\/a><\/p>\n<p>&nbsp;<\/p>\n","protected":false},"excerpt":{"rendered":"<p>Doceava parte: Fragmentos. Fragmentos de una carta del Subcomandante Insurgente Mois\u00e9s enviada, har\u00e1 hace algunos meses, a una geograf\u00eda lejana en distancia y cercana en pensamiento: \u201cComisi\u00f3n Sexta Zapatista. M\u00e9xico. &hellip; <a href=\"https:\/\/www.grieta.org.mx\/index.php\/2023\/11\/21\/doceava-parte-fragmentos-fragmentos-de-una-carta-del-subcomandante-insurgente-moises-enviada-hara-hace-algunos-meses-a-una-geografia-lejana-en-distancia-y-cercana-en-pensamiento\/\" class=\"more-link\">Leer m\u00e1s<\/a><\/p>\n","protected":false},"author":2,"featured_media":68158,"comment_status":"closed","ping_status":"closed","sticky":false,"template":"","format":"standard","meta":{"ngg_post_thumbnail":0,"_jetpack_newsletter_access":"","_jetpack_dont_email_post_to_subs":false,"_jetpack_newsletter_tier_id":0,"_jetpack_memberships_contains_paywalled_content":false,"_jetpack_memberships_contains_paid_content":false,"footnotes":""},"categories":[80,74,907,2,78],"tags":[],"class_list":["post-68157","post","type-post","status-publish","format-standard","has-post-thumbnail","hentry","category-cintillo","category-ezln","category-ezln-2","category-noticias-nacionales","category-palabras-del-ezln","entry"],"jetpack_featured_media_url":"https:\/\/www.grieta.org.mx\/wp-content\/uploads\/2023\/11\/Captura-de-pantalla-2023-11-21-201027.png","jetpack_sharing_enabled":true,"jetpack_shortlink":"https:\/\/wp.me\/p7ZJR4-hJj","jetpack_likes_enabled":false,"jetpack-related-posts":[{"id":3720,"url":"https:\/\/www.grieta.org.mx\/index.php\/2015\/07\/13\/indice-volumen-uno-participaciones-de-la-comision-sexta-del-ezln-en-el-seminario-el-pensamiento-critico-frente-a-la-hidra-capitalista\/","url_meta":{"origin":68157,"position":0},"title":"\u00cdNDICE volumen Uno (participaciones de la Comisi\u00f3n Sexta del EZLN en el Seminario \u201cEl Pensamiento Cr\u00edtico frente a la Hidra Capitalista\u201d)","author":"grieta","date":"13 julio, 2015","format":false,"excerpt":"\u00cdNDICE volumen Uno (participaciones de la Comisi\u00f3n Sexta del EZLN en el Seminario \u201cEl Pensamiento Cr\u00edtico frente a la Hidra Capitalista\u201d) .- Pr\u00f3logo: De c\u00f3mo llegamos a la Cofa del Vig\u00eda y lo que desde ah\u00ed miramos. SupGaleano. I.- Nuestra mirada hacia dentro. Algunas pistas: .- La Tormenta, el Centinela\u2026","rel":"","context":"En &quot;Comunicados&quot;","block_context":{"text":"Comunicados","link":"https:\/\/www.grieta.org.mx\/index.php\/category\/ezln-2\/ezln\/"},"img":{"alt_text":"","src":"https:\/\/i0.wp.com\/www.grieta.org.mx\/wp-content\/uploads\/2018\/03\/14524434_1106112876131411_958039263622046936_o.jpg?resize=350%2C200&ssl=1","width":350,"height":200,"srcset":"https:\/\/i0.wp.com\/www.grieta.org.mx\/wp-content\/uploads\/2018\/03\/14524434_1106112876131411_958039263622046936_o.jpg?resize=350%2C200&ssl=1 1x, https:\/\/i0.wp.com\/www.grieta.org.mx\/wp-content\/uploads\/2018\/03\/14524434_1106112876131411_958039263622046936_o.jpg?resize=525%2C300&ssl=1 1.5x, https:\/\/i0.wp.com\/www.grieta.org.mx\/wp-content\/uploads\/2018\/03\/14524434_1106112876131411_958039263622046936_o.jpg?resize=700%2C400&ssl=1 2x"},"classes":[]},{"id":72550,"url":"https:\/\/www.grieta.org.mx\/index.php\/2026\/03\/13\/diles-que-tenemos-que-resistir-tenemos-que-rebelarnos-tenemos-que-vivir-carta-del-subcomandante-insurgente-moises-a-luis-de-tavira\/","url_meta":{"origin":68157,"position":1},"title":"DILES QUE TENEMOS QUE RESISTIR, TENEMOS QUE REBELARNOS, TENEMOS QUE VIVIR. CARTA DEL SUBCOMANDANTE INSURGENTE MOIS\u00c9S A LUIS DE TAVIRA","author":"grieta","date":"13 marzo, 2026","format":false,"excerpt":"24 de febrero del 2026. Para el maestro Luis de Tavira. Del Subcomandante Insurgente Mois\u00e9s. Compa\u00f1ero Tavira: Le mando nuestros saludos a nombre de los ni\u00f1os, ancianos, mujeres, hombres y\u00a0otroas\u00a0zapatistas. De director a director teatristas, le mando un abrazo propio.\u00a0 Estamos contentos que se haya usted mejorado un poco de\u2026","rel":"","context":"En &quot;CINTILLO&quot;","block_context":{"text":"CINTILLO","link":"https:\/\/www.grieta.org.mx\/index.php\/category\/cintillo\/"},"img":{"alt_text":"","src":"https:\/\/i0.wp.com\/www.grieta.org.mx\/wp-content\/uploads\/2026\/03\/Captura-de-pantalla-2026-03-16-095313.png?resize=350%2C200&ssl=1","width":350,"height":200,"srcset":"https:\/\/i0.wp.com\/www.grieta.org.mx\/wp-content\/uploads\/2026\/03\/Captura-de-pantalla-2026-03-16-095313.png?resize=350%2C200&ssl=1 1x, https:\/\/i0.wp.com\/www.grieta.org.mx\/wp-content\/uploads\/2026\/03\/Captura-de-pantalla-2026-03-16-095313.png?resize=525%2C300&ssl=1 1.5x, https:\/\/i0.wp.com\/www.grieta.org.mx\/wp-content\/uploads\/2026\/03\/Captura-de-pantalla-2026-03-16-095313.png?resize=700%2C400&ssl=1 2x"},"classes":[]},{"id":70633,"url":"https:\/\/www.grieta.org.mx\/index.php\/2024\/12\/03\/programa-de-la-primera-sesion-de-los-encuentros-internacionales-de-resistencias-y-rebeldias-mesas-y-ponentes\/","url_meta":{"origin":68157,"position":2},"title":"PROGRAMA DE LA PRIMERA SESI\u00d3N DE LOS ENCUENTROS INTERNACIONALES DE RESISTENCIAS Y REBELD\u00cdAS.  Mesas y Ponentes.","author":"grieta","date":"3 diciembre, 2024","format":false,"excerpt":"PROGRAMA DE LA PRIMERA SESI\u00d3N DE LOS ENCUENTROS INTERNACIONALES DE RESISTENCIAS Y REBELD\u00cdAS. Mesas y Ponentes. Aqu\u00ed les ponemos el programa de participaciones: S\u00e1bado 28 de diciembre del 2024. Sede Cideci-Unitierra. SCLC, Chiapas, M\u00e9xico. Mesa I: La tormenta: el crimen, el verdugo y las v\u00edctimas. Participan: Jorge Alonso, John Holloway,\u2026","rel":"","context":"En &quot;CINTILLO&quot;","block_context":{"text":"CINTILLO","link":"https:\/\/www.grieta.org.mx\/index.php\/category\/cintillo\/"},"img":{"alt_text":"","src":"https:\/\/i0.wp.com\/www.grieta.org.mx\/wp-content\/uploads\/2024\/12\/Screenshot-2024-12-03-at-17-09-14-Enlace-Zapatista.png?resize=350%2C200&ssl=1","width":350,"height":200,"srcset":"https:\/\/i0.wp.com\/www.grieta.org.mx\/wp-content\/uploads\/2024\/12\/Screenshot-2024-12-03-at-17-09-14-Enlace-Zapatista.png?resize=350%2C200&ssl=1 1x, https:\/\/i0.wp.com\/www.grieta.org.mx\/wp-content\/uploads\/2024\/12\/Screenshot-2024-12-03-at-17-09-14-Enlace-Zapatista.png?resize=525%2C300&ssl=1 1.5x, https:\/\/i0.wp.com\/www.grieta.org.mx\/wp-content\/uploads\/2024\/12\/Screenshot-2024-12-03-at-17-09-14-Enlace-Zapatista.png?resize=700%2C400&ssl=1 2x, https:\/\/i0.wp.com\/www.grieta.org.mx\/wp-content\/uploads\/2024\/12\/Screenshot-2024-12-03-at-17-09-14-Enlace-Zapatista.png?resize=1050%2C600&ssl=1 3x"},"classes":[]},{"id":17033,"url":"https:\/\/www.grieta.org.mx\/index.php\/2015\/05\/07\/jueves-7-de-mayo-cideci-manana\/","url_meta":{"origin":68157,"position":3},"title":"Jueves 7 de mayo, CIDECI (Ma\u00f1ana)","author":"grieta","date":"7 mayo, 2015","format":false,"excerpt":"Juan Wahren \u2013 De dudas y aperturas mentales: http:\/\/radiozapatista.org\/Audios\/pensamiento\/7mayo_juan-warren.mp3 Arturo Anguiano \u2013 Despojo de lo pol\u00edtico y maneras de recobrarlo: http:\/\/radiozapatista.org\/Audios\/pensamiento\/7mayo_arturo-anguiano.mp3 Paulina Fern\u00e1ndez \u2013 Justicia zapatista: http:\/\/radiozapatista.org\/Audios\/pensamiento\/7mayo_paulina-fernandez.mp3 Marcos Roitman (escrito): http:\/\/radiozapatista.org\/Audios\/pensamiento\/7mayo_marcos-roitman.mp3 Subcomandante Insurgente Galeano: http:\/\/radiozapatista.org\/Audios\/pensamiento\/7mayo_sup-galeano.mp3 Subcomandante Insurgente Mois\u00e9s: http:\/\/radiozapatista.org\/Audios\/pensamiento\/7mayo_sup-moises1.mp3","rel":"","context":"En &quot;Audios seminario&quot;","block_context":{"text":"Audios seminario","link":"https:\/\/www.grieta.org.mx\/index.php\/category\/ezln-2\/eventos\/seminario\/audios-seminario\/"},"img":{"alt_text":"","src":"https:\/\/i0.wp.com\/www.grieta.org.mx\/wp-content\/uploads\/2018\/03\/14524434_1106112876131411_958039263622046936_o.jpg?resize=350%2C200&ssl=1","width":350,"height":200,"srcset":"https:\/\/i0.wp.com\/www.grieta.org.mx\/wp-content\/uploads\/2018\/03\/14524434_1106112876131411_958039263622046936_o.jpg?resize=350%2C200&ssl=1 1x, https:\/\/i0.wp.com\/www.grieta.org.mx\/wp-content\/uploads\/2018\/03\/14524434_1106112876131411_958039263622046936_o.jpg?resize=525%2C300&ssl=1 1.5x, https:\/\/i0.wp.com\/www.grieta.org.mx\/wp-content\/uploads\/2018\/03\/14524434_1106112876131411_958039263622046936_o.jpg?resize=700%2C400&ssl=1 2x"},"classes":[]},{"id":70812,"url":"https:\/\/www.grieta.org.mx\/index.php\/2025\/01\/09\/ecos-de-la-primera-sesion-de-los-encuentros-de-resistencia-y-rebeldia-diciembre-2024-y-1-2-de-enero-2025-participacion-zapatista-audios-y-videos-para-descargar\/","url_meta":{"origin":68157,"position":4},"title":"Ecos de la Primera Sesi\u00f3n de los Encuentros de Resistencia y Rebeld\u00eda. Diciembre 2024 y 1-2 de enero 2025. Participaci\u00f3n Zapatista: Audios y Videos para Descargar","author":"grieta","date":"9 enero, 2025","format":false,"excerpt":"Ecos de la Primera Sesi\u00f3n de los Encuentros de Resistencia y Rebeld\u00eda. Diciembre 2024 y 1-2 de enero 2025. Participaci\u00f3n Zapatista: Audios y Videos para Descargar Para firmantes de la Declaraci\u00f3n por la Vida, compas zapatistas y herman@s partidistas \u2026\u2026\u2026\u2026\u2026\u2026\u2026\u2026\u2026\u2026\u2026\u2026\u2026\u2026\u2026\u2026\u2026\u2026\u2026.. S\u00c1BADO 28 DE DICIEMBRE DE 2024 \u2026\u2026\u2026\u2026\u2026\u2026\u2026\u2026\u2026\u2026\u2026\u2026\u2026\u2026\u2026\u2026\u2026\u2026\u2026.. Presentaci\u00f3n Capit\u00e1n Insurgente\u2026","rel":"","context":"En &quot;CINTILLO&quot;","block_context":{"text":"CINTILLO","link":"https:\/\/www.grieta.org.mx\/index.php\/category\/cintillo\/"},"img":{"alt_text":"","src":"https:\/\/i0.wp.com\/www.grieta.org.mx\/wp-content\/uploads\/2025\/01\/Screenshot-2025-01-09-at-14-30-25-Enlace-Zapatista.png?resize=350%2C200&ssl=1","width":350,"height":200,"srcset":"https:\/\/i0.wp.com\/www.grieta.org.mx\/wp-content\/uploads\/2025\/01\/Screenshot-2025-01-09-at-14-30-25-Enlace-Zapatista.png?resize=350%2C200&ssl=1 1x, https:\/\/i0.wp.com\/www.grieta.org.mx\/wp-content\/uploads\/2025\/01\/Screenshot-2025-01-09-at-14-30-25-Enlace-Zapatista.png?resize=525%2C300&ssl=1 1.5x, https:\/\/i0.wp.com\/www.grieta.org.mx\/wp-content\/uploads\/2025\/01\/Screenshot-2025-01-09-at-14-30-25-Enlace-Zapatista.png?resize=700%2C400&ssl=1 2x, https:\/\/i0.wp.com\/www.grieta.org.mx\/wp-content\/uploads\/2025\/01\/Screenshot-2025-01-09-at-14-30-25-Enlace-Zapatista.png?resize=1050%2C600&ssl=1 3x"},"classes":[]},{"id":17006,"url":"https:\/\/www.grieta.org.mx\/index.php\/2015\/05\/03\/domingo-3-de-mayo-cideci-tarde\/","url_meta":{"origin":68157,"position":5},"title":"Domingo 3 de mayo, CIDECI (Tarde)","author":"grieta","date":"3 mayo, 2015","format":false,"excerpt":"Sergio Rodr\u00edguez Lazcano: http:\/\/radiozapatista.org\/Audios\/pensamiento\/3may_sergio-rodriguez.mp3 Luis Lozano Arredondo: http:\/\/radiozapatista.org\/Audios\/pensamiento\/3may_luis-lozano.mp3 Rosa Albina Garavito (audio incompleto\u2026 en breve lo actualizaremos): http:\/\/radiozapatista.org\/Audios\/pensamiento\/3may_rosa-albina_part1.mp3 Subcomandante Insurgente Mois\u00e9s \u2013 Sobre las elecciones: organizarse: http:\/\/radiozapatista.org\/Audios\/pensamiento\/3may_sup-moi2.mp3","rel":"","context":"En &quot;Audios seminario&quot;","block_context":{"text":"Audios seminario","link":"https:\/\/www.grieta.org.mx\/index.php\/category\/ezln-2\/eventos\/seminario\/audios-seminario\/"},"img":{"alt_text":"","src":"https:\/\/i0.wp.com\/www.grieta.org.mx\/wp-content\/uploads\/2018\/03\/14524434_1106112876131411_958039263622046936_o.jpg?resize=350%2C200&ssl=1","width":350,"height":200,"srcset":"https:\/\/i0.wp.com\/www.grieta.org.mx\/wp-content\/uploads\/2018\/03\/14524434_1106112876131411_958039263622046936_o.jpg?resize=350%2C200&ssl=1 1x, https:\/\/i0.wp.com\/www.grieta.org.mx\/wp-content\/uploads\/2018\/03\/14524434_1106112876131411_958039263622046936_o.jpg?resize=525%2C300&ssl=1 1.5x, https:\/\/i0.wp.com\/www.grieta.org.mx\/wp-content\/uploads\/2018\/03\/14524434_1106112876131411_958039263622046936_o.jpg?resize=700%2C400&ssl=1 2x"},"classes":[]}],"_links":{"self":[{"href":"https:\/\/www.grieta.org.mx\/index.php\/wp-json\/wp\/v2\/posts\/68157","targetHints":{"allow":["GET"]}}],"collection":[{"href":"https:\/\/www.grieta.org.mx\/index.php\/wp-json\/wp\/v2\/posts"}],"about":[{"href":"https:\/\/www.grieta.org.mx\/index.php\/wp-json\/wp\/v2\/types\/post"}],"author":[{"embeddable":true,"href":"https:\/\/www.grieta.org.mx\/index.php\/wp-json\/wp\/v2\/users\/2"}],"replies":[{"embeddable":true,"href":"https:\/\/www.grieta.org.mx\/index.php\/wp-json\/wp\/v2\/comments?post=68157"}],"version-history":[{"count":1,"href":"https:\/\/www.grieta.org.mx\/index.php\/wp-json\/wp\/v2\/posts\/68157\/revisions"}],"predecessor-version":[{"id":68159,"href":"https:\/\/www.grieta.org.mx\/index.php\/wp-json\/wp\/v2\/posts\/68157\/revisions\/68159"}],"wp:featuredmedia":[{"embeddable":true,"href":"https:\/\/www.grieta.org.mx\/index.php\/wp-json\/wp\/v2\/media\/68158"}],"wp:attachment":[{"href":"https:\/\/www.grieta.org.mx\/index.php\/wp-json\/wp\/v2\/media?parent=68157"}],"wp:term":[{"taxonomy":"category","embeddable":true,"href":"https:\/\/www.grieta.org.mx\/index.php\/wp-json\/wp\/v2\/categories?post=68157"},{"taxonomy":"post_tag","embeddable":true,"href":"https:\/\/www.grieta.org.mx\/index.php\/wp-json\/wp\/v2\/tags?post=68157"}],"curies":[{"name":"wp","href":"https:\/\/api.w.org\/{rel}","templated":true}]}}