{"id":68153,"date":"2023-11-06T18:01:16","date_gmt":"2023-11-07T00:01:16","guid":{"rendered":"https:\/\/www.grieta.org.mx\/?p=68153"},"modified":"2023-11-20T18:21:31","modified_gmt":"2023-11-21T00:21:31","slug":"bloquean-ejidatarios-de-felipe-carrillo-puerto-carretera-a-merida-en-reclamo-de-indemnizacion-por-tierras-expropiadas-quintana-roo","status":"publish","type":"post","link":"https:\/\/www.grieta.org.mx\/index.php\/2023\/11\/06\/bloquean-ejidatarios-de-felipe-carrillo-puerto-carretera-a-merida-en-reclamo-de-indemnizacion-por-tierras-expropiadas-quintana-roo\/","title":{"rendered":"Bloquean ejidatarios de Felipe Carrillo Puerto carretera a M\u00e9rida en reclamo de indemnizaci\u00f3n por tierras expropiadas (Quintana Roo)"},"content":{"rendered":"<p>Noticaribe<\/p>\n<p>FELIPE CARRILLO PUERTO, MX.- Alrededor de 100 ejidatarios de la comunidad de \u201cNuevo Israel\u201d, situada en la v\u00eda corta a M\u00e9rida, iniciaron esta ma\u00f1ana un bloqueo en esta carretera, en demanda de un pago justo de sus propiedades que fueron expropiadas para construcci\u00f3n de dicha vialidad.<\/p>\n<p>Fue a eso de las 5 de la madrugada cuando los comuneros inconformes colocaron llantas, maderas y piedras, para evitar el paso de los veh\u00edculos en ambos carriles de la carretera.<\/p>\n<p>Desde entonces, con pancartas en mano, los ejidatarios exigen la intervenci\u00f3n del presidente Andr\u00e9s Manuel L\u00f3pez Obrador, para resolver este conflicto de pago que sostienen con la Secretar\u00eda de Infraestructura, Comunicaciones y Transportes (SICT).<\/p>\n<p>En ese sentido, los ejidatarios acusaron al gobierno federal de demostrar falta de inter\u00e9s, para pagar la indemnizaci\u00f3n de las hect\u00e1reas que fueron expropiadas hace m\u00e1s de 60 a\u00f1os para la construcci\u00f3n de la carretera.<\/p>\n<p>Asimismo, recordaron que hace m\u00e1s de dos a\u00f1os el presidente Andr\u00e9s Manuel L\u00f3pez Obrador, en una gira por el sur de Quintana Roo, instruy\u00f3 a la SICT a resolver esta problem\u00e1tica, pero hasta el momento no lo ha hecho.<\/p>\n<p>Los manifestantes indicaron esperan de alguna autoridad federal de alto rango que se comprometa a realizar el pago prometido.<\/p>\n<p>Resaltaron que no se mover\u00e1n de este sitio, hasta no llegar a un acuerdo. Incluso, amagaron con realizar otras acciones de presi\u00f3n m\u00e1s severas.<\/p>\n<p>Esta movilizaci\u00f3n est\u00e1 causando una fila kilom\u00e9trica de automovilistas que usan esta vialidad para llegar a distintas zonas de Yucat\u00e1n. (Agencia SIM)<\/p>\n<p><a href=\"https:\/\/noticaribe.com.mx\/2023\/11\/06\/bloquean-ejidatarios-de-felipe-carrillo-puerto-carretera-a-merida-en-reclamo-de-indemnizacion-por-tierras-expropiadas\/\" rel=\"noopener\" target=\"_blank\">https:\/\/noticaribe.com.mx\/2023\/11\/06\/bloquean-ejidatarios-de-felipe-carrillo-puerto-carretera-a-merida-en-reclamo-de-indemnizacion-por-tierras-expropiadas\/<\/a><\/p>\n","protected":false},"excerpt":{"rendered":"<p>Noticaribe FELIPE CARRILLO PUERTO, MX.- Alrededor de 100 ejidatarios de la comunidad de \u201cNuevo Israel\u201d, situada en la v\u00eda corta a M\u00e9rida, iniciaron esta ma\u00f1ana un bloqueo en esta carretera, &hellip; <a href=\"https:\/\/www.grieta.org.mx\/index.php\/2023\/11\/06\/bloquean-ejidatarios-de-felipe-carrillo-puerto-carretera-a-merida-en-reclamo-de-indemnizacion-por-tierras-expropiadas-quintana-roo\/\" class=\"more-link\">Leer m\u00e1s<\/a><\/p>\n","protected":false},"author":2,"featured_media":68154,"comment_status":"closed","ping_status":"closed","sticky":false,"template":"","format":"standard","meta":{"ngg_post_thumbnail":0,"_jetpack_newsletter_access":"","_jetpack_dont_email_post_to_subs":false,"_jetpack_newsletter_tier_id":0,"_jetpack_memberships_contains_paywalled_content":false,"_jetpack_memberships_contains_paid_content":false,"footnotes":""},"categories":[80,2949,2,28],"tags":[184,380,175,1124,1817],"class_list":["post-68153","post","type-post","status-publish","format-standard","has-post-thumbnail","hentry","category-cintillo","category-despojo-de-tierras-en-quintana-roo","category-noticias-nacionales","category-quintana-roo","tag-despojo","tag-desprecio","tag-ejidatarios","tag-expropiacion-de-tierras","tag-tierras-ejidales","entry"],"jetpack_featured_media_url":"https:\/\/www.grieta.org.mx\/wp-content\/uploads\/2023\/11\/BloqueoEjidatarios-e1700525957879.jpg","jetpack_sharing_enabled":true,"jetpack_shortlink":"https:\/\/wp.me\/p7ZJR4-hJf","jetpack_likes_enabled":false,"jetpack-related-posts":[{"id":69174,"url":"https:\/\/www.grieta.org.mx\/index.php\/2024\/05\/31\/otro-bloqueo-mas-en-felipe-carrillo-puerto-ejidatarios-de-presidente-juarez-bloquean-la-carretera-merida-via-corta-para-exigir-pago-por-tierras-expropiadas-en-1968-y-por-afectaciones-del-tren-may\/","url_meta":{"origin":68153,"position":0},"title":"Otro bloqueo m\u00e1s en Felipe Carrillo Puerto: Ejidatarios de &#8216;Presidente Ju\u00e1rez&#8217; bloquean la carretera M\u00e9rida v\u00eda corta para exigir pago por tierras expropiadas en 1968 y por afectaciones del Tren Maya  (Quintana Roo)","author":"grieta","date":"31 mayo, 2024","format":false,"excerpt":"Rafael Brice\u00f1o \/ Noticaribe FELIPE CARRILLO PUERTO, MX. \u2013 Habitantes de la comunidad de \u2018Presidente Ju\u00e1rez\u2019 bloquearon la carretera a M\u00e9rida v\u00eda corta como medida de presi\u00f3n para que el gobierno federal pague tierras expropiadas hace 50 a\u00f1os, pero tambi\u00e9n las que son afectadas por la construcci\u00f3n del Tren Maya.\u2026","rel":"","context":"En &quot;CINTILLO&quot;","block_context":{"text":"CINTILLO","link":"https:\/\/www.grieta.org.mx\/index.php\/category\/cintillo\/"},"img":{"alt_text":"","src":"https:\/\/i0.wp.com\/www.grieta.org.mx\/wp-content\/uploads\/2024\/06\/Bloqueo-e1718672597744.jpg?resize=350%2C200&ssl=1","width":350,"height":200,"srcset":"https:\/\/i0.wp.com\/www.grieta.org.mx\/wp-content\/uploads\/2024\/06\/Bloqueo-e1718672597744.jpg?resize=350%2C200&ssl=1 1x, https:\/\/i0.wp.com\/www.grieta.org.mx\/wp-content\/uploads\/2024\/06\/Bloqueo-e1718672597744.jpg?resize=525%2C300&ssl=1 1.5x, https:\/\/i0.wp.com\/www.grieta.org.mx\/wp-content\/uploads\/2024\/06\/Bloqueo-e1718672597744.jpg?resize=700%2C400&ssl=1 2x"},"classes":[]},{"id":70487,"url":"https:\/\/www.grieta.org.mx\/index.php\/2024\/11\/12\/ejidatarios-de-tihosuco-bloquean-carretera-para-exigir-pago-de-tierras-quintana-roo\/","url_meta":{"origin":68153,"position":1},"title":"Ejidatarios de Tihosuco bloquean carretera para exigir pago de tierras (Quintana Roo)","author":"grieta","date":"12 noviembre, 2024","format":false,"excerpt":"Noticaribe FELIPE CARRILLO PUERTO, MX.- Ayer lunes, los ejidatarios de Tihosuco cerraron por completo los dos accesos a la comunidad en protesta, exigiendo el pago de la segunda parte de la indemnizaci\u00f3n por m\u00e1s de 100 hect\u00e1reas de tierras. El bloqueo se llev\u00f3 a cabo en la carretera Felipe Carrillo\u2026","rel":"","context":"En &quot;CINTILLO&quot;","block_context":{"text":"CINTILLO","link":"https:\/\/www.grieta.org.mx\/index.php\/category\/cintillo\/"},"img":{"alt_text":"","src":"https:\/\/i0.wp.com\/www.grieta.org.mx\/wp-content\/uploads\/2024\/11\/Tihosuco-e1732159583290.jpg?resize=350%2C200&ssl=1","width":350,"height":200,"srcset":"https:\/\/i0.wp.com\/www.grieta.org.mx\/wp-content\/uploads\/2024\/11\/Tihosuco-e1732159583290.jpg?resize=350%2C200&ssl=1 1x, https:\/\/i0.wp.com\/www.grieta.org.mx\/wp-content\/uploads\/2024\/11\/Tihosuco-e1732159583290.jpg?resize=525%2C300&ssl=1 1.5x, https:\/\/i0.wp.com\/www.grieta.org.mx\/wp-content\/uploads\/2024\/11\/Tihosuco-e1732159583290.jpg?resize=700%2C400&ssl=1 2x"},"classes":[]},{"id":66766,"url":"https:\/\/www.grieta.org.mx\/index.php\/2023\/04\/11\/ejidatarios-bloquean-carretera-valladolid-felipe-carrillo-puerto-quintana-roo\/","url_meta":{"origin":68153,"position":2},"title":"Ejidatarios bloquean carretera Valladolid-Felipe Carrillo Puerto (Quintana Roo)","author":"grieta","date":"11 abril, 2023","format":false,"excerpt":"Justino Xiu Chan \/ Por Esto! Ante el incumplimiento de los compromisos de los funcionarios de la Secretaria de Comunicaciones y Transportes (SCT) del pago anticipado de 11 millones de pesos, por concepto de indemnizaci\u00f3n de tierras afectadas, ejidatarios de Tepich, a temprana hora procedieron a bloquear la carretera 295\u2026","rel":"","context":"En &quot;CINTILLO&quot;","block_context":{"text":"CINTILLO","link":"https:\/\/www.grieta.org.mx\/index.php\/category\/cintillo\/"},"img":{"alt_text":"","src":"https:\/\/i0.wp.com\/www.grieta.org.mx\/wp-content\/uploads\/2023\/04\/Tepich-e1681243270160.jpg?resize=350%2C200&ssl=1","width":350,"height":200,"srcset":"https:\/\/i0.wp.com\/www.grieta.org.mx\/wp-content\/uploads\/2023\/04\/Tepich-e1681243270160.jpg?resize=350%2C200&ssl=1 1x, https:\/\/i0.wp.com\/www.grieta.org.mx\/wp-content\/uploads\/2023\/04\/Tepich-e1681243270160.jpg?resize=525%2C300&ssl=1 1.5x, https:\/\/i0.wp.com\/www.grieta.org.mx\/wp-content\/uploads\/2023\/04\/Tepich-e1681243270160.jpg?resize=700%2C400&ssl=1 2x"},"classes":[]},{"id":66068,"url":"https:\/\/www.grieta.org.mx\/index.php\/2023\/01\/13\/nuevamente-amanece-bloqueada-la-carretera-a-merida-via-corta-incumplimiento-de-la-sict-obliga-a-ejidatarios-de-tihosuco-a-protestar-e-instalar-caseta-de-peaje-con-cobro-de-50-pesos-por-automovil-qu\/","url_meta":{"origin":68153,"position":3},"title":"Nuevamente amanece bloqueada la carretera a M\u00e9rida v\u00eda corta: Incumplimiento de la SICT obliga a ejidatarios de Tihosuco a protestar e instalar caseta de peaje con cobro de 50 pesos por autom\u00f3vil  (Quintana Roo)","author":"grieta","date":"13 enero, 2023","format":false,"excerpt":"Rafael Brice\u00f1o \/ Noticaribe FELIPE CARRILLO PUERTO, MX. \u2013 Ante el incumplimiento de los compromisos adquiridos en noviembre por parte de la Secretar\u00eda de Infraestructura, Comunicaciones y Transportes (SICT), ejidatarios de Tihosuco bloquearon la carretera hacia M\u00e9rida para reiterar su exigencia de pago por la expropiaci\u00f3n de tierras para la\u2026","rel":"","context":"En &quot;CINTILLO&quot;","block_context":{"text":"CINTILLO","link":"https:\/\/www.grieta.org.mx\/index.php\/category\/cintillo\/"},"img":{"alt_text":"","src":"https:\/\/i0.wp.com\/www.grieta.org.mx\/wp-content\/uploads\/2023\/01\/TihosucoCarretera-e1673732324270.jpg?resize=350%2C200&ssl=1","width":350,"height":200,"srcset":"https:\/\/i0.wp.com\/www.grieta.org.mx\/wp-content\/uploads\/2023\/01\/TihosucoCarretera-e1673732324270.jpg?resize=350%2C200&ssl=1 1x, https:\/\/i0.wp.com\/www.grieta.org.mx\/wp-content\/uploads\/2023\/01\/TihosucoCarretera-e1673732324270.jpg?resize=525%2C300&ssl=1 1.5x, https:\/\/i0.wp.com\/www.grieta.org.mx\/wp-content\/uploads\/2023\/01\/TihosucoCarretera-e1673732324270.jpg?resize=700%2C400&ssl=1 2x"},"classes":[]},{"id":68645,"url":"https:\/\/www.grieta.org.mx\/index.php\/2024\/03\/18\/basta-de-mentiras-bloquean-ejidatarios-de-chunyaxche-obras-del-tren-maya-acusan-al-gobierno-federal-de-incumplir-acuerdos-quintana-roo\/","url_meta":{"origin":68153,"position":4},"title":"&#8220;\u00a1Basta de mentiras!&#8221;: Bloquean ejidatarios de Chunyaxch\u00e9 obras del Tren Maya; acusan al gobierno federal de incumplir acuerdos (Quintana Roo)","author":"grieta","date":"18 marzo, 2024","format":false,"excerpt":"Noticaribe FELIPE CARRILLO PUERTO, MX.- Alrededor de 800 ejidatarios de Chunyaxch\u00e9 y anexos iniciaron esta ma\u00f1ana un bloqueo en las obras del Tren Maya en la zona, para exigir, entre otras cosas, que el gobierno federal cumpla regulando 5 mil 900 hect\u00e1reas de tierra que fueron parte del compromiso que\u2026","rel":"","context":"En &quot;CINTILLO&quot;","block_context":{"text":"CINTILLO","link":"https:\/\/www.grieta.org.mx\/index.php\/category\/cintillo\/"},"img":{"alt_text":"","src":"https:\/\/i0.wp.com\/www.grieta.org.mx\/wp-content\/uploads\/2024\/03\/Bloqueo-e1711308726930.jpg?resize=350%2C200&ssl=1","width":350,"height":200,"srcset":"https:\/\/i0.wp.com\/www.grieta.org.mx\/wp-content\/uploads\/2024\/03\/Bloqueo-e1711308726930.jpg?resize=350%2C200&ssl=1 1x, https:\/\/i0.wp.com\/www.grieta.org.mx\/wp-content\/uploads\/2024\/03\/Bloqueo-e1711308726930.jpg?resize=525%2C300&ssl=1 1.5x, https:\/\/i0.wp.com\/www.grieta.org.mx\/wp-content\/uploads\/2024\/03\/Bloqueo-e1711308726930.jpg?resize=700%2C400&ssl=1 2x"},"classes":[]},{"id":64546,"url":"https:\/\/www.grieta.org.mx\/index.php\/2022\/07\/04\/ganan-ejidatarios-juicio-millonario-a-slim-quintana-roo\/","url_meta":{"origin":68153,"position":5},"title":"Ganan ejidatarios juicio millonario a Slim (Quintana Roo)","author":"grieta","date":"4 julio, 2022","format":false,"excerpt":"Marleny Maga\u00f1a\/Quadrat\u00edn Quintana Roo CANCUN, QRoo, 4 de julio de 2022.- Que siempre s\u00ed, despu\u00e9s de un juicio agrario que tiene m\u00e1s de 32 a\u00f1os en Chetumal, Quintana Roo, entre el ejido Aar\u00f3n Merino Fern\u00e1ndez y la compa\u00f1\u00eda Telmex de Carlos Slim, finalmente se indemnizar\u00e1 a los hombres de campo.\u2026","rel":"","context":"En &quot;CINTILLO&quot;","block_context":{"text":"CINTILLO","link":"https:\/\/www.grieta.org.mx\/index.php\/category\/cintillo\/"},"img":{"alt_text":"","src":"https:\/\/i0.wp.com\/www.grieta.org.mx\/wp-content\/uploads\/2022\/07\/GananaSlim-e1657565791781.png?resize=350%2C200&ssl=1","width":350,"height":200,"srcset":"https:\/\/i0.wp.com\/www.grieta.org.mx\/wp-content\/uploads\/2022\/07\/GananaSlim-e1657565791781.png?resize=350%2C200&ssl=1 1x, https:\/\/i0.wp.com\/www.grieta.org.mx\/wp-content\/uploads\/2022\/07\/GananaSlim-e1657565791781.png?resize=525%2C300&ssl=1 1.5x, https:\/\/i0.wp.com\/www.grieta.org.mx\/wp-content\/uploads\/2022\/07\/GananaSlim-e1657565791781.png?resize=700%2C400&ssl=1 2x"},"classes":[]}],"_links":{"self":[{"href":"https:\/\/www.grieta.org.mx\/index.php\/wp-json\/wp\/v2\/posts\/68153","targetHints":{"allow":["GET"]}}],"collection":[{"href":"https:\/\/www.grieta.org.mx\/index.php\/wp-json\/wp\/v2\/posts"}],"about":[{"href":"https:\/\/www.grieta.org.mx\/index.php\/wp-json\/wp\/v2\/types\/post"}],"author":[{"embeddable":true,"href":"https:\/\/www.grieta.org.mx\/index.php\/wp-json\/wp\/v2\/users\/2"}],"replies":[{"embeddable":true,"href":"https:\/\/www.grieta.org.mx\/index.php\/wp-json\/wp\/v2\/comments?post=68153"}],"version-history":[{"count":1,"href":"https:\/\/www.grieta.org.mx\/index.php\/wp-json\/wp\/v2\/posts\/68153\/revisions"}],"predecessor-version":[{"id":68155,"href":"https:\/\/www.grieta.org.mx\/index.php\/wp-json\/wp\/v2\/posts\/68153\/revisions\/68155"}],"wp:featuredmedia":[{"embeddable":true,"href":"https:\/\/www.grieta.org.mx\/index.php\/wp-json\/wp\/v2\/media\/68154"}],"wp:attachment":[{"href":"https:\/\/www.grieta.org.mx\/index.php\/wp-json\/wp\/v2\/media?parent=68153"}],"wp:term":[{"taxonomy":"category","embeddable":true,"href":"https:\/\/www.grieta.org.mx\/index.php\/wp-json\/wp\/v2\/categories?post=68153"},{"taxonomy":"post_tag","embeddable":true,"href":"https:\/\/www.grieta.org.mx\/index.php\/wp-json\/wp\/v2\/tags?post=68153"}],"curies":[{"name":"wp","href":"https:\/\/api.w.org\/{rel}","templated":true}]}}