{"id":68147,"date":"2023-11-08T16:35:32","date_gmt":"2023-11-08T22:35:32","guid":{"rendered":"https:\/\/www.grieta.org.mx\/?p=68147"},"modified":"2023-11-20T17:39:51","modified_gmt":"2023-11-20T23:39:51","slug":"ejidatarios-de-telchaquillo-bloquean-paso-a-mayapan-exigen-al-inah-5-del-pago-de-las-entradas-yucatan","status":"publish","type":"post","link":"https:\/\/www.grieta.org.mx\/index.php\/2023\/11\/08\/ejidatarios-de-telchaquillo-bloquean-paso-a-mayapan-exigen-al-inah-5-del-pago-de-las-entradas-yucatan\/","title":{"rendered":"Ejidatarios de Telchaquillo bloquean paso a Mayap\u00e1n; exigen al INAH 5% del pago de las entradas (Yucat\u00e1n)"},"content":{"rendered":"<p>Luis Sierra \/ Por Esto!<\/p>\n<p>Ante la falta de acuerdos con el Instituto Nacional de Antropolog\u00eda e Historia (INAH), ejidatarios de Telchaquillo, comisar\u00eda de Tecoh, cerraron desde temprana hora la carretera que conduce al sitio prehisp\u00e1nico de Mayap\u00e1n, para exigir a la instituci\u00f3n el pago del cinco por ciento de los derechos de cobro por el acceso al lugar.<\/p>\n<p>El comisario ejidal de Telchaquillo, Russell Gregorio Garc\u00eda \u00c1vila, se\u00f1al\u00f3 que, desde hace m\u00e1s de 40 a\u00f1os, el INAH ha explotado el sitio sin que la comunidad reciba recurso alguno, por lo que en asamblea ejidal acordaron por unanimidad el cierre del tramo hasta que les resuelvan su pliego petitorio.<\/p>\n<p>\u201cAntes de llegar a esta determinaci\u00f3n, en diversas ocasiones se intent\u00f3 sin \u00e9xito establecer un di\u00e1logo con la delegada del INAH en Yucat\u00e1n, Ana Goycoolea Artis\u201d, acot\u00f3 al reprobar la actitud de la funcionaria, ya que se niega a llegar a un acuerdo. Explic\u00f3 que la zona arqueol\u00f3gica de Mayap\u00e1n abarca un \u00e1rea de 19 hect\u00e1reas que le pertenecen al ejido.<\/p>\n<p>Por el cierre de la carretera federal M\u00e9rida-Chetumal, elementos de la Guardia Nacional (GN) estuvieron pendientes de la situaci\u00f3n, al igual que un funcionario de la Secretar\u00eda de Gobernaci\u00f3n, quien intent\u00f3 hablar con los ejidatarios, por lo que estos decidieron mantener el plant\u00f3n hasta llegar a un acuerdo.<\/p>\n<p>Garc\u00eda \u00c1vila precis\u00f3 que seg\u00fan el art\u00edculo 288-G de la Ley Federal de Derechos, los municipios podr\u00e1n tener acceso al cinco por ciento de los recursos que les corresponden al INAH, INBA y Conaculta, siempre y cuando se tenga celebrado un convenio y que el derecho que se genere sea aplicado en obras de infraestructura y seguridad de las zonas del Patrimonio Cultural de la Naci\u00f3n.<\/p>\n<p>Tan s\u00f3lo en 2022, a Mayap\u00e1n ingresaron 56 mil 909 personas, la cifra m\u00e1s alta en 13 a\u00f1os, con un costo de acceso de 65 pesos, por lo que el monto obtenido oscil\u00f3 en 3.7 millones de pesos, del cual, el cinco por ciento representa 185 mil pesos. Actualmente, el costo de ingreso es de 70 pesos,<\/p>\n<p>Explic\u00f3 que el ejido de Telchaquillo consta de 287 campesinos y actualmente tienen m\u00e1s de 4 mil hect\u00e1reas de uso com\u00fan.<\/p>\n<p>A su vez, el excomisario ejidal, Eliseo Armando Pat Gonz\u00e1lez, denunci\u00f3 que el INAH ha sustra\u00eddo de Mayap\u00e1n diversas piezas prehisp\u00e1nicas, en lugar de dejarlas en la comisar\u00eda de Telchaquillo para la apertura de un museo.<\/p>\n<p>De acuerdo con investigadores del INAH, Mayap\u00e1n fue la \u00faltima gran urbe de la antigua civilizaci\u00f3n maya. Se trata de una ciudad amurallada que se construy\u00f3 a semejanza de Chich\u00e9n Itz\u00e1, la cual ya hab\u00eda ca\u00eddo cuando Mayap\u00e1n alcanz\u00f3 su auge, debido a esto, muchos de sus edificios m\u00e1s importantes se parecen a los que se pueden encontrar en la casa de los itz\u00e1es, como es el caso de la estructura piramidal de El Castillo.<\/p>\n<p>Asimismo, fue sede de la Liga de Mayap\u00e1n, una alianza formada por Uxmal, Chich\u00e9n Itz\u00e1 y la ciudad anfitriona, aunque para algunos investigadores esta es s\u00f3lo una leyenda, ya que hay estudios arqueol\u00f3gicos que demuestran que tanto Uxmal como Chich\u00e9n estaban abandonadas durante la \u00e9poca en la que Mayap\u00e1n domin\u00f3 la regi\u00f3n.<\/p>\n<p>Mayap\u00e1n, en lengua maya yucateca, deriva de los vocablos: Mayab, que corresponde al nombre de la Pen\u00ednsula de Yucat\u00e1n que ten\u00eda antes de la Conquista; ma\u2019 se refiere la negativa no; ya\u2019ab, mucho, bastante, abundante y pan que significa bandera, estandarte o pend\u00f3n, lo que al parecer se traduce como: la bandera de los mayas.<\/p>\n<p>La ciudad es considerada la \u00faltima gran capital de la antigua civilizaci\u00f3n maya. A s\u00f3lo 45 minutos de M\u00e9rida, esta zona arqueol\u00f3gica revela pistas y secretos de la fase final del esplendor de la cultura prehisp\u00e1nica que domin\u00f3 en la Pen\u00ednsula de Yucat\u00e1n durante milenios.<\/p>\n<p>El sitio prehisp\u00e1nico funcion\u00f3 como capital del Norte de Yucat\u00e1n entre los a\u00f1os 1200 y 1450, sostuvo relaciones con los pueblos del centro de M\u00e9xico y lleg\u00f3 a ser muy pr\u00f3spera. Unos 40 a\u00f1os antes de las primeras expediciones europeas a Mesoam\u00e9rica la ciudad fue abandonada.<\/p>\n<p>El declive de Mayap\u00e1n marca tambi\u00e9n el final del Poscl\u00e1sico. Aunque existieron otras ciudades mayas despu\u00e9s de este periodo, eran asentamientos m\u00e1s modestos y aislados. Despu\u00e9s de Mayap\u00e1n, no volvi\u00f3 a surgir una gran capital como la de anta\u00f1o. El conocimiento ancestral de la civilizaci\u00f3n maya se termin\u00f3 de diluir con la Conquista.<\/p>\n<p>El tambi\u00e9n llamado el \u00faltimo pend\u00f3n de los mayas fue construido a imagen y semejanza de Chich\u00e9n Itz\u00e1. Los cocomes, como se le conoce al grupo que edific\u00f3 la ciudad, tomaron inspiraci\u00f3n de los edificios como El Castillo y el Templo Redondo.<\/p>\n<p>El primero es una estructura piramidal muy parecida al templo del mismo Dios que se encuentra en Chich\u00e9n Itz\u00e1, incluso reprodujeron la ilusi\u00f3n \u00f3ptica de la serpiente que desciende en el solsticio. El segundo es un edificio muy similar al llamado Observatorio de Chich\u00e9n, aunque con proporciones distintas.<\/p>\n<p>Sin embargo, tambi\u00e9n es evidente la influencia de los pueblos del centro de M\u00e9xico en la arquitectura y cultura de Mayap\u00e1n. En algunas columnas se observan guerreros toltecas tallados. Los murales en la Sala de los Frescos muestran un culto a la muerte propio del Altiplano.<\/p>\n<p>Adem\u00e1s de edificios c\u00edvicos, administrativos y religiosos, la zona incluye algunas residencias de gobernantes.<\/p>\n<p>Tal vez lo m\u00e1s fascinante de Mayap\u00e1n es el hecho de que ni el arte ni la ingenier\u00eda est\u00e1n al nivel de las legendarias capitales mayas. Esta ciudad es el \u00faltimo esbozo de grandeza de una cultura que comenzaba a olvidarse a s\u00ed misma. Recorrerla es presenciar cientos de a\u00f1os despu\u00e9s, el inicio del fin.<\/p>\n<p>Las investigaciones en Mayap\u00e1n se han enfocado en aproximadamente 57 estructuras de la Plaza Central, donde sus caracter\u00edsticas arquitect\u00f3nicas son una evidente muestra de la fuerte influencia del estilo de construcci\u00f3n de Chich\u00e9n Itz\u00e1, como en la Pir\u00e1mide de Kukulk\u00e1n y el Observatorio.<\/p>\n<p>En este sitio se han recuperado diversos materiales arqueol\u00f3gicos como objetos cer\u00e1micos, pinturas murales, esculturas en estuco, que arrojan nueva luz sobre la historia de esta importante ciudad maya.<\/p>\n<p>Mayap\u00e1n fue destruida, quemada y abandonada a mitad del siglo XV. Una de las hip\u00f3tesis que trata de explicar porqu\u00e9 ocurri\u00f3 esto, fue que la poblaci\u00f3n comenz\u00f3 a darse cuenta de que los dignatarios no eran enviados por dioses para reinar, principalmente porque el pueblo esperaba que los sacerdotes solucionaran las largas sequ\u00edas.<\/p>\n<p>Al pasar el tiempo y al ver que en realidad no ten\u00edan ese contacto directo con el Dios Chaac para hacer llover, fue cuando el pueblo Maya comenz\u00f3 a revelarse y disiparse abandonando las grandes ciudades y creando peque\u00f1as comunidades.<\/p>\n<p>Seg\u00fan el Atlas Arqueol\u00f3gico de Yucat\u00e1n, en la Entidad hay poco m\u00e1s de 2 mil sitios prehisp\u00e1nicos, de los cuales s\u00f3lo 17 est\u00e1n abiertos al p\u00fablico, todos ellos distribuidos en 11 municipios, espec\u00edficamente Acanceh, Dzemul, Izamal, Maxcan\u00fa, M\u00e9rida, Oxkutzcab, Santa Elena, Tecoh, Tekax, Temoz\u00f3n y Tixkokob.<\/p>\n<p>Hasta el momento, s\u00f3lo Tinum ha efectuado el tr\u00e1mite, por lo que mensualmente la Secretar\u00eda de Hacienda y Cr\u00e9dito P\u00fablico (SHCP) le entrega la parte correspondiente al cinco por ciento.<\/p>\n<p><a href=\"https:\/\/www.poresto.net\/yucatan\/2023\/11\/8\/ejidatarios-de-telchaquillo-bloquean-paso-mayapan-exigen-al-inah-5-del-pago-de-las-entradas-407699.html\" rel=\"noopener\" target=\"_blank\">https:\/\/www.poresto.net\/yucatan\/2023\/11\/8\/ejidatarios-de-telchaquillo-bloquean-paso-mayapan-exigen-al-inah-5-del-pago-de-las-entradas-407699.html<\/a><\/p>\n","protected":false},"excerpt":{"rendered":"<p>Luis Sierra \/ Por Esto! Ante la falta de acuerdos con el Instituto Nacional de Antropolog\u00eda e Historia (INAH), ejidatarios de Telchaquillo, comisar\u00eda de Tecoh, cerraron desde temprana hora la &hellip; <a href=\"https:\/\/www.grieta.org.mx\/index.php\/2023\/11\/08\/ejidatarios-de-telchaquillo-bloquean-paso-a-mayapan-exigen-al-inah-5-del-pago-de-las-entradas-yucatan\/\" class=\"more-link\">Leer m\u00e1s<\/a><\/p>\n","protected":false},"author":2,"featured_media":68148,"comment_status":"closed","ping_status":"closed","sticky":false,"template":"","format":"standard","meta":{"ngg_post_thumbnail":0,"_jetpack_newsletter_access":"","_jetpack_dont_email_post_to_subs":false,"_jetpack_newsletter_tier_id":0,"_jetpack_memberships_contains_paywalled_content":false,"_jetpack_memberships_contains_paid_content":false,"footnotes":""},"categories":[80,2,3952,36],"tags":[354,175,208],"class_list":["post-68147","post","type-post","status-publish","format-standard","has-post-thumbnail","hentry","category-cintillo","category-noticias-nacionales","category-problemas-por-zonas-arqueologicas-en-tierras-ejidales-en-yucatan","category-yucatan","tag-bloqueo","tag-ejidatarios","tag-inah","entry"],"jetpack_featured_media_url":"https:\/\/www.grieta.org.mx\/wp-content\/uploads\/2023\/11\/bloqueo-e1700523382410.jpg","jetpack_sharing_enabled":true,"jetpack_shortlink":"https:\/\/wp.me\/p7ZJR4-hJ9","jetpack_likes_enabled":false,"jetpack-related-posts":[{"id":71276,"url":"https:\/\/www.grieta.org.mx\/index.php\/2025\/03\/13\/yucatan-ejidatarios-de-telchaquillo-rechazan-nuevamente-propuesta-del-inah-sobre-mayapan-se-prolonga-cierre-del-sitio-arqueologico\/","url_meta":{"origin":68147,"position":0},"title":"Yucat\u00e1n| Ejidatarios de Telchaquillo rechazan nuevamente propuesta del INAH sobre Mayap\u00e1n; se prolonga cierre del sitio arqueol\u00f3gico","author":"grieta","date":"13 marzo, 2025","format":false,"excerpt":"Itzel Chan \/ Noticaribe M\u00c9RIDA, MX.- Las negociaciones para reabrir la zona arqueol\u00f3gica de Mayap\u00e1n siguen estancadas luego de que ejidatarios de Telchaquillo rechazaran una nueva propuesta presentada por el director general del Instituto Nacional de Antropolog\u00eda e Historia (INAH), Diego Prieto Hern\u00e1ndez. A pesar de la intenci\u00f3n de lograr\u2026","rel":"","context":"En &quot;CINTILLO&quot;","block_context":{"text":"CINTILLO","link":"https:\/\/www.grieta.org.mx\/index.php\/category\/cintillo\/"},"img":{"alt_text":"","src":"https:\/\/i0.wp.com\/www.grieta.org.mx\/wp-content\/uploads\/2025\/03\/Mayapan-e1741914003243.jpg?resize=350%2C200&ssl=1","width":350,"height":200,"srcset":"https:\/\/i0.wp.com\/www.grieta.org.mx\/wp-content\/uploads\/2025\/03\/Mayapan-e1741914003243.jpg?resize=350%2C200&ssl=1 1x, https:\/\/i0.wp.com\/www.grieta.org.mx\/wp-content\/uploads\/2025\/03\/Mayapan-e1741914003243.jpg?resize=525%2C300&ssl=1 1.5x, https:\/\/i0.wp.com\/www.grieta.org.mx\/wp-content\/uploads\/2025\/03\/Mayapan-e1741914003243.jpg?resize=700%2C400&ssl=1 2x"},"classes":[]},{"id":71224,"url":"https:\/\/www.grieta.org.mx\/index.php\/2025\/03\/04\/inah-y-guardia-nacional-hostigan-a-ejidatarios-de-telchaquillo-yucatan\/","url_meta":{"origin":68147,"position":1},"title":"INAH y Guardia Nacional hostigan a ejidatarios de Telchaquillo (Yucat\u00e1n)","author":"grieta","date":"4 marzo, 2025","format":false,"excerpt":"Haz Ruido A pesar de que el conflicto por la situaci\u00f3n de los terrenos de la zona arqueol\u00f3gica de Mayap\u00e1n se desarrolla en el Tribunal Agrario, los funcionarios llegaron con agentes armados para presionar a los campesinos M\u00e9rida, Yucat\u00e1n, 4 de marzo de 2025.\u2013 Pobladoras y pobladores de la comunidad\u2026","rel":"","context":"En &quot;CINTILLO&quot;","block_context":{"text":"CINTILLO","link":"https:\/\/www.grieta.org.mx\/index.php\/category\/cintillo\/"},"img":{"alt_text":"","src":"https:\/\/i0.wp.com\/www.grieta.org.mx\/wp-content\/uploads\/2025\/03\/Telchaquillo-e1741540138696.jpg?resize=350%2C200&ssl=1","width":350,"height":200,"srcset":"https:\/\/i0.wp.com\/www.grieta.org.mx\/wp-content\/uploads\/2025\/03\/Telchaquillo-e1741540138696.jpg?resize=350%2C200&ssl=1 1x, https:\/\/i0.wp.com\/www.grieta.org.mx\/wp-content\/uploads\/2025\/03\/Telchaquillo-e1741540138696.jpg?resize=525%2C300&ssl=1 1.5x, https:\/\/i0.wp.com\/www.grieta.org.mx\/wp-content\/uploads\/2025\/03\/Telchaquillo-e1741540138696.jpg?resize=700%2C400&ssl=1 2x"},"classes":[]},{"id":70695,"url":"https:\/\/www.grieta.org.mx\/index.php\/2024\/12\/15\/primer-triunfo-de-telchaquillo-admiten-demanda-contra-el-inah-yucatan\/","url_meta":{"origin":68147,"position":2},"title":"Primer triunfo de Telchaquillo: Admiten demanda contra el INAH (Yucat\u00e1n)","author":"grieta","date":"15 diciembre, 2024","format":false,"excerpt":"Sandra Gayou \/ Haz Ruido Exigen una indemnizaci\u00f3n por los casi 40 a\u00f1os de ocupaci\u00f3n del sitio arqueol\u00f3gico de Mayap\u00e1n en sus tierras ejidales, el cual es administrado por el INAH sin el consentimiento libre, previo e informado de la comunidad M\u00e9rida, Yucat\u00e1n, 15 de diciembre de 2024.- Habitantes de\u2026","rel":"","context":"En &quot;CINTILLO&quot;","block_context":{"text":"CINTILLO","link":"https:\/\/www.grieta.org.mx\/index.php\/category\/cintillo\/"},"img":{"alt_text":"","src":"https:\/\/i0.wp.com\/www.grieta.org.mx\/wp-content\/uploads\/2024\/12\/Telchaquillo-e1734553987495.jpg?resize=350%2C200&ssl=1","width":350,"height":200,"srcset":"https:\/\/i0.wp.com\/www.grieta.org.mx\/wp-content\/uploads\/2024\/12\/Telchaquillo-e1734553987495.jpg?resize=350%2C200&ssl=1 1x, https:\/\/i0.wp.com\/www.grieta.org.mx\/wp-content\/uploads\/2024\/12\/Telchaquillo-e1734553987495.jpg?resize=525%2C300&ssl=1 1.5x, https:\/\/i0.wp.com\/www.grieta.org.mx\/wp-content\/uploads\/2024\/12\/Telchaquillo-e1734553987495.jpg?resize=700%2C400&ssl=1 2x"},"classes":[]},{"id":71679,"url":"https:\/\/www.grieta.org.mx\/index.php\/2025\/05\/17\/telchaquillo-contra-el-inah-lucha-por-la-zona-arqueologica-de-mayapan-yucatan\/","url_meta":{"origin":68147,"position":3},"title":"Telchaquillo contra el INAH: Lucha por la zona arqueol\u00f3gica de Mayap\u00e1n (Yucat\u00e1n)","author":"grieta","date":"17 mayo, 2025","format":false,"excerpt":"Joaqu\u00edn Chan Caamal \/ Diario de Yucat\u00e1n La comunidad y ejidatarios de Telchaquillo tramitaron un amparo contra el Tribunal Unitario Agrario n\u00famero 34 de M\u00e9rida por su negativa que dictar medidas cautelares contra el Instituto Nacional de Antropolog\u00eda e Historia (INAH) y otras instituciones involucradas en el proceso de expropiaci\u00f3n\u2026","rel":"","context":"En &quot;CINTILLO&quot;","block_context":{"text":"CINTILLO","link":"https:\/\/www.grieta.org.mx\/index.php\/category\/cintillo\/"},"img":{"alt_text":"","src":"https:\/\/i0.wp.com\/www.grieta.org.mx\/wp-content\/uploads\/2025\/05\/Telchaquillo.jpg?resize=350%2C200&ssl=1","width":350,"height":200,"srcset":"https:\/\/i0.wp.com\/www.grieta.org.mx\/wp-content\/uploads\/2025\/05\/Telchaquillo.jpg?resize=350%2C200&ssl=1 1x, https:\/\/i0.wp.com\/www.grieta.org.mx\/wp-content\/uploads\/2025\/05\/Telchaquillo.jpg?resize=525%2C300&ssl=1 1.5x, https:\/\/i0.wp.com\/www.grieta.org.mx\/wp-content\/uploads\/2025\/05\/Telchaquillo.jpg?resize=700%2C400&ssl=1 2x"},"classes":[]},{"id":70690,"url":"https:\/\/www.grieta.org.mx\/index.php\/2024\/12\/11\/exigen-coadministracion-de-mayapan-yucatan\/","url_meta":{"origin":68147,"position":4},"title":"Exigen coadministraci\u00f3n de Mayap\u00e1n (Yucat\u00e1n)","author":"grieta","date":"11 diciembre, 2024","format":false,"excerpt":"24 Horas Yucat\u00e1n Foto: Tom\u00e1s Mart\u00edn Un grupo de 287 ejidatarios del municipio de Telchaquillo lanz\u00f3 un llamado al Instituto Nacional de Antropolog\u00eda e Historia (INAH) para exigir la coadministraci\u00f3n de la zona arqueol\u00f3gica de Mayap\u00e1n, as\u00ed como el pago de una indemnizaci\u00f3n por los \u00faltimos 40 a\u00f1os de ocupaci\u00f3n\u2026","rel":"","context":"En &quot;CINTILLO&quot;","block_context":{"text":"CINTILLO","link":"https:\/\/www.grieta.org.mx\/index.php\/category\/cintillo\/"},"img":{"alt_text":"","src":"https:\/\/i0.wp.com\/www.grieta.org.mx\/wp-content\/uploads\/2024\/12\/Mayapan-e1734216177254.jpg?resize=350%2C200&ssl=1","width":350,"height":200,"srcset":"https:\/\/i0.wp.com\/www.grieta.org.mx\/wp-content\/uploads\/2024\/12\/Mayapan-e1734216177254.jpg?resize=350%2C200&ssl=1 1x, https:\/\/i0.wp.com\/www.grieta.org.mx\/wp-content\/uploads\/2024\/12\/Mayapan-e1734216177254.jpg?resize=525%2C300&ssl=1 1.5x, https:\/\/i0.wp.com\/www.grieta.org.mx\/wp-content\/uploads\/2024\/12\/Mayapan-e1734216177254.jpg?resize=700%2C400&ssl=1 2x"},"classes":[]},{"id":69453,"url":"https:\/\/www.grieta.org.mx\/index.php\/2024\/08\/23\/habitantes-de-telchaquillo-se-oponen-a-que-el-inah-expropie-terrenos-de-mayapan-yucatan\/","url_meta":{"origin":68147,"position":5},"title":"Habitantes de Telchaquillo se oponen a que el INAH expropie terrenos de Mayap\u00e1n (Yucat\u00e1n)","author":"grieta","date":"23 agosto, 2024","format":false,"excerpt":"Herbeth Escalante \/ Haz Ruido Est\u00e1n en contra de que dicho instituto le compre esas tierras a los ejidatarios, m\u00e1s bien exigen un pago por los 40 a\u00f1os de ocupaci\u00f3n del territorio a toda la comunidad y que \u00e9sta se encargue de administrar la zona arqueol\u00f3gica. M\u00e9rida, Yucat\u00e1n, 23 de\u2026","rel":"","context":"En &quot;CINTILLO&quot;","block_context":{"text":"CINTILLO","link":"https:\/\/www.grieta.org.mx\/index.php\/category\/cintillo\/"},"img":{"alt_text":"","src":"https:\/\/i0.wp.com\/www.grieta.org.mx\/wp-content\/uploads\/2024\/08\/Mayapan-e1724695299857.jpg?resize=350%2C200&ssl=1","width":350,"height":200,"srcset":"https:\/\/i0.wp.com\/www.grieta.org.mx\/wp-content\/uploads\/2024\/08\/Mayapan-e1724695299857.jpg?resize=350%2C200&ssl=1 1x, https:\/\/i0.wp.com\/www.grieta.org.mx\/wp-content\/uploads\/2024\/08\/Mayapan-e1724695299857.jpg?resize=525%2C300&ssl=1 1.5x, https:\/\/i0.wp.com\/www.grieta.org.mx\/wp-content\/uploads\/2024\/08\/Mayapan-e1724695299857.jpg?resize=700%2C400&ssl=1 2x"},"classes":[]}],"_links":{"self":[{"href":"https:\/\/www.grieta.org.mx\/index.php\/wp-json\/wp\/v2\/posts\/68147","targetHints":{"allow":["GET"]}}],"collection":[{"href":"https:\/\/www.grieta.org.mx\/index.php\/wp-json\/wp\/v2\/posts"}],"about":[{"href":"https:\/\/www.grieta.org.mx\/index.php\/wp-json\/wp\/v2\/types\/post"}],"author":[{"embeddable":true,"href":"https:\/\/www.grieta.org.mx\/index.php\/wp-json\/wp\/v2\/users\/2"}],"replies":[{"embeddable":true,"href":"https:\/\/www.grieta.org.mx\/index.php\/wp-json\/wp\/v2\/comments?post=68147"}],"version-history":[{"count":1,"href":"https:\/\/www.grieta.org.mx\/index.php\/wp-json\/wp\/v2\/posts\/68147\/revisions"}],"predecessor-version":[{"id":68149,"href":"https:\/\/www.grieta.org.mx\/index.php\/wp-json\/wp\/v2\/posts\/68147\/revisions\/68149"}],"wp:featuredmedia":[{"embeddable":true,"href":"https:\/\/www.grieta.org.mx\/index.php\/wp-json\/wp\/v2\/media\/68148"}],"wp:attachment":[{"href":"https:\/\/www.grieta.org.mx\/index.php\/wp-json\/wp\/v2\/media?parent=68147"}],"wp:term":[{"taxonomy":"category","embeddable":true,"href":"https:\/\/www.grieta.org.mx\/index.php\/wp-json\/wp\/v2\/categories?post=68147"},{"taxonomy":"post_tag","embeddable":true,"href":"https:\/\/www.grieta.org.mx\/index.php\/wp-json\/wp\/v2\/tags?post=68147"}],"curies":[{"name":"wp","href":"https:\/\/api.w.org\/{rel}","templated":true}]}}