{"id":68141,"date":"2023-11-02T16:07:17","date_gmt":"2023-11-02T22:07:17","guid":{"rendered":"https:\/\/www.grieta.org.mx\/?p=68141"},"modified":"2023-11-20T16:16:20","modified_gmt":"2023-11-20T22:16:20","slug":"calakmul-el-acueducto-inconcluso-de-la-sedena-y-439-millones-de-pesos-por-comprobar-campeche","status":"publish","type":"post","link":"https:\/\/www.grieta.org.mx\/index.php\/2023\/11\/02\/calakmul-el-acueducto-inconcluso-de-la-sedena-y-439-millones-de-pesos-por-comprobar-campeche\/","title":{"rendered":"Calakmul: El acueducto inconcluso de la Sedena y 439 millones de pesos por comprobar (Campeche)"},"content":{"rendered":"<p>Mathieu Tourliere \/ Revista Proceso<\/p>\n<blockquote><p>La Conagua, responsable de instalar 96.71 kil\u00f3metros de tuber\u00eda, deleg\u00f3 sus responsabilidades a la Sedena mediante un \u201cconvenio de colaboraci\u00f3n\u201d. La obra deb\u00eda entregarse el 31 de diciembre de 2022, se destinaron 956.3 mdp, pero la Sedena solo ha comprobado la ejecuci\u00f3n de 526 mdp, se\u00f1al\u00f3 la ASF.\n<\/p><\/blockquote>\n<p>CIUDAD DE M\u00c9XICO (apro).- Adem\u00e1s de entregar a la Secretar\u00eda de la Defensa Nacional (Sedena) el Tren Maya, varios aeropuertos, hoteles, las aduanas terrestres y la seguridad p\u00fablica del pa\u00eds, el gobierno de Andr\u00e9s Manuel L\u00f3pez Obrador dio a la instituci\u00f3n castrense un paquete de 965 millones 387 mil pesos para rehabilitar un acueducto de 97 kil\u00f3metros que pretende llevar agua a la zona selv\u00e1tica de Calakmul, en Campeche, donde pasar\u00e1 el Tren Maya.<\/p>\n<p>De este monto, la Sedena dej\u00f3 pendientes de comprobar 439 millones 76 mil pesos el a\u00f1o pasado y se atras\u00f3 mucho en la obra, seg\u00fan document\u00f3 la Auditor\u00eda Superior de la Federaci\u00f3n (ASF) en la segunda entrega de informes relativos a la Cuenta P\u00fablica 2022. Seg\u00fan el \u00f3rgano fiscalizador, la Conagua entreg\u00f3 los 965 millones de pesos a la Sedena, que solo comprob\u00f3 la ejecuci\u00f3n de trabajos por 526 millones de pesos.<\/p>\n<p>Desde que se dio a conocer el trazo del Tren Maya, las comunidades organizadas cercanas a la zona arqueol\u00f3gica de Calakmul, especialmente en Xpujil, han levantado la voz para expresar sus temores sobre los efectos que tendr\u00eda la llegada masiva de turistas en su regi\u00f3n, que ya padece escasez de agua. Para resolver este problema, el gobierno de L\u00f3pez Obrador encarg\u00f3 a la Comisi\u00f3n Nacional del Agua (Conagua) la \u201crehabilitaci\u00f3n integral y modernizaci\u00f3n del acueducto L\u00f3pez Mateos-Xpujil\u201d.<\/p>\n<p>Sin embargo, la Conagua, responsable del megaproyecto, deleg\u00f3 sus responsabilidades a la Sedena mediante un \u201cconvenio de colaboraci\u00f3n\u201d que dej\u00f3 al Ej\u00e9rcito la instalaci\u00f3n de los 96.71 kil\u00f3metros de tuber\u00eda, con un plazo de entrega para el 31 de diciembre de 2022.<\/p>\n<p>La obra busca extraer agua potable de cinco pozos del acu\u00edfero Pen\u00ednsula de Yucat\u00e1n \u2013a la altura del municipio de Esc\u00e1rcega&#8211; y canalizar 230 litros por segundo hasta una planta de distribuci\u00f3n en la selva de Calakmul a trav\u00e9s de una tuber\u00eda de 20 pulgadas, con la ayuda de estaciones de rebombeo. El proyecto recibi\u00f3 luz verde de la Secretar\u00eda de Medio Ambiente y Recursos Naturales (Semarnat) en enero de 2022.<\/p>\n<p>El acueducto sigue un trazo paralelo al del Tramo 7 del Tren Maya, a cargo de la Sedena. Esa ruta atraviesa la selva entre Esc\u00e1rcega y Chetumal, en Quintana Roo, y las obras tienen un avance de apenas 30%, seg\u00fan inform\u00f3 Gustavo Ricardo Vallejo Su\u00e1rez en la conferencia matutina de L\u00f3pez Obrador el pasado 7 de agosto.<\/p>\n<p>Al igual que el Tren Maya, tanto la Conagua como la instituci\u00f3n castrense incumplieron con los plazos del acueducto: a finales del a\u00f1o pasado, la Sedena apenas reportaba un avance del 45.5%. Seg\u00fan la ASF, las autoridades \u201crealizaron una deficiente planeaci\u00f3n y programaci\u00f3n de los trabajos\u201d, y la Sedena \u201ctuvo que enfrentar diferentes situaciones que impidieron cumplir la ejecuci\u00f3n de los trabajos programados\u201d.<\/p>\n<p>En julio pasado, el delegado de la Conagua en Campeche, V\u00edctor Manuel Guillermo y Maldonado, asever\u00f3 que el presidente L\u00f3pez Obrador inaugurar\u00eda el acueducto de Xpujil a finales de 2023, y sostuvo que las obras iban \u201cen tiempo y forma\u201d, lo cual era falso, pues la Sedena debi\u00f3 entregar el trabajo final en diciembre de 2022.<\/p>\n<p>De acuerdo con la ASF, la Sedena, instituci\u00f3n m\u00e1s favorecida por el presidente L\u00f3pez Obrador durante su sexenio \u2013adem\u00e1s de duplicarle su presupuesto, le entreg\u00f3 la construcci\u00f3n y administraci\u00f3n de varios de sus megaproyectos, como el Tren Maya o el Aeropuerto Internacional Felipe \u00c1ngeles (AIFA)&#8211;, no pudo conseguir la tuber\u00eda requerida y solo fue capaz de instalar 37.75 kil\u00f3metros. Aparte, la Sedena no sigui\u00f3 los planes de las obras, pues seg\u00fan la ASF \u201cla ejecuci\u00f3n de los trabajos de relleno y acarreo de las excavaciones para alojar la tuber\u00eda no se llevaron a cabo como lo indicado en las especificaciones t\u00e9cnicas\u201d del proyecto.<\/p>\n<p>Entre sus observaciones, la ASF culp\u00f3 a la Conagua por unos pagos en exceso en la contrataci\u00f3n de consultores y servicios de laboratorio, y por gastos anexos. En respuesta, la dependencia ech\u00f3 la responsabilidad a la Sedena, pues asever\u00f3 que dichos trabajos \u201cfueron ejecutados por administraci\u00f3n directa\u201d por el Ej\u00e9rcito.<\/p>\n<p><a href=\"https:\/\/www.proceso.com.mx\/nacional\/2023\/11\/2\/calakmul-el-acueducto-inconcluso-de-la-sedena-439-millones-de-pesosporcomprobar-317823.html\" rel=\"noopener\" target=\"_blank\">https:\/\/www.proceso.com.mx\/nacional\/2023\/11\/2\/calakmul-el-acueducto-inconcluso-de-la-sedena-439-millones-de-pesosporcomprobar-317823.html<\/a><\/p>\n","protected":false},"excerpt":{"rendered":"<p>Mathieu Tourliere \/ Revista Proceso La Conagua, responsable de instalar 96.71 kil\u00f3metros de tuber\u00eda, deleg\u00f3 sus responsabilidades a la Sedena mediante un \u201cconvenio de colaboraci\u00f3n\u201d. La obra deb\u00eda entregarse el &hellip; <a href=\"https:\/\/www.grieta.org.mx\/index.php\/2023\/11\/02\/calakmul-el-acueducto-inconcluso-de-la-sedena-y-439-millones-de-pesos-por-comprobar-campeche\/\" class=\"more-link\">Leer m\u00e1s<\/a><\/p>\n","protected":false},"author":2,"featured_media":68142,"comment_status":"closed","ping_status":"closed","sticky":false,"template":"","format":"standard","meta":{"ngg_post_thumbnail":0,"_jetpack_newsletter_access":"","_jetpack_dont_email_post_to_subs":false,"_jetpack_newsletter_tier_id":0,"_jetpack_memberships_contains_paywalled_content":false,"_jetpack_memberships_contains_paid_content":false,"footnotes":""},"categories":[11,80,914,3009,3,922,926,944,952,2,1877,83,2026],"tags":[447,888,1878],"class_list":["post-68141","post","type-post","status-publish","format-standard","has-post-thumbnail","hentry","category-campeche","category-cintillo","category-privatizacion-del-agua","category-crisis-del-agua-en-campeche","category-megaproyectos","category-megaproyectos-estados","category-mp-campeche","category-mp-quintana-roo","category-mp-yucatan","category-noticias-nacionales","category-resistencia-al-tren-maya-en-la-peninsula-de-yucatan-campeche","category-temas-nacionales","category-tren-maya","tag-acueducto","tag-conagua","tag-tren-maya","entry"],"jetpack_featured_media_url":"https:\/\/www.grieta.org.mx\/wp-content\/uploads\/2023\/11\/TrenCalakmul-e1700518334628.jpg","jetpack_sharing_enabled":true,"jetpack_shortlink":"https:\/\/wp.me\/p7ZJR4-hJ3","jetpack_likes_enabled":false,"jetpack-related-posts":[{"id":67059,"url":"https:\/\/www.grieta.org.mx\/index.php\/2023\/05\/03\/caravana-el-sur-resiste-pide-a-la-sedena-suspender-obras-en-el-tramo-7-del-tren-maya-campeche\/","url_meta":{"origin":68141,"position":0},"title":"Caravana El Sur Resiste pide a la Sedena suspender obras en el Tramo 7 del Tren Maya (Campeche)","author":"grieta","date":"3 mayo, 2023","format":false,"excerpt":"Cambio 22 XPUJIL, CAMPECHE, 3 de mayo.- Los integrantes del movimiento Caravana El Sur Resiste llegaron al campamento de la Secretar\u00eda de la Defensa Nacional (Sedena) en Xpujil, municipio de Calakmul, Campeche, para hacer entrega a los ingenieros militares de documentos que acreditan que el Tramo 7 del Tren Maya\u2026","rel":"","context":"En &quot;25. Xpujil&quot;","block_context":{"text":"25. Xpujil","link":"https:\/\/www.grieta.org.mx\/index.php\/category\/espejos-de-la-resistencia\/25-xpujil\/"},"img":{"alt_text":"","src":"https:\/\/i0.wp.com\/www.grieta.org.mx\/wp-content\/uploads\/2023\/06\/SurResiste-e1687537548743.jpg?resize=350%2C200&ssl=1","width":350,"height":200,"srcset":"https:\/\/i0.wp.com\/www.grieta.org.mx\/wp-content\/uploads\/2023\/06\/SurResiste-e1687537548743.jpg?resize=350%2C200&ssl=1 1x, https:\/\/i0.wp.com\/www.grieta.org.mx\/wp-content\/uploads\/2023\/06\/SurResiste-e1687537548743.jpg?resize=525%2C300&ssl=1 1.5x, https:\/\/i0.wp.com\/www.grieta.org.mx\/wp-content\/uploads\/2023\/06\/SurResiste-e1687537548743.jpg?resize=700%2C400&ssl=1 2x"},"classes":[]},{"id":67872,"url":"https:\/\/www.grieta.org.mx\/index.php\/2023\/10\/06\/tren-maya-sedena-incrementara-seguridad-en-quintana-roo-con-mas-de-3-mil-elementos\/","url_meta":{"origin":68141,"position":1},"title":"Tren Maya: Sedena incrementar\u00e1 seguridad en Quintana Roo con m\u00e1s de 3 mil elementos","author":"grieta","date":"6 octubre, 2023","format":false,"excerpt":"Con la inauguraci\u00f3n del Tren Maya que se dar\u00e1 durante diciembre, el Secretario de la Defensa Nacional de M\u00e9xico Luis Cresencio Sandoval inform\u00f3 que en Quintana Roo se incrementar\u00e1 la seguridad con la presencia de la Guardia Nacional, pues habr\u00e1 tres nuevas bases a\u00e9reas. De acuerdo con los datos del\u2026","rel":"","context":"En &quot;CINTILLO&quot;","block_context":{"text":"CINTILLO","link":"https:\/\/www.grieta.org.mx\/index.php\/category\/cintillo\/"},"img":{"alt_text":"","src":"https:\/\/i0.wp.com\/www.grieta.org.mx\/wp-content\/uploads\/2023\/10\/TrenMalla-e1696860496274.jpg?resize=350%2C200&ssl=1","width":350,"height":200,"srcset":"https:\/\/i0.wp.com\/www.grieta.org.mx\/wp-content\/uploads\/2023\/10\/TrenMalla-e1696860496274.jpg?resize=350%2C200&ssl=1 1x, https:\/\/i0.wp.com\/www.grieta.org.mx\/wp-content\/uploads\/2023\/10\/TrenMalla-e1696860496274.jpg?resize=525%2C300&ssl=1 1.5x, https:\/\/i0.wp.com\/www.grieta.org.mx\/wp-content\/uploads\/2023\/10\/TrenMalla-e1696860496274.jpg?resize=700%2C400&ssl=1 2x"},"classes":[]},{"id":35945,"url":"https:\/\/www.grieta.org.mx\/index.php\/2019\/07\/05\/expansion-de-megaproyectos-en-la-peninsula-de-yucatan-video\/","url_meta":{"origin":68141,"position":2},"title":"Expansi\u00f3n de Megaproyectos en la Pen\u00ednsula de Yucat\u00e1n (Video)","author":"grieta","date":"5 julio, 2019","format":false,"excerpt":"https:\/\/youtu.be\/qLBARIAaBsI","rel":"","context":"En &quot;Campeche&quot;","block_context":{"text":"Campeche","link":"https:\/\/www.grieta.org.mx\/index.php\/category\/noticias-nacionales\/campeche\/"},"img":{"alt_text":"","src":"https:\/\/i0.wp.com\/img.youtube.com\/vi\/qLBARIAaBsI\/0.jpg?resize=350%2C200","width":350,"height":200},"classes":[]},{"id":47874,"url":"https:\/\/www.grieta.org.mx\/index.php\/2020\/04\/13\/las-vias-torcidas-del-tren-maya-video\/","url_meta":{"origin":68141,"position":3},"title":"Las v\u00edas torcidas del tren maya (Video)","author":"grieta","date":"13 abril, 2020","format":false,"excerpt":"https:\/\/www.youtube.com\/watch?v=k8FRX9eT0YY","rel":"","context":"En &quot;16. Pueblo Maya&quot;","block_context":{"text":"16. Pueblo Maya","link":"https:\/\/www.grieta.org.mx\/index.php\/category\/espejos-de-la-resistencia\/16-pueblo-maya\/"},"img":{"alt_text":"","src":"https:\/\/i0.wp.com\/www.grieta.org.mx\/wp-content\/uploads\/2020\/04\/ViasTorcidasTrenMaya.png?resize=350%2C200&ssl=1","width":350,"height":200,"srcset":"https:\/\/i0.wp.com\/www.grieta.org.mx\/wp-content\/uploads\/2020\/04\/ViasTorcidasTrenMaya.png?resize=350%2C200&ssl=1 1x, https:\/\/i0.wp.com\/www.grieta.org.mx\/wp-content\/uploads\/2020\/04\/ViasTorcidasTrenMaya.png?resize=525%2C300&ssl=1 1.5x, https:\/\/i0.wp.com\/www.grieta.org.mx\/wp-content\/uploads\/2020\/04\/ViasTorcidasTrenMaya.png?resize=700%2C400&ssl=1 2x"},"classes":[]},{"id":66796,"url":"https:\/\/www.grieta.org.mx\/index.php\/2023\/04\/13\/paran-trabajadores-de-tren-maya\/","url_meta":{"origin":68141,"position":4},"title":"Paran trabajadores de Tren Maya","author":"grieta","date":"13 abril, 2023","format":false,"excerpt":"Benito Jim\u00e9nez \/ Agencia Reforma \/ Heraldo.mx CIUDAD DE M\u00c9XICO.- Al menos 120 trabajadores de la Estaci\u00f3n Centenario del Tramo 7 del Tren Maya pararon ayer sus labores en demanda de la revisi\u00f3n de contratos y en protesta de supuestos malos tratos por parte de ingenieros militares que tienen a\u2026","rel":"","context":"En &quot;Campeche&quot;","block_context":{"text":"Campeche","link":"https:\/\/www.grieta.org.mx\/index.php\/category\/noticias-nacionales\/campeche\/"},"img":{"alt_text":"","src":"https:\/\/i0.wp.com\/www.grieta.org.mx\/wp-content\/uploads\/2023\/04\/ParanTrabajadores-e1681602408864.jpg?resize=350%2C200&ssl=1","width":350,"height":200,"srcset":"https:\/\/i0.wp.com\/www.grieta.org.mx\/wp-content\/uploads\/2023\/04\/ParanTrabajadores-e1681602408864.jpg?resize=350%2C200&ssl=1 1x, https:\/\/i0.wp.com\/www.grieta.org.mx\/wp-content\/uploads\/2023\/04\/ParanTrabajadores-e1681602408864.jpg?resize=525%2C300&ssl=1 1.5x, https:\/\/i0.wp.com\/www.grieta.org.mx\/wp-content\/uploads\/2023\/04\/ParanTrabajadores-e1681602408864.jpg?resize=700%2C400&ssl=1 2x"},"classes":[]},{"id":57806,"url":"https:\/\/www.grieta.org.mx\/index.php\/2021\/03\/16\/el-ejercito-recibira-los-ingresos-del-tren-maya-sin-pasar-por-la-shcp-fonatur\/","url_meta":{"origin":68141,"position":5},"title":"El Ej\u00e9rcito recibir\u00e1 los ingresos del Tren Maya, sin pasar por la SHCP: Fonatur","author":"grieta","date":"16 marzo, 2021","format":false,"excerpt":"Mathieu Tourliere \/ Proceso CIUDAD DE M\u00c9XICO (apro).- En un en\u00e9simo cambio al proyecto inicial del Tren Maya, Rogelio Jim\u00e9nez Pons, titular del Fondo Nacional de Fomento al Turismo (Fonatur), indic\u00f3 hoy que el Ej\u00e9rcito concentrar\u00e1 los ingresos de todo el tren, sin que \u00e9stos pasen por la Secretar\u00eda de\u2026","rel":"","context":"En &quot;Campeche&quot;","block_context":{"text":"Campeche","link":"https:\/\/www.grieta.org.mx\/index.php\/category\/noticias-nacionales\/campeche\/"},"img":{"alt_text":"","src":"https:\/\/i0.wp.com\/www.grieta.org.mx\/wp-content\/uploads\/2021\/02\/130288-e1613585374702.jpg?resize=350%2C200&ssl=1","width":350,"height":200,"srcset":"https:\/\/i0.wp.com\/www.grieta.org.mx\/wp-content\/uploads\/2021\/02\/130288-e1613585374702.jpg?resize=350%2C200&ssl=1 1x, https:\/\/i0.wp.com\/www.grieta.org.mx\/wp-content\/uploads\/2021\/02\/130288-e1613585374702.jpg?resize=525%2C300&ssl=1 1.5x, https:\/\/i0.wp.com\/www.grieta.org.mx\/wp-content\/uploads\/2021\/02\/130288-e1613585374702.jpg?resize=700%2C400&ssl=1 2x"},"classes":[]}],"_links":{"self":[{"href":"https:\/\/www.grieta.org.mx\/index.php\/wp-json\/wp\/v2\/posts\/68141","targetHints":{"allow":["GET"]}}],"collection":[{"href":"https:\/\/www.grieta.org.mx\/index.php\/wp-json\/wp\/v2\/posts"}],"about":[{"href":"https:\/\/www.grieta.org.mx\/index.php\/wp-json\/wp\/v2\/types\/post"}],"author":[{"embeddable":true,"href":"https:\/\/www.grieta.org.mx\/index.php\/wp-json\/wp\/v2\/users\/2"}],"replies":[{"embeddable":true,"href":"https:\/\/www.grieta.org.mx\/index.php\/wp-json\/wp\/v2\/comments?post=68141"}],"version-history":[{"count":1,"href":"https:\/\/www.grieta.org.mx\/index.php\/wp-json\/wp\/v2\/posts\/68141\/revisions"}],"predecessor-version":[{"id":68143,"href":"https:\/\/www.grieta.org.mx\/index.php\/wp-json\/wp\/v2\/posts\/68141\/revisions\/68143"}],"wp:featuredmedia":[{"embeddable":true,"href":"https:\/\/www.grieta.org.mx\/index.php\/wp-json\/wp\/v2\/media\/68142"}],"wp:attachment":[{"href":"https:\/\/www.grieta.org.mx\/index.php\/wp-json\/wp\/v2\/media?parent=68141"}],"wp:term":[{"taxonomy":"category","embeddable":true,"href":"https:\/\/www.grieta.org.mx\/index.php\/wp-json\/wp\/v2\/categories?post=68141"},{"taxonomy":"post_tag","embeddable":true,"href":"https:\/\/www.grieta.org.mx\/index.php\/wp-json\/wp\/v2\/tags?post=68141"}],"curies":[{"name":"wp","href":"https:\/\/api.w.org\/{rel}","templated":true}]}}