{"id":68115,"date":"2023-10-27T18:32:06","date_gmt":"2023-10-28T00:32:06","guid":{"rendered":"https:\/\/www.grieta.org.mx\/?p=68115"},"modified":"2023-11-13T18:50:14","modified_gmt":"2023-11-14T00:50:14","slug":"yucatan-protesta-en-la-xhstv-televisora-del-gobierno-del-estado-intimida-hostiga-y-persigue-a-sus-trabajadores","status":"publish","type":"post","link":"https:\/\/www.grieta.org.mx\/index.php\/2023\/10\/27\/yucatan-protesta-en-la-xhstv-televisora-del-gobierno-del-estado-intimida-hostiga-y-persigue-a-sus-trabajadores\/","title":{"rendered":"Yucat\u00e1n| Protesta en la  XHSTV: Televisora del Gobierno del Estado intimida, hostiga y persigue a sus trabajadores"},"content":{"rendered":"<p>Itzel Chan \/ Noticaribe<\/p>\n<p>M\u00c9RIDA, MX.- Las y los trabajadores del canal XHSTV (TeleYucat\u00e1n), del Gobierno del Estado, realizaron una segunda manifestaci\u00f3n para denunciar que son v\u00edctimas de acoso laboral, intimidaci\u00f3n, hostigamiento y persecuciones, esto s\u00f3lo por pedir el respeto y cumplimiento a sus derechos laborales.<\/p>\n<p>Esta ma\u00f1ana el grupo de trabajadores sali\u00f3 a las calles para exponer lo que viven en sus jornadas laborales y pedir as\u00ed el cumplimiento de sus demandas.<\/p>\n<p>Natalia L\u00f3pez, secretaria de Trabajo del Sindicato de Trabajadores de la Industria de la Radio, Telecomunicaciones, similares y conexos de la rep\u00fablica mexicana (STIRTT), en representaci\u00f3n de sus compa\u00f1eras y compa\u00f1eros, record\u00f3 que la primera manifestaci\u00f3n la hicieron el pasado 14 de septiembre y ante la indiferencia del cuerpo directivo, decidieron salir a las calles nuevamente.<\/p>\n<p>En este sentido, mencion\u00f3 que desde 2018 se han agravado las circunstancias bajo las que trabajan.<\/p>\n<p>Hasta ahora son cerca de 40 trabajadores de este sindicato que denuncian ser afectados con la administraci\u00f3n que dirige Armando Manzanero Arjona.<\/p>\n<p>Por ejemplo, indicaron que suelen hacer dobles funciones por un mismo sueldo, incluso realizan horas extras que no se les pagan y cuando piden un pago justo por eso, son amenazados con despido y si se quejan les ponen m\u00e1s carga laboral.<\/p>\n<p>\u201cHemos solicitado a la administraci\u00f3n que nos atiendan, pero sufrimos acoso laboral porque nos amenazan con despedirnos o hacemos horas extras que no nos pagan\u201d, enfatiz\u00f3.<\/p>\n<p>Las y los trabajadores igualmente piden pago de retroactivos por labores realizadas, tambi\u00e9n pagos de acuerdo a sus funciones.<\/p>\n<p>En su protesta mencionaron que la administraci\u00f3n del centro de trabajo, dirigido por Roxana Quintal Gordillo, los amenaza que en caso de quejarse, podr\u00edan despedirlos.<\/p>\n<p>A\u00fan as\u00ed, por considerar este trato injusto han decidido hacer p\u00fablica la situaci\u00f3n que enfrentan en su centro laboral.<\/p>\n<p>A manera de presi\u00f3n para ser escuchados, por unos instantes cerraron la avenida P\u00e9rez Ponce, bloqueando el tr\u00e1fico por unos instantes. <\/p>\n<p><a href=\"https:\/\/noticaribe.com.mx\/2023\/10\/27\/yucatan-protesta-en-la-xhstv-televisora-del-gobierno-del-estado-intimida-hostiga-y-persigue-a-sus-trabajadores\/\" rel=\"noopener\" target=\"_blank\">https:\/\/noticaribe.com.mx\/2023\/10\/27\/yucatan-protesta-en-la-xhstv-televisora-del-gobierno-del-estado-intimida-hostiga-y-persigue-a-sus-trabajadores\/<\/a><\/p>\n","protected":false},"excerpt":{"rendered":"<p>Itzel Chan \/ Noticaribe M\u00c9RIDA, MX.- Las y los trabajadores del canal XHSTV (TeleYucat\u00e1n), del Gobierno del Estado, realizaron una segunda manifestaci\u00f3n para denunciar que son v\u00edctimas de acoso laboral, &hellip; <a href=\"https:\/\/www.grieta.org.mx\/index.php\/2023\/10\/27\/yucatan-protesta-en-la-xhstv-televisora-del-gobierno-del-estado-intimida-hostiga-y-persigue-a-sus-trabajadores\/\" class=\"more-link\">Leer m\u00e1s<\/a><\/p>\n","protected":false},"author":2,"featured_media":68116,"comment_status":"closed","ping_status":"closed","sticky":false,"template":"","format":"standard","meta":{"ngg_post_thumbnail":0,"_jetpack_newsletter_access":"","_jetpack_dont_email_post_to_subs":false,"_jetpack_newsletter_tier_id":0,"_jetpack_memberships_contains_paywalled_content":false,"_jetpack_memberships_contains_paid_content":false,"footnotes":""},"categories":[80,1072,910,2,3211,83,36],"tags":[2054,634,2102,105,2167,2252,249,210,4008],"class_list":["post-68115","post","type-post","status-publish","format-standard","has-post-thumbnail","hentry","category-cintillo","category-conflictos-laborales-en-yucatan","category-explotacion-y-precariedad-laboral","category-noticias-nacionales","category-precariedad-laboral-en-yucatan","category-temas-nacionales","category-yucatan","tag-acoso-laboral","tag-condiciones-laborales","tag-conflicto-laboral","tag-derechos-laborales","tag-falta-de-pago","tag-horas-extras","tag-hostigamiento","tag-intimidacion","tag-persecucion","entry"],"jetpack_featured_media_url":"https:\/\/www.grieta.org.mx\/wp-content\/uploads\/2023\/11\/Televisora-e1699922702491.jpg","jetpack_sharing_enabled":true,"jetpack_shortlink":"https:\/\/wp.me\/p7ZJR4-hID","jetpack_likes_enabled":false,"jetpack-related-posts":[{"id":69834,"url":"https:\/\/www.grieta.org.mx\/index.php\/2024\/09\/24\/anuncian-paro-laboral-en-diversas-universidades-de-yucatan-por-derechos-laborales\/","url_meta":{"origin":68115,"position":0},"title":"Anuncian Paro Laboral en Diversas Universidades de Yucat\u00e1n por Derechos Laborales","author":"grieta","date":"24 septiembre, 2024","format":false,"excerpt":"Erick Mart\u00edn Huh\/CAMBIO 22 Instituciones de educaci\u00f3n superior en el estado se preparan para suspender actividades el pr\u00f3ximo viernes en demanda de mejoras laborales VALLADOLID, YUCAT\u00c1N, 24 DE SEPTIEMBRE DE 2024.Diversas universidades de Yucat\u00e1n, incluidas el Tecnol\u00f3gico Superior Campus Valladolid, la Universidad Tecnol\u00f3gica Metropolitana de M\u00e9rida y la Universidad Tecnol\u00f3gica\u2026","rel":"","context":"En &quot;CINTILLO&quot;","block_context":{"text":"CINTILLO","link":"https:\/\/www.grieta.org.mx\/index.php\/category\/cintillo\/"},"img":{"alt_text":"","src":"https:\/\/i0.wp.com\/www.grieta.org.mx\/wp-content\/uploads\/2024\/09\/UniversidadesYucatan-e1727230420440.jpg?resize=350%2C200&ssl=1","width":350,"height":200,"srcset":"https:\/\/i0.wp.com\/www.grieta.org.mx\/wp-content\/uploads\/2024\/09\/UniversidadesYucatan-e1727230420440.jpg?resize=350%2C200&ssl=1 1x, https:\/\/i0.wp.com\/www.grieta.org.mx\/wp-content\/uploads\/2024\/09\/UniversidadesYucatan-e1727230420440.jpg?resize=525%2C300&ssl=1 1.5x, https:\/\/i0.wp.com\/www.grieta.org.mx\/wp-content\/uploads\/2024\/09\/UniversidadesYucatan-e1727230420440.jpg?resize=700%2C400&ssl=1 2x"},"classes":[]},{"id":69170,"url":"https:\/\/www.grieta.org.mx\/index.php\/2024\/06\/10\/personal-del-issste-cierra-calles-y-exige-mejores-condiciones-laborales-yucatan\/","url_meta":{"origin":68115,"position":1},"title":"Personal del ISSSTE cierra calles y exige mejores condiciones laborales (Yucat\u00e1n)","author":"grieta","date":"10 junio, 2024","format":false,"excerpt":"Reporteros Hoy Desde temprana hora de este lunes, trabajadores de la salud del ISSSTE cerraron la avenida Alfredo Barrera en el fraccionamiento Pensiones, para exigir al gobierno mejores condiciones laborales y denunciar presunta corrupci\u00f3n y desv\u00edo de recursos por parte del titular del Hospital Regional Elvia Carrillo Puerto. Entre los\u2026","rel":"","context":"En &quot;CINTILLO&quot;","block_context":{"text":"CINTILLO","link":"https:\/\/www.grieta.org.mx\/index.php\/category\/cintillo\/"},"img":{"alt_text":"","src":"https:\/\/i0.wp.com\/www.grieta.org.mx\/wp-content\/uploads\/2024\/06\/Issste-e1718627953463.jpg?resize=350%2C200&ssl=1","width":350,"height":200,"srcset":"https:\/\/i0.wp.com\/www.grieta.org.mx\/wp-content\/uploads\/2024\/06\/Issste-e1718627953463.jpg?resize=350%2C200&ssl=1 1x, https:\/\/i0.wp.com\/www.grieta.org.mx\/wp-content\/uploads\/2024\/06\/Issste-e1718627953463.jpg?resize=525%2C300&ssl=1 1.5x, https:\/\/i0.wp.com\/www.grieta.org.mx\/wp-content\/uploads\/2024\/06\/Issste-e1718627953463.jpg?resize=700%2C400&ssl=1 2x"},"classes":[]},{"id":71828,"url":"https:\/\/www.grieta.org.mx\/index.php\/2025\/06\/10\/ahora-la-utm-se-une-al-paro-yucatan\/","url_meta":{"origin":68115,"position":2},"title":"Ahora la UTM se une al paro (Yucat\u00e1n)","author":"grieta","date":"10 junio, 2025","format":false,"excerpt":"Herbeth Escalante \/ Haz Ruido Los docentes y el personal administrativo exigen mejores condiciones laborales y mejorar la infraestructura para sus estudiantes M\u00e9rida, Yucat\u00e1n, 10 de junio de 2025.- Desde temprana hora, docentes y personal administrativo cerraron con candados las rejas de las instalaciones de la Universidad Tecnol\u00f3gica Metropolitana (UTM)\u2026","rel":"","context":"En &quot;CINTILLO&quot;","block_context":{"text":"CINTILLO","link":"https:\/\/www.grieta.org.mx\/index.php\/category\/cintillo\/"},"img":{"alt_text":"","src":"https:\/\/i0.wp.com\/www.grieta.org.mx\/wp-content\/uploads\/2025\/06\/Utm-e1749645096482.jpg?resize=350%2C200&ssl=1","width":350,"height":200,"srcset":"https:\/\/i0.wp.com\/www.grieta.org.mx\/wp-content\/uploads\/2025\/06\/Utm-e1749645096482.jpg?resize=350%2C200&ssl=1 1x, https:\/\/i0.wp.com\/www.grieta.org.mx\/wp-content\/uploads\/2025\/06\/Utm-e1749645096482.jpg?resize=525%2C300&ssl=1 1.5x, https:\/\/i0.wp.com\/www.grieta.org.mx\/wp-content\/uploads\/2025\/06\/Utm-e1749645096482.jpg?resize=700%2C400&ssl=1 2x"},"classes":[]},{"id":71779,"url":"https:\/\/www.grieta.org.mx\/index.php\/2025\/06\/02\/la-upy-se-une-a-las-huelgas-yucatan\/","url_meta":{"origin":68115,"position":3},"title":"La UPY se une a las huelgas (Yucat\u00e1n)","author":"grieta","date":"2 junio, 2025","format":false,"excerpt":"Redacci\u00f3n \/ Sol Yucat\u00e1n Contin\u00faan uni\u00e9ndose m\u00e1s centros educativos, personal docente y administrativo a las huelgas educacionales, y esta vez se trat\u00f3 de la Universidad Polit\u00e9cnica de Yucat\u00e1n (UPY). Los protestantes tomaron las instalaciones de forma simb\u00f3lica para que sus peticiones sean escuchadas y como demostraci\u00f3n de que apoyan la\u2026","rel":"","context":"En &quot;CINTILLO&quot;","block_context":{"text":"CINTILLO","link":"https:\/\/www.grieta.org.mx\/index.php\/category\/cintillo\/"},"img":{"alt_text":"","src":"https:\/\/i0.wp.com\/www.grieta.org.mx\/wp-content\/uploads\/2025\/06\/Upy.jpg?resize=350%2C200&ssl=1","width":350,"height":200,"srcset":"https:\/\/i0.wp.com\/www.grieta.org.mx\/wp-content\/uploads\/2025\/06\/Upy.jpg?resize=350%2C200&ssl=1 1x, https:\/\/i0.wp.com\/www.grieta.org.mx\/wp-content\/uploads\/2025\/06\/Upy.jpg?resize=525%2C300&ssl=1 1.5x, https:\/\/i0.wp.com\/www.grieta.org.mx\/wp-content\/uploads\/2025\/06\/Upy.jpg?resize=700%2C400&ssl=1 2x, https:\/\/i0.wp.com\/www.grieta.org.mx\/wp-content\/uploads\/2025\/06\/Upy.jpg?resize=1050%2C600&ssl=1 3x, https:\/\/i0.wp.com\/www.grieta.org.mx\/wp-content\/uploads\/2025\/06\/Upy.jpg?resize=1400%2C800&ssl=1 4x"},"classes":[]},{"id":69250,"url":"https:\/\/www.grieta.org.mx\/index.php\/2024\/06\/29\/sindicato-de-maestros-advierte-que-radicalizara-su-movimiento-yucatan\/","url_meta":{"origin":68115,"position":4},"title":"Sindicato de maestros advierte que radicalizar\u00e1 su movimiento (Yucat\u00e1n)","author":"grieta","date":"29 junio, 2024","format":false,"excerpt":"Haz Ruido Docentes de universidades Tecnol\u00f3gicas recalcaron que no permitir\u00e1n hostigamientos y amenazas por salir a protestar, ni que se discrimine a sus afiliados en las mesas de negociaci\u00f3n. M\u00e9rida, Yucat\u00e1n, 29 de junio de 2024.- El Sindicato Nacional de Educaci\u00f3n Superior (SNES) advirti\u00f3 que en ante hostigamientos y amenazas\u2026","rel":"","context":"En &quot;CINTILLO&quot;","block_context":{"text":"CINTILLO","link":"https:\/\/www.grieta.org.mx\/index.php\/category\/cintillo\/"},"img":{"alt_text":"","src":"https:\/\/i0.wp.com\/www.grieta.org.mx\/wp-content\/uploads\/2024\/06\/MaestrosYuc-e1719697438812.jpg?resize=350%2C200&ssl=1","width":350,"height":200,"srcset":"https:\/\/i0.wp.com\/www.grieta.org.mx\/wp-content\/uploads\/2024\/06\/MaestrosYuc-e1719697438812.jpg?resize=350%2C200&ssl=1 1x, https:\/\/i0.wp.com\/www.grieta.org.mx\/wp-content\/uploads\/2024\/06\/MaestrosYuc-e1719697438812.jpg?resize=525%2C300&ssl=1 1.5x, https:\/\/i0.wp.com\/www.grieta.org.mx\/wp-content\/uploads\/2024\/06\/MaestrosYuc-e1719697438812.jpg?resize=700%2C400&ssl=1 2x"},"classes":[]},{"id":68707,"url":"https:\/\/www.grieta.org.mx\/index.php\/2024\/03\/29\/empleados-de-la-termoelectrica-de-valladolid-protestan-por-la-retencion-de-sus-salarios-yucatan\/","url_meta":{"origin":68115,"position":5},"title":"Empleados de la termoel\u00e9ctrica de Valladolid protestan por la retenci\u00f3n de sus salarios (Yucat\u00e1n)","author":"grieta","date":"29 marzo, 2024","format":false,"excerpt":"Alfredo Osorio Aguilar \/ Por Esto! En una ma\u00f1ana marcada por la protesta y la exigencia de justicia laboral, trabajadores de una planta el\u00e9ctrica en Valladolid se manifestaron en un plant\u00f3n en busca de respuestas a una serie de pagos salariales que les fueron retenidos de manera injustificada. La situaci\u00f3n\u2026","rel":"","context":"En &quot;CINTILLO&quot;","block_context":{"text":"CINTILLO","link":"https:\/\/www.grieta.org.mx\/index.php\/category\/cintillo\/"},"img":{"alt_text":"","src":"https:\/\/i0.wp.com\/www.grieta.org.mx\/wp-content\/uploads\/2024\/03\/Termo-e1711911439636.jpg?resize=350%2C200&ssl=1","width":350,"height":200,"srcset":"https:\/\/i0.wp.com\/www.grieta.org.mx\/wp-content\/uploads\/2024\/03\/Termo-e1711911439636.jpg?resize=350%2C200&ssl=1 1x, https:\/\/i0.wp.com\/www.grieta.org.mx\/wp-content\/uploads\/2024\/03\/Termo-e1711911439636.jpg?resize=525%2C300&ssl=1 1.5x, https:\/\/i0.wp.com\/www.grieta.org.mx\/wp-content\/uploads\/2024\/03\/Termo-e1711911439636.jpg?resize=700%2C400&ssl=1 2x"},"classes":[]}],"_links":{"self":[{"href":"https:\/\/www.grieta.org.mx\/index.php\/wp-json\/wp\/v2\/posts\/68115","targetHints":{"allow":["GET"]}}],"collection":[{"href":"https:\/\/www.grieta.org.mx\/index.php\/wp-json\/wp\/v2\/posts"}],"about":[{"href":"https:\/\/www.grieta.org.mx\/index.php\/wp-json\/wp\/v2\/types\/post"}],"author":[{"embeddable":true,"href":"https:\/\/www.grieta.org.mx\/index.php\/wp-json\/wp\/v2\/users\/2"}],"replies":[{"embeddable":true,"href":"https:\/\/www.grieta.org.mx\/index.php\/wp-json\/wp\/v2\/comments?post=68115"}],"version-history":[{"count":1,"href":"https:\/\/www.grieta.org.mx\/index.php\/wp-json\/wp\/v2\/posts\/68115\/revisions"}],"predecessor-version":[{"id":68117,"href":"https:\/\/www.grieta.org.mx\/index.php\/wp-json\/wp\/v2\/posts\/68115\/revisions\/68117"}],"wp:featuredmedia":[{"embeddable":true,"href":"https:\/\/www.grieta.org.mx\/index.php\/wp-json\/wp\/v2\/media\/68116"}],"wp:attachment":[{"href":"https:\/\/www.grieta.org.mx\/index.php\/wp-json\/wp\/v2\/media?parent=68115"}],"wp:term":[{"taxonomy":"category","embeddable":true,"href":"https:\/\/www.grieta.org.mx\/index.php\/wp-json\/wp\/v2\/categories?post=68115"},{"taxonomy":"post_tag","embeddable":true,"href":"https:\/\/www.grieta.org.mx\/index.php\/wp-json\/wp\/v2\/tags?post=68115"}],"curies":[{"name":"wp","href":"https:\/\/api.w.org\/{rel}","templated":true}]}}