{"id":68098,"date":"2023-10-30T14:22:24","date_gmt":"2023-10-30T20:22:24","guid":{"rendered":"https:\/\/www.grieta.org.mx\/?p=68098"},"modified":"2023-11-12T14:29:01","modified_gmt":"2023-11-12T20:29:01","slug":"colima-el-estado-de-las-fosas-clandestinas","status":"publish","type":"post","link":"https:\/\/www.grieta.org.mx\/index.php\/2023\/10\/30\/colima-el-estado-de-las-fosas-clandestinas\/","title":{"rendered":"Colima, el estado de las fosas clandestinas"},"content":{"rendered":"<p>Imagen: Diario Avanzada<\/p>\n<p>Heidi de Le\u00f3n Guti\u00e9rrez \/ Diario Avanzada<\/p>\n<p>Colima, M\u00e9xico, Avanzada (30\/10\/2023).-\u00a0Una llamada an\u00f3nima, o el cateo de un predio ha sido el inicio de una de las tantas tragedias que se cuentan en Colima: la localizaci\u00f3n de cad\u00e1veres\u00a0enterrados de manera ilegal y cuya identificaci\u00f3n, en la mayor\u00eda de los casos es casi imposible, hasta que se realicen las pruebas gen\u00e9ticas correspondientes.<\/p>\n<p>En lo que va de este a\u00f1o, las autoridades confirmaron el hallazgo de 130 cad\u00e1veres en 89 fosas clandestinas, principalmente en zonas rurales de Tecom\u00e1n, el municipio que en 2018 fue considerado como el m\u00e1s mort\u00edfero del pa\u00eds, de acuerdo al Consejo Ciudadano Para la Seguridad P\u00fablica.<\/p>\n<p>Los datos oficiales muestran que en los asesinatos y los entierros clandestinos son uno de los principales delitos en la entidad, sin que se conozcan las causas de estas ejecuciones y entierros m\u00faltiples, tampoco se tiene claro los avances en las investigaciones, pues la autoridad en el estado solo comparte la numeralia, pero no las l\u00edneas de investigaci\u00f3n.<\/p>\n<p>Entre los hallazgos m\u00e1s importantes se encuentra el ocurrido el pasado\u00a08 de abril de 2023 cuando la \u00a0Fiscal\u00eda General del Estado (FGE) inform\u00f3 el hallazgo de inhumaciones ilegales en la comunidad de Cerro de Ortega, municipio de Tecom\u00e1n. En ese momento, se inform\u00f3 preliminarmente que se encontraron 36 cuerpos en fosas clandestinas.<\/p>\n<p>Unos meses despu\u00e9s, el 4 de junio de 2023 y tras continuas labores de exhumaci\u00f3n en tres predios de la zona, la Fiscal\u00eda General del Estado (FGE) concluye sus trabajos en el Cerro de Ortega, anunciando el hallazgo de un total de 55 fosas clandestinas, con 92 segmentos \u00f3seos que podr\u00edan pertenecer a personas desaparecidas en Colima y otros estados del pa\u00eds.<\/p>\n<p>Adem\u00e1s, el 16 de octubre de 2023, la Fiscal\u00eda General del Estado (FGE) realiz\u00f3 una operaci\u00f3n de cateo en un rancho ubicado en la localidad de Madrid, municipio de Tecom\u00e1n, donde se intervinieron 7 fosas clandestinas y se exhumaron 11 cad\u00e1veres. El hallazgo se difundi\u00f3 a trav\u00e9s de la cuenta de Facebook de la FGE.<\/p>\n<p>Veracruz, Colima y Sinaloa se destacan como los estados con un alto n\u00famero de desapariciones en el \u00faltimo sexenio.\u00a0 La presencia de fosas clandestinas puede ser m\u00e1s extensa en el pa\u00eds, y su descubrimiento no implica necesariamente que hayan sido localizadas por las autoridades, seg\u00fan denuncian las organizaciones en el pa\u00eds.<\/p>\n<p><a href=\"https:\/\/diarioavanzada.com.mx\/?p=49828\">https:\/\/diarioavanzada.com.mx\/?p=49828<\/a><\/p>\n","protected":false},"excerpt":{"rendered":"<p>Imagen: Diario Avanzada Heidi de Le\u00f3n Guti\u00e9rrez \/ Diario Avanzada Colima, M\u00e9xico, Avanzada (30\/10\/2023).-\u00a0Una llamada an\u00f3nima, o el cateo de un predio ha sido el inicio de una de las &hellip; <a href=\"https:\/\/www.grieta.org.mx\/index.php\/2023\/10\/30\/colima-el-estado-de-las-fosas-clandestinas\/\" class=\"more-link\">Leer m\u00e1s<\/a><\/p>\n","protected":false},"author":2,"featured_media":68099,"comment_status":"closed","ping_status":"closed","sticky":false,"template":"","format":"standard","meta":{"ngg_post_thumbnail":0,"_jetpack_newsletter_access":"","_jetpack_dont_email_post_to_subs":false,"_jetpack_newsletter_tier_id":0,"_jetpack_memberships_contains_paywalled_content":false,"_jetpack_memberships_contains_paid_content":false,"footnotes":""},"categories":[80,13,87,1829,2,83],"tags":[1828,3937,856],"class_list":["post-68098","post","type-post","status-publish","format-standard","has-post-thumbnail","hentry","category-cintillo","category-colima","category-desaparecidos","category-desaparecidos-en-colima","category-noticias-nacionales","category-temas-nacionales","tag-busqueda-de-desaparecidos","tag-desaparecdios","tag-fosas-clandestinas","entry"],"jetpack_featured_media_url":"https:\/\/www.grieta.org.mx\/wp-content\/uploads\/2023\/11\/Fosas-Clandestinas.jpg","jetpack_sharing_enabled":true,"jetpack_shortlink":"https:\/\/wp.me\/p7ZJR4-hIm","jetpack_likes_enabled":false,"jetpack-related-posts":[{"id":60405,"url":"https:\/\/www.grieta.org.mx\/index.php\/2021\/07\/09\/encontraron-188-cadaveres-en-fosas-clandestinas-en-tecoman-en-tres-anos-colima\/","url_meta":{"origin":68098,"position":0},"title":"Encontraron 188 cad\u00e1veres en fosas clandestinas en Tecom\u00e1n en tres a\u00f1os (Colima)","author":"grieta","date":"9 julio, 2021","format":false,"excerpt":"Foto: Diario Avanzada Heidi de Le\u00f3n Guti\u00e9rrez \/ Diario Avanzada Colima, M\u00e9xico, Avanzada (09\/07\/2021).- Los municipios que concentran el mayor n\u00famero de cuerpos encontrados en fosas clandestinas en el periodo de diciembre de 2018 \u2013 junio de 2021, se encuentran en los estados de Jalisco, Colima, Sinaloa, Guanajuato y Sonora.\u2026","rel":"","context":"En &quot;CINTILLO&quot;","block_context":{"text":"CINTILLO","link":"https:\/\/www.grieta.org.mx\/index.php\/category\/cintillo\/"},"img":{"alt_text":"","src":"https:\/\/i0.wp.com\/www.grieta.org.mx\/wp-content\/uploads\/2021\/07\/Fosas-Clandestinas.jpg?resize=350%2C200&ssl=1","width":350,"height":200,"srcset":"https:\/\/i0.wp.com\/www.grieta.org.mx\/wp-content\/uploads\/2021\/07\/Fosas-Clandestinas.jpg?resize=350%2C200&ssl=1 1x, https:\/\/i0.wp.com\/www.grieta.org.mx\/wp-content\/uploads\/2021\/07\/Fosas-Clandestinas.jpg?resize=525%2C300&ssl=1 1.5x, https:\/\/i0.wp.com\/www.grieta.org.mx\/wp-content\/uploads\/2021\/07\/Fosas-Clandestinas.jpg?resize=700%2C400&ssl=1 2x"},"classes":[]},{"id":65573,"url":"https:\/\/www.grieta.org.mx\/index.php\/2022\/10\/17\/localizaron-69-fosas-clandestinas-con-70-cuerpos-y-10-restos-oseos-colima\/","url_meta":{"origin":68098,"position":1},"title":"Localizaron 69 fosas clandestinas con 70 cuerpos y 10 restos \u00f3seos (Colima)","author":"grieta","date":"17 octubre, 2022","format":false,"excerpt":"Imagen: Diario Avanzada Heidi de Le\u00f3n Guti\u00e9rrez \/ Diario Avanzada Colima, M\u00e9xico, Avanzada (17\/10\/2022).- En lo que va de este a\u00f1o, 70 cuerpos fueron localizados en fosas clandestinas en la entidad, principalmente en el municipio de Tecom\u00e1n y Manzanillo. Los datos oficiales revelan que entre enero y el pasado mes\u2026","rel":"","context":"En &quot;CINTILLO&quot;","block_context":{"text":"CINTILLO","link":"https:\/\/www.grieta.org.mx\/index.php\/category\/cintillo\/"},"img":{"alt_text":"","src":"https:\/\/i0.wp.com\/www.grieta.org.mx\/wp-content\/uploads\/2022\/10\/Fosas-Clandestinas.jpg?resize=350%2C200&ssl=1","width":350,"height":200,"srcset":"https:\/\/i0.wp.com\/www.grieta.org.mx\/wp-content\/uploads\/2022\/10\/Fosas-Clandestinas.jpg?resize=350%2C200&ssl=1 1x, https:\/\/i0.wp.com\/www.grieta.org.mx\/wp-content\/uploads\/2022\/10\/Fosas-Clandestinas.jpg?resize=525%2C300&ssl=1 1.5x, https:\/\/i0.wp.com\/www.grieta.org.mx\/wp-content\/uploads\/2022\/10\/Fosas-Clandestinas.jpg?resize=700%2C400&ssl=1 2x"},"classes":[]},{"id":66941,"url":"https:\/\/www.grieta.org.mx\/index.php\/2023\/05\/18\/incrementa-a-45-los-cadaveres-exhumados-de-fosas-clandestinas-en-cerro-de-ortega\/","url_meta":{"origin":68098,"position":2},"title":"Incrementa a 45, los cad\u00e1veres exhumados de fosas clandestinas en Cerro de Ortega (Colima)","author":"grieta","date":"18 mayo, 2023","format":false,"excerpt":"Imagen: Diario avanzada Redacci\u00f3n\u00a0 \/ Diario Avanzada Colima, M\u00e9xico, Comunicado (18\/05\/2023).- La Fiscal\u00eda General del Estado (FGE), a trav\u00e9s de la Fiscal\u00eda Especializada en Desaparici\u00f3n de Personas y en coordinaci\u00f3n con la Comisi\u00f3n Estatal de B\u00fasqueda de Personas, como es del conocimiento de la poblaci\u00f3n, intervino una zona para b\u00fasqueda\u2026","rel":"","context":"En &quot;CINTILLO&quot;","block_context":{"text":"CINTILLO","link":"https:\/\/www.grieta.org.mx\/index.php\/category\/cintillo\/"},"img":{"alt_text":"","src":"https:\/\/i0.wp.com\/www.grieta.org.mx\/wp-content\/uploads\/2023\/05\/image-237.png?resize=350%2C200&ssl=1","width":350,"height":200,"srcset":"https:\/\/i0.wp.com\/www.grieta.org.mx\/wp-content\/uploads\/2023\/05\/image-237.png?resize=350%2C200&ssl=1 1x, https:\/\/i0.wp.com\/www.grieta.org.mx\/wp-content\/uploads\/2023\/05\/image-237.png?resize=525%2C300&ssl=1 1.5x"},"classes":[]},{"id":65142,"url":"https:\/\/www.grieta.org.mx\/index.php\/2022\/09\/05\/tecoman-el-municipio-con-mas-fosas-clandestinas-en-el-pais-colima\/","url_meta":{"origin":68098,"position":3},"title":"Tecom\u00e1n, el municipio con m\u00e1s fosas clandestinas en el pa\u00eds (Colima)","author":"grieta","date":"5 septiembre, 2022","format":false,"excerpt":"Imagen: Diario Avanzada Redacci\u00f3n \/ Diario Avanzada Colima, M\u00e9xico, Avanzada (05\/09\/2022).- Este fin de semana, la Fiscal\u00eda General del Estado reconoci\u00f3 la localizaci\u00f3n de seis cuerpos sin vida y restos humanos en fosas clandestinas en la comunidad de Caleras,\u00a0en el municipio de Tecom\u00e1n. Unos meses antes,\u00a0en Tecolapa, en el mismo\u2026","rel":"","context":"En &quot;CINTILLO&quot;","block_context":{"text":"CINTILLO","link":"https:\/\/www.grieta.org.mx\/index.php\/category\/cintillo\/"},"img":{"alt_text":"","src":"https:\/\/i0.wp.com\/www.grieta.org.mx\/wp-content\/uploads\/2022\/09\/Fosas-Clandestinas.jpg?resize=350%2C200&ssl=1","width":350,"height":200,"srcset":"https:\/\/i0.wp.com\/www.grieta.org.mx\/wp-content\/uploads\/2022\/09\/Fosas-Clandestinas.jpg?resize=350%2C200&ssl=1 1x, https:\/\/i0.wp.com\/www.grieta.org.mx\/wp-content\/uploads\/2022\/09\/Fosas-Clandestinas.jpg?resize=525%2C300&ssl=1 1.5x, https:\/\/i0.wp.com\/www.grieta.org.mx\/wp-content\/uploads\/2022\/09\/Fosas-Clandestinas.jpg?resize=700%2C400&ssl=1 2x"},"classes":[]},{"id":68482,"url":"https:\/\/www.grieta.org.mx\/index.php\/2024\/02\/08\/colectivos-de-busqueda-de-personas-mencionan-que-autoridades-no-han-dado-informacion-sobre-fosas-clandestinas-en-ixtlahuacan-colima\/","url_meta":{"origin":68098,"position":4},"title":"Colectivos de b\u00fasqueda de personas mencionan que autoridades no han dado informaci\u00f3n sobre fosas clandestinas en Ixtlahuac\u00e1n (Colima)","author":"grieta","date":"8 febrero, 2024","format":false,"excerpt":"Imagen: Diario Avanzada Heidi de Le\u00f3n Guti\u00e9rrez \/ Diario Avanzada Compartir: FacebookTwitterMessengerWhatsAppTelegramCompartir Colima, M\u00e9xico, Avanzada (08\/02\/2024).- Las autoridades federales y locales no han emitido ninguna informaci\u00f3n sobre el operativo que se llev\u00f3 a cabo en la poblaci\u00f3n de Agua de la Virgen en Ixtlahuac\u00e1n a pesar de que ya transcurrieron\u2026","rel":"","context":"En &quot;CINTILLO&quot;","block_context":{"text":"CINTILLO","link":"https:\/\/www.grieta.org.mx\/index.php\/category\/cintillo\/"},"img":{"alt_text":"","src":"https:\/\/i0.wp.com\/www.grieta.org.mx\/wp-content\/uploads\/2024\/02\/fosas-clandestinas.jpeg?resize=350%2C200&ssl=1","width":350,"height":200,"srcset":"https:\/\/i0.wp.com\/www.grieta.org.mx\/wp-content\/uploads\/2024\/02\/fosas-clandestinas.jpeg?resize=350%2C200&ssl=1 1x, https:\/\/i0.wp.com\/www.grieta.org.mx\/wp-content\/uploads\/2024\/02\/fosas-clandestinas.jpeg?resize=525%2C300&ssl=1 1.5x"},"classes":[]},{"id":71649,"url":"https:\/\/www.grieta.org.mx\/index.php\/2025\/04\/29\/fiscalia-de-colima-mas-fosas-mas-silencio\/","url_meta":{"origin":68098,"position":5},"title":"Fiscal\u00eda de Colima: m\u00e1s fosas, m\u00e1s silencio","author":"grieta","date":"29 abril, 2025","format":false,"excerpt":"Imagen: Diario Avanzada Heidi de Le\u00f3n Guti\u00e9rrez \/ Diario Avanzada Colima, M\u00e9xico, Avanzada (29\/04\/2025).- A m\u00e1s de una semana de que se confirm\u00f3 el hallazgo de seis fosas clandestinas en la capital de Colima, la Fiscal\u00eda General del Estado no ha proporcionado informaci\u00f3n actualizada sobre el n\u00famero de cuerpos o\u2026","rel":"","context":"En &quot;CINTILLO&quot;","block_context":{"text":"CINTILLO","link":"https:\/\/www.grieta.org.mx\/index.php\/category\/cintillo\/"},"img":{"alt_text":"","src":"https:\/\/i0.wp.com\/www.grieta.org.mx\/wp-content\/uploads\/2025\/05\/img_1201-1.jpg?resize=350%2C200&ssl=1","width":350,"height":200,"srcset":"https:\/\/i0.wp.com\/www.grieta.org.mx\/wp-content\/uploads\/2025\/05\/img_1201-1.jpg?resize=350%2C200&ssl=1 1x, https:\/\/i0.wp.com\/www.grieta.org.mx\/wp-content\/uploads\/2025\/05\/img_1201-1.jpg?resize=525%2C300&ssl=1 1.5x, https:\/\/i0.wp.com\/www.grieta.org.mx\/wp-content\/uploads\/2025\/05\/img_1201-1.jpg?resize=700%2C400&ssl=1 2x, https:\/\/i0.wp.com\/www.grieta.org.mx\/wp-content\/uploads\/2025\/05\/img_1201-1.jpg?resize=1050%2C600&ssl=1 3x, https:\/\/i0.wp.com\/www.grieta.org.mx\/wp-content\/uploads\/2025\/05\/img_1201-1.jpg?resize=1400%2C800&ssl=1 4x"},"classes":[]}],"_links":{"self":[{"href":"https:\/\/www.grieta.org.mx\/index.php\/wp-json\/wp\/v2\/posts\/68098","targetHints":{"allow":["GET"]}}],"collection":[{"href":"https:\/\/www.grieta.org.mx\/index.php\/wp-json\/wp\/v2\/posts"}],"about":[{"href":"https:\/\/www.grieta.org.mx\/index.php\/wp-json\/wp\/v2\/types\/post"}],"author":[{"embeddable":true,"href":"https:\/\/www.grieta.org.mx\/index.php\/wp-json\/wp\/v2\/users\/2"}],"replies":[{"embeddable":true,"href":"https:\/\/www.grieta.org.mx\/index.php\/wp-json\/wp\/v2\/comments?post=68098"}],"version-history":[{"count":1,"href":"https:\/\/www.grieta.org.mx\/index.php\/wp-json\/wp\/v2\/posts\/68098\/revisions"}],"predecessor-version":[{"id":68101,"href":"https:\/\/www.grieta.org.mx\/index.php\/wp-json\/wp\/v2\/posts\/68098\/revisions\/68101"}],"wp:featuredmedia":[{"embeddable":true,"href":"https:\/\/www.grieta.org.mx\/index.php\/wp-json\/wp\/v2\/media\/68099"}],"wp:attachment":[{"href":"https:\/\/www.grieta.org.mx\/index.php\/wp-json\/wp\/v2\/media?parent=68098"}],"wp:term":[{"taxonomy":"category","embeddable":true,"href":"https:\/\/www.grieta.org.mx\/index.php\/wp-json\/wp\/v2\/categories?post=68098"},{"taxonomy":"post_tag","embeddable":true,"href":"https:\/\/www.grieta.org.mx\/index.php\/wp-json\/wp\/v2\/tags?post=68098"}],"curies":[{"name":"wp","href":"https:\/\/api.w.org\/{rel}","templated":true}]}}