{"id":68036,"date":"2023-10-27T12:13:28","date_gmt":"2023-10-27T18:13:28","guid":{"rendered":"https:\/\/www.grieta.org.mx\/?p=68036"},"modified":"2023-11-04T12:57:38","modified_gmt":"2023-11-04T18:57:38","slug":"exigen-regularizacion-de-casi-6-mil-hectareas-de-tierras-bloquean-ejidatarios-de-chunyaxche-aeropuerto-internacional-de-tulum-quintana-roo","status":"publish","type":"post","link":"https:\/\/www.grieta.org.mx\/index.php\/2023\/10\/27\/exigen-regularizacion-de-casi-6-mil-hectareas-de-tierras-bloquean-ejidatarios-de-chunyaxche-aeropuerto-internacional-de-tulum-quintana-roo\/","title":{"rendered":"Exigen regularizaci\u00f3n de casi 6 mil hect\u00e1reas de tierras: Bloquean ejidatarios de Chunyaxch\u00e9 Aeropuerto Internacional de Tulum (Quintana Roo)"},"content":{"rendered":"<p>Noticaribe<\/p>\n<p>FELIPE CARRILLO PUERTO, MX.- Alrededor de 600 ejidatarios de Chunyaxch\u00e9 y anexos iniciaron esta ma\u00f1ana un bloqueo en los dos accesos al Aeropuerto Internacional de Tulum, para exigir que el gobierno federal cumpla y regule 5 mil 900 hect\u00e1reas de tierra que fueron parte del compromiso que realiz\u00f3 antes de la construcci\u00f3n de este mega proyecto.<\/p>\n<p>Fue alrededor de las 5 de la madrugada cuando los ejidatarios se apostaron en los accesos de la obra y poco despu\u00e9s lleg\u00f3 al lugar Cristina Torres G\u00f3mez, secretaria de Gobierno estatal, para dialogar con los manifestantes, con el fin de evitar que se generen conflictos con los trabajadores.<\/p>\n<p>En ese contexto, los ejidatarios mostraron compartas con mensajes como \u201cSe\u00f1or presidente, no olvide los principios de la 4T\u201d, \u201dFuncionarios incompetentes, fuera\u201d, \u201dExigimos al presidente de la rep\u00fablica Andr\u00e9s Manuel L\u00f3pez Obrador que cumpla con los compromisos firmados con nosotros los ejidatarios\u201d.<\/p>\n<p>Entrevistado en el lugar, Jacinto Canul Pacheco, presidente del comisario ejidal de Chunyach\u00e9 y Anexos, se\u00f1al\u00f3 que no se mover\u00e1n de este sitio hasta que una autoridad federal se comprometa a cumplir con la regulaci\u00f3n prometida de estas tierras.<\/p>\n<p>De igual forma, coment\u00f3 que esperan la presencia del Daniel Fajardo Ort\u00edz, titular de la Subsecretar\u00eda de Desarrollo Urbano y Vivienda del gobierno federal, para que firme una carta responsiva para aplicar la regulaci\u00f3n de las tierras.<\/p>\n<p>El ejidatario destac\u00f3 que el gobierno federal, hasta la fecha no les ha cumplido esta promesa, pese un compromiso firmado en asamblea.<\/p>\n<p>Se\u00f1al\u00f3 que, por ese motivo, tomaron la decisi\u00f3n de realizar la manifestaci\u00f3n, que no levantar\u00e1n hasta que el gobierno federal cumpla con su compromiso.<\/p>\n<p>\u201cEstamos esperando al se\u00f1or Daniel Fajardo, para que acuda a dialogar con nosotros. Y si no nos dan soluci\u00f3n, es una medida que tambi\u00e9n sabremos tomar con los compa\u00f1eros ejidatarios\u201d, destac\u00f3.<\/p>\n<p>Entrevistada brevemente en el lugar, Cristina Torres G\u00f3mez, coment\u00f3 que ella acudi\u00f3 a la zona solo para esperar a una comisi\u00f3n del gobierno federal que tendr\u00e1 como objetivo dialogar y llegar a un acuerdo con los ejidatarios.<\/p>\n<p>Indic\u00f3 que a m\u00e1s tardar al mediod\u00eda esperan el arribo de los integrantes de esta comitiva especial. (Agencia SIM)<\/p>\n<p><a href=\"https:\/\/noticaribe.com.mx\/2023\/10\/27\/exigen-regularizacion-de-casi-6-mil-hectareas-de-tierras-bloquean-ejidatarios-de-chunyaxche-aeropuerto-internacional-de-tulum\/\" rel=\"noopener\" target=\"_blank\">https:\/\/noticaribe.com.mx\/2023\/10\/27\/exigen-regularizacion-de-casi-6-mil-hectareas-de-tierras-bloquean-ejidatarios-de-chunyaxche-aeropuerto-internacional-de-tulum\/<\/a><\/p>\n","protected":false},"excerpt":{"rendered":"<p>Noticaribe FELIPE CARRILLO PUERTO, MX.- Alrededor de 600 ejidatarios de Chunyaxch\u00e9 y anexos iniciaron esta ma\u00f1ana un bloqueo en los dos accesos al Aeropuerto Internacional de Tulum, para exigir que &hellip; <a href=\"https:\/\/www.grieta.org.mx\/index.php\/2023\/10\/27\/exigen-regularizacion-de-casi-6-mil-hectareas-de-tierras-bloquean-ejidatarios-de-chunyaxche-aeropuerto-internacional-de-tulum-quintana-roo\/\" class=\"more-link\">Leer m\u00e1s<\/a><\/p>\n","protected":false},"author":2,"featured_media":68037,"comment_status":"closed","ping_status":"closed","sticky":false,"template":"","format":"standard","meta":{"ngg_post_thumbnail":0,"_jetpack_newsletter_access":"","_jetpack_dont_email_post_to_subs":false,"_jetpack_newsletter_tier_id":0,"_jetpack_memberships_contains_paywalled_content":false,"_jetpack_memberships_contains_paid_content":false,"footnotes":""},"categories":[80,2949,3,922,944,2,28,2005,2026],"tags":[4179,354,1817,736],"class_list":["post-68036","post","type-post","status-publish","format-standard","has-post-thumbnail","hentry","category-cintillo","category-despojo-de-tierras-en-quintana-roo","category-megaproyectos","category-megaproyectos-estados","category-mp-quintana-roo","category-noticias-nacionales","category-quintana-roo","category-resistencia-al-despojo-de-tierras-y-aguas-ejidales-en-quintana-roo","category-tren-maya","tag-aeropuerto","tag-bloqueo","tag-tierras-ejidales","tag-tulum","entry"],"jetpack_featured_media_url":"https:\/\/www.grieta.org.mx\/wp-content\/uploads\/2023\/11\/Aeropuerto-e1699122000639.jpg","jetpack_sharing_enabled":true,"jetpack_shortlink":"https:\/\/wp.me\/p7ZJR4-hHm","jetpack_likes_enabled":false,"jetpack-related-posts":[{"id":68645,"url":"https:\/\/www.grieta.org.mx\/index.php\/2024\/03\/18\/basta-de-mentiras-bloquean-ejidatarios-de-chunyaxche-obras-del-tren-maya-acusan-al-gobierno-federal-de-incumplir-acuerdos-quintana-roo\/","url_meta":{"origin":68036,"position":0},"title":"&#8220;\u00a1Basta de mentiras!&#8221;: Bloquean ejidatarios de Chunyaxch\u00e9 obras del Tren Maya; acusan al gobierno federal de incumplir acuerdos (Quintana Roo)","author":"grieta","date":"18 marzo, 2024","format":false,"excerpt":"Noticaribe FELIPE CARRILLO PUERTO, MX.- Alrededor de 800 ejidatarios de Chunyaxch\u00e9 y anexos iniciaron esta ma\u00f1ana un bloqueo en las obras del Tren Maya en la zona, para exigir, entre otras cosas, que el gobierno federal cumpla regulando 5 mil 900 hect\u00e1reas de tierra que fueron parte del compromiso que\u2026","rel":"","context":"En &quot;CINTILLO&quot;","block_context":{"text":"CINTILLO","link":"https:\/\/www.grieta.org.mx\/index.php\/category\/cintillo\/"},"img":{"alt_text":"","src":"https:\/\/i0.wp.com\/www.grieta.org.mx\/wp-content\/uploads\/2024\/03\/Bloqueo-e1711308726930.jpg?resize=350%2C200&ssl=1","width":350,"height":200,"srcset":"https:\/\/i0.wp.com\/www.grieta.org.mx\/wp-content\/uploads\/2024\/03\/Bloqueo-e1711308726930.jpg?resize=350%2C200&ssl=1 1x, https:\/\/i0.wp.com\/www.grieta.org.mx\/wp-content\/uploads\/2024\/03\/Bloqueo-e1711308726930.jpg?resize=525%2C300&ssl=1 1.5x, https:\/\/i0.wp.com\/www.grieta.org.mx\/wp-content\/uploads\/2024\/03\/Bloqueo-e1711308726930.jpg?resize=700%2C400&ssl=1 2x"},"classes":[]},{"id":70487,"url":"https:\/\/www.grieta.org.mx\/index.php\/2024\/11\/12\/ejidatarios-de-tihosuco-bloquean-carretera-para-exigir-pago-de-tierras-quintana-roo\/","url_meta":{"origin":68036,"position":1},"title":"Ejidatarios de Tihosuco bloquean carretera para exigir pago de tierras (Quintana Roo)","author":"grieta","date":"12 noviembre, 2024","format":false,"excerpt":"Noticaribe FELIPE CARRILLO PUERTO, MX.- Ayer lunes, los ejidatarios de Tihosuco cerraron por completo los dos accesos a la comunidad en protesta, exigiendo el pago de la segunda parte de la indemnizaci\u00f3n por m\u00e1s de 100 hect\u00e1reas de tierras. El bloqueo se llev\u00f3 a cabo en la carretera Felipe Carrillo\u2026","rel":"","context":"En &quot;CINTILLO&quot;","block_context":{"text":"CINTILLO","link":"https:\/\/www.grieta.org.mx\/index.php\/category\/cintillo\/"},"img":{"alt_text":"","src":"https:\/\/i0.wp.com\/www.grieta.org.mx\/wp-content\/uploads\/2024\/11\/Tihosuco-e1732159583290.jpg?resize=350%2C200&ssl=1","width":350,"height":200,"srcset":"https:\/\/i0.wp.com\/www.grieta.org.mx\/wp-content\/uploads\/2024\/11\/Tihosuco-e1732159583290.jpg?resize=350%2C200&ssl=1 1x, https:\/\/i0.wp.com\/www.grieta.org.mx\/wp-content\/uploads\/2024\/11\/Tihosuco-e1732159583290.jpg?resize=525%2C300&ssl=1 1.5x, https:\/\/i0.wp.com\/www.grieta.org.mx\/wp-content\/uploads\/2024\/11\/Tihosuco-e1732159583290.jpg?resize=700%2C400&ssl=1 2x"},"classes":[]},{"id":64546,"url":"https:\/\/www.grieta.org.mx\/index.php\/2022\/07\/04\/ganan-ejidatarios-juicio-millonario-a-slim-quintana-roo\/","url_meta":{"origin":68036,"position":2},"title":"Ganan ejidatarios juicio millonario a Slim (Quintana Roo)","author":"grieta","date":"4 julio, 2022","format":false,"excerpt":"Marleny Maga\u00f1a\/Quadrat\u00edn Quintana Roo CANCUN, QRoo, 4 de julio de 2022.- Que siempre s\u00ed, despu\u00e9s de un juicio agrario que tiene m\u00e1s de 32 a\u00f1os en Chetumal, Quintana Roo, entre el ejido Aar\u00f3n Merino Fern\u00e1ndez y la compa\u00f1\u00eda Telmex de Carlos Slim, finalmente se indemnizar\u00e1 a los hombres de campo.\u2026","rel":"","context":"En &quot;CINTILLO&quot;","block_context":{"text":"CINTILLO","link":"https:\/\/www.grieta.org.mx\/index.php\/category\/cintillo\/"},"img":{"alt_text":"","src":"https:\/\/i0.wp.com\/www.grieta.org.mx\/wp-content\/uploads\/2022\/07\/GananaSlim-e1657565791781.png?resize=350%2C200&ssl=1","width":350,"height":200,"srcset":"https:\/\/i0.wp.com\/www.grieta.org.mx\/wp-content\/uploads\/2022\/07\/GananaSlim-e1657565791781.png?resize=350%2C200&ssl=1 1x, https:\/\/i0.wp.com\/www.grieta.org.mx\/wp-content\/uploads\/2022\/07\/GananaSlim-e1657565791781.png?resize=525%2C300&ssl=1 1.5x, https:\/\/i0.wp.com\/www.grieta.org.mx\/wp-content\/uploads\/2022\/07\/GananaSlim-e1657565791781.png?resize=700%2C400&ssl=1 2x"},"classes":[]},{"id":68153,"url":"https:\/\/www.grieta.org.mx\/index.php\/2023\/11\/06\/bloquean-ejidatarios-de-felipe-carrillo-puerto-carretera-a-merida-en-reclamo-de-indemnizacion-por-tierras-expropiadas-quintana-roo\/","url_meta":{"origin":68036,"position":3},"title":"Bloquean ejidatarios de Felipe Carrillo Puerto carretera a M\u00e9rida en reclamo de indemnizaci\u00f3n por tierras expropiadas (Quintana Roo)","author":"grieta","date":"6 noviembre, 2023","format":false,"excerpt":"Noticaribe FELIPE CARRILLO PUERTO, MX.- Alrededor de 100 ejidatarios de la comunidad de \u201cNuevo Israel\u201d, situada en la v\u00eda corta a M\u00e9rida, iniciaron esta ma\u00f1ana un bloqueo en esta carretera, en demanda de un pago justo de sus propiedades que fueron expropiadas para construcci\u00f3n de dicha vialidad. Fue a eso\u2026","rel":"","context":"En &quot;CINTILLO&quot;","block_context":{"text":"CINTILLO","link":"https:\/\/www.grieta.org.mx\/index.php\/category\/cintillo\/"},"img":{"alt_text":"","src":"https:\/\/i0.wp.com\/www.grieta.org.mx\/wp-content\/uploads\/2023\/11\/BloqueoEjidatarios-e1700525957879.jpg?resize=350%2C200&ssl=1","width":350,"height":200,"srcset":"https:\/\/i0.wp.com\/www.grieta.org.mx\/wp-content\/uploads\/2023\/11\/BloqueoEjidatarios-e1700525957879.jpg?resize=350%2C200&ssl=1 1x, https:\/\/i0.wp.com\/www.grieta.org.mx\/wp-content\/uploads\/2023\/11\/BloqueoEjidatarios-e1700525957879.jpg?resize=525%2C300&ssl=1 1.5x, https:\/\/i0.wp.com\/www.grieta.org.mx\/wp-content\/uploads\/2023\/11\/BloqueoEjidatarios-e1700525957879.jpg?resize=700%2C400&ssl=1 2x"},"classes":[]},{"id":69174,"url":"https:\/\/www.grieta.org.mx\/index.php\/2024\/05\/31\/otro-bloqueo-mas-en-felipe-carrillo-puerto-ejidatarios-de-presidente-juarez-bloquean-la-carretera-merida-via-corta-para-exigir-pago-por-tierras-expropiadas-en-1968-y-por-afectaciones-del-tren-may\/","url_meta":{"origin":68036,"position":4},"title":"Otro bloqueo m\u00e1s en Felipe Carrillo Puerto: Ejidatarios de &#8216;Presidente Ju\u00e1rez&#8217; bloquean la carretera M\u00e9rida v\u00eda corta para exigir pago por tierras expropiadas en 1968 y por afectaciones del Tren Maya  (Quintana Roo)","author":"grieta","date":"31 mayo, 2024","format":false,"excerpt":"Rafael Brice\u00f1o \/ Noticaribe FELIPE CARRILLO PUERTO, MX. \u2013 Habitantes de la comunidad de \u2018Presidente Ju\u00e1rez\u2019 bloquearon la carretera a M\u00e9rida v\u00eda corta como medida de presi\u00f3n para que el gobierno federal pague tierras expropiadas hace 50 a\u00f1os, pero tambi\u00e9n las que son afectadas por la construcci\u00f3n del Tren Maya.\u2026","rel":"","context":"En &quot;CINTILLO&quot;","block_context":{"text":"CINTILLO","link":"https:\/\/www.grieta.org.mx\/index.php\/category\/cintillo\/"},"img":{"alt_text":"","src":"https:\/\/i0.wp.com\/www.grieta.org.mx\/wp-content\/uploads\/2024\/06\/Bloqueo-e1718672597744.jpg?resize=350%2C200&ssl=1","width":350,"height":200,"srcset":"https:\/\/i0.wp.com\/www.grieta.org.mx\/wp-content\/uploads\/2024\/06\/Bloqueo-e1718672597744.jpg?resize=350%2C200&ssl=1 1x, https:\/\/i0.wp.com\/www.grieta.org.mx\/wp-content\/uploads\/2024\/06\/Bloqueo-e1718672597744.jpg?resize=525%2C300&ssl=1 1.5x, https:\/\/i0.wp.com\/www.grieta.org.mx\/wp-content\/uploads\/2024\/06\/Bloqueo-e1718672597744.jpg?resize=700%2C400&ssl=1 2x"},"classes":[]},{"id":68582,"url":"https:\/\/www.grieta.org.mx\/index.php\/2024\/02\/18\/tulum-un-jugoso-despojo-a-ejidatarios-cerca-del-aeropuerto-carrillo-puertoquintana-roo\/","url_meta":{"origin":68036,"position":5},"title":"Tulum: un jugoso despojo a ejidatarios cerca del aeropuerto Carrillo Puerto(Quintana Roo)","author":"grieta","date":"18 febrero, 2024","format":false,"excerpt":"Diana Lastiri \/ Revista Proceso Desde 1974 una serie de alteraciones del registro de tierras por parte de autoridades afectaron una gran porci\u00f3n de terrenos ejidales junto al mar Caribe. Los terrenos, que por ley no pod\u00edan venderse a particulares, fueron adquiridos fraudulentamente por hoteleros extranjeros. Desde hace medio siglo\u2026","rel":"","context":"En &quot;CINTILLO&quot;","block_context":{"text":"CINTILLO","link":"https:\/\/www.grieta.org.mx\/index.php\/category\/cintillo\/"},"img":{"alt_text":"","src":"https:\/\/i0.wp.com\/www.grieta.org.mx\/wp-content\/uploads\/2024\/03\/Tulum-e1709623756607.jpg?resize=350%2C200&ssl=1","width":350,"height":200,"srcset":"https:\/\/i0.wp.com\/www.grieta.org.mx\/wp-content\/uploads\/2024\/03\/Tulum-e1709623756607.jpg?resize=350%2C200&ssl=1 1x, https:\/\/i0.wp.com\/www.grieta.org.mx\/wp-content\/uploads\/2024\/03\/Tulum-e1709623756607.jpg?resize=525%2C300&ssl=1 1.5x, https:\/\/i0.wp.com\/www.grieta.org.mx\/wp-content\/uploads\/2024\/03\/Tulum-e1709623756607.jpg?resize=700%2C400&ssl=1 2x"},"classes":[]}],"_links":{"self":[{"href":"https:\/\/www.grieta.org.mx\/index.php\/wp-json\/wp\/v2\/posts\/68036","targetHints":{"allow":["GET"]}}],"collection":[{"href":"https:\/\/www.grieta.org.mx\/index.php\/wp-json\/wp\/v2\/posts"}],"about":[{"href":"https:\/\/www.grieta.org.mx\/index.php\/wp-json\/wp\/v2\/types\/post"}],"author":[{"embeddable":true,"href":"https:\/\/www.grieta.org.mx\/index.php\/wp-json\/wp\/v2\/users\/2"}],"replies":[{"embeddable":true,"href":"https:\/\/www.grieta.org.mx\/index.php\/wp-json\/wp\/v2\/comments?post=68036"}],"version-history":[{"count":1,"href":"https:\/\/www.grieta.org.mx\/index.php\/wp-json\/wp\/v2\/posts\/68036\/revisions"}],"predecessor-version":[{"id":68038,"href":"https:\/\/www.grieta.org.mx\/index.php\/wp-json\/wp\/v2\/posts\/68036\/revisions\/68038"}],"wp:featuredmedia":[{"embeddable":true,"href":"https:\/\/www.grieta.org.mx\/index.php\/wp-json\/wp\/v2\/media\/68037"}],"wp:attachment":[{"href":"https:\/\/www.grieta.org.mx\/index.php\/wp-json\/wp\/v2\/media?parent=68036"}],"wp:term":[{"taxonomy":"category","embeddable":true,"href":"https:\/\/www.grieta.org.mx\/index.php\/wp-json\/wp\/v2\/categories?post=68036"},{"taxonomy":"post_tag","embeddable":true,"href":"https:\/\/www.grieta.org.mx\/index.php\/wp-json\/wp\/v2\/tags?post=68036"}],"curies":[{"name":"wp","href":"https:\/\/api.w.org\/{rel}","templated":true}]}}