{"id":67997,"date":"2023-10-29T14:31:18","date_gmt":"2023-10-29T20:31:18","guid":{"rendered":"https:\/\/www.grieta.org.mx\/?p=67997"},"modified":"2023-10-29T20:15:07","modified_gmt":"2023-10-30T02:15:07","slug":"segunda-parte-los-muertos-estornudan","status":"publish","type":"post","link":"https:\/\/www.grieta.org.mx\/index.php\/2023\/10\/29\/segunda-parte-los-muertos-estornudan\/","title":{"rendered":"Segunda parte: \u00bfLos muertos estornudan?"},"content":{"rendered":"<p class=\"western\" align=\"center\"><b>Segunda parte: \u00bfLos muertos estornudan?<\/b><\/p>\n<p class=\"western\">Octubre del 2023.<\/p>\n<p class=\"western\">Muri\u00f3 el SupGaleano. Muri\u00f3 como vivi\u00f3: infeliz.<\/p>\n<p class=\"western\">Eso s\u00ed, tuvo cuidado de, antes de fallecer, regresar el nombre a quien es carne y sangre heredada del maestro Galeano. Recomend\u00f3 mantenerlo con vida, es decir, luchando. As\u00ed que Galeano seguir\u00e1 caminando en estas monta\u00f1as.<\/p>\n<p class=\"western\">Por lo dem\u00e1s, fue algo sencillo. Empez\u00f3 a tararear algo como \u201cya s\u00e9 que estoy\u00a0<i>piantao<\/i>,\u00a0<i>piantao<\/i>,\u00a0<i>piantao<\/i>\u201d, y, justo antes de expirar, dijo, o m\u00e1s bien pregunt\u00f3:\u00a0<i>\u201c\u00bfLos muertos estornudan?<\/i>\u201d, y ya. \u00c9sas fueron sus \u00faltimas palabras. Ninguna sentencia para la historia, ni para una l\u00e1pida, ni para una an\u00e9cdota contada frente al fog\u00f3n. S\u00f3lo esa pregunta absurda, anacr\u00f3nica, extempor\u00e1nea: \u201c\u00bfLos muertos estornudan?\u201d<\/p>\n<p class=\"western\">Qued\u00f3 luego quieto, suspendida la respiraci\u00f3n cansada, los ojos cerrados, los labios al fin silenciados, las manos crispadas.<\/p>\n<p class=\"western\">Nos fuimos. Casi al salir de la champa, ya en el quicio de la puerta, escuchamos un estornudo. El SubMoy me volte\u00f3 a ver y yo a \u00e9l, con un \u201c<i>salud<\/i>\u201d apenas insinuado. Ninguno de los dos hab\u00eda estornudado. Volteamos a donde estaba el cuerpo del finado y nada. El SubMoy s\u00f3lo dijo \u201c<i>buena pregunta<\/i>\u201d. Yo no dije ni una palabra, pero pens\u00e9 \u201cseguro ha de andar con la luna rodando por Callao\u201d.<\/p>\n<p class=\"western\">Eso s\u00ed, nos ahorramos el entierro. Aunque perdimos el caf\u00e9 y los tamales.<\/p>\n<p class=\"western\" align=\"center\"><b>-*-<\/b><\/p>\n<p class=\"western\">Yo s\u00e9 que a nadie le interesa una muerte m\u00e1s, y menos la del ahora finado SupGaleano. En realidad, les cuento esto porque \u00e9l dej\u00f3 ese poema de Rub\u00e9n Dar\u00edo con el que inici\u00f3 esta serie de textos. Obviando el evidente gui\u00f1o a la Nicaragua que resiste y persiste \u2013 incluso podr\u00eda verse como una referencia a la actual guerra del Estado de Israel contra el pueblo de Palestina, pero, en el momento de su muerte, no se hab\u00eda reiniciado el terror que hoy sobrecoge al mundo-, dej\u00f3 esa poes\u00eda como referencia. M\u00e1s bien como respuesta a alguien que pregunt\u00f3 c\u00f3mo explicar lo que ahora pasa en Chiapas, M\u00e9xico y el mundo.<\/p>\n<p class=\"western\">Y, claro, como un discreto homenaje al maestro Galeano -de quien hered\u00f3 el nombre-, dej\u00f3 lo que \u00e9l llam\u00f3 un \u201ccontrol de lectura\u201d:<\/p>\n<p class=\"western\">\u00bfQui\u00e9n empez\u00f3? \u00bfQui\u00e9n es culpable? \u00bfQui\u00e9n es inocente? \u00bfQui\u00e9n el bueno y qui\u00e9n el malo? \u00bfEn qu\u00e9 posici\u00f3n est\u00e1 Francisco de As\u00eds? \u00bfFracasa \u00e9l, o el lobo, o los pastores, o todos? \u00bfPor qu\u00e9 el de As\u00eds s\u00f3lo concibe que se haga un acuerdo bas\u00e1ndose en que el lobo renuncie a ser lo que es?<\/p>\n<p class=\"western\">Aunque esto fue hace meses, el texto concit\u00f3 alegatos y discusiones que se mantienen hasta la actualidad. As\u00ed que les describo una de ellas:<\/p>\n<p class=\"western\">Es como una especie de reuni\u00f3n o asamblea o algo como mesa de debates. Est\u00e1 lo mejor de cada casa: doctos especialistas en todo, militantes e internacionalistas de todas las causas menos de la de su geograf\u00eda, espont\u00e1neos con doctorado en redes sociales (la mayor\u00eda), y uno que otro que, al ver la bulla, se acerc\u00f3 a ver si regalaban cubetas, gorras o playeras con el nombre del partido que fuere. No eran pocos los que se acercaron para aclararse de qu\u00e9 iba todo ese embrollo.<\/p>\n<p class=\"western\">\u2013 \u201c\u00a1Usted no es mas que un agente del sionismo expansionista e imperial!\u201d-, gritaba uno.<\/p>\n<p class=\"western\">\u2013 \u201c\u00a1Y usted es s\u00f3lo un propagandista del terrorismo \u00e1rabe musulm\u00e1n fundamentalista!\u201d -, respond\u00eda otro, furioso.<\/p>\n<p class=\"western\">Ya hab\u00eda habido varios conatos de bronca, pero no hab\u00eda pasado, todav\u00eda, de unos empujones modelo \u201cnos vemos a la salida\u201d.<\/p>\n<p class=\"western\">Se lleg\u00f3 a ese punto, porque estuvieron analizando el poema de Rub\u00e9n Dar\u00edo \u201cLos Motivos del Lobo\u201d.<\/p>\n<p class=\"western\">No todo hab\u00eda sido un intercambio de adjetivos, puyas y malas caras. Empez\u00f3 como todo en esos lares: con buenos modales, frases contundentes, \u201cintervenciones breves\u201d \u2013 que sol\u00edan durar media hora o m\u00e1s -, y derroche de citas y notas de pie de p\u00e1gina.<\/p>\n<p class=\"western\">Puro var\u00f3n, claro, porque el debate era organizado por el llamado \u201cClub de Toby Hipertextual\u201d<\/p>\n<p class=\"western\">\u201cEl Lobo es el bueno\u201d, dijo alguien, \u201cporque \u00e9l s\u00f3lo mataba por hambre, por necesidad\u201d.<\/p>\n<p class=\"western\">\u201cNo\u201d, argument\u00f3 otro, \u201ces el malo porque mataba ovejas, que eran el sustento de los pastores. Y \u00e9l mismo reconoci\u00f3 que \u201cen veces comi\u00f3 cordero y pastor\u201d.<\/p>\n<p class=\"western\">Uno m\u00e1s: \u201clos malos son los pobladores, porque no mantuvieron el acuerdo\u201d.<\/p>\n<p class=\"western\">El de m\u00e1s all\u00e1: \u201cla culpa es de As\u00eds, que consigue el acuerdo pidi\u00e9ndole al lobo que deje de ser lobo, lo que es cuestionable, y luego no se queda para mantener el pacto\u201d.<\/p>\n<p class=\"western\">M\u00e1s ac\u00e1: \u201cPero As\u00eds se\u00f1ala que el ser humano es malo por naturaleza\u201d.<\/p>\n<p class=\"western\">Se reiteran en uno y otro lado. Pero se ve que, si se hiciera una encuesta en este momento, el lobo tendr\u00eda una c\u00f3moda ventaja de dos d\u00edgitos sobre el poblado de pastores. Pero una h\u00e1bil maniobra en redes sociales, consigui\u00f3 que el hashtag \u201c<i>loboasesino<\/i>\u201d fuera TT muy por encima de #<i>mueranlospastores<\/i>. As\u00ed que fue claro el triunfo de los\u00a0<i>influencers<\/i>\u00a0pro pastores frente a los pro lobo, aunque s\u00f3lo en las redes sociales.<\/p>\n<p class=\"western\">Hubo alguno que argument\u00f3 en favor de dos Estados conviviendo en el mismo territorio: el Estado Lobo y el Estado Pastor.<\/p>\n<p class=\"western\">Y otro por un Estado Plurinacional, con lobos y pastores, conviviendo bajo un mismo opresor, perd\u00f3n, quise decir bajo un mismo Estado. Otro le respondi\u00f3 que eso era imposible, dados los antecedentes de cada parte.<\/p>\n<p class=\"western\">Un se\u00f1or de traje y corbata se levanta y pide la palabra: \u201c<i>Si Rub\u00e9n (as\u00ed dijo obviando el Dar\u00edo), sigui\u00f3 a partir de la leyenda de Gubbio, entonces podemos hacer lo mismo. Demos continuaci\u00f3n al poema:<\/i><\/p>\n<p class=\"western\"><i>Los pastores, haciendo uso de su leg\u00edtimo derecho a defenderse, atacan al lobo. Primero destruyendo su madriguera con bombardeos, para luego entrar con tanques e infanter\u00eda. Me parece, colegas, que el final est\u00e1 cantado: la violencia terrorista y animal del lobo es aniquilada y los pastores pueden seguir su buc\u00f3lica vida, trasquilando ovejas para una poderosa firma transnacional que elabora ropa para otra igualmente poderosa firma multinacional que, a su vez, le debe a una instituci\u00f3n financiera internacional todav\u00eda m\u00e1s poderosa; lo que llevar\u00e1 a los pastores a convertirse en eficientes obreros de sus propias tierras -eso s\u00ed, con todas las prestaciones laborales de ley-, y elevar\u00e1 ese poblado a niveles del primer mundo, con modernas autopistas, altos edificios y hasta un tren tur\u00edstico donde visitantes de todo el mundo podr\u00e1n apreciar las ruinas de lo que antes fueron prados, bosques y manantiales. El aniquilamiento del lobo traer\u00e1 paz y prosperidad a la regi\u00f3n. Claro, morir\u00e1n algunos animales, no importa el n\u00famero ni la especie, pero s\u00f3lo son da\u00f1os colaterales perfectamente olvidables. Despu\u00e9s de todo, no se le puede pedir a las bombas que distingan entre un lobo y una oveja, ni que limite su onda expansiva para no da\u00f1ar aves y \u00e1rboles. Se conquistar\u00e1 la paz y nadie extra\u00f1ar\u00e1 al lobo.<\/i>\u201d<\/p>\n<p class=\"western\">Alguien m\u00e1s se levanta y se\u00f1ala: \u201cPero el lobo tiene apoyo internacional y habitaba ese lugar con antelaci\u00f3n. El sistema cort\u00f3 \u00e1rboles para los campos de pastura, y eso alter\u00f3 el equilibrio ecol\u00f3gico, reduciendo el n\u00famero y especie de los animales que el lobo consum\u00eda para vivir. Y es de esperar que los descendientes del lobo tomar\u00e1n justa venganza\u201d.<\/p>\n<p class=\"western\">\u201cAh, entonces el lobo tambi\u00e9n mataba a otros seres. Es igual que los pastores\u201d, replica alguien.<\/p>\n<p class=\"western\">As\u00ed siguieron, dando tan buenos argumentos como los que aqu\u00ed se se\u00f1alan, plagados de ingenio, derroches de erudici\u00f3n y muchas referencias bibliogr\u00e1ficas.<\/p>\n<p class=\"western\">Pero la mesura no dur\u00f3 mucho: se pas\u00f3 de lobo y pastores a la guerra Netanyahu \u2013 Ham\u00e1s y la discusi\u00f3n fue subiendo de tono hasta llegar a lo que encabeza esta an\u00e9cdota, cortes\u00eda postmortem del ahora finado SupGaleano.<\/p>\n<p class=\"western\">Pero en ese momento, al final de la sala, se levant\u00f3 una mano peque\u00f1a pidiendo la palabra. El moderador no alcanzaba a ver de qui\u00e9n era la mano, as\u00ed que concedi\u00f3 la palabra \u201ca la persona que est\u00e1 levantando la mano all\u00e1 al fondo\u201d.<\/p>\n<p class=\"western\">Todos voltearon a mirar y estuvieron a punto de dar un grito de esc\u00e1ndalo y reprobaci\u00f3n. Era una ni\u00f1a que cargaba un oso de peluche que casi le igualaba en tama\u00f1o, y portaba blusa blanca con bordados y un pantal\u00f3n con un gatito cerca del tobillo derecho. En fin, el cl\u00e1sico \u201coutfit\u201d para una fiesta de cumplea\u00f1os o algo as\u00ed.<\/p>\n<p class=\"western\">La sorpresa fue tal que todos guardaron silencio y manten\u00edan las miradas en la ni\u00f1a.<\/p>\n<p class=\"western\">Ella se puso de pie sobre la silla, pensando que as\u00ed la escuchar\u00edan mejor y pregunt\u00f3:<\/p>\n<p class=\"western\">\u201c\u00bfY las cr\u00edas?\u201d<\/p>\n<p class=\"western\">La sorpresa se hizo entonces murmullo condenatorio: \u201c\u00bfcu\u00e1les cr\u00edas? \u00bfde qu\u00e9 habla esta ni\u00f1a? \u00bfQui\u00e9n diablos dej\u00f3 entrar a una mujer a este sagrado recinto? Y peor, \u00a1es una mujer ni\u00f1a!\u201d<\/p>\n<p class=\"western\">La ni\u00f1a se baj\u00f3 de la silla y, siempre cargando su osito de peluche con claros signos de obesidad -el oso, se entiende-, se dirigi\u00f3 a la puerta de salida diciendo:<\/p>\n<p class=\"western\">\u201cLas cr\u00edas. O sea, las cr\u00edas del lobo y las cr\u00edas de los pastores. Sus\u00a0<i>pichitos<\/i>, pues. \u00bfQui\u00e9n piensa en las cr\u00edas? \u00bfCon qui\u00e9n voy a platicar? \u00bfY d\u00f3nde vamos a jugar?\u201d<\/p>\n<p class=\"western\">Desde las monta\u00f1as del Sureste Mexicano.<\/p>\n<p><img loading=\"lazy\" decoding=\"async\" data-attachment-id=\"68008\" data-permalink=\"https:\/\/www.grieta.org.mx\/index.php\/2023\/10\/29\/segunda-parte-los-muertos-estornudan\/firma_gris\/\" data-orig-file=\"https:\/\/www.grieta.org.mx\/wp-content\/uploads\/2023\/10\/firma_gris.webp\" data-orig-size=\"170,152\" data-comments-opened=\"0\" data-image-meta=\"{&quot;aperture&quot;:&quot;0&quot;,&quot;credit&quot;:&quot;&quot;,&quot;camera&quot;:&quot;&quot;,&quot;caption&quot;:&quot;&quot;,&quot;created_timestamp&quot;:&quot;0&quot;,&quot;copyright&quot;:&quot;&quot;,&quot;focal_length&quot;:&quot;0&quot;,&quot;iso&quot;:&quot;0&quot;,&quot;shutter_speed&quot;:&quot;0&quot;,&quot;title&quot;:&quot;&quot;,&quot;orientation&quot;:&quot;0&quot;}\" data-image-title=\"firma_gris\" data-image-description=\"\" data-image-caption=\"\" data-medium-file=\"https:\/\/www.grieta.org.mx\/wp-content\/uploads\/2023\/10\/firma_gris.webp\" data-large-file=\"https:\/\/www.grieta.org.mx\/wp-content\/uploads\/2023\/10\/firma_gris.webp\" class=\"alignnone size-full wp-image-68008\" src=\"http:\/\/www.grieta.org.mx\/wp-content\/uploads\/2023\/10\/firma_gris.webp\" alt=\"\" width=\"170\" height=\"152\" \/><\/p>\n<p class=\"western\">Capit\u00e1n Insurgente Marcos.<\/p>\n<p class=\"western\">M\u00e9xico, octubre del 2023.<\/p>\n<p class=\"western\">P.D.- Libertad incondicional para Manuel G\u00f3mez V\u00e1zquez (tomado como reh\u00e9n desde 2020 por el gobierno estatal de Chiapas) y Jos\u00e9 D\u00edaz G\u00f3mez (reh\u00e9n desde el a\u00f1o pasado), ind\u00edgenas bases de apoyo zapatistas presos por eso, por ser zapatistas. Ya luego no pregunten qui\u00e9n sembr\u00f3 lo que cosechen.<\/p>\n<p class=\"western\">P.D.- Hurac\u00e1n OTIS: Centro de acopio para los pueblos originarios en el estado de Guerrero:en el domicilio de la\u00a0<b>Casa de los Pueblos \u201cSamir Flores Soberanes\u201d<\/b>, ubicado en Av. M\u00e9xico-Coyoac\u00e1n 343, colonia Xoco, Alcald\u00eda Benito Ju\u00e1rez, Ciudad de M\u00e9xico, C.P. 03330. Dep\u00f3sitos y transferencias bancarias en apoyo a estos pueblos y comunidades en la cuenta N\u00famero 0113643034, CLABE 012540001136430347, c\u00f3digo SWIFT BCMRMXMMPYM, del banco BBVA M\u00e9xico, sucursal 1769. A nombre de: \u201cCiencia Social al Servicio de los Pueblos Originarios\u201d. Tel\u00e9fono: 5526907936.<\/p>\n<p><a href=\"https:\/\/enlacezapatista.ezln.org.mx\/2023\/10\/29\/segunda-parte-los-muertos-estornudan\/\">https:\/\/enlacezapatista.ezln.org.mx\/2023\/10\/29\/segunda-parte-los-muertos-estornudan\/<\/a><\/p>\n<p>&nbsp;<\/p>\n","protected":false},"excerpt":{"rendered":"<p>Segunda parte: \u00bfLos muertos estornudan? Octubre del 2023. Muri\u00f3 el SupGaleano. Muri\u00f3 como vivi\u00f3: infeliz. Eso s\u00ed, tuvo cuidado de, antes de fallecer, regresar el nombre a quien es carne &hellip; <a href=\"https:\/\/www.grieta.org.mx\/index.php\/2023\/10\/29\/segunda-parte-los-muertos-estornudan\/\" class=\"more-link\">Leer m\u00e1s<\/a><\/p>\n","protected":false},"author":2,"featured_media":68001,"comment_status":"closed","ping_status":"closed","sticky":false,"template":"","format":"standard","meta":{"ngg_post_thumbnail":0,"_jetpack_newsletter_access":"","_jetpack_dont_email_post_to_subs":false,"_jetpack_newsletter_tier_id":0,"_jetpack_memberships_contains_paywalled_content":false,"_jetpack_memberships_contains_paid_content":false,"footnotes":""},"categories":[80,74,907,2,78],"tags":[],"class_list":["post-67997","post","type-post","status-publish","format-standard","has-post-thumbnail","hentry","category-cintillo","category-ezln","category-ezln-2","category-noticias-nacionales","category-palabras-del-ezln","entry"],"jetpack_featured_media_url":"https:\/\/www.grieta.org.mx\/wp-content\/uploads\/2023\/10\/C291023.webp","jetpack_sharing_enabled":true,"jetpack_shortlink":"https:\/\/wp.me\/p7ZJR4-hGJ","jetpack_likes_enabled":false,"jetpack-related-posts":[{"id":72145,"url":"https:\/\/www.grieta.org.mx\/index.php\/2025\/08\/09\/resumen-de-la-primera-participacion-zapatista-en-el-encuentro-de-resistencias-y-rebeldias-dia-4-de-agosto-del-2025\/","url_meta":{"origin":67997,"position":0},"title":"Resumen: de la primera participaci\u00f3n zapatista en el Encuentro de Resistencias y Rebeld\u00edas, d\u00eda 4 de agosto del 2025","author":"grieta","date":"9 agosto, 2025","format":false,"excerpt":"Resumen: de la primera participaci\u00f3n zapatista en el Encuentro de Resistencias y Rebeld\u00edas, d\u00eda 4 de agosto del 2025: En la asamblea de una comunidad zapatista, est\u00e1n discutiendo c\u00f3mo se van a organizar por los problemas que hay en los municipios aut\u00f3nomos rebeldes zapatistas y las juntas de buen gobierno.\u00a0\u2026","rel":"","context":"En &quot;CINTILLO&quot;","block_context":{"text":"CINTILLO","link":"https:\/\/www.grieta.org.mx\/index.php\/category\/cintillo\/"},"img":{"alt_text":"","src":"https:\/\/i0.wp.com\/www.grieta.org.mx\/wp-content\/uploads\/2025\/08\/primer-dia-rebeldias.png?resize=350%2C200&ssl=1","width":350,"height":200,"srcset":"https:\/\/i0.wp.com\/www.grieta.org.mx\/wp-content\/uploads\/2025\/08\/primer-dia-rebeldias.png?resize=350%2C200&ssl=1 1x, https:\/\/i0.wp.com\/www.grieta.org.mx\/wp-content\/uploads\/2025\/08\/primer-dia-rebeldias.png?resize=525%2C300&ssl=1 1.5x, https:\/\/i0.wp.com\/www.grieta.org.mx\/wp-content\/uploads\/2025\/08\/primer-dia-rebeldias.png?resize=700%2C400&ssl=1 2x"},"classes":[]},{"id":3720,"url":"https:\/\/www.grieta.org.mx\/index.php\/2015\/07\/13\/indice-volumen-uno-participaciones-de-la-comision-sexta-del-ezln-en-el-seminario-el-pensamiento-critico-frente-a-la-hidra-capitalista\/","url_meta":{"origin":67997,"position":1},"title":"\u00cdNDICE volumen Uno (participaciones de la Comisi\u00f3n Sexta del EZLN en el Seminario \u201cEl Pensamiento Cr\u00edtico frente a la Hidra Capitalista\u201d)","author":"grieta","date":"13 julio, 2015","format":false,"excerpt":"\u00cdNDICE volumen Uno (participaciones de la Comisi\u00f3n Sexta del EZLN en el Seminario \u201cEl Pensamiento Cr\u00edtico frente a la Hidra Capitalista\u201d) .- Pr\u00f3logo: De c\u00f3mo llegamos a la Cofa del Vig\u00eda y lo que desde ah\u00ed miramos. SupGaleano. I.- Nuestra mirada hacia dentro. Algunas pistas: .- La Tormenta, el Centinela\u2026","rel":"","context":"En &quot;Comunicados&quot;","block_context":{"text":"Comunicados","link":"https:\/\/www.grieta.org.mx\/index.php\/category\/ezln-2\/ezln\/"},"img":{"alt_text":"","src":"https:\/\/i0.wp.com\/www.grieta.org.mx\/wp-content\/uploads\/2018\/03\/14524434_1106112876131411_958039263622046936_o.jpg?resize=350%2C200&ssl=1","width":350,"height":200,"srcset":"https:\/\/i0.wp.com\/www.grieta.org.mx\/wp-content\/uploads\/2018\/03\/14524434_1106112876131411_958039263622046936_o.jpg?resize=350%2C200&ssl=1 1x, https:\/\/i0.wp.com\/www.grieta.org.mx\/wp-content\/uploads\/2018\/03\/14524434_1106112876131411_958039263622046936_o.jpg?resize=525%2C300&ssl=1 1.5x, https:\/\/i0.wp.com\/www.grieta.org.mx\/wp-content\/uploads\/2018\/03\/14524434_1106112876131411_958039263622046936_o.jpg?resize=700%2C400&ssl=1 2x"},"classes":[]},{"id":41744,"url":"https:\/\/www.grieta.org.mx\/index.php\/2019\/12\/01\/a-sandunguear-vivos-y-muertos-celebracion-del-36-aniversario-del-ezln-en-la-ciudad-de-mexico\/","url_meta":{"origin":67997,"position":2},"title":"\u201cA sandunguear vivos y muertos\u201d: Celebraci\u00f3n del 36 aniversario del EZLN en la Ciudad de M\u00e9xico","author":"grieta","date":"1 diciembre, 2019","format":false,"excerpt":"Colectivo Grieta Como parte de las actividades que se est\u00e1n llevando a cabo en el Rinc\u00f3n Zapatista y Cafeter\u00eda Comandanta Ramona en el mes del 36 aniversario del Ejercito Zapatistas de Liberaci\u00f3n Nacional, el s\u00e1bado 23 de noviembre se realiz\u00f3 la exhibici\u00f3n del video \u201cCompARTE en 2018\u201d y la presentaci\u00f3n\u2026","rel":"","context":"En &quot;CINTILLO&quot;","block_context":{"text":"CINTILLO","link":"https:\/\/www.grieta.org.mx\/index.php\/category\/cintillo\/"},"img":{"alt_text":"","src":"https:\/\/i0.wp.com\/www.grieta.org.mx\/wp-content\/uploads\/2019\/12\/photo_2019-12-01_22-17-45.jpg?resize=350%2C200&ssl=1","width":350,"height":200,"srcset":"https:\/\/i0.wp.com\/www.grieta.org.mx\/wp-content\/uploads\/2019\/12\/photo_2019-12-01_22-17-45.jpg?resize=350%2C200&ssl=1 1x, https:\/\/i0.wp.com\/www.grieta.org.mx\/wp-content\/uploads\/2019\/12\/photo_2019-12-01_22-17-45.jpg?resize=525%2C300&ssl=1 1.5x, https:\/\/i0.wp.com\/www.grieta.org.mx\/wp-content\/uploads\/2019\/12\/photo_2019-12-01_22-17-45.jpg?resize=700%2C400&ssl=1 2x, https:\/\/i0.wp.com\/www.grieta.org.mx\/wp-content\/uploads\/2019\/12\/photo_2019-12-01_22-17-45.jpg?resize=1050%2C600&ssl=1 3x"},"classes":[]},{"id":18327,"url":"https:\/\/www.grieta.org.mx\/index.php\/2016\/07\/30\/palabras-de-la-comandancia-general-del-ezln-en-voz-del-subcomandante-insurgente-moises-en-la-apertura-de-la-participacion-zapatista-en-el-comparte-en-el-caracol-de-oventik-chiapas-mexico-la-mana\/","url_meta":{"origin":67997,"position":3},"title":"PALABRAS DE LA COMANDANCIA GENERAL DEL EZLN, EN VOZ DEL SUBCOMANDANTE INSURGENTE MOIS\u00c9S, EN LA APERTURA DE LA PARTICIPACI\u00d3N ZAPATISTA EN EL CompARTE, EN EL CARACOL DE OVENTIK, CHIAPAS, M\u00c9XICO, LA MA\u00d1ANA DEL 29 DE JULIO DEL 2016.","author":"grieta","date":"30 julio, 2016","format":false,"excerpt":"PALABRAS DE LA COMANDANCIA GENERAL DEL EZLN, EN VOZ DEL SUBCOMANDANTE INSURGENTE MOIS\u00c9S, EN LA APERTURA DE LA PARTICIPACI\u00d3N ZAPATISTA EN EL CompARTE, EN EL CARACOL DE OVENTIK, CHIAPAS, M\u00c9XICO, LA MA\u00d1ANA DEL 29 DE JULIO DEL 2016. A nombre de las compa\u00f1eras y compa\u00f1eros de las bases de apoyo\u2026","rel":"","context":"En &quot;Comunicados&quot;","block_context":{"text":"Comunicados","link":"https:\/\/www.grieta.org.mx\/index.php\/category\/ezln-2\/ezln\/"},"img":{"alt_text":"","src":"https:\/\/i0.wp.com\/www.grieta.org.mx\/wp-content\/uploads\/2018\/03\/14524434_1106112876131411_958039263622046936_o.jpg?resize=350%2C200&ssl=1","width":350,"height":200,"srcset":"https:\/\/i0.wp.com\/www.grieta.org.mx\/wp-content\/uploads\/2018\/03\/14524434_1106112876131411_958039263622046936_o.jpg?resize=350%2C200&ssl=1 1x, https:\/\/i0.wp.com\/www.grieta.org.mx\/wp-content\/uploads\/2018\/03\/14524434_1106112876131411_958039263622046936_o.jpg?resize=525%2C300&ssl=1 1.5x, https:\/\/i0.wp.com\/www.grieta.org.mx\/wp-content\/uploads\/2018\/03\/14524434_1106112876131411_958039263622046936_o.jpg?resize=700%2C400&ssl=1 2x"},"classes":[]},{"id":56522,"url":"https:\/\/www.grieta.org.mx\/index.php\/2021\/01\/20\/la-silenciosa-tragedia-de-los-reporteros-muertos-por-covid-19-en-el-estado-de-mexico\/","url_meta":{"origin":67997,"position":4},"title":"La silenciosa tragedia de los reporteros muertos por covid-19 en el Estado de M\u00e9xico","author":"grieta","date":"20 enero, 2021","format":false,"excerpt":"Miguel Alvarado \/ Viceversanoticias Toluca, M\u00e9xico; 20 de enero de 2021. \u201cEstoy harto de salir a la calle siempre en la incertidumbre. Le he estado dando desde marzo sin parar\u201d, dice el fotoperiodista Rams\u00e9s Mercado mientras recorre Toluca como habitualmente lo hace. En la capital del Estado de M\u00e9xico quienes\u2026","rel":"","context":"En &quot;CINTILLO&quot;","block_context":{"text":"CINTILLO","link":"https:\/\/www.grieta.org.mx\/index.php\/category\/cintillo\/"},"img":{"alt_text":"","src":"https:\/\/i0.wp.com\/www.grieta.org.mx\/wp-content\/uploads\/2021\/01\/Ataca-coronavirus-a-periodistas-mexiquenses-edomex-ene.jpeg?resize=350%2C200&ssl=1","width":350,"height":200,"srcset":"https:\/\/i0.wp.com\/www.grieta.org.mx\/wp-content\/uploads\/2021\/01\/Ataca-coronavirus-a-periodistas-mexiquenses-edomex-ene.jpeg?resize=350%2C200&ssl=1 1x, https:\/\/i0.wp.com\/www.grieta.org.mx\/wp-content\/uploads\/2021\/01\/Ataca-coronavirus-a-periodistas-mexiquenses-edomex-ene.jpeg?resize=525%2C300&ssl=1 1.5x, https:\/\/i0.wp.com\/www.grieta.org.mx\/wp-content\/uploads\/2021\/01\/Ataca-coronavirus-a-periodistas-mexiquenses-edomex-ene.jpeg?resize=700%2C400&ssl=1 2x"},"classes":[]},{"id":3728,"url":"https:\/\/www.grieta.org.mx\/index.php\/2015\/05\/02\/ser-zapatista-palabras-del-subcomandante-insurgente-moises-en-el-homenaje-a-los-companeros-luis-villoro-toranzo-y-maestro-zapatista-galeano-2-de-mayo-del-2015\/","url_meta":{"origin":67997,"position":5},"title":"Ser Zapatista (palabras del Subcomandante Insurgente Mois\u00e9s en el Homenaje a los compa\u00f1eros Luis Villoro Toranzo y Maestro Zapatista Galeano. 2 de mayo del 2015)","author":"grieta","date":"2 mayo, 2015","format":false,"excerpt":"Ser Zapatista Compa\u00f1eras y compa\u00f1eros zapatistas de los pueblos bases de apoyo del Ej\u00e9rcito Zapatista de Liberaci\u00f3n Nacional. Compa\u00f1eras, compa\u00f1eroas y compa\u00f1eros de la sexta nacional e internacional. Hermanas y hermanos de M\u00e9xico y del mundo. Saludamos a la familia del compa\u00f1ero Luis Villoro. Bienvenidos a la tierra rebelde que\u2026","rel":"","context":"En &quot;Comunicados&quot;","block_context":{"text":"Comunicados","link":"https:\/\/www.grieta.org.mx\/index.php\/category\/ezln-2\/ezln\/"},"img":{"alt_text":"","src":"https:\/\/i0.wp.com\/www.grieta.org.mx\/wp-content\/uploads\/2018\/03\/14524434_1106112876131411_958039263622046936_o.jpg?resize=350%2C200&ssl=1","width":350,"height":200,"srcset":"https:\/\/i0.wp.com\/www.grieta.org.mx\/wp-content\/uploads\/2018\/03\/14524434_1106112876131411_958039263622046936_o.jpg?resize=350%2C200&ssl=1 1x, https:\/\/i0.wp.com\/www.grieta.org.mx\/wp-content\/uploads\/2018\/03\/14524434_1106112876131411_958039263622046936_o.jpg?resize=525%2C300&ssl=1 1.5x, https:\/\/i0.wp.com\/www.grieta.org.mx\/wp-content\/uploads\/2018\/03\/14524434_1106112876131411_958039263622046936_o.jpg?resize=700%2C400&ssl=1 2x"},"classes":[]}],"_links":{"self":[{"href":"https:\/\/www.grieta.org.mx\/index.php\/wp-json\/wp\/v2\/posts\/67997","targetHints":{"allow":["GET"]}}],"collection":[{"href":"https:\/\/www.grieta.org.mx\/index.php\/wp-json\/wp\/v2\/posts"}],"about":[{"href":"https:\/\/www.grieta.org.mx\/index.php\/wp-json\/wp\/v2\/types\/post"}],"author":[{"embeddable":true,"href":"https:\/\/www.grieta.org.mx\/index.php\/wp-json\/wp\/v2\/users\/2"}],"replies":[{"embeddable":true,"href":"https:\/\/www.grieta.org.mx\/index.php\/wp-json\/wp\/v2\/comments?post=67997"}],"version-history":[{"count":1,"href":"https:\/\/www.grieta.org.mx\/index.php\/wp-json\/wp\/v2\/posts\/67997\/revisions"}],"predecessor-version":[{"id":68010,"href":"https:\/\/www.grieta.org.mx\/index.php\/wp-json\/wp\/v2\/posts\/67997\/revisions\/68010"}],"wp:featuredmedia":[{"embeddable":true,"href":"https:\/\/www.grieta.org.mx\/index.php\/wp-json\/wp\/v2\/media\/68001"}],"wp:attachment":[{"href":"https:\/\/www.grieta.org.mx\/index.php\/wp-json\/wp\/v2\/media?parent=67997"}],"wp:term":[{"taxonomy":"category","embeddable":true,"href":"https:\/\/www.grieta.org.mx\/index.php\/wp-json\/wp\/v2\/categories?post=67997"},{"taxonomy":"post_tag","embeddable":true,"href":"https:\/\/www.grieta.org.mx\/index.php\/wp-json\/wp\/v2\/tags?post=67997"}],"curies":[{"name":"wp","href":"https:\/\/api.w.org\/{rel}","templated":true}]}}