{"id":67992,"date":"2023-10-28T00:14:03","date_gmt":"2023-10-28T06:14:03","guid":{"rendered":"https:\/\/www.grieta.org.mx\/?p=67992"},"modified":"2023-10-28T00:18:26","modified_gmt":"2023-10-28T06:18:26","slug":"en-apoyo-a-nuestros-hermanos-originarios-en-guerrero","status":"publish","type":"post","link":"https:\/\/www.grieta.org.mx\/index.php\/2023\/10\/28\/en-apoyo-a-nuestros-hermanos-originarios-en-guerrero\/","title":{"rendered":"EN APOYO A NUESTROS HERMANOS ORIGINARIOS EN GUERRERO"},"content":{"rendered":"<p><strong>EN APOYO A NUESTROS HERMANOS ORIGINARIOS EN GUERRERO<\/strong><\/p>\n<p>Octubre del 2023.<\/p>\n<p>A LOS PUEBLOS Y GOBIERNOS DE M\u00c9XICO Y DEL MUNDO:<br \/>\nA LA SEXTA NACIONAL E INTERNACIONAL:<br \/>\nA LOS MEDIOS DE COMUNICACI\u00d3N:<\/p>\n<p>Con mucha consternaci\u00f3n hemos visto como el hurac\u00e1n\u00a0<em>Otis\u00a0<\/em>golpe\u00f3 con furia inusitada las costas del estado de Guerrero, provocando la muerte de decenas de seres humanos y la destrucci\u00f3n de pueblos y ciudades. Nuestrxs hermanxs de la Organizaci\u00f3n Campesina de la Sierra del Sur, en el municipio de Coyuca, estado de Guerrero, e integrantes del Congreso Nacional Ind\u00edgena, nos han informado del da\u00f1o que este hurac\u00e1n ha causado en las comunidades ind\u00edgenas y campesinas de dicho estado y en particular en los pueblos de la Costa Grande de dicha entidad.<\/p>\n<p>Este hurac\u00e1n no es un fen\u00f3meno at\u00edpico, como lo se\u00f1alan los medios de comunicaci\u00f3n y los malos gobiernos, es producto directo de la destrucci\u00f3n provocada por el capitalismo, por el da\u00f1o, cada vez mayor, que las grandes empresas y las pol\u00edticas de los gobiernos, provocan a nuestra Madre Tierra. Lo at\u00edpico no es el hurac\u00e1n, lo at\u00edpico es este violento sistema que se sostiene con base en guerras, en pandemias y en la explotaci\u00f3n y el despojo descarnados de millones y millones de seres humanos y de la naturaleza.<\/p>\n<p>Frente a estos acontecimientos tan graves ocurridos en Guerrero, observamos como el gobierno de la mal llamada cuarta transformaci\u00f3n concentra sus apoyos en los grandes hoteleros y comerciantes del puerto de Acapulco, mientras se olvida de las miles de familias pobres, principalmente campesinas, que est\u00e1n siendo afectadas por\u00a0<em>Otis<\/em>.<\/p>\n<p>Sabemos que, como acostumbran los malos gobiernos, \u00e9stos van solo a burlarse de nuestro sufrimiento, a tomarse una fotograf\u00eda sobre los escombros y a lucrar sobre el dolor de los pueblos en desgracia, por lo que llamamos a los hombres y mujeres de buen coraz\u00f3n, a los colectivos de la Sexta Nacional e Internacional y a los pueblos de M\u00e9xico y del mundo, a solidarizarnos y a concentrar alimentos no perecederos y medicamentos en apoyo a los pueblos originarios del estado de Guerrero afectados, en el domicilio de la Casa de los Pueblos \u201cSamir Flores Soberanes\u201d, ubicado en Av. M\u00e9xico-Coyoac\u00e1n 343 colonia Xoco, Alcald\u00eda Benito Ju\u00e1rez, Ciudad de M\u00e9xico, CP03330, as\u00ed mismo llamamos a \u00a0realizar dep\u00f3sitos y transferencias bancarias en apoyo a estos pueblos y comunidades en la cuenta N\u00famero 0113643034, CLABE 012540001136430347, c\u00f3digo SWIFT BCMRMXMMPYM, del banco BBVA M\u00e9xico a nombre de: Ciencia Social al Servicio de los Pueblos Originarios.<\/p>\n<p style=\"text-align: center;\"><strong>M\u00c9XICO, A 27 DE OCTUBRE DE 2023<\/strong><\/p>\n<p style=\"text-align: center;\"><strong>ATENTAMENTE<\/strong><\/p>\n<p style=\"text-align: center;\"><strong><em>POR LA RECONSTITUCI\u00d3N INTEGRAL DE NUESTROS PUEBLOS<br \/>\n<\/em><\/strong><strong><em>NUNCA MAS UN M\u00c9XICO SIN NOSOTROS<\/em><\/strong><\/p>\n<p style=\"text-align: center;\"><strong>CONGRESO NACIONAL IND\u00cdGENA<br \/>\n<\/strong><strong>EJ\u00c9RCITO ZAPATISTA DE LIBERACI\u00d3N NACIONAL<\/strong><\/p>\n<p><a href=\"https:\/\/enlacezapatista.ezln.org.mx\/2023\/10\/27\/en-apoyo-a-nuestros-hermanos-originarios-en-guerrero\/\" target=\"_blank\" rel=\"noopener\">https:\/\/enlacezapatista.ezln.org.mx\/2023\/10\/27\/en-apoyo-a-nuestros-hermanos-originarios-en-guerrero\/<\/a><\/p>\n<p>&nbsp;<\/p>\n","protected":false},"excerpt":{"rendered":"<p>EN APOYO A NUESTROS HERMANOS ORIGINARIOS EN GUERRERO Octubre del 2023. A LOS PUEBLOS Y GOBIERNOS DE M\u00c9XICO Y DEL MUNDO: A LA SEXTA NACIONAL E INTERNACIONAL: A LOS MEDIOS &hellip; <a href=\"https:\/\/www.grieta.org.mx\/index.php\/2023\/10\/28\/en-apoyo-a-nuestros-hermanos-originarios-en-guerrero\/\" class=\"more-link\">Leer m\u00e1s<\/a><\/p>\n","protected":false},"author":2,"featured_media":67993,"comment_status":"closed","ping_status":"closed","sticky":false,"template":"","format":"standard","meta":{"ngg_post_thumbnail":0,"_jetpack_newsletter_access":"","_jetpack_dont_email_post_to_subs":false,"_jetpack_newsletter_tier_id":0,"_jetpack_memberships_contains_paywalled_content":false,"_jetpack_memberships_contains_paid_content":false,"footnotes":""},"categories":[80,79,921,1707,907,2],"tags":[],"class_list":["post-67992","post","type-post","status-publish","format-standard","has-post-thumbnail","hentry","category-cintillo","category-cni","category-comunicados","category-denuncias","category-ezln-2","category-noticias-nacionales","entry"],"jetpack_featured_media_url":"https:\/\/www.grieta.org.mx\/wp-content\/uploads\/2023\/10\/EN-APOYO-A-NUESTROS-HERMANOS-ORIGINARIOS-EN-GUERRERO.jpg","jetpack_sharing_enabled":true,"jetpack_shortlink":"https:\/\/wp.me\/p7ZJR4-hGE","jetpack_likes_enabled":false,"jetpack-related-posts":[{"id":33879,"url":"https:\/\/www.grieta.org.mx\/index.php\/2019\/05\/25\/comunicado-del-concejo-indigena-y-popular-de-guerrero-emiliano-zapata-cipog-ez-por-el-reciente-asesinato-de-nuestros-hermanos-bartolo-hilario-morales-e-isaias-xanteco-ahuejote\/","url_meta":{"origin":67992,"position":0},"title":"Comunicado del Concejo Ind\u00edgena y Popular de Guerrero \u2013 Emiliano Zapata (CIPOG-EZ), por el reciente asesinato de nuestros hermanos Bartolo Hilario Morales e Isa\u00edas Xanteco Ahuejote","author":"grieta","date":"25 mayo, 2019","format":false,"excerpt":"COMUNICADO DEL CONCEJO IND\u00cdGENA Y POPULAR DE GUERRERO \u2013 EMILIANO ZAPATA (CIPOG-EZ), POR EL RECIENTE ASESINATO DE NUESTROS HERMANOS BARTOLO HILARIO MORALES E ISA\u00cdAS XANTECO AHUEJOTE Mayo del 2019, Monta\u00f1a Baja del Estado de Guerrero. Al Ejercito Zapatista de Liberaci\u00f3n Nacional Al Congreso Nacional Ind\u00edgena Al Concejo Ind\u00edgena de Gobierno\u2026","rel":"","context":"En &quot;CINTILLO&quot;","block_context":{"text":"CINTILLO","link":"https:\/\/www.grieta.org.mx\/index.php\/category\/cintillo\/"},"img":{"alt_text":"","src":"https:\/\/i0.wp.com\/www.grieta.org.mx\/wp-content\/uploads\/2019\/05\/logo-CNI-To.png?resize=350%2C200&ssl=1","width":350,"height":200,"srcset":"https:\/\/i0.wp.com\/www.grieta.org.mx\/wp-content\/uploads\/2019\/05\/logo-CNI-To.png?resize=350%2C200&ssl=1 1x, https:\/\/i0.wp.com\/www.grieta.org.mx\/wp-content\/uploads\/2019\/05\/logo-CNI-To.png?resize=525%2C300&ssl=1 1.5x"},"classes":[]},{"id":36244,"url":"https:\/\/www.grieta.org.mx\/index.php\/2019\/07\/12\/comunicado-por-la-suspension-de-la-caravana-por-la-paz-la-vida-y-la-justicia-en-la-montana-de-guerrero\/","url_meta":{"origin":67992,"position":1},"title":"Comunicado por la suspensi\u00f3n de la caravana por la Paz, la Vida y la Justicia en la monta\u00f1a de Guerrero","author":"grieta","date":"12 julio, 2019","format":false,"excerpt":"Al pueblo de M\u00e9xico A los Pueblos del mundo A las Redes de Resistencia y Rebeld\u00eda A las Redes de Apoyo al CIG A la Sexta Nacional e Internacional A los medios de comunicaci\u00f3n El Congreso Nacional Ind\u00edgena \u2013 Concejo Ind\u00edgena de Gobierno, denunciamos la persecuci\u00f3n que las bandas de\u2026","rel":"","context":"En &quot;CINTILLO&quot;","block_context":{"text":"CINTILLO","link":"https:\/\/www.grieta.org.mx\/index.php\/category\/cintillo\/"},"img":{"alt_text":"","src":"https:\/\/i0.wp.com\/www.grieta.org.mx\/wp-content\/uploads\/2019\/06\/logo-CNI-T.png?resize=350%2C200&ssl=1","width":350,"height":200,"srcset":"https:\/\/i0.wp.com\/www.grieta.org.mx\/wp-content\/uploads\/2019\/06\/logo-CNI-T.png?resize=350%2C200&ssl=1 1x, https:\/\/i0.wp.com\/www.grieta.org.mx\/wp-content\/uploads\/2019\/06\/logo-CNI-T.png?resize=525%2C300&ssl=1 1.5x"},"classes":[]},{"id":25429,"url":"https:\/\/www.grieta.org.mx\/index.php\/2018\/08\/09\/guerrero-policia-comunitaria-acudira-a-tribunales-internacionales\/","url_meta":{"origin":67992,"position":2},"title":"Guerrero: Polic\u00eda Comunitaria acudir\u00e1 a tribunales internacionales","author":"grieta","date":"9 agosto, 2018","format":false,"excerpt":"Ante la modificaci\u00f3n del art\u00edculo 14 aprobada por el Congreso de Guerrero, defender\u00e1n \u201ccon la ley en la mano este modelo ejemplar\u201d que respalda la ONU Regeneraci\u00f3n, 9 de agosto de 2018.- \u201cAnte el golpe artero de los poderes Legislativo y Ejecutivo de Guerrero, que de tajo desconocieron nuestros derechos\u2026","rel":"","context":"En &quot;CINTILLO&quot;","block_context":{"text":"CINTILLO","link":"https:\/\/www.grieta.org.mx\/index.php\/category\/cintillo\/"},"img":{"alt_text":"","src":"https:\/\/i0.wp.com\/www.grieta.org.mx\/wp-content\/uploads\/2018\/08\/Policia-Comunitaria-Guerrero.jpg?resize=350%2C200&ssl=1","width":350,"height":200,"srcset":"https:\/\/i0.wp.com\/www.grieta.org.mx\/wp-content\/uploads\/2018\/08\/Policia-Comunitaria-Guerrero.jpg?resize=350%2C200&ssl=1 1x, https:\/\/i0.wp.com\/www.grieta.org.mx\/wp-content\/uploads\/2018\/08\/Policia-Comunitaria-Guerrero.jpg?resize=525%2C300&ssl=1 1.5x, https:\/\/i0.wp.com\/www.grieta.org.mx\/wp-content\/uploads\/2018\/08\/Policia-Comunitaria-Guerrero.jpg?resize=700%2C400&ssl=1 2x"},"classes":[]},{"id":36249,"url":"https:\/\/www.grieta.org.mx\/index.php\/2019\/07\/12\/comunicado-ante-mas-asesinatos-y-amenazas-a-promotores-del-cipog-ez-y-delegados-del-cni-en-guerrero-mientras-continua-la-impunidad-la-corrupcion-y-la-omision-de-los-tres-niveles-de-gobierno\/","url_meta":{"origin":67992,"position":3},"title":"Comunicado ante m\u00e1s asesinatos y amenazas a promotores del CIPOG-EZ y delegados del CNI en Guerrero. Mientras continua la impunidad, la corrupci\u00f3n y la omisi\u00f3n de los tres niveles de gobierno","author":"grieta","date":"12 julio, 2019","format":false,"excerpt":"Al Ejercito Zapatista de Liberaci\u00f3n Nacional Al Congreso Nacional Ind\u00edgena Al Concejo Ind\u00edgena de Gobierno A los pueblos de Guerrero A los pueblos de M\u00e9xico A la sexta nacional e internacional A las redes de resistencia y rebeld\u00eda A las redes de apoyo al CIG Territorio Comunitario, Guerrero, 12 de\u2026","rel":"","context":"En &quot;CINTILLO&quot;","block_context":{"text":"CINTILLO","link":"https:\/\/www.grieta.org.mx\/index.php\/category\/cintillo\/"},"img":{"alt_text":"","src":"https:\/\/i0.wp.com\/www.grieta.org.mx\/wp-content\/uploads\/2019\/06\/logo-CNI-T.png?resize=350%2C200&ssl=1","width":350,"height":200,"srcset":"https:\/\/i0.wp.com\/www.grieta.org.mx\/wp-content\/uploads\/2019\/06\/logo-CNI-T.png?resize=350%2C200&ssl=1 1x, https:\/\/i0.wp.com\/www.grieta.org.mx\/wp-content\/uploads\/2019\/06\/logo-CNI-T.png?resize=525%2C300&ssl=1 1.5x"},"classes":[]},{"id":11033,"url":"https:\/\/www.grieta.org.mx\/index.php\/2016\/03\/30\/comunicado-sobre-actividades-del-cipog-ez-y-campana-en-solidaridad-con-radio-zapata\/","url_meta":{"origin":67992,"position":4},"title":"Comunicado sobre actividades del CIPOG-EZ y campa\u00f1a en solidaridad con Radio Zapata","author":"grieta","date":"30 marzo, 2016","format":false,"excerpt":"Comisi\u00f3n Radio Zapata Al EZLN, Al Congreso Nacional Ind\u00edgena, A la sexta nacional e internacional, A las mujeres y hombres, rebeldes y dignos de M\u00e9xico y el mundo, Nosotros, nosotras, hombres, mujeres, ni\u00f1os y ancianos del Consejo Ind\u00edgena y Popular de Guerrero - Emiliano Zapata (CIPOG-EZ). Queremos informarles algunos pasos\u2026","rel":"","context":"En &quot;CINTILLO&quot;","block_context":{"text":"CINTILLO","link":"https:\/\/www.grieta.org.mx\/index.php\/category\/cintillo\/"},"img":{"alt_text":"","src":"https:\/\/i0.wp.com\/www.grieta.org.mx\/wp-content\/uploads\/2018\/03\/14524434_1106112876131411_958039263622046936_o.jpg?resize=350%2C200&ssl=1","width":350,"height":200,"srcset":"https:\/\/i0.wp.com\/www.grieta.org.mx\/wp-content\/uploads\/2018\/03\/14524434_1106112876131411_958039263622046936_o.jpg?resize=350%2C200&ssl=1 1x, https:\/\/i0.wp.com\/www.grieta.org.mx\/wp-content\/uploads\/2018\/03\/14524434_1106112876131411_958039263622046936_o.jpg?resize=525%2C300&ssl=1 1.5x, https:\/\/i0.wp.com\/www.grieta.org.mx\/wp-content\/uploads\/2018\/03\/14524434_1106112876131411_958039263622046936_o.jpg?resize=700%2C400&ssl=1 2x"},"classes":[]},{"id":33887,"url":"https:\/\/www.grieta.org.mx\/index.php\/2019\/05\/26\/alto-a-la-guerra-narcoparamilitar-contra-el-cipog-ez-comunicado-urgente-del-cni-cig-y-el-ezln\/","url_meta":{"origin":67992,"position":5},"title":"ALTO A LA GUERRA NARCOPARAMILITAR CONTRA EL CIPOG-EZ Comunicado urgente del CNI-CIG y el EZLN","author":"grieta","date":"26 mayo, 2019","format":false,"excerpt":"ALTO A LA GUERRA NARCOPARAMILITAR CONTRA EL CIPOG-EZ Comunicado urgente del CNI-CIG y el EZLN Hoy, con indignaci\u00f3n y dolor denunciamos un nuevo y artero crimen contra nuestros compa\u00f1eros del Consejo Ind\u00edgena y Popular de Guerrero \u2013 Emiliano Zapata (CIPOG-EZ). Alrededor de las 13:30 horas del d\u00eda 23 de mayo,\u2026","rel":"","context":"En &quot;CIG&quot;","block_context":{"text":"CIG","link":"https:\/\/www.grieta.org.mx\/index.php\/category\/cig\/"},"img":{"alt_text":"","src":"https:\/\/i0.wp.com\/www.grieta.org.mx\/wp-content\/uploads\/2019\/05\/20190525_222118_0000.png?resize=350%2C200&ssl=1","width":350,"height":200,"srcset":"https:\/\/i0.wp.com\/www.grieta.org.mx\/wp-content\/uploads\/2019\/05\/20190525_222118_0000.png?resize=350%2C200&ssl=1 1x, https:\/\/i0.wp.com\/www.grieta.org.mx\/wp-content\/uploads\/2019\/05\/20190525_222118_0000.png?resize=525%2C300&ssl=1 1.5x, https:\/\/i0.wp.com\/www.grieta.org.mx\/wp-content\/uploads\/2019\/05\/20190525_222118_0000.png?resize=700%2C400&ssl=1 2x"},"classes":[]}],"_links":{"self":[{"href":"https:\/\/www.grieta.org.mx\/index.php\/wp-json\/wp\/v2\/posts\/67992","targetHints":{"allow":["GET"]}}],"collection":[{"href":"https:\/\/www.grieta.org.mx\/index.php\/wp-json\/wp\/v2\/posts"}],"about":[{"href":"https:\/\/www.grieta.org.mx\/index.php\/wp-json\/wp\/v2\/types\/post"}],"author":[{"embeddable":true,"href":"https:\/\/www.grieta.org.mx\/index.php\/wp-json\/wp\/v2\/users\/2"}],"replies":[{"embeddable":true,"href":"https:\/\/www.grieta.org.mx\/index.php\/wp-json\/wp\/v2\/comments?post=67992"}],"version-history":[{"count":1,"href":"https:\/\/www.grieta.org.mx\/index.php\/wp-json\/wp\/v2\/posts\/67992\/revisions"}],"predecessor-version":[{"id":67994,"href":"https:\/\/www.grieta.org.mx\/index.php\/wp-json\/wp\/v2\/posts\/67992\/revisions\/67994"}],"wp:featuredmedia":[{"embeddable":true,"href":"https:\/\/www.grieta.org.mx\/index.php\/wp-json\/wp\/v2\/media\/67993"}],"wp:attachment":[{"href":"https:\/\/www.grieta.org.mx\/index.php\/wp-json\/wp\/v2\/media?parent=67992"}],"wp:term":[{"taxonomy":"category","embeddable":true,"href":"https:\/\/www.grieta.org.mx\/index.php\/wp-json\/wp\/v2\/categories?post=67992"},{"taxonomy":"post_tag","embeddable":true,"href":"https:\/\/www.grieta.org.mx\/index.php\/wp-json\/wp\/v2\/tags?post=67992"}],"curies":[{"name":"wp","href":"https:\/\/api.w.org\/{rel}","templated":true}]}}