{"id":67954,"date":"2023-10-16T14:58:40","date_gmt":"2023-10-16T20:58:40","guid":{"rendered":"https:\/\/www.grieta.org.mx\/?p=67954"},"modified":"2023-10-17T15:12:12","modified_gmt":"2023-10-17T21:12:12","slug":"mexico-otomis-frenan-violento-desalojo-de-la-casa-de-los-pueblos-samir-flores-cdmx","status":"publish","type":"post","link":"https:\/\/www.grieta.org.mx\/index.php\/2023\/10\/16\/mexico-otomis-frenan-violento-desalojo-de-la-casa-de-los-pueblos-samir-flores-cdmx\/","title":{"rendered":"M\u00e9xico: Otom\u00eds frenan violento desalojo de la Casa de los Pueblos Samir Flores (CDMX)"},"content":{"rendered":"<p><em><sup>En portada: Conferencia de prensa en las afueras de la Casa de los Pueblos \u201cSamir Flores Soberanes\u201d. Foto: Regina L\u00f3pez<\/sup><\/em><\/p>\n<p>Aldo Santiago \/ Avispa Midia<\/p>\n<p>Durante la madrugada de este lunes (16), m\u00e1s de 500 elementos del cuerpo de granaderos de la ciudad de M\u00e9xico incursionaron en los alrededores de la Casa de los Pueblos y comunidades ind\u00edgenas \u201cSamir Flores Soberanes\u201d, con la intenci\u00f3n de desalojar a los miembros de la comunidad Otom\u00ed, quienes recientemente cumplieron tres a\u00f1os de ocupar el inmueble, ubicado al sur de la capital.<\/p>\n<p>Miembros de la comunidad ind\u00edgena sostuvieron que, frente a los actos de represi\u00f3n, lograron replegar a los elementos de seguridad, \u201ccientos de granaderos, como si nosotros, la comunidad Otom\u00ed fu\u00e9ramos los criminales, como si nosotros tuvi\u00e9ramos armas\u201d, reclam\u00f3 Isabel, delegada del Congreso Nacional Ind\u00edgena (CNI). Dada la violencia del operativo, este dej\u00f3 un saldo de 10 heridos, entre ellos, adolescentes, adultos mayores y con capacidades diferentes.<\/p>\n<p>\u201cUna adolescente de 17 a\u00f1os fue atacada por un grupo de cinco granaderos quienes la patearon y golpearon causando inmovilidad en una de sus piernas; una ni\u00f1a de 13 a\u00f1os fue golpeada por tres granaderos hombres quienes la patearon en la cabeza provocando que se desmayara\u201d, detall\u00f3 esta comunidad.<\/p>\n<figure class=\"wp-block-gallery has-nested-images columns-2 is-cropped wp-block-gallery-1 is-layout-flex wp-block-gallery-is-layout-flex\">\n<figure class=\"wp-block-image size-large\"><a class=\"td-modal-image\" href=\"https:\/\/avispa.org\/wp-content\/uploads\/2023\/10\/conferencia_Otomi_16-10-23-18.jpg\"><img loading=\"lazy\" decoding=\"async\" class=\"wp-image-104301 td-animation-stack-type0-2\" src=\"https:\/\/avispa.org\/wp-content\/uploads\/2023\/10\/conferencia_Otomi_16-10-23-18-1024x683.jpg\" sizes=\"auto, (max-width: 1024px) 100vw, 1024px\" srcset=\"https:\/\/avispa.org\/wp-content\/uploads\/2023\/10\/conferencia_Otomi_16-10-23-18-1024x683.jpg 1024w, https:\/\/avispa.org\/wp-content\/uploads\/2023\/10\/conferencia_Otomi_16-10-23-18-300x200.jpg 300w, https:\/\/avispa.org\/wp-content\/uploads\/2023\/10\/conferencia_Otomi_16-10-23-18-768x512.jpg 768w, https:\/\/avispa.org\/wp-content\/uploads\/2023\/10\/conferencia_Otomi_16-10-23-18-696x464.jpg 696w, https:\/\/avispa.org\/wp-content\/uploads\/2023\/10\/conferencia_Otomi_16-10-23-18-1068x712.jpg 1068w, https:\/\/avispa.org\/wp-content\/uploads\/2023\/10\/conferencia_Otomi_16-10-23-18-630x420.jpg 630w, https:\/\/avispa.org\/wp-content\/uploads\/2023\/10\/conferencia_Otomi_16-10-23-18.jpg 1080w\" alt=\"\" width=\"1024\" height=\"683\" data-id=\"104301\" \/><\/a><\/figure>\n<\/figure>\n<p>&nbsp;<\/p>\n<figure class=\"wp-block-gallery has-nested-images columns-2 is-cropped wp-block-gallery-1 is-layout-flex wp-block-gallery-is-layout-flex\">\n<figure class=\"wp-block-image size-large\"><img decoding=\"async\" src=\"https:\/\/avispa.org\/wp-content\/uploads\/2023\/10\/conferencia_Otomi_16-10-23-17-1024x683.jpg\" \/><\/figure>\n<\/figure>\n<p>&nbsp;<\/p>\n<p><img decoding=\"async\" src=\"https:\/\/avispa.org\/wp-content\/uploads\/2023\/10\/conferencia_Otomi_16-10-23-10-1024x683.jpg\" \/><\/p>\n<p><em><sup>Param\u00e9dicos atienden a heridos de la comunidad Otom\u00ed tras el intento violento de desalojo. Fotos: Regina L\u00f3pez<\/sup><\/em><\/p>\n<p>Mediante comunicado, el gobierno de la CDMX divulg\u00f3 que el operativo estaba encaminado a desalojar el plant\u00f3n que permanece desde el pasado 12 de octubre, en demanda de vivienda digna para 40 familias Otom\u00edes. No obstante, la comunidad ind\u00edgena reproch\u00f3 ello pues argumentaron que los elementos de seguridad intentaron ingresar a la Casa de los Pueblos.<\/p>\n<p>Una hora despu\u00e9s del operativo, un grupo de m\u00e1s de seis motociclistas se acerc\u00f3 para provocar e insultar a quienes sostienen un plant\u00f3n sobre la Avenida M\u00e9xico-Coyoac\u00e1n. Tras otro intento de incursi\u00f3n, agredieron con armas de fuego a los integrantes de la comunidad Otom\u00ed.<\/p>\n<p>\u201cEsta es la respuesta que da el gobierno a sus demandas del pueblo Otom\u00ed\u201d, denunciaron al momento de presentar los cartuchos percutidos que evidencian el ataque, adem\u00e1s de proporcionar im\u00e1genes de los agresores y las placas de sus veh\u00edculos. Tambi\u00e9n reclamaron la ausencia de la Comisi\u00f3n de Derechos Humanos de la CDMX (Cdhcm) y enfatizaron que el operativo nunca fue pac\u00edfico.<\/p>\n<p>\u201cA tres a\u00f1os de la toma del Instituto Nacional de los Pueblos Ind\u00edgenas, racismo, discriminaci\u00f3n y represi\u00f3n es la oferta de la cuarta transformaci\u00f3n\u201d, sentenciaron miembros de la comunidad Otom\u00ed mediante conferencia de prensa.<\/p>\n<p>\u201cHacemos responsable a Mart\u00ed Bartres (Jefe de Gobierno de la Ciudad de M\u00e9xico) de lo que nos llegue a ocurrir. Los granaderos nos pegaron sin importar que hab\u00eda ni\u00f1os, mujeres y a los mayores de edad. Ya basta de la discriminaci\u00f3n\u201d, reclam\u00f3 una mujer Otom\u00ed que fue agredida.<\/p>\n<h3 id=\"h-tener-techo-es-un-derecho\" class=\"wp-block-heading has-black-color has-text-color\"><strong>\u201cTener techo, es un derecho\u201d<\/strong><\/h3>\n<p>La principal demanda de la comunidad Otom\u00ed es la expropiaci\u00f3n de dos inmuebles ubicados en la colonia Ju\u00e1rez, en los domicilios Roma 18 y Londres 7, para servir de vivienda a familias ind\u00edgenas. Esto, debido a que desde hace dos a\u00f1os y medio se expropi\u00f3 el inmueble de Zacatecas 64 con el fin de albergar 40 familias Otom\u00edes, pero en la actualidad no hay indicios de cu\u00e1ndo iniciaran las obras para cumplir con esa demanda.<\/p>\n<figure class=\"wp-block-image size-large\"><a class=\"td-modal-image\" href=\"https:\/\/avispa.org\/wp-content\/uploads\/2023\/10\/DJI_0822.jpg\"><img loading=\"lazy\" decoding=\"async\" class=\"wp-image-104342 td-animation-stack-type0-2\" src=\"https:\/\/avispa.org\/wp-content\/uploads\/2023\/10\/DJI_0822-1024x768.jpg\" sizes=\"auto, (max-width: 1024px) 100vw, 1024px\" srcset=\"https:\/\/avispa.org\/wp-content\/uploads\/2023\/10\/DJI_0822-1024x768.jpg 1024w, https:\/\/avispa.org\/wp-content\/uploads\/2023\/10\/DJI_0822-300x225.jpg 300w, https:\/\/avispa.org\/wp-content\/uploads\/2023\/10\/DJI_0822-768x576.jpg 768w, https:\/\/avispa.org\/wp-content\/uploads\/2023\/10\/DJI_0822-696x522.jpg 696w, https:\/\/avispa.org\/wp-content\/uploads\/2023\/10\/DJI_0822-1068x801.jpg 1068w, https:\/\/avispa.org\/wp-content\/uploads\/2023\/10\/DJI_0822-560x420.jpg 560w, https:\/\/avispa.org\/wp-content\/uploads\/2023\/10\/DJI_0822-80x60.jpg 80w, https:\/\/avispa.org\/wp-content\/uploads\/2023\/10\/DJI_0822-265x198.jpg 265w, https:\/\/avispa.org\/wp-content\/uploads\/2023\/10\/DJI_0822.jpg 1082w\" alt=\"\" width=\"1024\" height=\"768\" \/><\/a><figcaption class=\"wp-element-caption\"><em><sup>Pinta en el plant\u00f3n sobre avenida M\u00e9xico-Coyoac\u00e1n. Foto: Aldo Santiago<\/sup><\/em><\/figcaption><\/figure>\n<p>Se\u00f1alaron que ya est\u00e1n cansados de mentiras de funcionarios como Juan Guti\u00e9rrez y Rodrigo Chavez, con quienes se reunieron el pasado 14 de octubre, y quienes ofrecieron mesas de di\u00e1logo, \u201csin respuesta, sin compromisos reales, sus ofertas son pura simulaci\u00f3n de la cuarta transformaci\u00f3n\u201d.<\/p>\n<p>\u201cYa no creemos en sus palabras, porque llevamos cuatro a\u00f1os de esta administraci\u00f3n que ya se acaba y nunca nos han dado respuesta\u201d, sentenci\u00f3 Isabel, delegada del CNI, quien enfatiz\u00f3 que es una lucha de d\u00e9cadas por vivienda digna para la comunidad Otom\u00ed.<\/p>\n<p>La comunidad Otom\u00ed denunci\u00f3 que, apenas el s\u00e1bado pasado (14) les fue informado que no se podr\u00eda realizar la expropiaci\u00f3n de los inmuebles debido a que no tienen la ocupaci\u00f3n del inmueble. Ante ello, demandaron al gobierno de la CDMX la expropiaci\u00f3n del inmueble que alberga la Casa de los pueblos \u201cSamir Flores Soberanes\u201d.<\/p>\n<figure class=\"wp-block-gallery has-nested-images columns-2 is-cropped wp-block-gallery-3 is-layout-flex wp-block-gallery-is-layout-flex\">\n<figure class=\"wp-block-image size-large\"><a class=\"td-modal-image\" href=\"https:\/\/avispa.org\/wp-content\/uploads\/2023\/10\/conferencia_Otomi_16-10-23-26.jpg\"><img loading=\"lazy\" decoding=\"async\" class=\"wp-image-104316 td-animation-stack-type0-2\" src=\"https:\/\/avispa.org\/wp-content\/uploads\/2023\/10\/conferencia_Otomi_16-10-23-26-1024x683.jpg\" sizes=\"auto, (max-width: 1024px) 100vw, 1024px\" srcset=\"https:\/\/avispa.org\/wp-content\/uploads\/2023\/10\/conferencia_Otomi_16-10-23-26-1024x683.jpg 1024w, https:\/\/avispa.org\/wp-content\/uploads\/2023\/10\/conferencia_Otomi_16-10-23-26-300x200.jpg 300w, https:\/\/avispa.org\/wp-content\/uploads\/2023\/10\/conferencia_Otomi_16-10-23-26-768x512.jpg 768w, https:\/\/avispa.org\/wp-content\/uploads\/2023\/10\/conferencia_Otomi_16-10-23-26-696x464.jpg 696w, https:\/\/avispa.org\/wp-content\/uploads\/2023\/10\/conferencia_Otomi_16-10-23-26-1068x712.jpg 1068w, https:\/\/avispa.org\/wp-content\/uploads\/2023\/10\/conferencia_Otomi_16-10-23-26-630x420.jpg 630w, https:\/\/avispa.org\/wp-content\/uploads\/2023\/10\/conferencia_Otomi_16-10-23-26.jpg 1080w\" alt=\"\" width=\"1024\" height=\"683\" data-id=\"104316\" \/><\/a><\/figure>\n<figure class=\"wp-block-image size-large\"><a class=\"td-modal-image\" href=\"https:\/\/avispa.org\/wp-content\/uploads\/2023\/10\/conferencia_Otomi_16-10-23-25.jpg\"><img loading=\"lazy\" decoding=\"async\" class=\"wp-image-104315 td-animation-stack-type0-2\" src=\"https:\/\/avispa.org\/wp-content\/uploads\/2023\/10\/conferencia_Otomi_16-10-23-25-1024x683.jpg\" sizes=\"auto, (max-width: 1024px) 100vw, 1024px\" srcset=\"https:\/\/avispa.org\/wp-content\/uploads\/2023\/10\/conferencia_Otomi_16-10-23-25-1024x683.jpg 1024w, https:\/\/avispa.org\/wp-content\/uploads\/2023\/10\/conferencia_Otomi_16-10-23-25-300x200.jpg 300w, https:\/\/avispa.org\/wp-content\/uploads\/2023\/10\/conferencia_Otomi_16-10-23-25-768x512.jpg 768w, https:\/\/avispa.org\/wp-content\/uploads\/2023\/10\/conferencia_Otomi_16-10-23-25-696x464.jpg 696w, https:\/\/avispa.org\/wp-content\/uploads\/2023\/10\/conferencia_Otomi_16-10-23-25-1068x712.jpg 1068w, https:\/\/avispa.org\/wp-content\/uploads\/2023\/10\/conferencia_Otomi_16-10-23-25-630x420.jpg 630w, https:\/\/avispa.org\/wp-content\/uploads\/2023\/10\/conferencia_Otomi_16-10-23-25.jpg 1080w\" alt=\"\" width=\"1024\" height=\"683\" data-id=\"104315\" \/><\/a><\/figure>\n<figure class=\"wp-block-image size-large\"><a class=\"td-modal-image\" href=\"https:\/\/avispa.org\/wp-content\/uploads\/2023\/10\/conferencia_Otomi_16-10-23-27.jpg\"><img loading=\"lazy\" decoding=\"async\" class=\"wp-image-104317 td-animation-stack-type0-2\" src=\"https:\/\/avispa.org\/wp-content\/uploads\/2023\/10\/conferencia_Otomi_16-10-23-27-1024x683.jpg\" sizes=\"auto, (max-width: 1024px) 100vw, 1024px\" srcset=\"https:\/\/avispa.org\/wp-content\/uploads\/2023\/10\/conferencia_Otomi_16-10-23-27-1024x683.jpg 1024w, https:\/\/avispa.org\/wp-content\/uploads\/2023\/10\/conferencia_Otomi_16-10-23-27-300x200.jpg 300w, https:\/\/avispa.org\/wp-content\/uploads\/2023\/10\/conferencia_Otomi_16-10-23-27-768x512.jpg 768w, https:\/\/avispa.org\/wp-content\/uploads\/2023\/10\/conferencia_Otomi_16-10-23-27-696x464.jpg 696w, https:\/\/avispa.org\/wp-content\/uploads\/2023\/10\/conferencia_Otomi_16-10-23-27-1068x712.jpg 1068w, https:\/\/avispa.org\/wp-content\/uploads\/2023\/10\/conferencia_Otomi_16-10-23-27-630x420.jpg 630w, https:\/\/avispa.org\/wp-content\/uploads\/2023\/10\/conferencia_Otomi_16-10-23-27.jpg 1080w\" alt=\"\" width=\"1024\" height=\"683\" data-id=\"104317\" \/><\/a><figcaption class=\"wp-element-caption\"><em><sup>Integrantes de colectivos y organizaciones de la CDMX se hicieron presentes para reforzar el plant\u00f3n sobre la avenida M\u00e9xico-Coyoac\u00e1n. Fotos: Regina L\u00f3pez<\/sup><\/em><\/figcaption><\/figure>\n<\/figure>\n<p>\u201cDemandamos la expropiaci\u00f3n de este inmueble, porque en \u00e9l s\u00ed tenemos la ocupaci\u00f3n\u201d, sentenciaron. La comunidad Otom\u00ed anunci\u00f3 que no retirar\u00e1n el plant\u00f3n sobre la avenida Mexico-Coyoac\u00e1n hasta que se cumplan las exigencias para la vivienda de inter\u00e9s social de la comunidad Otom\u00ed.<\/p>\n<h3 id=\"h-solidaridad\" class=\"wp-block-heading has-black-color has-text-color\"><strong>Solidaridad<\/strong><\/h3>\n<p>Colectivos y organizaciones de distintas partes de la CDMX y del pa\u00eds se hicieron presentes para acuerpar la lucha y resistencia de la comunidad Otom\u00ed.<\/p>\n<p>\u201cPor eso es la lucha, que no se siga repartiendo el territorio en inmobiliarias, en cuarteles policiacos, militares que est\u00e1n acabando hect\u00e1reas (\u2026) para cuidar los intereses a los trasnacionales que vienen por los minerales, por el petr\u00f3leo. Aqu\u00ed fue necesaria la toma del INPI, fue necesaria la insurrecci\u00f3n\u201d, exclam\u00f3 Mar\u00eda de los \u00c1ngeles Fern\u00e1ndez, tambi\u00e9n conocida como Do\u00f1a Fili, luchadora por la vivienda digna en Santo Domingo, Coyoac\u00e1n.<\/p>\n<p>Do\u00f1a Fili record\u00f3 que, apenas el pasado 12 de octubre se realizaron actividades culturales con infancias en la Casa de los Pueblos y reclam\u00f3, \u201c\u00bfc\u00f3mo agredir a un pueblo que lucha tan pac\u00edficamente? Y negar la vivienda al pueblo que los mantiene\u201d.<\/p>\n<figure class=\"wp-block-gallery has-nested-images columns-2 is-cropped wp-block-gallery-5 is-layout-flex wp-block-gallery-is-layout-flex\">\n<figure class=\"wp-block-image size-large\"><a class=\"td-modal-image\" href=\"https:\/\/avispa.org\/wp-content\/uploads\/2023\/10\/conferencia_Otomi_16-10-23-19.jpg\"><img loading=\"lazy\" decoding=\"async\" class=\"wp-image-104311 td-animation-stack-type0-2\" src=\"https:\/\/avispa.org\/wp-content\/uploads\/2023\/10\/conferencia_Otomi_16-10-23-19-1024x683.jpg\" sizes=\"auto, (max-width: 1024px) 100vw, 1024px\" srcset=\"https:\/\/avispa.org\/wp-content\/uploads\/2023\/10\/conferencia_Otomi_16-10-23-19-1024x683.jpg 1024w, https:\/\/avispa.org\/wp-content\/uploads\/2023\/10\/conferencia_Otomi_16-10-23-19-300x200.jpg 300w, https:\/\/avispa.org\/wp-content\/uploads\/2023\/10\/conferencia_Otomi_16-10-23-19-768x512.jpg 768w, https:\/\/avispa.org\/wp-content\/uploads\/2023\/10\/conferencia_Otomi_16-10-23-19-696x464.jpg 696w, https:\/\/avispa.org\/wp-content\/uploads\/2023\/10\/conferencia_Otomi_16-10-23-19-1068x712.jpg 1068w, https:\/\/avispa.org\/wp-content\/uploads\/2023\/10\/conferencia_Otomi_16-10-23-19-630x420.jpg 630w, https:\/\/avispa.org\/wp-content\/uploads\/2023\/10\/conferencia_Otomi_16-10-23-19.jpg 1080w\" alt=\"\" width=\"1024\" height=\"683\" data-id=\"104311\" \/><\/a><\/figure>\n<figure class=\"wp-block-image size-large\"><a class=\"td-modal-image\" href=\"https:\/\/avispa.org\/wp-content\/uploads\/2023\/10\/conferencia_Otomi_16-10-23-21.jpg\"><img loading=\"lazy\" decoding=\"async\" class=\"wp-image-104312 td-animation-stack-type0-2\" src=\"https:\/\/avispa.org\/wp-content\/uploads\/2023\/10\/conferencia_Otomi_16-10-23-21-1024x683.jpg\" sizes=\"auto, (max-width: 1024px) 100vw, 1024px\" srcset=\"https:\/\/avispa.org\/wp-content\/uploads\/2023\/10\/conferencia_Otomi_16-10-23-21-1024x683.jpg 1024w, https:\/\/avispa.org\/wp-content\/uploads\/2023\/10\/conferencia_Otomi_16-10-23-21-300x200.jpg 300w, https:\/\/avispa.org\/wp-content\/uploads\/2023\/10\/conferencia_Otomi_16-10-23-21-768x512.jpg 768w, https:\/\/avispa.org\/wp-content\/uploads\/2023\/10\/conferencia_Otomi_16-10-23-21-696x464.jpg 696w, https:\/\/avispa.org\/wp-content\/uploads\/2023\/10\/conferencia_Otomi_16-10-23-21-1068x712.jpg 1068w, https:\/\/avispa.org\/wp-content\/uploads\/2023\/10\/conferencia_Otomi_16-10-23-21-630x420.jpg 630w, https:\/\/avispa.org\/wp-content\/uploads\/2023\/10\/conferencia_Otomi_16-10-23-21.jpg 1080w\" alt=\"\" width=\"1024\" height=\"683\" data-id=\"104312\" \/><\/a><\/figure>\n<figure class=\"wp-block-image size-large\"><a class=\"td-modal-image\" href=\"https:\/\/avispa.org\/wp-content\/uploads\/2023\/10\/conferencia_Otomi_16-10-23-13.jpg\"><img loading=\"lazy\" decoding=\"async\" class=\"wp-image-104310 td-animation-stack-type0-2\" src=\"https:\/\/avispa.org\/wp-content\/uploads\/2023\/10\/conferencia_Otomi_16-10-23-13-1024x683.jpg\" sizes=\"auto, (max-width: 1024px) 100vw, 1024px\" srcset=\"https:\/\/avispa.org\/wp-content\/uploads\/2023\/10\/conferencia_Otomi_16-10-23-13-1024x683.jpg 1024w, https:\/\/avispa.org\/wp-content\/uploads\/2023\/10\/conferencia_Otomi_16-10-23-13-300x200.jpg 300w, https:\/\/avispa.org\/wp-content\/uploads\/2023\/10\/conferencia_Otomi_16-10-23-13-768x512.jpg 768w, https:\/\/avispa.org\/wp-content\/uploads\/2023\/10\/conferencia_Otomi_16-10-23-13-696x464.jpg 696w, https:\/\/avispa.org\/wp-content\/uploads\/2023\/10\/conferencia_Otomi_16-10-23-13-1068x712.jpg 1068w, https:\/\/avispa.org\/wp-content\/uploads\/2023\/10\/conferencia_Otomi_16-10-23-13-630x420.jpg 630w, https:\/\/avispa.org\/wp-content\/uploads\/2023\/10\/conferencia_Otomi_16-10-23-13.jpg 1080w\" alt=\"\" width=\"1024\" height=\"683\" data-id=\"104310\" \/><\/a><figcaption class=\"wp-element-caption\"><em><sup>Vivienda digna es la principal demanda de la comunidad otom\u00ed. Fotos: Regina L\u00f3pez<\/sup><\/em><\/figcaption><\/figure>\n<\/figure>\n<p>Por su parte, integrantes de la Coordinaci\u00f3n de pueblos, barrios originarios y colonias de Xochimilco denunciaron que las acciones violentas contra la comunidad Otom\u00ed forman parte de la estrategia de Juan Guti\u00e9rrez M\u00e1rquez, coordinador general de concertaci\u00f3n pol\u00edtica, prevenci\u00f3n y buen gobierno de la CDMX.<\/p>\n<p>\u201cNos lo hizo a nosotros como xochimilcas y lo vuelve hacer (\u2026) Estas acciones han sido repetidas. Levanto la voz para que este se\u00f1or sea destituido. Nosotros en la Cdhcm iniciamos una denuncia por las agresiones contra los ciudadanos de Xochimilco. El se\u00f1or es un cobarde\u2026 trae un grupo de motociclistas que nosotros documentamos y lo dejamos en la Cdhcm\u201d, sentenciaron frente a la agresi\u00f3n de funcionarios locales.<\/p>\n<p>\u201cQueremos denunciar el acto de violencia cometido por tres granaderos que llevo a que una peque\u00f1a de 13 a\u00f1os perdiera el conocimiento (\u2026) fue salvajemente golpeada, eso lo estamos diciendo hoy, no en 1968, no en Palestina, no en otra parte del mundo, lo decimos aqu\u00ed en la ciudad de M\u00e9xico, la que dice contar con un gobierno de vanguardia\u201d, reclam\u00f3 Carlos Gonz\u00e1lez, integrante del CNI.<\/p>\n<figure class=\"wp-block-gallery has-nested-images columns-2 is-cropped wp-block-gallery-7 is-layout-flex wp-block-gallery-is-layout-flex\">\n<figure class=\"wp-block-image size-large\"><a class=\"td-modal-image\" href=\"https:\/\/avispa.org\/wp-content\/uploads\/2023\/10\/conferencia_Otomi_16-10-23-31.jpg\"><img loading=\"lazy\" decoding=\"async\" class=\"wp-image-104308 td-animation-stack-type0-2\" src=\"https:\/\/avispa.org\/wp-content\/uploads\/2023\/10\/conferencia_Otomi_16-10-23-31-1024x683.jpg\" sizes=\"auto, (max-width: 1024px) 100vw, 1024px\" srcset=\"https:\/\/avispa.org\/wp-content\/uploads\/2023\/10\/conferencia_Otomi_16-10-23-31-1024x683.jpg 1024w, https:\/\/avispa.org\/wp-content\/uploads\/2023\/10\/conferencia_Otomi_16-10-23-31-300x200.jpg 300w, https:\/\/avispa.org\/wp-content\/uploads\/2023\/10\/conferencia_Otomi_16-10-23-31-768x512.jpg 768w, https:\/\/avispa.org\/wp-content\/uploads\/2023\/10\/conferencia_Otomi_16-10-23-31-696x464.jpg 696w, https:\/\/avispa.org\/wp-content\/uploads\/2023\/10\/conferencia_Otomi_16-10-23-31-1068x712.jpg 1068w, https:\/\/avispa.org\/wp-content\/uploads\/2023\/10\/conferencia_Otomi_16-10-23-31-630x420.jpg 630w, https:\/\/avispa.org\/wp-content\/uploads\/2023\/10\/conferencia_Otomi_16-10-23-31.jpg 1080w\" alt=\"\" width=\"1024\" height=\"683\" data-id=\"104308\" \/><\/a><\/figure>\n<figure class=\"wp-block-image size-large\"><a class=\"td-modal-image\" href=\"https:\/\/avispa.org\/wp-content\/uploads\/2023\/10\/conferencia_Otomi_16-10-23-30.jpg\"><img loading=\"lazy\" decoding=\"async\" class=\"wp-image-104307 td-animation-stack-type0-2\" src=\"https:\/\/avispa.org\/wp-content\/uploads\/2023\/10\/conferencia_Otomi_16-10-23-30-1024x683.jpg\" sizes=\"auto, (max-width: 1024px) 100vw, 1024px\" srcset=\"https:\/\/avispa.org\/wp-content\/uploads\/2023\/10\/conferencia_Otomi_16-10-23-30-1024x683.jpg 1024w, https:\/\/avispa.org\/wp-content\/uploads\/2023\/10\/conferencia_Otomi_16-10-23-30-300x200.jpg 300w, https:\/\/avispa.org\/wp-content\/uploads\/2023\/10\/conferencia_Otomi_16-10-23-30-768x512.jpg 768w, https:\/\/avispa.org\/wp-content\/uploads\/2023\/10\/conferencia_Otomi_16-10-23-30-696x464.jpg 696w, https:\/\/avispa.org\/wp-content\/uploads\/2023\/10\/conferencia_Otomi_16-10-23-30-1068x712.jpg 1068w, https:\/\/avispa.org\/wp-content\/uploads\/2023\/10\/conferencia_Otomi_16-10-23-30-630x420.jpg 630w, https:\/\/avispa.org\/wp-content\/uploads\/2023\/10\/conferencia_Otomi_16-10-23-30.jpg 1080w\" alt=\"\" width=\"1024\" height=\"683\" data-id=\"104307\" \/><\/a><\/figure>\n<figure class=\"wp-block-image size-large\"><a class=\"td-modal-image\" href=\"https:\/\/avispa.org\/wp-content\/uploads\/2023\/10\/conferencia_Otomi_16-10-23-14.jpg\"><img loading=\"lazy\" decoding=\"async\" class=\"wp-image-104305 td-animation-stack-type0-2\" src=\"https:\/\/avispa.org\/wp-content\/uploads\/2023\/10\/conferencia_Otomi_16-10-23-14-1024x683.jpg\" sizes=\"auto, (max-width: 1024px) 100vw, 1024px\" srcset=\"https:\/\/avispa.org\/wp-content\/uploads\/2023\/10\/conferencia_Otomi_16-10-23-14-1024x683.jpg 1024w, https:\/\/avispa.org\/wp-content\/uploads\/2023\/10\/conferencia_Otomi_16-10-23-14-300x200.jpg 300w, https:\/\/avispa.org\/wp-content\/uploads\/2023\/10\/conferencia_Otomi_16-10-23-14-768x512.jpg 768w, https:\/\/avispa.org\/wp-content\/uploads\/2023\/10\/conferencia_Otomi_16-10-23-14-696x464.jpg 696w, https:\/\/avispa.org\/wp-content\/uploads\/2023\/10\/conferencia_Otomi_16-10-23-14-1068x712.jpg 1068w, https:\/\/avispa.org\/wp-content\/uploads\/2023\/10\/conferencia_Otomi_16-10-23-14-630x420.jpg 630w, https:\/\/avispa.org\/wp-content\/uploads\/2023\/10\/conferencia_Otomi_16-10-23-14.jpg 1080w\" alt=\"\" width=\"1024\" height=\"683\" data-id=\"104305\" \/><\/a><\/figure><figcaption class=\"blocks-gallery-caption wp-element-caption\"><em><sup>Las y los manifestantes se pronunciaron tambi\u00e9n contra la guerra hacia otros pueblos originarios, incluidas las comunidades zapatistas en Chiapas. Fotos: Regina L\u00f3pez<\/sup><\/em><\/figcaption><\/figure>\n<p>Gonz\u00e1lez refiri\u00f3 que las condiciones de diversos pueblos ind\u00edgenas residentes en la CDMX son infrahumanas. \u201cAl gobierno le importa un pepino, le interesa el control pol\u00edtico, el clientelismo, dar d\u00e1divas, no reconocer ni respetar derechos, esa es la ciudad innovadora y de derechos que nos vende este gobierno\u201d.<\/p>\n<h3 id=\"h-acciones\" class=\"wp-block-heading has-black-color has-text-color\"><strong>Acciones<\/strong><\/h3>\n<p>Por \u00faltimo, la comunidad Otom\u00ed convoc\u00f3 a la realizaci\u00f3n de acciones dislocadas en Quer\u00e9taro para la defensa del agua y los territorios y en apoyo a la poblaci\u00f3n de Santiago Mexquititl\u00e1n.<\/p>\n<p>\u201cEsta cobarde acci\u00f3n es porque nos tienen tanto miedo, nos tienen que agredir a costa de la vida y a favor de los intereses capitalistas e inmobiliarias que tienen el derecho a la tierra. Vamos a seguir luchando juntas y juntos, vamos a seguir organiz\u00e1ndonos, para que este poder patriarcal, estas empresas trasnacionales no nos sigan despojando\u201d, finaliz\u00f3 Isabel, delegada Otom\u00ed del CNI.<\/p>\n<p><a href=\"https:\/\/avispa.org\/mexico-otomis-frenan-violento-desalojo-de-la-casa-de-los-pueblos-samir-flores\/#:~:text=Durante%20la%20madrugada%20de%20este,comunidad%20Otom%C3%AD%2C%20quienes%20recientemente%20cumplieron\" target=\"_blank\" rel=\"noopener\">https:\/\/avispa.org\/mexico-otomis-frenan-violento-desalojo-de-la-casa-de-los-pueblos-samir-flores\/#:~:text=Durante%20la%20madrugada%20de%20este,comunidad%20Otom%C3%AD%2C%20quienes%20recientemente%20cumplieron<\/a><\/p>\n","protected":false},"excerpt":{"rendered":"<p>En portada: Conferencia de prensa en las afueras de la Casa de los Pueblos \u201cSamir Flores Soberanes\u201d. Foto: Regina L\u00f3pez Aldo Santiago \/ Avispa Midia Durante la madrugada de este &hellip; <a href=\"https:\/\/www.grieta.org.mx\/index.php\/2023\/10\/16\/mexico-otomis-frenan-violento-desalojo-de-la-casa-de-los-pueblos-samir-flores-cdmx\/\" class=\"more-link\">Leer m\u00e1s<\/a><\/p>\n","protected":false},"author":2,"featured_media":67955,"comment_status":"closed","ping_status":"closed","sticky":false,"template":"","format":"standard","meta":{"ngg_post_thumbnail":0,"_jetpack_newsletter_access":"","_jetpack_dont_email_post_to_subs":false,"_jetpack_newsletter_tier_id":0,"_jetpack_memberships_contains_paywalled_content":false,"_jetpack_memberships_contains_paid_content":false,"footnotes":""},"categories":[2804,80,14,1044,1742,2615,2356,1819,1827,3161,4058,2065,2,2219,83,2388],"tags":[2616,2657,2466,2338],"class_list":["post-67954","post","type-post","status-publish","format-standard","has-post-thumbnail","hentry","category-abuso-policiaco-y-tortura-en-la-ciudad-de-mexico","category-cintillo","category-ciudad-de-mexico","category-desarrollos-inmobiliarios-en-la-ciudad-de-mexico","category-damnificados-y-reconstruccion-en-la-ciudad-de-mexico","category-desalojos-en-la-ciudad-de-mexico","category-incremento-en-la-violencia-en-la-ciudad-de-mexico","category-la-ninez-bajo-la-tormenta-capitalista-en-la-ciudad-de-mexico","category-la-ninez-en-la-tormenta-capitalista","category-luchas-de-las-mujeres-en-la-ciudad-de-mexico","category-migrantes-en-la-ciudad-de-mexico","category-movilizaciones-y-protestas-de-habitantes-de-la-ciudad-de-mexico","category-noticias-nacionales","category-resistencias-en-la-ciudad-de-mexico","category-temas-nacionales","category-violencia-contra-las-mujeres-en-la-ciudad-de-mexico","tag-desalojos","tag-lucha-por-vivienda","tag-luchas-y-resistencias-de-pueblos-originarios","tag-violencia-de-las-fuerzas-represivas","entry"],"jetpack_featured_media_url":"https:\/\/www.grieta.org.mx\/wp-content\/uploads\/2023\/10\/Mexico-Otomis-frenan-violento-desalojo-de-la-Casa-de-los-Pueblos-Samir-Flores-CDMX.jpg","jetpack_sharing_enabled":true,"jetpack_shortlink":"https:\/\/wp.me\/p7ZJR4-hG2","jetpack_likes_enabled":false,"jetpack-related-posts":[{"id":53637,"url":"https:\/\/www.grieta.org.mx\/index.php\/2020\/09\/20\/madre-de-nina-violada-se-amarra-en-las-rejas-de-segob-para-exigir-justicia\/","url_meta":{"origin":67954,"position":0},"title":"Madre de ni\u00f1a violada se amarra en las rejas de Segob para exigir justicia","author":"grieta","date":"20 septiembre, 2020","format":false,"excerpt":"Amarrada, Marcela Alem\u00e1n dijo que siente rabia y mucha indignaci\u00f3n por tener que \u201cvenir a suplicar justicia de esta manera\u201d. Foto: Twitter Proceso CIUDAD DE M\u00c9XICO (apro).- Por segunda ocasi\u00f3n, Marcela Alem\u00e1n, madre de la menor que fue v\u00edctima de abuso sexual en un colegio de San Luis Potos\u00ed, decidi\u00f3\u2026","rel":"","context":"En &quot;CINTILLO&quot;","block_context":{"text":"CINTILLO","link":"https:\/\/www.grieta.org.mx\/index.php\/category\/cintillo\/"},"img":{"alt_text":"","src":"https:\/\/i0.wp.com\/www.grieta.org.mx\/wp-content\/uploads\/2020\/09\/Madre-de-nina-violada-se-amarra-en-las-rejas-de-Segob-para-exigir-justicia-cdmx-sept.jpg?resize=350%2C200&ssl=1","width":350,"height":200,"srcset":"https:\/\/i0.wp.com\/www.grieta.org.mx\/wp-content\/uploads\/2020\/09\/Madre-de-nina-violada-se-amarra-en-las-rejas-de-Segob-para-exigir-justicia-cdmx-sept.jpg?resize=350%2C200&ssl=1 1x, https:\/\/i0.wp.com\/www.grieta.org.mx\/wp-content\/uploads\/2020\/09\/Madre-de-nina-violada-se-amarra-en-las-rejas-de-Segob-para-exigir-justicia-cdmx-sept.jpg?resize=525%2C300&ssl=1 1.5x, https:\/\/i0.wp.com\/www.grieta.org.mx\/wp-content\/uploads\/2020\/09\/Madre-de-nina-violada-se-amarra-en-las-rejas-de-Segob-para-exigir-justicia-cdmx-sept.jpg?resize=700%2C400&ssl=1 2x"},"classes":[]},{"id":55770,"url":"https:\/\/www.grieta.org.mx\/index.php\/2020\/12\/10\/fiscalia-de-la-cdmx-abre-investigacion-contra-erika-martinez-vocera-de-la-toma-de-la-cndh\/","url_meta":{"origin":67954,"position":1},"title":"Fiscal\u00eda de la CDMX abre investigaci\u00f3n contra Erika Mart\u00ednez, vocera de la toma de la CNDH","author":"grieta","date":"10 diciembre, 2020","format":false,"excerpt":"Foto: Cuartoscuro Itxaro Arteta \/ Animal Pol\u00edtico La Fiscal\u00eda de CDMX notific\u00f3 a un familiar de Erika Mart\u00ednez con un citatorio en el que aparece la vocera de la toma de la CNDH como imputada, aunque no se especifican los delitos. La Fiscal\u00eda General de Justicia de la Ciudad de\u2026","rel":"","context":"En &quot;Abuso policiaco y tortura en la Ciudad de M\u00e9xico&quot;","block_context":{"text":"Abuso policiaco y tortura en la Ciudad de M\u00e9xico","link":"https:\/\/www.grieta.org.mx\/index.php\/category\/noticias-nacionales\/ciudad-de-mexico\/abuso-policiaco-y-tortura-en-la-ciudad-de-mexico\/"},"img":{"alt_text":"","src":"https:\/\/i0.wp.com\/www.grieta.org.mx\/wp-content\/uploads\/2020\/12\/Fiscalia-de-la-CDMX-abre-investigacion-contra-Erika-Martinez-vocera-de-la-toma-de-la-CNDH-cdmx-dic.jpeg?resize=350%2C200&ssl=1","width":350,"height":200,"srcset":"https:\/\/i0.wp.com\/www.grieta.org.mx\/wp-content\/uploads\/2020\/12\/Fiscalia-de-la-CDMX-abre-investigacion-contra-Erika-Martinez-vocera-de-la-toma-de-la-CNDH-cdmx-dic.jpeg?resize=350%2C200&ssl=1 1x, https:\/\/i0.wp.com\/www.grieta.org.mx\/wp-content\/uploads\/2020\/12\/Fiscalia-de-la-CDMX-abre-investigacion-contra-Erika-Martinez-vocera-de-la-toma-de-la-CNDH-cdmx-dic.jpeg?resize=525%2C300&ssl=1 1.5x, https:\/\/i0.wp.com\/www.grieta.org.mx\/wp-content\/uploads\/2020\/12\/Fiscalia-de-la-CDMX-abre-investigacion-contra-Erika-Martinez-vocera-de-la-toma-de-la-CNDH-cdmx-dic.jpeg?resize=700%2C400&ssl=1 2x, https:\/\/i0.wp.com\/www.grieta.org.mx\/wp-content\/uploads\/2020\/12\/Fiscalia-de-la-CDMX-abre-investigacion-contra-Erika-Martinez-vocera-de-la-toma-de-la-CNDH-cdmx-dic.jpeg?resize=1050%2C600&ssl=1 3x, https:\/\/i0.wp.com\/www.grieta.org.mx\/wp-content\/uploads\/2020\/12\/Fiscalia-de-la-CDMX-abre-investigacion-contra-Erika-Martinez-vocera-de-la-toma-de-la-CNDH-cdmx-dic.jpeg?resize=1400%2C800&ssl=1 4x"},"classes":[]},{"id":71911,"url":"https:\/\/www.grieta.org.mx\/index.php\/2025\/07\/03\/encuentro-de-resistencias-mas-alla-de-la-aviacion-la-turistificacion-y-el-capitalismo-en-san-gregorio-atlapulco-xochimilco-ciudad-de-mexico\/","url_meta":{"origin":67954,"position":2},"title":"Encuentro de Resistencias &#8220;M\u00e1s all\u00e1 de la aviaci\u00f3n, la turistificaci\u00f3n y el capitalismo&#8221; en San Gregorio Atlapulco, Xochimilco. (Ciudad de M\u00e9xico)","author":"grieta","date":"3 julio, 2025","format":false,"excerpt":"Del Barrio News Este jueves 03 de julio fueron inaugurados los trabajos del Encuentro de Resistencias \"M\u00e1s all\u00e1 de la aviaci\u00f3n, la turistificaci\u00f3n y el capitalismo\" en San Gregorio Atlapulco, Xochimilco, el cual re\u00fane a diversos movimientos en defensa del territorio, iniciativas anti-turistificaci\u00f3n y luchas por el agua y la\u2026","rel":"","context":"En &quot;CINTILLO&quot;","block_context":{"text":"CINTILLO","link":"https:\/\/www.grieta.org.mx\/index.php\/category\/cintillo\/"},"img":{"alt_text":"","src":"https:\/\/i0.wp.com\/www.grieta.org.mx\/wp-content\/uploads\/2025\/07\/b7.jpg?resize=350%2C200&ssl=1","width":350,"height":200,"srcset":"https:\/\/i0.wp.com\/www.grieta.org.mx\/wp-content\/uploads\/2025\/07\/b7.jpg?resize=350%2C200&ssl=1 1x, https:\/\/i0.wp.com\/www.grieta.org.mx\/wp-content\/uploads\/2025\/07\/b7.jpg?resize=525%2C300&ssl=1 1.5x, https:\/\/i0.wp.com\/www.grieta.org.mx\/wp-content\/uploads\/2025\/07\/b7.jpg?resize=700%2C400&ssl=1 2x, https:\/\/i0.wp.com\/www.grieta.org.mx\/wp-content\/uploads\/2025\/07\/b7.jpg?resize=1050%2C600&ssl=1 3x, https:\/\/i0.wp.com\/www.grieta.org.mx\/wp-content\/uploads\/2025\/07\/b7.jpg?resize=1400%2C800&ssl=1 4x"},"classes":[]},{"id":27542,"url":"https:\/\/www.grieta.org.mx\/index.php\/2018\/11\/03\/en-la-cdmx-catrinas-marchan-contra-feminicidios\/","url_meta":{"origin":67954,"position":3},"title":"En la CDMX Catrinas marchan contra feminicidios","author":"grieta","date":"3 noviembre, 2018","format":false,"excerpt":"","rel":"","context":"En &quot;CINTILLO&quot;","block_context":{"text":"CINTILLO","link":"https:\/\/www.grieta.org.mx\/index.php\/category\/cintillo\/"},"img":{"alt_text":"","src":"https:\/\/i0.wp.com\/www.grieta.org.mx\/wp-content\/uploads\/2018\/11\/WhatsApp-Image-2018-11-03-at-10.51.40-2.jpeg?resize=350%2C200&ssl=1","width":350,"height":200,"srcset":"https:\/\/i0.wp.com\/www.grieta.org.mx\/wp-content\/uploads\/2018\/11\/WhatsApp-Image-2018-11-03-at-10.51.40-2.jpeg?resize=350%2C200&ssl=1 1x, https:\/\/i0.wp.com\/www.grieta.org.mx\/wp-content\/uploads\/2018\/11\/WhatsApp-Image-2018-11-03-at-10.51.40-2.jpeg?resize=525%2C300&ssl=1 1.5x, https:\/\/i0.wp.com\/www.grieta.org.mx\/wp-content\/uploads\/2018\/11\/WhatsApp-Image-2018-11-03-at-10.51.40-2.jpeg?resize=700%2C400&ssl=1 2x, https:\/\/i0.wp.com\/www.grieta.org.mx\/wp-content\/uploads\/2018\/11\/WhatsApp-Image-2018-11-03-at-10.51.40-2.jpeg?resize=1050%2C600&ssl=1 3x"},"classes":[]},{"id":43667,"url":"https:\/\/www.grieta.org.mx\/index.php\/2020\/01\/28\/padres-de-ninos-con-cancer-exigiran-informacion-de-compra-de-medicamentos-ciudad-de-mexico\/","url_meta":{"origin":67954,"position":4},"title":"Padres de ni\u00f1os con c\u00e1ncer exigir\u00e1n informaci\u00f3n de compra de medicamentos (Ciudad de M\u00e9xico)","author":"grieta","date":"28 enero, 2020","format":false,"excerpt":"Padres de ni\u00f1os enfermos de c\u00e1ncer, anunciaron que presentar\u00e1 un pliego petitorio a la Secretar\u00eda de Gobernaci\u00f3n \/ Foto Especial Nora Bucio \/ MVS Noticias Los padres incluyeron en su pliego petitorio la solicitud de fechas exactas de llegada del medicamento y saber la calidad del mencionado. Padres de ni\u00f1os\u2026","rel":"","context":"En &quot;CINTILLO&quot;","block_context":{"text":"CINTILLO","link":"https:\/\/www.grieta.org.mx\/index.php\/category\/cintillo\/"},"img":{"alt_text":"","src":"https:\/\/i0.wp.com\/www.grieta.org.mx\/wp-content\/uploads\/2020\/01\/Padres-de-ni%C3%B1os-con-c%C3%A1ncer-exigir%C3%A1n-informaci%C3%B3n-de-compra-de-medicamentos-cdmx-ene.jpeg?resize=350%2C200&ssl=1","width":350,"height":200,"srcset":"https:\/\/i0.wp.com\/www.grieta.org.mx\/wp-content\/uploads\/2020\/01\/Padres-de-ni%C3%B1os-con-c%C3%A1ncer-exigir%C3%A1n-informaci%C3%B3n-de-compra-de-medicamentos-cdmx-ene.jpeg?resize=350%2C200&ssl=1 1x, https:\/\/i0.wp.com\/www.grieta.org.mx\/wp-content\/uploads\/2020\/01\/Padres-de-ni%C3%B1os-con-c%C3%A1ncer-exigir%C3%A1n-informaci%C3%B3n-de-compra-de-medicamentos-cdmx-ene.jpeg?resize=525%2C300&ssl=1 1.5x, https:\/\/i0.wp.com\/www.grieta.org.mx\/wp-content\/uploads\/2020\/01\/Padres-de-ni%C3%B1os-con-c%C3%A1ncer-exigir%C3%A1n-informaci%C3%B3n-de-compra-de-medicamentos-cdmx-ene.jpeg?resize=700%2C400&ssl=1 2x"},"classes":[]},{"id":45218,"url":"https:\/\/www.grieta.org.mx\/index.php\/2020\/02\/25\/familiares-de-ninos-con-cancer-y-pacientes-con-vih-clausuran-palacio-nacional-ciudad-de-mexico\/","url_meta":{"origin":67954,"position":5},"title":"Familiares de ni\u00f1os con c\u00e1ncer y pacientes con VIH \u201cclausuran\u201d Palacio Nacional (Ciudad de M\u00e9xico)","author":"grieta","date":"25 febrero, 2020","format":false,"excerpt":"Los diversos contingentes formaron un grupo de 35 personas que se plantaron junto a la puerta. Foto: Daniel Ojeda Gerardo Su\u00e1rez \/ El Heraldo de M\u00e9xico Los inconformes pegaron varios sellos con la frase \"clausurado\" en la puerta central del inmueble donde despacha el Presidente Familiares de ni\u00f1os con c\u00e1ncer\u2026","rel":"","context":"En &quot;CINTILLO&quot;","block_context":{"text":"CINTILLO","link":"https:\/\/www.grieta.org.mx\/index.php\/category\/cintillo\/"},"img":{"alt_text":"","src":"https:\/\/i0.wp.com\/www.grieta.org.mx\/wp-content\/uploads\/2020\/02\/Familiares-de-ni%C3%B1os-con-c%C3%A1ncer-y-pacientes-con-VIH-clausuran-Palacio-Nacional-cdmx-feb.jpg?resize=350%2C200&ssl=1","width":350,"height":200,"srcset":"https:\/\/i0.wp.com\/www.grieta.org.mx\/wp-content\/uploads\/2020\/02\/Familiares-de-ni%C3%B1os-con-c%C3%A1ncer-y-pacientes-con-VIH-clausuran-Palacio-Nacional-cdmx-feb.jpg?resize=350%2C200&ssl=1 1x, https:\/\/i0.wp.com\/www.grieta.org.mx\/wp-content\/uploads\/2020\/02\/Familiares-de-ni%C3%B1os-con-c%C3%A1ncer-y-pacientes-con-VIH-clausuran-Palacio-Nacional-cdmx-feb.jpg?resize=525%2C300&ssl=1 1.5x, https:\/\/i0.wp.com\/www.grieta.org.mx\/wp-content\/uploads\/2020\/02\/Familiares-de-ni%C3%B1os-con-c%C3%A1ncer-y-pacientes-con-VIH-clausuran-Palacio-Nacional-cdmx-feb.jpg?resize=700%2C400&ssl=1 2x, https:\/\/i0.wp.com\/www.grieta.org.mx\/wp-content\/uploads\/2020\/02\/Familiares-de-ni%C3%B1os-con-c%C3%A1ncer-y-pacientes-con-VIH-clausuran-Palacio-Nacional-cdmx-feb.jpg?resize=1050%2C600&ssl=1 3x"},"classes":[]}],"_links":{"self":[{"href":"https:\/\/www.grieta.org.mx\/index.php\/wp-json\/wp\/v2\/posts\/67954","targetHints":{"allow":["GET"]}}],"collection":[{"href":"https:\/\/www.grieta.org.mx\/index.php\/wp-json\/wp\/v2\/posts"}],"about":[{"href":"https:\/\/www.grieta.org.mx\/index.php\/wp-json\/wp\/v2\/types\/post"}],"author":[{"embeddable":true,"href":"https:\/\/www.grieta.org.mx\/index.php\/wp-json\/wp\/v2\/users\/2"}],"replies":[{"embeddable":true,"href":"https:\/\/www.grieta.org.mx\/index.php\/wp-json\/wp\/v2\/comments?post=67954"}],"version-history":[{"count":1,"href":"https:\/\/www.grieta.org.mx\/index.php\/wp-json\/wp\/v2\/posts\/67954\/revisions"}],"predecessor-version":[{"id":67956,"href":"https:\/\/www.grieta.org.mx\/index.php\/wp-json\/wp\/v2\/posts\/67954\/revisions\/67956"}],"wp:featuredmedia":[{"embeddable":true,"href":"https:\/\/www.grieta.org.mx\/index.php\/wp-json\/wp\/v2\/media\/67955"}],"wp:attachment":[{"href":"https:\/\/www.grieta.org.mx\/index.php\/wp-json\/wp\/v2\/media?parent=67954"}],"wp:term":[{"taxonomy":"category","embeddable":true,"href":"https:\/\/www.grieta.org.mx\/index.php\/wp-json\/wp\/v2\/categories?post=67954"},{"taxonomy":"post_tag","embeddable":true,"href":"https:\/\/www.grieta.org.mx\/index.php\/wp-json\/wp\/v2\/tags?post=67954"}],"curies":[{"name":"wp","href":"https:\/\/api.w.org\/{rel}","templated":true}]}}