{"id":67903,"date":"2023-10-07T06:30:34","date_gmt":"2023-10-07T12:30:34","guid":{"rendered":"https:\/\/www.grieta.org.mx\/?p=67903"},"modified":"2023-10-15T07:35:00","modified_gmt":"2023-10-15T13:35:00","slug":"despojados-de-3-mil-hectareas-yucatan","status":"publish","type":"post","link":"https:\/\/www.grieta.org.mx\/index.php\/2023\/10\/07\/despojados-de-3-mil-hectareas-yucatan\/","title":{"rendered":"Despojados de 3 mil hect\u00e1reas (Yucat\u00e1n)"},"content":{"rendered":"<p>Redacci\u00f3n\/ Sol Yucat\u00e1n<\/p>\n<p>    Ejidatarios de Izamal se manifestaron en el Registro Agrario Nacional y en la Procuradur\u00eda Agraria, para denunciar a Melba V\u00e1zquez, al alcalde del municipio, Warnel May Escobar y a un grupo de excomisarios, quienes buscan despojarlos de tres mil hect\u00e1reas (2,000 de Carlos Gabriel Ojeda Torres y 1,000 de Jorge Lugo), que los labriegos buscan su restituci\u00f3n. May Escobar y los excomisarios quieren imponer a Melba V\u00e1zquez como comisaria ejidal.<\/p>\n<p>\u201cHe recibido represalias, no tenemos miedo, si algo nos pasa esta gente nos va a defender\u201d, asever\u00f3 Jos\u00e9 El\u00edas \u201cTony\u201d Canch\u00e9 Pist\u00e9, acompa\u00f1ado por el presidente de consejo de vigilancia Joaqu\u00edn Antonio Cauich Santos, quienes aseguraron que la asamblea realizada el pasado 1 de octubre para elegir nuevas autoridades carece de legalidad.<\/p>\n<p>Vamos a exigir que se suspenda todo lo que ellos quieren hacer. Piensan que todo es dinero. En su reuni\u00f3n solo juntaron unas 400 personas, 150 de ellas no eran ejidatarios. El padr\u00f3n tiene 2,400 y de esos 1,200 est\u00e1n activos. Si las autoridades quieren se los traemos aqu\u00ed en las oficinas, dijo.<\/p>\n<p>Manifest\u00f3 que es tanto el inter\u00e9s por las tierras que se estuvieron repartiendo carne y despensas. \u201cDicen que el alcalde se los da\u201d, expuso.<\/p>\n<p>Indic\u00f3 que por las irregularidades cometidas por Melba V\u00e1zquez han interpuesto una demanda en el Ministerio P\u00fablico y en el Tribunal Agrario.<\/p>\n<p>\u201cElla solo quiere desestabilizar siguiendo instituciones de excomisarios que tienen acaparado m\u00e1s de 2000 hect\u00e1reas de tierras de uso com\u00fan que se va pedir restituci\u00f3n al ejido de Izamal, insisti\u00f3.<\/p>\n<p><a href=\"https:\/\/solyucatan.mx\/despojados-de-3-mil-hectareas\/\" rel=\"noopener\" target=\"_blank\">https:\/\/solyucatan.mx\/despojados-de-3-mil-hectareas\/<\/a><\/p>\n","protected":false},"excerpt":{"rendered":"<p>Redacci\u00f3n\/ Sol Yucat\u00e1n Ejidatarios de Izamal se manifestaron en el Registro Agrario Nacional y en la Procuradur\u00eda Agraria, para denunciar a Melba V\u00e1zquez, al alcalde del municipio, Warnel May Escobar &hellip; <a href=\"https:\/\/www.grieta.org.mx\/index.php\/2023\/10\/07\/despojados-de-3-mil-hectareas-yucatan\/\" class=\"more-link\">Leer m\u00e1s<\/a><\/p>\n","protected":false},"author":2,"featured_media":67905,"comment_status":"closed","ping_status":"closed","sticky":false,"template":"","format":"standard","meta":{"ngg_post_thumbnail":0,"_jetpack_newsletter_access":"","_jetpack_dont_email_post_to_subs":false,"_jetpack_newsletter_tier_id":0,"_jetpack_memberships_contains_paywalled_content":false,"_jetpack_memberships_contains_paid_content":false,"footnotes":""},"categories":[80,2,1071,36],"tags":[2311,175,1817],"class_list":["post-67903","post","type-post","status-publish","format-standard","has-post-thumbnail","hentry","category-cintillo","category-noticias-nacionales","category-resistencia-al-despojo-de-tierras-ejidales-en-yucatan","category-yucatan","tag-despojo-de-tierras","tag-ejidatarios","tag-tierras-ejidales","entry"],"jetpack_featured_media_url":"https:\/\/www.grieta.org.mx\/wp-content\/uploads\/2023\/10\/Izamal-e1697376721704.jpg","jetpack_sharing_enabled":true,"jetpack_shortlink":"https:\/\/wp.me\/p7ZJR4-hFd","jetpack_likes_enabled":false,"jetpack-related-posts":[{"id":56989,"url":"https:\/\/www.grieta.org.mx\/index.php\/2021\/02\/11\/ejidatarios-protestan-por-venta-ilegal-de-tierras-en-muxupip-yucatan\/","url_meta":{"origin":67903,"position":0},"title":"Ejidatarios protestan por venta ilegal de tierras en Muxupip (Yucat\u00e1n)","author":"grieta","date":"11 febrero, 2021","format":false,"excerpt":"Reporteros Hoy M\u00e9rida, Yucat\u00e1n; 11 de febrero de 2021 (ACOM).- Unos 80 ejidatarios del municipio de Muxupip se manifestaron en el Tribunal Agrario Unitario de M\u00e9rida para exigir la devoluci\u00f3n de mil 600 hect\u00e1reas de terreno que habr\u00edan sido vendidas de manera ilegal a 3 empresarios. Los quejosos, quienes gritaban\u2026","rel":"","context":"En &quot;CINTILLO&quot;","block_context":{"text":"CINTILLO","link":"https:\/\/www.grieta.org.mx\/index.php\/category\/cintillo\/"},"img":{"alt_text":"","src":"https:\/\/i0.wp.com\/www.grieta.org.mx\/wp-content\/uploads\/2021\/02\/Ejidatarios-de-Muxupip-scaled-1.jpg?resize=350%2C200&ssl=1","width":350,"height":200,"srcset":"https:\/\/i0.wp.com\/www.grieta.org.mx\/wp-content\/uploads\/2021\/02\/Ejidatarios-de-Muxupip-scaled-1.jpg?resize=350%2C200&ssl=1 1x, https:\/\/i0.wp.com\/www.grieta.org.mx\/wp-content\/uploads\/2021\/02\/Ejidatarios-de-Muxupip-scaled-1.jpg?resize=525%2C300&ssl=1 1.5x, https:\/\/i0.wp.com\/www.grieta.org.mx\/wp-content\/uploads\/2021\/02\/Ejidatarios-de-Muxupip-scaled-1.jpg?resize=700%2C400&ssl=1 2x"},"classes":[]},{"id":57790,"url":"https:\/\/www.grieta.org.mx\/index.php\/2021\/03\/19\/mafia-agraria-en-yucatan-ejidatarios-de-sierra-papacal-son-despojados-de-sus-tierras\/","url_meta":{"origin":67903,"position":1},"title":"Mafia Agraria en Yucat\u00e1n: Ejidatarios de Sierra Papacal son despojados de sus tierras","author":"grieta","date":"19 marzo, 2021","format":false,"excerpt":"Leandro Chac\u00f3n \/ PorEsto! Los campesinos de la comisaria meridiana denunciaron el despojo de mas de 2 mil hect\u00e1reas de tierras Los representantes de ejidatarios de la comisar\u00eda meridana de Sierra Papacal, Buenaventura Pech Eu\u00e1n, as\u00ed como Vidal Pool Jim\u00e9nez, informaron que una vez m\u00e1s van en contra de lo\u2026","rel":"","context":"En &quot;CINTILLO&quot;","block_context":{"text":"CINTILLO","link":"https:\/\/www.grieta.org.mx\/index.php\/category\/cintillo\/"},"img":{"alt_text":"","src":"https:\/\/i0.wp.com\/www.grieta.org.mx\/wp-content\/uploads\/2021\/03\/MafiaAgrariaSierraPapacal-e1616191072171.png?resize=350%2C200&ssl=1","width":350,"height":200,"srcset":"https:\/\/i0.wp.com\/www.grieta.org.mx\/wp-content\/uploads\/2021\/03\/MafiaAgrariaSierraPapacal-e1616191072171.png?resize=350%2C200&ssl=1 1x, https:\/\/i0.wp.com\/www.grieta.org.mx\/wp-content\/uploads\/2021\/03\/MafiaAgrariaSierraPapacal-e1616191072171.png?resize=525%2C300&ssl=1 1.5x, https:\/\/i0.wp.com\/www.grieta.org.mx\/wp-content\/uploads\/2021\/03\/MafiaAgrariaSierraPapacal-e1616191072171.png?resize=700%2C400&ssl=1 2x"},"classes":[]},{"id":71599,"url":"https:\/\/www.grieta.org.mx\/index.php\/2025\/04\/12\/despojados-de-168-hectareas-yucatan\/","url_meta":{"origin":67903,"position":2},"title":"Despojados de 168 hect\u00e1reas (Yucat\u00e1n)","author":"grieta","date":"12 abril, 2025","format":false,"excerpt":"Sol Yucat\u00e1n Ejidatarios del municipio de Baca, han alzado la voz para denunciar el despojo y la deforestaci\u00f3n ilegal de al menos 168 hect\u00e1reas de tierras ejidales de uso com\u00fan sin el permiso correspondiente. Ejidatarios del municipio de Baca, han alzado la voz para denunciar el despojo y la deforestaci\u00f3n\u2026","rel":"","context":"En &quot;CINTILLO&quot;","block_context":{"text":"CINTILLO","link":"https:\/\/www.grieta.org.mx\/index.php\/category\/cintillo\/"},"img":{"alt_text":"","src":"https:\/\/i0.wp.com\/www.grieta.org.mx\/wp-content\/uploads\/2025\/04\/Baca-e1744760844210.jpg?resize=350%2C200&ssl=1","width":350,"height":200,"srcset":"https:\/\/i0.wp.com\/www.grieta.org.mx\/wp-content\/uploads\/2025\/04\/Baca-e1744760844210.jpg?resize=350%2C200&ssl=1 1x, https:\/\/i0.wp.com\/www.grieta.org.mx\/wp-content\/uploads\/2025\/04\/Baca-e1744760844210.jpg?resize=525%2C300&ssl=1 1.5x, https:\/\/i0.wp.com\/www.grieta.org.mx\/wp-content\/uploads\/2025\/04\/Baca-e1744760844210.jpg?resize=700%2C400&ssl=1 2x"},"classes":[]},{"id":48926,"url":"https:\/\/www.grieta.org.mx\/index.php\/2020\/05\/10\/denuncian-ejidatarios-de-tecoh-despojo-de-tierras-yucatan\/","url_meta":{"origin":67903,"position":3},"title":"Denuncian ejidatarios de Tecoh despojo de tierras (Yucat\u00e1n)","author":"grieta","date":"10 mayo, 2020","format":false,"excerpt":"Rafael Mis Cob\u00e1 \/ PorEsto! Ejidatarios de Tecoh denunciaron que el alcalde y el comisario de esa comunidad act\u00faan en complicidad para despojar de sus tierras a los campesinos, adem\u00e1s de que han celebrado asambleas sin acatar las medidas de prevenci\u00f3n sanitaria, con los riesgos que ello implica para la\u2026","rel":"","context":"En &quot;CINTILLO&quot;","block_context":{"text":"CINTILLO","link":"https:\/\/www.grieta.org.mx\/index.php\/category\/cintillo\/"},"img":{"alt_text":"","src":"https:\/\/i0.wp.com\/www.grieta.org.mx\/wp-content\/uploads\/2020\/05\/DespojoTecoh.png?resize=350%2C200&ssl=1","width":350,"height":200,"srcset":"https:\/\/i0.wp.com\/www.grieta.org.mx\/wp-content\/uploads\/2020\/05\/DespojoTecoh.png?resize=350%2C200&ssl=1 1x, https:\/\/i0.wp.com\/www.grieta.org.mx\/wp-content\/uploads\/2020\/05\/DespojoTecoh.png?resize=525%2C300&ssl=1 1.5x"},"classes":[]},{"id":52000,"url":"https:\/\/www.grieta.org.mx\/index.php\/2020\/07\/23\/bimbo-y-maquiladoras-quieren-tierras-de-xcalakdzonot-yucatan\/","url_meta":{"origin":67903,"position":4},"title":"Bimbo y maquiladoras quieren tierras de Xcalakdzonot  (Yucat\u00e1n)","author":"grieta","date":"23 julio, 2020","format":false,"excerpt":"Sandra Gayou \/ Quadrat\u00edn Yucat\u00e1n M\u00c9RIDA, Yuc.- La empresa Bimbo en Yucat\u00e1n y dos maquiladoras textiles pretenden comprar 2 mil 78 hect\u00e1reas cercanas al proyecto del Tren Maya, pagando a ejidatarios \u201centre 50 centavos y 4 pesos el metro cuadrado de tierra\u201d, denunciaron habitantes del ejido maya de Xcalakdzonot en\u2026","rel":"","context":"En &quot;CINTILLO&quot;","block_context":{"text":"CINTILLO","link":"https:\/\/www.grieta.org.mx\/index.php\/category\/cintillo\/"},"img":{"alt_text":"","src":"https:\/\/i0.wp.com\/www.grieta.org.mx\/wp-content\/uploads\/2020\/07\/xcaladzonot-e1595591549342.jpg?resize=350%2C200&ssl=1","width":350,"height":200,"srcset":"https:\/\/i0.wp.com\/www.grieta.org.mx\/wp-content\/uploads\/2020\/07\/xcaladzonot-e1595591549342.jpg?resize=350%2C200&ssl=1 1x, https:\/\/i0.wp.com\/www.grieta.org.mx\/wp-content\/uploads\/2020\/07\/xcaladzonot-e1595591549342.jpg?resize=525%2C300&ssl=1 1.5x, https:\/\/i0.wp.com\/www.grieta.org.mx\/wp-content\/uploads\/2020\/07\/xcaladzonot-e1595591549342.jpg?resize=700%2C400&ssl=1 2x"},"classes":[]},{"id":56920,"url":"https:\/\/www.grieta.org.mx\/index.php\/2021\/02\/10\/detectan-privatizacion-de-mas-de-500-mil-hectareas-de-tierras-ejidales-en-la-peninsula-de-yucatan\/","url_meta":{"origin":67903,"position":5},"title":"Detectan privatizaci\u00f3n de m\u00e1s de 500 mil hect\u00e1reas de tierras ejidales en la Pen\u00ednsula de Yucat\u00e1n","author":"grieta","date":"10 febrero, 2021","format":false,"excerpt":"Pablo Puerto \/ Yucat\u00e1n a la Mano En por lo menos 30 a\u00f1os, m\u00e1s de 500 mil hect\u00e1reas de tierras ejidales han pasado a manos privadas en Campeche, Yucat\u00e1n y Quintana Roo, revela el informe \u201cTres d\u00e9cadas de privatizaci\u00f3n y despojo de la propiedad social en la Pen\u00ednsula de Yucat\u00e1n\u201d,\u2026","rel":"","context":"En &quot;Campeche&quot;","block_context":{"text":"Campeche","link":"https:\/\/www.grieta.org.mx\/index.php\/category\/noticias-nacionales\/campeche\/"},"img":{"alt_text":"","src":"https:\/\/i0.wp.com\/www.grieta.org.mx\/wp-content\/uploads\/2021\/02\/Privatizacion500-e1613070823855.png?resize=350%2C200&ssl=1","width":350,"height":200,"srcset":"https:\/\/i0.wp.com\/www.grieta.org.mx\/wp-content\/uploads\/2021\/02\/Privatizacion500-e1613070823855.png?resize=350%2C200&ssl=1 1x, https:\/\/i0.wp.com\/www.grieta.org.mx\/wp-content\/uploads\/2021\/02\/Privatizacion500-e1613070823855.png?resize=525%2C300&ssl=1 1.5x, https:\/\/i0.wp.com\/www.grieta.org.mx\/wp-content\/uploads\/2021\/02\/Privatizacion500-e1613070823855.png?resize=700%2C400&ssl=1 2x"},"classes":[]}],"_links":{"self":[{"href":"https:\/\/www.grieta.org.mx\/index.php\/wp-json\/wp\/v2\/posts\/67903","targetHints":{"allow":["GET"]}}],"collection":[{"href":"https:\/\/www.grieta.org.mx\/index.php\/wp-json\/wp\/v2\/posts"}],"about":[{"href":"https:\/\/www.grieta.org.mx\/index.php\/wp-json\/wp\/v2\/types\/post"}],"author":[{"embeddable":true,"href":"https:\/\/www.grieta.org.mx\/index.php\/wp-json\/wp\/v2\/users\/2"}],"replies":[{"embeddable":true,"href":"https:\/\/www.grieta.org.mx\/index.php\/wp-json\/wp\/v2\/comments?post=67903"}],"version-history":[{"count":1,"href":"https:\/\/www.grieta.org.mx\/index.php\/wp-json\/wp\/v2\/posts\/67903\/revisions"}],"predecessor-version":[{"id":67904,"href":"https:\/\/www.grieta.org.mx\/index.php\/wp-json\/wp\/v2\/posts\/67903\/revisions\/67904"}],"wp:featuredmedia":[{"embeddable":true,"href":"https:\/\/www.grieta.org.mx\/index.php\/wp-json\/wp\/v2\/media\/67905"}],"wp:attachment":[{"href":"https:\/\/www.grieta.org.mx\/index.php\/wp-json\/wp\/v2\/media?parent=67903"}],"wp:term":[{"taxonomy":"category","embeddable":true,"href":"https:\/\/www.grieta.org.mx\/index.php\/wp-json\/wp\/v2\/categories?post=67903"},{"taxonomy":"post_tag","embeddable":true,"href":"https:\/\/www.grieta.org.mx\/index.php\/wp-json\/wp\/v2\/tags?post=67903"}],"curies":[{"name":"wp","href":"https:\/\/api.w.org\/{rel}","templated":true}]}}