{"id":67866,"date":"2023-09-28T13:32:14","date_gmt":"2023-09-28T19:32:14","guid":{"rendered":"https:\/\/www.grieta.org.mx\/?p=67866"},"modified":"2023-10-08T13:40:16","modified_gmt":"2023-10-08T19:40:16","slug":"marcha-del-28s-mujeres-exigen-el-derecho-a-decidir-sobre-su-cuerpo-queretaro","status":"publish","type":"post","link":"https:\/\/www.grieta.org.mx\/index.php\/2023\/09\/28\/marcha-del-28s-mujeres-exigen-el-derecho-a-decidir-sobre-su-cuerpo-queretaro\/","title":{"rendered":"Marcha del 28S: Mujeres exigen el derecho a decidir sobre su cuerpo (Quer\u00e9taro)"},"content":{"rendered":"<p>Imagen: Quadratin<\/p>\n<p>Leonardo Caballero \/ Quadratin<\/p>\n<p>QUER\u00c9TARO, Qro., 28 de septiembre de 2023.- En un acto lleno de determinaci\u00f3n y unidad, Mayra D\u00e1vila, l\u00edder destacada en la lucha por los derechos de las mujeres, encabez\u00f3 la marcha del 28 de septiembre, en la cual miles de personas se congregaron para hacer un llamado en\u00e9rgico y claro: el derecho de las mujeres a decidir sobre sus cuerpos debe ser respetado y protegido.<\/p>\n<p>l 28 de septiembre es una fecha emblem\u00e1tica en la lucha por los derechos reproductivos de las mujeres en todo el mundo. En este d\u00eda, se conmemora la Campa\u00f1a por la Despenalizaci\u00f3n del Aborto en Am\u00e9rica Latina y el Caribe, una iniciativa que busca eliminar las barreras legales y sociales que impiden a las mujeres tomar decisiones aut\u00f3nomas sobre su salud y su vida reproductiva.<\/p>\n<p>Mayra D\u00e1vila, una voz influyente en la defensa de los derechos de las mujeres, destac\u00f3 la importancia de esta marcha y su significado en el contexto actual. Durante su discurso, enfatiz\u00f3 que la consigna de la manifestaci\u00f3n es exigir que las mujeres no sean discriminadas por decidir sobre sus cuerpos. \u00abLas mujeres tienen derecho a decidir sobre su propio destino, su salud y su bienestar. No podemos permitir que se les prive de ese derecho fundamental\u00bb, afirm\u00f3 D\u00e1vila.<\/p>\n<p>Uno de los momentos m\u00e1s relevantes de la manifestaci\u00f3n fue el anuncio de que se hab\u00eda presentado un amparo por omisi\u00f3n legislativa ante el Gobierno del Estado y el Congreso Local. Mayra D\u00e1vila explic\u00f3 que esta medida legal busca presionar a las autoridades para que armonicen las leyes locales con las decisiones de la Suprema Corte de Justicia de la Naci\u00f3n (SCJN) en materia de derechos reproductivos.<\/p>\n<p>La SCJN ha establecido jurisprudencia en diversos casos relacionados con los derechos reproductivos de las mujeres, sentando precedentes que deben ser respetados en todo el pa\u00eds. La omisi\u00f3n de las autoridades locales en adaptar sus leyes a estas decisiones judiciales representa una violaci\u00f3n de los derechos de las mujeres, y es por ello que se ha recurrido a esta v\u00eda legal.<\/p>\n<p><a href=\"https:\/\/queretaro.quadratin.com.mx\/marcha-del-28s-mujeres-exigen-el-derecho-a-decidir-sobre-su-cuerpo\/\">https:\/\/queretaro.quadratin.com.mx\/marcha-del-28s-mujeres-exigen-el-derecho-a-decidir-sobre-su-cuerpo\/<\/a><\/p>\n","protected":false},"excerpt":{"rendered":"<p>Imagen: Quadratin Leonardo Caballero \/ Quadratin QUER\u00c9TARO, Qro., 28 de septiembre de 2023.- En un acto lleno de determinaci\u00f3n y unidad, Mayra D\u00e1vila, l\u00edder destacada en la lucha por los &hellip; <a href=\"https:\/\/www.grieta.org.mx\/index.php\/2023\/09\/28\/marcha-del-28s-mujeres-exigen-el-derecho-a-decidir-sobre-su-cuerpo-queretaro\/\" class=\"more-link\">Leer m\u00e1s<\/a><\/p>\n","protected":false},"author":2,"featured_media":67867,"comment_status":"closed","ping_status":"closed","sticky":false,"template":"","format":"standard","meta":{"ngg_post_thumbnail":0,"_jetpack_newsletter_access":"","_jetpack_dont_email_post_to_subs":false,"_jetpack_newsletter_tier_id":0,"_jetpack_memberships_contains_paywalled_content":false,"_jetpack_memberships_contains_paid_content":false,"footnotes":""},"categories":[80,2,27,2531],"tags":[3042,3718,3148,3715,2248,3099],"class_list":["post-67866","post","type-post","status-publish","format-standard","has-post-thumbnail","hentry","category-cintillo","category-noticias-nacionales","category-queretaro","category-violencia-contra-las-mujeres-en-queretaro","tag-colectivos-feministas","tag-criminalizacion-del-aborto","tag-lucha-feminista","tag-lucha-por-legalizacion-del-aborto","tag-luchas-de-las-mujeres","tag-luchas-de-mujeres","entry"],"jetpack_featured_media_url":"https:\/\/www.grieta.org.mx\/wp-content\/uploads\/2023\/10\/Captura-de-Pantalla-2023-09-28-a-las-16.41.15-1160x700-1.png","jetpack_sharing_enabled":true,"jetpack_shortlink":"https:\/\/wp.me\/p7ZJR4-hEC","jetpack_likes_enabled":false,"jetpack-related-posts":[{"id":67857,"url":"https:\/\/www.grieta.org.mx\/index.php\/2023\/09\/28\/por-el-derecho-a-acceder-al-aborto-legal-se-movilizaron-mujeres-en-toluca-estado-de-mexico\/","url_meta":{"origin":67866,"position":0},"title":"Por el derecho a acceder al aborto legal, se movilizaron mujeres en Toluca (Estado de M\u00e9xico)","author":"grieta","date":"28 septiembre, 2023","format":false,"excerpt":"Imagen: Quadratin Ariel D\u00edaz \/ Quadratin TOLUCA, Edomex., 28 de septiembre de 2023.- En el D\u00eda de la Acci\u00f3n Mundial por el Aborto Legal y Seguro, m\u00e1s de cien mujeres se movilizaron en Toluca para exigir al Congreso del Estado de M\u00e9xico la legalizaci\u00f3n de la interrupci\u00f3n del embarazo, como\u2026","rel":"","context":"En &quot;CINTILLO&quot;","block_context":{"text":"CINTILLO","link":"https:\/\/www.grieta.org.mx\/index.php\/category\/cintillo\/"},"img":{"alt_text":"","src":"https:\/\/i0.wp.com\/www.grieta.org.mx\/wp-content\/uploads\/2023\/10\/IMG_20230928_135453-1160x700-1.jpg?resize=350%2C200&ssl=1","width":350,"height":200,"srcset":"https:\/\/i0.wp.com\/www.grieta.org.mx\/wp-content\/uploads\/2023\/10\/IMG_20230928_135453-1160x700-1.jpg?resize=350%2C200&ssl=1 1x, https:\/\/i0.wp.com\/www.grieta.org.mx\/wp-content\/uploads\/2023\/10\/IMG_20230928_135453-1160x700-1.jpg?resize=525%2C300&ssl=1 1.5x, https:\/\/i0.wp.com\/www.grieta.org.mx\/wp-content\/uploads\/2023\/10\/IMG_20230928_135453-1160x700-1.jpg?resize=700%2C400&ssl=1 2x, https:\/\/i0.wp.com\/www.grieta.org.mx\/wp-content\/uploads\/2023\/10\/IMG_20230928_135453-1160x700-1.jpg?resize=1050%2C600&ssl=1 3x"},"classes":[]},{"id":46322,"url":"https:\/\/www.grieta.org.mx\/index.php\/2020\/03\/18\/colectivas-de-queretaro-repudian-que-despenalizacion-de-causales-de-aborto-se-discutan-en-lo-oscurito\/","url_meta":{"origin":67866,"position":1},"title":"Colectivas de Quer\u00e9taro repudian que despenalizaci\u00f3n de causales de aborto se discutan \u2018en lo oscurito\u2019","author":"grieta","date":"18 marzo, 2020","format":false,"excerpt":"Foto tomada del portal: adninformativo.mx ADN Informativo Quer\u00e9taro, Qro., 18 de marzo de 2020.- Diversas colectivas de Quer\u00e9taro repudiaron la manera en que las distintas fuerzas pol\u00edticas han manejado un tema tan importante para la protecci\u00f3n de la vida de las mujeres y ni\u00f1as de Quer\u00e9taro. A trav\u00e9s de un\u2026","rel":"","context":"En &quot;CINTILLO&quot;","block_context":{"text":"CINTILLO","link":"https:\/\/www.grieta.org.mx\/index.php\/category\/cintillo\/"},"img":{"alt_text":"","src":"https:\/\/i0.wp.com\/www.grieta.org.mx\/wp-content\/uploads\/2020\/03\/Colectivas-de-Quer%C3%A9taro-repudian-que-despenalizaci%C3%B3n-de-causales-de-aborto-se-discutan-en-lo-oscurito-qro-mzo.jpg?resize=350%2C200&ssl=1","width":350,"height":200,"srcset":"https:\/\/i0.wp.com\/www.grieta.org.mx\/wp-content\/uploads\/2020\/03\/Colectivas-de-Quer%C3%A9taro-repudian-que-despenalizaci%C3%B3n-de-causales-de-aborto-se-discutan-en-lo-oscurito-qro-mzo.jpg?resize=350%2C200&ssl=1 1x, https:\/\/i0.wp.com\/www.grieta.org.mx\/wp-content\/uploads\/2020\/03\/Colectivas-de-Quer%C3%A9taro-repudian-que-despenalizaci%C3%B3n-de-causales-de-aborto-se-discutan-en-lo-oscurito-qro-mzo.jpg?resize=525%2C300&ssl=1 1.5x, https:\/\/i0.wp.com\/www.grieta.org.mx\/wp-content\/uploads\/2020\/03\/Colectivas-de-Quer%C3%A9taro-repudian-que-despenalizaci%C3%B3n-de-causales-de-aborto-se-discutan-en-lo-oscurito-qro-mzo.jpg?resize=700%2C400&ssl=1 2x"},"classes":[]},{"id":62097,"url":"https:\/\/www.grieta.org.mx\/index.php\/2021\/09\/29\/mujeres-marchan-en-colima-y-exigen-aborto-seguro-y-gratuito\/","url_meta":{"origin":67866,"position":2},"title":"Mujeres marchan en Colima y exigen aborto seguro y gratuito","author":"grieta","date":"29 septiembre, 2021","format":false,"excerpt":"Foto: Monserrat C\u00e1rdenas Monserrat C\u00e1rdenas \/ Somos el Medio La tarde de este\u00a028 de septiembre, decenas de mujeres recorrieron las calles de la capital colimense para demandar el\u00a0acceso a la interrupci\u00f3n del embarazo\u00a0en la entidad de forma gratuita y segura y alto a la criminalizaci\u00f3n de sus derechos sexuales y\u2026","rel":"","context":"En &quot;CINTILLO&quot;","block_context":{"text":"CINTILLO","link":"https:\/\/www.grieta.org.mx\/index.php\/category\/cintillo\/"},"img":{"alt_text":"","src":"https:\/\/i0.wp.com\/www.grieta.org.mx\/wp-content\/uploads\/2021\/10\/243732132_4661396163906601_6663823072166462143_n-1068x712-1.jpg?resize=350%2C200&ssl=1","width":350,"height":200,"srcset":"https:\/\/i0.wp.com\/www.grieta.org.mx\/wp-content\/uploads\/2021\/10\/243732132_4661396163906601_6663823072166462143_n-1068x712-1.jpg?resize=350%2C200&ssl=1 1x, https:\/\/i0.wp.com\/www.grieta.org.mx\/wp-content\/uploads\/2021\/10\/243732132_4661396163906601_6663823072166462143_n-1068x712-1.jpg?resize=525%2C300&ssl=1 1.5x, https:\/\/i0.wp.com\/www.grieta.org.mx\/wp-content\/uploads\/2021\/10\/243732132_4661396163906601_6663823072166462143_n-1068x712-1.jpg?resize=700%2C400&ssl=1 2x, https:\/\/i0.wp.com\/www.grieta.org.mx\/wp-content\/uploads\/2021\/10\/243732132_4661396163906601_6663823072166462143_n-1068x712-1.jpg?resize=1050%2C600&ssl=1 3x"},"classes":[]},{"id":65435,"url":"https:\/\/www.grieta.org.mx\/index.php\/2022\/09\/29\/aborto-legal-ya-feministas-exigen-su-derecho-a-decidir-en-puerto-vallarta-jalisco\/","url_meta":{"origin":67866,"position":3},"title":"\u201cAborto legal ya\u201d: feministas exigen su derecho a decidir en Puerto Vallarta (Jalisco)","author":"grieta","date":"29 septiembre, 2022","format":false,"excerpt":"Imagen: Zona Docs: Decenas de feministas en Puerto Vallarta, Jalisco se unieron a la marea verde este 28 de septiembre en conmemoraci\u00f3n del\u00a0D\u00eda de Acci\u00f3n Global por un aborto legal, seguro\u00a0y gratuito para exigir que este derecho sea garantizado a las mujeres y personas con capacidad de gestar en la\u2026","rel":"","context":"En &quot;CINTILLO&quot;","block_context":{"text":"CINTILLO","link":"https:\/\/www.grieta.org.mx\/index.php\/category\/cintillo\/"},"img":{"alt_text":"","src":"https:\/\/i0.wp.com\/www.grieta.org.mx\/wp-content\/uploads\/2022\/10\/photo1664426560-1-1068x801-1.jpeg?resize=350%2C200&ssl=1","width":350,"height":200,"srcset":"https:\/\/i0.wp.com\/www.grieta.org.mx\/wp-content\/uploads\/2022\/10\/photo1664426560-1-1068x801-1.jpeg?resize=350%2C200&ssl=1 1x, https:\/\/i0.wp.com\/www.grieta.org.mx\/wp-content\/uploads\/2022\/10\/photo1664426560-1-1068x801-1.jpeg?resize=525%2C300&ssl=1 1.5x, https:\/\/i0.wp.com\/www.grieta.org.mx\/wp-content\/uploads\/2022\/10\/photo1664426560-1-1068x801-1.jpeg?resize=700%2C400&ssl=1 2x, https:\/\/i0.wp.com\/www.grieta.org.mx\/wp-content\/uploads\/2022\/10\/photo1664426560-1-1068x801-1.jpeg?resize=1050%2C600&ssl=1 3x"},"classes":[]},{"id":67851,"url":"https:\/\/www.grieta.org.mx\/index.php\/2023\/09\/28\/exigen-feministas-en-el-congreso-eliminar-al-aborto-como-delito-michoacan\/","url_meta":{"origin":67866,"position":4},"title":"Exigen feministas en el Congreso eliminar al aborto como delito (Michoac\u00e1n)","author":"grieta","date":"28 septiembre, 2023","format":false,"excerpt":"Imagen: Alejandro Hern\u00e1ndez F\u00e1tima Alfaro \/ Quadratin MORELIA, Mich., 28 de septiembre de 2023.- Colectivas feministas se manifestaron este jueves 28 de septiembre, en el exterior del Palacio Legislativo, para exigir la reforma al c\u00f3digo penal estatal mediante la que se elimine al aborto como un delito. En el D\u00eda\u2026","rel":"","context":"En &quot;CINTILLO&quot;","block_context":{"text":"CINTILLO","link":"https:\/\/www.grieta.org.mx\/index.php\/category\/cintillo\/"},"img":{"alt_text":"","src":"https:\/\/i0.wp.com\/www.grieta.org.mx\/wp-content\/uploads\/2023\/10\/WhatsApp-Image-2023-09-28-at-16.51.45-768x432-1.jpeg?resize=350%2C200&ssl=1","width":350,"height":200,"srcset":"https:\/\/i0.wp.com\/www.grieta.org.mx\/wp-content\/uploads\/2023\/10\/WhatsApp-Image-2023-09-28-at-16.51.45-768x432-1.jpeg?resize=350%2C200&ssl=1 1x, https:\/\/i0.wp.com\/www.grieta.org.mx\/wp-content\/uploads\/2023\/10\/WhatsApp-Image-2023-09-28-at-16.51.45-768x432-1.jpeg?resize=525%2C300&ssl=1 1.5x, https:\/\/i0.wp.com\/www.grieta.org.mx\/wp-content\/uploads\/2023\/10\/WhatsApp-Image-2023-09-28-at-16.51.45-768x432-1.jpeg?resize=700%2C400&ssl=1 2x"},"classes":[]},{"id":57600,"url":"https:\/\/www.grieta.org.mx\/index.php\/2021\/03\/09\/manifestacion-y-marcha-del-8-de-marzo-en-queretaro\/","url_meta":{"origin":67866,"position":5},"title":"Manifestaci\u00f3n y Marcha del 8 de marzo en Quer\u00e9taro","author":"grieta","date":"9 marzo, 2021","format":false,"excerpt":"Fotos tomadas de: Expreso Quer\u00e9taro Expreso Quer\u00e9taro La tarde de este lunes se desarrollaron las distintas manifestaciones con motivo del D\u00eda Internacional de la Mujer, en la puerta norte de la Alameda Hidalgo, Jard\u00edn de la Corregidora y Fiscal\u00eda Especializada en la Investigaci\u00f3n de Homicidios, con banderas, pancartas y cartulinas,\u2026","rel":"","context":"En &quot;CINTILLO&quot;","block_context":{"text":"CINTILLO","link":"https:\/\/www.grieta.org.mx\/index.php\/category\/cintillo\/"},"img":{"alt_text":"","src":"https:\/\/i0.wp.com\/www.grieta.org.mx\/wp-content\/uploads\/2021\/03\/Manifestacion-y-Marcha-del-8-de-marzo-en-Queretaro-mzo.jpeg?resize=350%2C200&ssl=1","width":350,"height":200,"srcset":"https:\/\/i0.wp.com\/www.grieta.org.mx\/wp-content\/uploads\/2021\/03\/Manifestacion-y-Marcha-del-8-de-marzo-en-Queretaro-mzo.jpeg?resize=350%2C200&ssl=1 1x, https:\/\/i0.wp.com\/www.grieta.org.mx\/wp-content\/uploads\/2021\/03\/Manifestacion-y-Marcha-del-8-de-marzo-en-Queretaro-mzo.jpeg?resize=525%2C300&ssl=1 1.5x, https:\/\/i0.wp.com\/www.grieta.org.mx\/wp-content\/uploads\/2021\/03\/Manifestacion-y-Marcha-del-8-de-marzo-en-Queretaro-mzo.jpeg?resize=700%2C400&ssl=1 2x"},"classes":[]}],"_links":{"self":[{"href":"https:\/\/www.grieta.org.mx\/index.php\/wp-json\/wp\/v2\/posts\/67866","targetHints":{"allow":["GET"]}}],"collection":[{"href":"https:\/\/www.grieta.org.mx\/index.php\/wp-json\/wp\/v2\/posts"}],"about":[{"href":"https:\/\/www.grieta.org.mx\/index.php\/wp-json\/wp\/v2\/types\/post"}],"author":[{"embeddable":true,"href":"https:\/\/www.grieta.org.mx\/index.php\/wp-json\/wp\/v2\/users\/2"}],"replies":[{"embeddable":true,"href":"https:\/\/www.grieta.org.mx\/index.php\/wp-json\/wp\/v2\/comments?post=67866"}],"version-history":[{"count":1,"href":"https:\/\/www.grieta.org.mx\/index.php\/wp-json\/wp\/v2\/posts\/67866\/revisions"}],"predecessor-version":[{"id":67868,"href":"https:\/\/www.grieta.org.mx\/index.php\/wp-json\/wp\/v2\/posts\/67866\/revisions\/67868"}],"wp:featuredmedia":[{"embeddable":true,"href":"https:\/\/www.grieta.org.mx\/index.php\/wp-json\/wp\/v2\/media\/67867"}],"wp:attachment":[{"href":"https:\/\/www.grieta.org.mx\/index.php\/wp-json\/wp\/v2\/media?parent=67866"}],"wp:term":[{"taxonomy":"category","embeddable":true,"href":"https:\/\/www.grieta.org.mx\/index.php\/wp-json\/wp\/v2\/categories?post=67866"},{"taxonomy":"post_tag","embeddable":true,"href":"https:\/\/www.grieta.org.mx\/index.php\/wp-json\/wp\/v2\/tags?post=67866"}],"curies":[{"name":"wp","href":"https:\/\/api.w.org\/{rel}","templated":true}]}}