{"id":67835,"date":"2023-10-05T10:34:41","date_gmt":"2023-10-05T16:34:41","guid":{"rendered":"https:\/\/www.grieta.org.mx\/?p=67835"},"modified":"2023-10-08T10:44:51","modified_gmt":"2023-10-08T16:44:51","slug":"enfermedades-relacionadas-con-la-pobreza-incrementan-en-colima","status":"publish","type":"post","link":"https:\/\/www.grieta.org.mx\/index.php\/2023\/10\/05\/enfermedades-relacionadas-con-la-pobreza-incrementan-en-colima\/","title":{"rendered":"Enfermedades relacionadas con la pobreza incrementan en Colima"},"content":{"rendered":"<p>Imagen: Diario Avanzada<\/p>\n<p>Heidi de Le\u00f3n Guti\u00e9rrez \/ Diario Avanzada<\/p>\n<p>Colima, M\u00e9xico, Avanzada (05\/10\/2023).- En el estado de Colima, la incidencia de enfermedades relacionadas con la pobreza, como las infecciones estomacales por par\u00e1sitos, ha experimentado un preocupante aumento en comparaci\u00f3n con el a\u00f1o anterior.<\/p>\n<p>El Bolet\u00edn Epidemiol\u00f3gico de la Secretar\u00eda de Salud, correspondiente a la semana epidemiol\u00f3gica n\u00famero 38, muestra que de enero a octubre de este a\u00f1o, se registraron m\u00e1s de 20 mil casos de enfermedades g\u00e1stricas relacionadas con infecciones parasitarias o infecciones intestinales.<\/p>\n<p>El bolet\u00edn epidemiol\u00f3gico de la secretar\u00eda de Salud muestra que se atendieron en los servicios de emergencias, 530 casos por infecciones gastrointestinales relacionadas con protozoarios, 144 casos m\u00e1s que los casos atendidos por el mismo padecimiento en el mismo periodo del 2022.<\/p>\n<p>En cuanto al n\u00famero de pacientes atendidos por infecciones intestinales, se contabilizaron m\u00e1s de 18 mil casos: 8 mil 449 hombres y 9 mil 835 mujeres.<\/p>\n<p>Tambi\u00e9n fueron atendidas 540 personas por presentar infecciones estomacales relacionadas con la amebiasis; 253 hombres y 287 mujeres, pero no se especifican las edades de los pacientes y tampoco los municipios donde residen.<\/p>\n<p>Mientras que por enfermedades g\u00e1stricas por Helmintiasis se tienen 279 hombres y 421 mujeres. En el mismo periodo de 2022 se registraron 633 casos, por lo que este a\u00f1o hay un aumento en el n\u00famero de pacientes.<\/p>\n<p>La Organizaci\u00f3n Panamericana de la Salud estima que una de cada tres personas est\u00e1 infectada por geohelmintos y cerca de 46 millones de ni\u00f1os entre 1 y 14 a\u00f1os est\u00e1n en riesgo de infectarse por estos par\u00e1sitos [aproximadamente 13 millones de ni\u00f1os en edad pre-escolar (1 a 4 a\u00f1os) y 33,3 millones en edad escolar (de 5 a 14 a\u00f1os)], por falta de saneamiento b\u00e1sico y acceso al agua potable.<\/p>\n<p>Tambi\u00e9n advierte que las infecciones parasitarias son\u00a0 las m\u00e1s comunes a nivel mundial y afectan a las poblaciones m\u00e1s pobres y vulnerables.<\/p>\n<p>La misma organizaci\u00f3n refiri\u00f3 que la infecci\u00f3n es m\u00e1s frecuente en mujeres y ni\u00f1os. La falta de acceso al agua y saneamiento es la causa de la persistencia de estas infecciones. La desparasitaci\u00f3n masiva una o dos veces al a\u00f1o en comunidades y pa\u00edses con altas prevalencias, junto con medidas de higiene personal, e incremento al acceso al agua y saneamiento son las intervenciones para reducir la carga de enfermedad.<\/p>\n<p><a href=\"https:\/\/diarioavanzada.com.mx\/?p=49073\">https:\/\/diarioavanzada.com.mx\/?p=49073<\/a><\/p>\n","protected":false},"excerpt":{"rendered":"<p>Imagen: Diario Avanzada Heidi de Le\u00f3n Guti\u00e9rrez \/ Diario Avanzada Colima, M\u00e9xico, Avanzada (05\/10\/2023).- En el estado de Colima, la incidencia de enfermedades relacionadas con la pobreza, como las infecciones &hellip; <a href=\"https:\/\/www.grieta.org.mx\/index.php\/2023\/10\/05\/enfermedades-relacionadas-con-la-pobreza-incrementan-en-colima\/\" class=\"more-link\">Leer m\u00e1s<\/a><\/p>\n","protected":false},"author":2,"featured_media":67836,"comment_status":"closed","ping_status":"closed","sticky":false,"template":"","format":"standard","meta":{"ngg_post_thumbnail":0,"_jetpack_newsletter_access":"","_jetpack_dont_email_post_to_subs":false,"_jetpack_newsletter_tier_id":0,"_jetpack_memberships_contains_paywalled_content":false,"_jetpack_memberships_contains_paid_content":false,"footnotes":""},"categories":[80,13,2365,3112,2,1983],"tags":[3137,3225,3375,3133,2367,2170,3355,3776,2771,2112],"class_list":["post-67835","post","type-post","status-publish","format-standard","has-post-thumbnail","hentry","category-cintillo","category-colima","category-crisis-en-el-sector-salud-en-colima","category-la-ninez-en-la-tormenta-en-colima","category-noticias-nacionales","category-violencia-contra-mujeres-en-colima","tag-aumento-de-la-pobreza","tag-aumento-de-la-violencia-contra-las-mujeres","tag-crisis","tag-crisis-del-sector-salud","tag-crisis-en-el-sector-salud","tag-danos-a-la-salud","tag-enfermedades","tag-la-ninez-en-la-tormenta-capitalista","tag-ninos-enfermos","tag-problemas-de-salud","entry"],"jetpack_featured_media_url":"https:\/\/www.grieta.org.mx\/wp-content\/uploads\/2023\/10\/Imagen-de-WhatsApp-2023-10-05-a-las-08.35.43_9c012b19-880x1024-1.webp","jetpack_sharing_enabled":true,"jetpack_shortlink":"https:\/\/wp.me\/p7ZJR4-hE7","jetpack_likes_enabled":false,"jetpack-related-posts":[{"id":69676,"url":"https:\/\/www.grieta.org.mx\/index.php\/2024\/09\/02\/aumentan-en-colima-las-enfermedades-relacionadas-con-la-pobreza\/","url_meta":{"origin":67835,"position":0},"title":"Aumentan en Colima las enfermedades relacionadas con la pobreza","author":"grieta","date":"2 septiembre, 2024","format":false,"excerpt":"Imagen: Diario Avanzada Heidi de Le\u00f3n Guti\u00e9rrez \/ Diario Avanzada Colima, M\u00e9xico, Avanzada (02\/09\/2024).- En Colima van en aumento las enfermedades relacionadas con la pobreza, principalmente la diarrea aguda. El estado se ubica con el mayor crecimiento en la incidencia de Enfermedades Diarreicas Agudas (EDA) en todo el pa\u00eds, particularmente\u2026","rel":"","context":"En &quot;CINTILLO&quot;","block_context":{"text":"CINTILLO","link":"https:\/\/www.grieta.org.mx\/index.php\/category\/cintillo\/"},"img":{"alt_text":"","src":"https:\/\/i0.wp.com\/www.grieta.org.mx\/wp-content\/uploads\/2024\/09\/vientre.jpg?resize=350%2C200&ssl=1","width":350,"height":200,"srcset":"https:\/\/i0.wp.com\/www.grieta.org.mx\/wp-content\/uploads\/2024\/09\/vientre.jpg?resize=350%2C200&ssl=1 1x, https:\/\/i0.wp.com\/www.grieta.org.mx\/wp-content\/uploads\/2024\/09\/vientre.jpg?resize=525%2C300&ssl=1 1.5x, https:\/\/i0.wp.com\/www.grieta.org.mx\/wp-content\/uploads\/2024\/09\/vientre.jpg?resize=700%2C400&ssl=1 2x"},"classes":[]},{"id":48590,"url":"https:\/\/www.grieta.org.mx\/index.php\/2020\/04\/24\/urge-hospital-para-enfermos-por-covid-19-hospitalizados-por-otras-enfermedades-estan-en-riesgo-colima\/","url_meta":{"origin":67835,"position":1},"title":"Urge hospital para enfermos por Covid-19, hospitalizados por otras enfermedades est\u00e1n en riesgo (Colima)","author":"grieta","date":"24 abril, 2020","format":false,"excerpt":"Imagen: Diario Avanzada Heidi de Le\u00f3n Guti\u00e9rrez \/ Diario Avanzada Colima, M\u00e9xico, Avanzada (24\/04\/2020).- Por segunda ocasi\u00f3n en menos de un mes, la secretar\u00eda general del sindicato de Salud, Dolores Gonz\u00e1lez Meza solicit\u00f3 al gobernador, Ignacio Peralta S\u00e1nchez que defina un solo hospital para atender a las personas contagiadas de\u2026","rel":"","context":"En &quot;CINTILLO&quot;","block_context":{"text":"CINTILLO","link":"https:\/\/www.grieta.org.mx\/index.php\/category\/cintillo\/"},"img":{"alt_text":"","src":"https:\/\/i0.wp.com\/www.grieta.org.mx\/wp-content\/uploads\/2020\/05\/94033066_1958425714349114_6165990019484876800_n.jpg?resize=350%2C200&ssl=1","width":350,"height":200,"srcset":"https:\/\/i0.wp.com\/www.grieta.org.mx\/wp-content\/uploads\/2020\/05\/94033066_1958425714349114_6165990019484876800_n.jpg?resize=350%2C200&ssl=1 1x, https:\/\/i0.wp.com\/www.grieta.org.mx\/wp-content\/uploads\/2020\/05\/94033066_1958425714349114_6165990019484876800_n.jpg?resize=525%2C300&ssl=1 1.5x, https:\/\/i0.wp.com\/www.grieta.org.mx\/wp-content\/uploads\/2020\/05\/94033066_1958425714349114_6165990019484876800_n.jpg?resize=700%2C400&ssl=1 2x, https:\/\/i0.wp.com\/www.grieta.org.mx\/wp-content\/uploads\/2020\/05\/94033066_1958425714349114_6165990019484876800_n.jpg?resize=1050%2C600&ssl=1 3x, https:\/\/i0.wp.com\/www.grieta.org.mx\/wp-content\/uploads\/2020\/05\/94033066_1958425714349114_6165990019484876800_n.jpg?resize=1400%2C800&ssl=1 4x"},"classes":[]},{"id":49949,"url":"https:\/\/www.grieta.org.mx\/index.php\/2020\/05\/27\/la-semana-pasada-no-se-le-aplico-quimioterapia-a-mi-nina-por-desabasto-en-cancerologia\/","url_meta":{"origin":67835,"position":2},"title":"La semana pasada no se le aplic\u00f3 quimioterapia a mi ni\u00f1a\u2026 por desabasto en Cancerolog\u00eda (Colima)","author":"grieta","date":"27 mayo, 2020","format":false,"excerpt":"Foto: Diario Avanzada Heidi de Le\u00f3n Guti\u00e9rrez \/ Diario Avanzada Colima, M\u00e9xico, Avanzada (27\/05\/2020).- Norma Adriana Carrasco Chocotero solicit\u00f3 a las autoridades del Sector Salud a no olvidarse de los ni\u00f1os con c\u00e1ncer y por el contrario, garantizarles los medicamentos que requieren para sus quimioterapias. La madre de familia de\u2026","rel":"","context":"En &quot;CINTILLO&quot;","block_context":{"text":"CINTILLO","link":"https:\/\/www.grieta.org.mx\/index.php\/category\/cintillo\/"},"img":{"alt_text":"","src":"https:\/\/i0.wp.com\/www.grieta.org.mx\/wp-content\/uploads\/2020\/05\/Hospital-Camas.jpg?resize=350%2C200&ssl=1","width":350,"height":200,"srcset":"https:\/\/i0.wp.com\/www.grieta.org.mx\/wp-content\/uploads\/2020\/05\/Hospital-Camas.jpg?resize=350%2C200&ssl=1 1x, https:\/\/i0.wp.com\/www.grieta.org.mx\/wp-content\/uploads\/2020\/05\/Hospital-Camas.jpg?resize=525%2C300&ssl=1 1.5x, https:\/\/i0.wp.com\/www.grieta.org.mx\/wp-content\/uploads\/2020\/05\/Hospital-Camas.jpg?resize=700%2C400&ssl=1 2x"},"classes":[]},{"id":44940,"url":"https:\/\/www.grieta.org.mx\/index.php\/2020\/02\/18\/a-cuenta-gotas-tratamiento-para-ninos-con-cancer-en-colima\/","url_meta":{"origin":67835,"position":3},"title":"\u201cA cuenta gotas\u201d, tratamiento para ni\u00f1os con c\u00e1ncer en Colima","author":"grieta","date":"18 febrero, 2020","format":false,"excerpt":"Foto: Ilustrativa Heidi de Le\u00f3n Gutierrez \/ Diario Avanzada Colima, M\u00e9xico, Avanzada (18\/02\/2020).-\u00a0La onc\u00f3loga pediatra del IEC, Sandra Lagarda se\u00f1al\u00f3 que en la entidad se han tenido que modificar los protocolos de atenci\u00f3n para los ni\u00f1os con estos padecimientos, con la finalidad de garantizar el tratamiento a partir de los\u2026","rel":"","context":"En &quot;CINTILLO&quot;","block_context":{"text":"CINTILLO","link":"https:\/\/www.grieta.org.mx\/index.php\/category\/cintillo\/"},"img":{"alt_text":"","src":"https:\/\/i0.wp.com\/www.grieta.org.mx\/wp-content\/uploads\/2020\/02\/cancerologia-1160x700.jpg?resize=350%2C200&ssl=1","width":350,"height":200,"srcset":"https:\/\/i0.wp.com\/www.grieta.org.mx\/wp-content\/uploads\/2020\/02\/cancerologia-1160x700.jpg?resize=350%2C200&ssl=1 1x, https:\/\/i0.wp.com\/www.grieta.org.mx\/wp-content\/uploads\/2020\/02\/cancerologia-1160x700.jpg?resize=525%2C300&ssl=1 1.5x, https:\/\/i0.wp.com\/www.grieta.org.mx\/wp-content\/uploads\/2020\/02\/cancerologia-1160x700.jpg?resize=700%2C400&ssl=1 2x, https:\/\/i0.wp.com\/www.grieta.org.mx\/wp-content\/uploads\/2020\/02\/cancerologia-1160x700.jpg?resize=1050%2C600&ssl=1 3x"},"classes":[]},{"id":50727,"url":"https:\/\/www.grieta.org.mx\/index.php\/2020\/06\/10\/colima-reporto-en-abril-un-gasto-de-49-mdp-para-adquirir-ventiladores-no-llegaron\/","url_meta":{"origin":67835,"position":4},"title":"Colima report\u00f3 en abril un gasto de 49 MDP para adquirir ventiladores\u2026 no llegaron","author":"grieta","date":"10 junio, 2020","format":false,"excerpt":"foto: Diario Avanzada Heidi de Le\u00f3n Guti\u00e9rrez \/ Diario Avanzada Colima, M\u00e9xico, Avanzada (10\/06\/2020).- Desde el pasado mes de abril, el Gobierno de Colima report\u00f3 que compr\u00f3 50 ventiladores adulto-pedi\u00e1tricos que servir\u00e1n para atender a los enfermos del Covid-19 y por los cuales pag\u00f3 49 millones de pesos, pero a\u2026","rel":"","context":"En &quot;CINTILLO&quot;","block_context":{"text":"CINTILLO","link":"https:\/\/www.grieta.org.mx\/index.php\/category\/cintillo\/"},"img":{"alt_text":"","src":"https:\/\/i0.wp.com\/www.grieta.org.mx\/wp-content\/uploads\/2020\/06\/Salud-Covid-2.jpeg?resize=350%2C200&ssl=1","width":350,"height":200,"srcset":"https:\/\/i0.wp.com\/www.grieta.org.mx\/wp-content\/uploads\/2020\/06\/Salud-Covid-2.jpeg?resize=350%2C200&ssl=1 1x, https:\/\/i0.wp.com\/www.grieta.org.mx\/wp-content\/uploads\/2020\/06\/Salud-Covid-2.jpeg?resize=525%2C300&ssl=1 1.5x, https:\/\/i0.wp.com\/www.grieta.org.mx\/wp-content\/uploads\/2020\/06\/Salud-Covid-2.jpeg?resize=700%2C400&ssl=1 2x"},"classes":[]},{"id":59560,"url":"https:\/\/www.grieta.org.mx\/index.php\/2021\/05\/22\/colima-tiene-una-elevada-mortalidad-por-covid-19-reconoce-salud-colima\/","url_meta":{"origin":67835,"position":5},"title":"Colima tiene una elevada mortalidad por Covid-19, reconoce Salud Colima","author":"grieta","date":"22 mayo, 2021","format":false,"excerpt":"Imagen: Diario Avanzada Heidi De Le\u00f3n Guti\u00e9rrez \/ Diario Avanzada Colima, M\u00e9xico, Avanzada (22\/05\/2021).- La secretar\u00eda de Salud en Coima reconoci\u00f3 que en la entidad la tasa por mortalidad por Covid-19 es alta en comparaci\u00f3n con el n\u00famero de habitantes. En este sentido, explic\u00f3 que los municipios m\u00e1s afectados son\u2026","rel":"","context":"En &quot;CINTILLO&quot;","block_context":{"text":"CINTILLO","link":"https:\/\/www.grieta.org.mx\/index.php\/category\/cintillo\/"},"img":{"alt_text":"","src":"https:\/\/i0.wp.com\/www.grieta.org.mx\/wp-content\/uploads\/2021\/05\/179141417_3898225170268640_7317085779542696132_n-e1621893656496.jpg?resize=350%2C200&ssl=1","width":350,"height":200},"classes":[]}],"_links":{"self":[{"href":"https:\/\/www.grieta.org.mx\/index.php\/wp-json\/wp\/v2\/posts\/67835","targetHints":{"allow":["GET"]}}],"collection":[{"href":"https:\/\/www.grieta.org.mx\/index.php\/wp-json\/wp\/v2\/posts"}],"about":[{"href":"https:\/\/www.grieta.org.mx\/index.php\/wp-json\/wp\/v2\/types\/post"}],"author":[{"embeddable":true,"href":"https:\/\/www.grieta.org.mx\/index.php\/wp-json\/wp\/v2\/users\/2"}],"replies":[{"embeddable":true,"href":"https:\/\/www.grieta.org.mx\/index.php\/wp-json\/wp\/v2\/comments?post=67835"}],"version-history":[{"count":1,"href":"https:\/\/www.grieta.org.mx\/index.php\/wp-json\/wp\/v2\/posts\/67835\/revisions"}],"predecessor-version":[{"id":67838,"href":"https:\/\/www.grieta.org.mx\/index.php\/wp-json\/wp\/v2\/posts\/67835\/revisions\/67838"}],"wp:featuredmedia":[{"embeddable":true,"href":"https:\/\/www.grieta.org.mx\/index.php\/wp-json\/wp\/v2\/media\/67836"}],"wp:attachment":[{"href":"https:\/\/www.grieta.org.mx\/index.php\/wp-json\/wp\/v2\/media?parent=67835"}],"wp:term":[{"taxonomy":"category","embeddable":true,"href":"https:\/\/www.grieta.org.mx\/index.php\/wp-json\/wp\/v2\/categories?post=67835"},{"taxonomy":"post_tag","embeddable":true,"href":"https:\/\/www.grieta.org.mx\/index.php\/wp-json\/wp\/v2\/tags?post=67835"}],"curies":[{"name":"wp","href":"https:\/\/api.w.org\/{rel}","templated":true}]}}