{"id":67813,"date":"2023-09-25T10:38:13","date_gmt":"2023-09-25T16:38:13","guid":{"rendered":"https:\/\/www.grieta.org.mx\/?p=67813"},"modified":"2023-10-02T10:46:10","modified_gmt":"2023-10-02T16:46:10","slug":"violencia-de-genero-alcanza-a-587-extranjeras-y-migrantes-en-quintana-roo","status":"publish","type":"post","link":"https:\/\/www.grieta.org.mx\/index.php\/2023\/09\/25\/violencia-de-genero-alcanza-a-587-extranjeras-y-migrantes-en-quintana-roo\/","title":{"rendered":"Violencia de g\u00e9nero alcanza a 587 extranjeras y migrantes en Quintana Roo"},"content":{"rendered":"<p>Alejandra Galicia \/ La Verdad<\/p>\n<p>La violencia de g\u00e9nero afecta a todas las mujeres que viven en Quintana Roo, sin importar la nacionalidad de origen. Tan solo el primer semestre de 2023 y el a\u00f1o pasado, 587 mujeres extranjeras y migrantes manifestaron ser v\u00edctimas de alg\u00fan tipo de violencia y solicitaron ayuda para defenderse de su agresor. <\/p>\n<p>En la primera mitad del a\u00f1o, fueron v\u00edctimas de violencia 173 mujeres, la mayor\u00eda de origen colombiano, seguido de las venezolanas y belice\u00f1as; adem\u00e1s, del total de v\u00edctimas, por lo menos 41 eran migrantes.<\/p>\n<p>En 2022, la cifra de atenciones lleg\u00f3 a 414 mujeres de 47 pa\u00edses del mundo. La mayor\u00eda guatemaltecas, estadounidenses, colombianas y salvadore\u00f1as, seg\u00fan el Banco Estatal de Datos e Informaci\u00f3n sobre casos de Violencia contra las Mujeres.<\/p>\n<p>Del total de v\u00edctimas, el 96% de los casos se trat\u00f3 de mujeres que tiene residencia en el Estado, mientras que el 4% correspondi\u00f3 a mujeres que se encontraban de manera transitoria. Las autoridades tambi\u00e9n identificaron a 39 v\u00edctimas que manifestaron pertenecer a las etnias mixteco y guarij\u00edo.<\/p>\n<p>La directora del Instituto Quintanarroense de la Mujer (IQM), Mar\u00eda Hadad Castillo, dijo que cada a\u00f1o son m\u00e1s mujeres las que deciden denunciar y utilizar los servicios de asesor\u00eda jur\u00eddica y psicol\u00f3gica para salir de una situaci\u00f3n de violencia.<\/p>\n<p>Tan solo en el primer a\u00f1o de administraci\u00f3n, 110 mil mujeres utilizaron servicios del IQM para enfrentar una situaci\u00f3n relacionada con la violencia de g\u00e9nero. Sin embargo, en el caso espec\u00edfico de mujeres extranjeras, han atendido a 85, la mayor\u00eda provenientes de Centroam\u00e9rica, por casos de violencia familiar.<\/p>\n<p>Explic\u00f3 que se trat\u00f3 en varios de los casos de mujeres que tienen una situaci\u00f3n regular en el pa\u00eds y se encontraban en un entorno de pareja y en el n\u00facleo familiar, cuando ocurri\u00f3 la violencia.<\/p>\n<p>Recursos disponibles<\/p>\n<p>Para atender a todas las mujeres que se enfrentan a una situaci\u00f3n de riesgo, el IQM tiene un presupuesto de 10 millones de pesos este 2023, destinados a la aplicaci\u00f3n del Programa de Apoyo a las Instancias de Mujeres en las Entidades Federativas (Paimef). Con ese recurso federal proveniente del Comisi\u00f3n Nacional para Prevenir y Erradicar la Violencia Contra las Mujeres (Conavim), se pagan los salarios y servicios que realizan profesionales de psicolog\u00eda y derecho para dar asesor\u00edas a v\u00edctimas del Estado.<\/p>\n<p>Cuando se trata de mujeres extranjeras tambi\u00e9n se les ofrecen los servicios de asesor\u00eda del IQM, pero se hace contacto con sus respectivos consulados y, en situaciones de alto riesgo, como delitos de trata de personas, se da aviso a las autoridades de investigaci\u00f3n como la Fiscal\u00eda General de la Rep\u00fablica (FGR) o la Fiscal\u00eda General del Estado (FGE).<\/p>\n<p>La directora del IQM agreg\u00f3 que este a\u00f1o se agotaron los recursos federales del Paimef y solicitaron un nuevo presupuesto o, de lo contrario, se dejaba en pausa el programa y afectaba a 80 profesionistas que dan servicios psicol\u00f3gicos y jur\u00eddicos y se vulneraba a las mujeres v\u00edctimas de violencia.<\/p>\n<p><a href=\"https:\/\/laverdadnoticias.com\/quintanaroo\/Violencia-de-genero-alcanza-a-587-extranjeras-y-migrantes-en-Quintana-Roo-20230924-0204.html\" rel=\"noopener\" target=\"_blank\">https:\/\/laverdadnoticias.com\/quintanaroo\/Violencia-de-genero-alcanza-a-587-extranjeras-y-migrantes-en-Quintana-Roo-20230924-0204.html<\/a><\/p>\n","protected":false},"excerpt":{"rendered":"<p>Alejandra Galicia \/ La Verdad La violencia de g\u00e9nero afecta a todas las mujeres que viven en Quintana Roo, sin importar la nacionalidad de origen. Tan solo el primer semestre &hellip; <a href=\"https:\/\/www.grieta.org.mx\/index.php\/2023\/09\/25\/violencia-de-genero-alcanza-a-587-extranjeras-y-migrantes-en-quintana-roo\/\" class=\"more-link\">Leer m\u00e1s<\/a><\/p>\n","protected":false},"author":2,"featured_media":67814,"comment_status":"closed","ping_status":"closed","sticky":false,"template":"","format":"standard","meta":{"ngg_post_thumbnail":0,"_jetpack_newsletter_access":"","_jetpack_dont_email_post_to_subs":false,"_jetpack_newsletter_tier_id":0,"_jetpack_memberships_contains_paywalled_content":false,"_jetpack_memberships_contains_paid_content":false,"footnotes":""},"categories":[80,1557,3169,2,28],"tags":[381],"class_list":["post-67813","post","type-post","status-publish","format-standard","has-post-thumbnail","hentry","category-cintillo","category-incremento-en-la-violencia-en-quintana-roo","category-lucha-de-las-mujeres-en-quintana-roo","category-noticias-nacionales","category-quintana-roo","tag-violencia-de-genero","entry"],"jetpack_featured_media_url":"https:\/\/www.grieta.org.mx\/wp-content\/uploads\/2023\/10\/Violencia-e1696264929934.jpg","jetpack_sharing_enabled":true,"jetpack_shortlink":"https:\/\/wp.me\/p7ZJR4-hDL","jetpack_likes_enabled":false,"jetpack-related-posts":[{"id":64553,"url":"https:\/\/www.grieta.org.mx\/index.php\/2022\/07\/07\/denuncian-colectivos-feministas-cinco-anos-de-simulaciones-en-la-atencion-de-alerta-de-violencia-de-genero-contra-la-mujer-emitida-para-7-de-los-11-municipios-de-quintana-roo\/","url_meta":{"origin":67813,"position":0},"title":"Denuncian colectivos feministas cinco a\u00f1os de simulaciones en la atenci\u00f3n de Alerta de Violencia de G\u00e9nero contra la Mujer emitida para 7 de los 11 municipios de Quintana Roo","author":"grieta","date":"7 julio, 2022","format":false,"excerpt":"Rafael Brice\u00f1o \/ Noticaribe CHETUMAL, MX. \u2013 Al cumplirse este 7 de julio cinco a\u00f1os de la emisi\u00f3n de la alerta de Violencia de G\u00e9nero contra las Mujeres para siete de los 11 municipios de Quintana Roo, colectivos denunciaron que el contexto feminicida no ha disminuido y que al contrario\u2026","rel":"","context":"En &quot;CINTILLO&quot;","block_context":{"text":"CINTILLO","link":"https:\/\/www.grieta.org.mx\/index.php\/category\/cintillo\/"},"img":{"alt_text":"","src":"https:\/\/i0.wp.com\/www.grieta.org.mx\/wp-content\/uploads\/2022\/08\/Feminicidios-e1659649098230.png?resize=350%2C200&ssl=1","width":350,"height":200,"srcset":"https:\/\/i0.wp.com\/www.grieta.org.mx\/wp-content\/uploads\/2022\/08\/Feminicidios-e1659649098230.png?resize=350%2C200&ssl=1 1x, https:\/\/i0.wp.com\/www.grieta.org.mx\/wp-content\/uploads\/2022\/08\/Feminicidios-e1659649098230.png?resize=525%2C300&ssl=1 1.5x, https:\/\/i0.wp.com\/www.grieta.org.mx\/wp-content\/uploads\/2022\/08\/Feminicidios-e1659649098230.png?resize=700%2C400&ssl=1 2x"},"classes":[]},{"id":56723,"url":"https:\/\/www.grieta.org.mx\/index.php\/2021\/02\/01\/concluyo-enero-con-cuatro-mujeres-asesinadas-y-12-desaparecidas-en-quintana-roo-red-feminista\/","url_meta":{"origin":67813,"position":1},"title":"Concluy\u00f3 enero con cuatro mujeres asesinadas y 12 desaparecidas en Quintana Roo: Red Feminista","author":"grieta","date":"1 febrero, 2021","format":false,"excerpt":"Adriana Varillas \/ Estamos Aqu\u00ed Canc\u00fan, Q. Roo, 1 de febrero.- Enero cerr\u00f3 con el asesinato de cuatro mujeres y la desaparici\u00f3n de 12, 11 de ellas, adolescentes y una mujer de 39 a\u00f1os, inform\u00f3 la Red Feminista Quintanarroense (RFQ), al exigir el esclarecimiento de los cr\u00edmenes, la b\u00fasqueda de\u2026","rel":"","context":"En &quot;CINTILLO&quot;","block_context":{"text":"CINTILLO","link":"https:\/\/www.grieta.org.mx\/index.php\/category\/cintillo\/"},"img":{"alt_text":"","src":"https:\/\/i0.wp.com\/www.grieta.org.mx\/wp-content\/uploads\/2021\/02\/FeministasQRoo-e1612462175766.png?resize=350%2C200&ssl=1","width":350,"height":200,"srcset":"https:\/\/i0.wp.com\/www.grieta.org.mx\/wp-content\/uploads\/2021\/02\/FeministasQRoo-e1612462175766.png?resize=350%2C200&ssl=1 1x, https:\/\/i0.wp.com\/www.grieta.org.mx\/wp-content\/uploads\/2021\/02\/FeministasQRoo-e1612462175766.png?resize=525%2C300&ssl=1 1.5x, https:\/\/i0.wp.com\/www.grieta.org.mx\/wp-content\/uploads\/2021\/02\/FeministasQRoo-e1612462175766.png?resize=700%2C400&ssl=1 2x"},"classes":[]},{"id":71282,"url":"https:\/\/www.grieta.org.mx\/index.php\/2025\/03\/08\/marchan-por-el-8m-alrededor-de-5-mil-mujeres-en-cancun-exigen-fin-a-la-violencia-de-genero-quintana-roo\/","url_meta":{"origin":67813,"position":2},"title":"Marchan por el 8M alrededor de 5 mil mujeres en Canc\u00fan; exigen fin a la violencia de g\u00e9nero (Quintana Roo)","author":"grieta","date":"8 marzo, 2025","format":false,"excerpt":"Noticaribe CANC\u00daN, MX.- Alrededor de cinco mil mujeres marchan esta tarde en el centro de la ciudad, por el D\u00eda Internacional de la Mujer, para exigir el fin a la violencia de g\u00e9nero y denunciar negligencia por parte de las autoridades. Las manifestantes salieron del Malec\u00f3n Tajamar, para despu\u00e9s avanzar\u2026","rel":"","context":"En &quot;CINTILLO&quot;","block_context":{"text":"CINTILLO","link":"https:\/\/www.grieta.org.mx\/index.php\/category\/cintillo\/"},"img":{"alt_text":"","src":"https:\/\/i0.wp.com\/www.grieta.org.mx\/wp-content\/uploads\/2025\/03\/8mCancun-e1741915699809.jpg?resize=350%2C200&ssl=1","width":350,"height":200,"srcset":"https:\/\/i0.wp.com\/www.grieta.org.mx\/wp-content\/uploads\/2025\/03\/8mCancun-e1741915699809.jpg?resize=350%2C200&ssl=1 1x, https:\/\/i0.wp.com\/www.grieta.org.mx\/wp-content\/uploads\/2025\/03\/8mCancun-e1741915699809.jpg?resize=525%2C300&ssl=1 1.5x, https:\/\/i0.wp.com\/www.grieta.org.mx\/wp-content\/uploads\/2025\/03\/8mCancun-e1741915699809.jpg?resize=700%2C400&ssl=1 2x"},"classes":[]},{"id":66130,"url":"https:\/\/www.grieta.org.mx\/index.php\/2023\/01\/24\/revela-informe-sombra-de-siempre-unidas-52-feminicidios-y-no-14-en-quintana-roo-al-cierre-del-2022\/","url_meta":{"origin":67813,"position":3},"title":"Revela Informe Sombra de \u201cSiempre Unidas\u201d, 52 feminicidios y no 14, en Quintana Roo, al cierre del 2022","author":"grieta","date":"24 enero, 2023","format":false,"excerpt":"Adriana Varillas \/ Estamos Aqu\u00ed.MX 24 de enero\/ Canc\u00fan, Q. Roo.- Pese a las acciones, reformas legislativas, campa\u00f1as y programas gubernamentales aplicados desde 2017 a prop\u00f3sito de la declaraci\u00f3n de Alerta de Violencia de G\u00e9nero (AVG), Quintana Roo se mantiene como una de las entidades m\u00e1s peligrosas para las mujeres,\u2026","rel":"","context":"En &quot;CINTILLO&quot;","block_context":{"text":"CINTILLO","link":"https:\/\/www.grieta.org.mx\/index.php\/category\/cintillo\/"},"img":{"alt_text":"","src":"https:\/\/i0.wp.com\/www.grieta.org.mx\/wp-content\/uploads\/2023\/01\/Sombra.jpg?resize=350%2C200&ssl=1","width":350,"height":200},"classes":[]},{"id":50621,"url":"https:\/\/www.grieta.org.mx\/index.php\/2020\/05\/20\/la-pandemia-de-mano-de-la-violencia-intrafamiliar-quintana-roo\/","url_meta":{"origin":67813,"position":4},"title":"La pandemia de mano de la violencia intrafamiliar (Quintana Roo)","author":"grieta","date":"20 mayo, 2020","format":false,"excerpt":"RUB\u00c9N TORRES \/ Luces del Siglo Violencia intrafamiliar; supera los mil 770 que tiene Yucat\u00e1n y los mil 800 de Campeche CANC\u00daN, Q. ROO.- La letalidad del Covid-19 va de la mano con el incremento de 23 por ciento de las llamadas de auxilio al 911, sobre violencia familiar en\u2026","rel":"","context":"En &quot;CINTILLO&quot;","block_context":{"text":"CINTILLO","link":"https:\/\/www.grieta.org.mx\/index.php\/category\/cintillo\/"},"img":{"alt_text":"","src":"https:\/\/i0.wp.com\/www.grieta.org.mx\/wp-content\/uploads\/2020\/06\/4A-N2-LLAMADAS-AUXILIO.jpeg?resize=350%2C200&ssl=1","width":350,"height":200,"srcset":"https:\/\/i0.wp.com\/www.grieta.org.mx\/wp-content\/uploads\/2020\/06\/4A-N2-LLAMADAS-AUXILIO.jpeg?resize=350%2C200&ssl=1 1x, https:\/\/i0.wp.com\/www.grieta.org.mx\/wp-content\/uploads\/2020\/06\/4A-N2-LLAMADAS-AUXILIO.jpeg?resize=525%2C300&ssl=1 1.5x"},"classes":[]},{"id":45986,"url":"https:\/\/www.grieta.org.mx\/index.php\/2020\/03\/08\/somos-la-voz-de-las-que-no-estan-marchan-al-menos-mil-500-mujeres-en-playa-del-carmen-contra-la-violencia-de-genero\/","url_meta":{"origin":67813,"position":5},"title":"\u201cSomos la voz de las que no est\u00e1n\u201d: Marchan al menos mil 500 mujeres en Playa del Carmen contra la violencia de g\u00e9nero","author":"grieta","date":"8 marzo, 2020","format":false,"excerpt":"Noticaribe PLAYA DEL CARMEN, MX.- Un contingente de al menos mil 500 mujeres, marcharon a lo largo de la Quinta Avenida, hasta llegar a la Plaza 28 de Julio, donde, frente al Palacio Municipal, familiares de v\u00edctimas de violencia contaron sus experiencias y exigieron un cese a las agresiones de\u2026","rel":"","context":"En &quot;CINTILLO&quot;","block_context":{"text":"CINTILLO","link":"https:\/\/www.grieta.org.mx\/index.php\/category\/cintillo\/"},"img":{"alt_text":"","src":"https:\/\/i0.wp.com\/www.grieta.org.mx\/wp-content\/uploads\/2020\/03\/MujeresPlayaDelCarmen8Mzo.png?resize=350%2C200&ssl=1","width":350,"height":200,"srcset":"https:\/\/i0.wp.com\/www.grieta.org.mx\/wp-content\/uploads\/2020\/03\/MujeresPlayaDelCarmen8Mzo.png?resize=350%2C200&ssl=1 1x, https:\/\/i0.wp.com\/www.grieta.org.mx\/wp-content\/uploads\/2020\/03\/MujeresPlayaDelCarmen8Mzo.png?resize=525%2C300&ssl=1 1.5x, https:\/\/i0.wp.com\/www.grieta.org.mx\/wp-content\/uploads\/2020\/03\/MujeresPlayaDelCarmen8Mzo.png?resize=700%2C400&ssl=1 2x"},"classes":[]}],"_links":{"self":[{"href":"https:\/\/www.grieta.org.mx\/index.php\/wp-json\/wp\/v2\/posts\/67813","targetHints":{"allow":["GET"]}}],"collection":[{"href":"https:\/\/www.grieta.org.mx\/index.php\/wp-json\/wp\/v2\/posts"}],"about":[{"href":"https:\/\/www.grieta.org.mx\/index.php\/wp-json\/wp\/v2\/types\/post"}],"author":[{"embeddable":true,"href":"https:\/\/www.grieta.org.mx\/index.php\/wp-json\/wp\/v2\/users\/2"}],"replies":[{"embeddable":true,"href":"https:\/\/www.grieta.org.mx\/index.php\/wp-json\/wp\/v2\/comments?post=67813"}],"version-history":[{"count":1,"href":"https:\/\/www.grieta.org.mx\/index.php\/wp-json\/wp\/v2\/posts\/67813\/revisions"}],"predecessor-version":[{"id":67815,"href":"https:\/\/www.grieta.org.mx\/index.php\/wp-json\/wp\/v2\/posts\/67813\/revisions\/67815"}],"wp:featuredmedia":[{"embeddable":true,"href":"https:\/\/www.grieta.org.mx\/index.php\/wp-json\/wp\/v2\/media\/67814"}],"wp:attachment":[{"href":"https:\/\/www.grieta.org.mx\/index.php\/wp-json\/wp\/v2\/media?parent=67813"}],"wp:term":[{"taxonomy":"category","embeddable":true,"href":"https:\/\/www.grieta.org.mx\/index.php\/wp-json\/wp\/v2\/categories?post=67813"},{"taxonomy":"post_tag","embeddable":true,"href":"https:\/\/www.grieta.org.mx\/index.php\/wp-json\/wp\/v2\/tags?post=67813"}],"curies":[{"name":"wp","href":"https:\/\/api.w.org\/{rel}","templated":true}]}}