{"id":67747,"date":"2023-09-14T13:05:36","date_gmt":"2023-09-14T19:05:36","guid":{"rendered":"https:\/\/www.grieta.org.mx\/?p=67747"},"modified":"2023-09-17T13:10:37","modified_gmt":"2023-09-17T19:10:37","slug":"nayarit-colectivos-de-familiares-de-desaparecidos-temen-represalias-tras-liberacion-de-fiscal","status":"publish","type":"post","link":"https:\/\/www.grieta.org.mx\/index.php\/2023\/09\/14\/nayarit-colectivos-de-familiares-de-desaparecidos-temen-represalias-tras-liberacion-de-fiscal\/","title":{"rendered":"Nayarit: Colectivos de familiares de desaparecidos temen represalias tras liberaci\u00f3n de fiscal"},"content":{"rendered":"<p>Imagen: Crys Ben\u00edtez<\/p>\n<p>Crys Ben\u00edtez \/ El Occidental<\/p>\n<p>TEPIC, Nayarit (OEM-Informex).- A ra\u00edz de que el juez de control ordenara la liberaci\u00f3n de la fiscal de Desaparecidos de la Fiscal\u00eda General del Estado, quien fue detenida el pasado jueves en las instalaciones de la dependencia,\u00a0<b>los colectivos temen represalias<\/b>\u00a0en su contra.<\/p>\n<p>As\u00ed lo manifest\u00f3 la fundadora del colectivo &#8220;Guerreras en Busca de Nuestros Tesoros&#8221;, Virginia Garay Casas, quien explic\u00f3 que se encuentran preocupados por la resoluci\u00f3n del juez al dejar en libertad a la funcionaria y dem\u00e1s se\u00f1alados, supuestamente por falta de pruebas, pues las asociaciones con esta determinaci\u00f3n, ahora resultan que quedaron como mentirosos.<\/p>\n<p>Durante la audiencia que tuvo una duraci\u00f3n de 10 horas aproximadamente, estuvieron en la defensa de la fiscal cinco abogados que al parecer, seg\u00fan una denuncia an\u00f3nima, est\u00e1n siendo sufragados por los mismos ministerio p\u00fablicos a quienes les descontaron de su salario.<\/p>\n<p>Decepcionados de la justicia, es como dice que se sienten las asociaciones, porque cuando creen que han dado un paso importante hacia adelante de nada retroceden 10, por lo que dudan que en verdad el gobierno, tenga intenciones de trabajar para esclarecer las cientos de desapariciones forzadas en Nayarit.<\/p>\n<p>Para concluir, Virginia Garay Casas, quien tambi\u00e9n es miembro del Consejo Nacional Ciudadano del Sistema de Busquedas de Personas Desaparecidas, a\u00f1adi\u00f3 que podr\u00edan haber mucha m\u00e1s dilaci\u00f3n en los asuntos, pues en este momento creen que la Fiscal\u00eda se dedicar\u00e1 a limpiar su nombre a toda costa, dejando de lado su obligaci\u00f3n de trabajar en este tema.<\/p>\n<p><a href=\"https:\/\/www.eloccidental.com.mx\/local\/nayarit-colectivos-de-familiares-de-desaparecidos-temen-represalias-tras-liberacion-de-fiscal-10696219.html\">https:\/\/www.eloccidental.com.mx\/local\/nayarit-colectivos-de-familiares-de-desaparecidos-temen-represalias-tras-liberacion-de-fiscal-10696219.html<\/a><\/p>\n","protected":false},"excerpt":{"rendered":"<p>Imagen: Crys Ben\u00edtez Crys Ben\u00edtez \/ El Occidental TEPIC, Nayarit (OEM-Informex).- A ra\u00edz de que el juez de control ordenara la liberaci\u00f3n de la fiscal de Desaparecidos de la Fiscal\u00eda &hellip; <a href=\"https:\/\/www.grieta.org.mx\/index.php\/2023\/09\/14\/nayarit-colectivos-de-familiares-de-desaparecidos-temen-represalias-tras-liberacion-de-fiscal\/\" class=\"more-link\">Leer m\u00e1s<\/a><\/p>\n","protected":false},"author":2,"featured_media":67748,"comment_status":"closed","ping_status":"closed","sticky":false,"template":"","format":"standard","meta":{"ngg_post_thumbnail":0,"_jetpack_newsletter_access":"","_jetpack_dont_email_post_to_subs":false,"_jetpack_newsletter_tier_id":0,"_jetpack_memberships_contains_paywalled_content":false,"_jetpack_memberships_contains_paid_content":false,"footnotes":""},"categories":[80,87,2267,23,2,83],"tags":[4005,2860,3018,121,1668,3660,249,3975,3793],"class_list":["post-67747","post","type-post","status-publish","format-standard","has-post-thumbnail","hentry","category-cintillo","category-desaparecidos","category-desaparecidos-en-nayarit","category-nayarit","category-noticias-nacionales","category-temas-nacionales","tag-agresiones-a-defensores-y-activistas","tag-amenazas-contra-activistas","tag-colectivos-de-busqueda-de-desaparecidos","tag-desaparecidos","tag-familiares-de-desaparecidos","tag-fiscalia","tag-hostigamiento","tag-madres-de-desaparecidos","tag-represion-contra-familiares-de-desaparecidos","entry"],"jetpack_featured_media_url":"https:\/\/www.grieta.org.mx\/wp-content\/uploads\/2023\/09\/Foto.-Por-Crys-Benitez.jpeg","jetpack_sharing_enabled":true,"jetpack_shortlink":"https:\/\/wp.me\/p7ZJR4-hCH","jetpack_likes_enabled":false,"jetpack-related-posts":[{"id":67094,"url":"https:\/\/www.grieta.org.mx\/index.php\/2023\/05\/10\/nayarit-activistas-temen-por-su-vida-tras-la-busqueda-de-desaparecidos\/","url_meta":{"origin":67747,"position":0},"title":"Nayarit: Activistas temen por su vida tras la b\u00fasqueda de desaparecidos","author":"grieta","date":"10 mayo, 2023","format":false,"excerpt":"Imagen: Familias Unidas Por Nayarit 21 activistas buscadores han sido asesinados del 2010 a la fecha Crys Ben\u00edtez \/ El Occodental TEPIC, Nayarit (OEM-Informex).- Del 2010 a la fecha al menos\u00a021 activistas buscadores han sido asesinados, tan solo en el 2022 a cinco madres les han quitado la vida. A\u2026","rel":"","context":"En &quot;CINTILLO&quot;","block_context":{"text":"CINTILLO","link":"https:\/\/www.grieta.org.mx\/index.php\/category\/cintillo\/"},"img":{"alt_text":"","src":"https:\/\/i0.wp.com\/www.grieta.org.mx\/wp-content\/uploads\/2023\/06\/WhatsApp-Image-2023-05-10-at-3.00.29-PM.jpeg?resize=350%2C200&ssl=1","width":350,"height":200,"srcset":"https:\/\/i0.wp.com\/www.grieta.org.mx\/wp-content\/uploads\/2023\/06\/WhatsApp-Image-2023-05-10-at-3.00.29-PM.jpeg?resize=350%2C200&ssl=1 1x, https:\/\/i0.wp.com\/www.grieta.org.mx\/wp-content\/uploads\/2023\/06\/WhatsApp-Image-2023-05-10-at-3.00.29-PM.jpeg?resize=525%2C300&ssl=1 1.5x, https:\/\/i0.wp.com\/www.grieta.org.mx\/wp-content\/uploads\/2023\/06\/WhatsApp-Image-2023-05-10-at-3.00.29-PM.jpeg?resize=700%2C400&ssl=1 2x"},"classes":[]},{"id":62698,"url":"https:\/\/www.grieta.org.mx\/index.php\/2021\/11\/19\/en-reunion-con-comite-de-la-onu-colectivos-de-familiares-desaparecidos-revelan-deficiencias-estatal-y-nacional-nayarit\/","url_meta":{"origin":67747,"position":1},"title":"En reuni\u00f3n con Comit\u00e9 de la ONU colectivos de familiares desaparecidos revelan deficiencias estatal y nacional (Nayarit)","author":"grieta","date":"19 noviembre, 2021","format":false,"excerpt":"Foto: El Occidental Crys Ben\u00edtez \/ El Occidental Integrantes del Comit\u00e9 Contra las Desaparici\u00f3n Forzada de la Organizaci\u00f3n de las Naciones Unidades (ONU), sostuvieron una reuni\u00f3n con la Comisi\u00f3n de la Verdad, as\u00ed como con diversos colectivos de familiares desaparecidos. El objetivo fue conocer la situaci\u00f3n que se guarda en\u2026","rel":"","context":"En &quot;CINTILLO&quot;","block_context":{"text":"CINTILLO","link":"https:\/\/www.grieta.org.mx\/index.php\/category\/cintillo\/"},"img":{"alt_text":"","src":"https:\/\/i0.wp.com\/www.grieta.org.mx\/wp-content\/uploads\/2021\/11\/Vocera-del-colectivo.jpg?resize=350%2C200&ssl=1","width":350,"height":200,"srcset":"https:\/\/i0.wp.com\/www.grieta.org.mx\/wp-content\/uploads\/2021\/11\/Vocera-del-colectivo.jpg?resize=350%2C200&ssl=1 1x, https:\/\/i0.wp.com\/www.grieta.org.mx\/wp-content\/uploads\/2021\/11\/Vocera-del-colectivo.jpg?resize=525%2C300&ssl=1 1.5x, https:\/\/i0.wp.com\/www.grieta.org.mx\/wp-content\/uploads\/2021\/11\/Vocera-del-colectivo.jpg?resize=700%2C400&ssl=1 2x"},"classes":[]},{"id":71500,"url":"https:\/\/www.grieta.org.mx\/index.php\/2025\/03\/15\/colectivos-nayaritas-de-busqueda-se-unen-a-luto-nacional-por-las-victimas-de-teuchitlan-nayarit\/","url_meta":{"origin":67747,"position":2},"title":"Colectivos nayaritas de b\u00fasqueda se unen a luto nacional por las v\u00edctimas de Teuchitl\u00e1n (Nayarit)","author":"grieta","date":"15 marzo, 2025","format":false,"excerpt":"Imagen: Crys Ben\u00edtez \/ El Occidental Tepic, Nayarit (OEM-Informex).- Colectivos de familiares desaparecidos se reunieron este s\u00e1bado por la tarde frente a Palacio de Gobierno, para unirse al luto nacional por el rancho de reclutamiento y exterminio encontrado en Teuchitl\u00e1n, Jalisco. Las organizaciones de b\u00fasqueda, confirmaron que esta actividad es\u2026","rel":"","context":"En &quot;CINTILLO&quot;","block_context":{"text":"CINTILLO","link":"https:\/\/www.grieta.org.mx\/index.php\/category\/cintillo\/"},"img":{"alt_text":"","src":"https:\/\/i0.wp.com\/www.grieta.org.mx\/wp-content\/uploads\/2025\/03\/Colectivos-Nayarit.webp?resize=350%2C200&ssl=1","width":350,"height":200,"srcset":"https:\/\/i0.wp.com\/www.grieta.org.mx\/wp-content\/uploads\/2025\/03\/Colectivos-Nayarit.webp?resize=350%2C200&ssl=1 1x, https:\/\/i0.wp.com\/www.grieta.org.mx\/wp-content\/uploads\/2025\/03\/Colectivos-Nayarit.webp?resize=525%2C300&ssl=1 1.5x, https:\/\/i0.wp.com\/www.grieta.org.mx\/wp-content\/uploads\/2025\/03\/Colectivos-Nayarit.webp?resize=700%2C400&ssl=1 2x, https:\/\/i0.wp.com\/www.grieta.org.mx\/wp-content\/uploads\/2025\/03\/Colectivos-Nayarit.webp?resize=1050%2C600&ssl=1 3x"},"classes":[]},{"id":51324,"url":"https:\/\/www.grieta.org.mx\/index.php\/2020\/06\/22\/realiza-colectivo-la-iii-marcha-por-la-dignidad-de-todos-los-desaparecidos-nayarit\/","url_meta":{"origin":67747,"position":3},"title":"Realiza colectivo la  &#8220;III Marcha por la Dignidad de Todos los Desaparecidos&#8221; (Nayarit)","author":"grieta","date":"22 junio, 2020","format":false,"excerpt":"Foto: Crys Ben\u00edtez Este colectivo se ha dedicado a la b\u00fasqueda de fosas clandestinas, desde que el Gobierno de Sandoval termin\u00f3 su periodo Crys Ben\u00edtez \/ El Occidental Tepic, Nayarit.-Este lunes por la ma\u00f1ana el colectivo \"Familias Unidas por Nayarit\" llevaron a cabo la \"III Marcha por la Dignidad de\u2026","rel":"","context":"En &quot;CINTILLO&quot;","block_context":{"text":"CINTILLO","link":"https:\/\/www.grieta.org.mx\/index.php\/category\/cintillo\/"},"img":{"alt_text":"","src":"https:\/\/i0.wp.com\/www.grieta.org.mx\/wp-content\/uploads\/2020\/06\/Marcha-Nayarit.jpg?resize=350%2C200&ssl=1","width":350,"height":200,"srcset":"https:\/\/i0.wp.com\/www.grieta.org.mx\/wp-content\/uploads\/2020\/06\/Marcha-Nayarit.jpg?resize=350%2C200&ssl=1 1x, https:\/\/i0.wp.com\/www.grieta.org.mx\/wp-content\/uploads\/2020\/06\/Marcha-Nayarit.jpg?resize=525%2C300&ssl=1 1.5x, https:\/\/i0.wp.com\/www.grieta.org.mx\/wp-content\/uploads\/2020\/06\/Marcha-Nayarit.jpg?resize=700%2C400&ssl=1 2x"},"classes":[]},{"id":52865,"url":"https:\/\/www.grieta.org.mx\/index.php\/2020\/08\/25\/denuncian-ante-la-onu-encubrimiento-y-pasividad-de-la-fiscalia-en-la-busqueda-de-desaparecidos-en-nayarit\/","url_meta":{"origin":67747,"position":4},"title":"Denuncian ante la ONU encubrimiento y pasividad de la Fiscal\u00eda en la b\u00fasqueda de desaparecidos en Nayarit","author":"grieta","date":"25 agosto, 2020","format":false,"excerpt":"Foto: Cuartoscuro Crys Benitez \/ El Occidental TEPIC, Nayarit (OEM-Informex).- Debido a la falta de acciones por parte de la Fiscal\u00eda General del Estado, para investigar los casos de desapariciones forzadas que se presentaron principalmente durante el mando del ex fiscal Edgar Veytia, quien presuntamente sosten\u00eda v\u00ednculos con el crimen\u2026","rel":"","context":"En &quot;CINTILLO&quot;","block_context":{"text":"CINTILLO","link":"https:\/\/www.grieta.org.mx\/index.php\/category\/cintillo\/"},"img":{"alt_text":"","src":"https:\/\/i0.wp.com\/www.grieta.org.mx\/wp-content\/uploads\/2020\/08\/Desaparecidos.jpeg?resize=350%2C200&ssl=1","width":350,"height":200,"srcset":"https:\/\/i0.wp.com\/www.grieta.org.mx\/wp-content\/uploads\/2020\/08\/Desaparecidos.jpeg?resize=350%2C200&ssl=1 1x, https:\/\/i0.wp.com\/www.grieta.org.mx\/wp-content\/uploads\/2020\/08\/Desaparecidos.jpeg?resize=525%2C300&ssl=1 1.5x, https:\/\/i0.wp.com\/www.grieta.org.mx\/wp-content\/uploads\/2020\/08\/Desaparecidos.jpeg?resize=700%2C400&ssl=1 2x"},"classes":[]},{"id":59349,"url":"https:\/\/www.grieta.org.mx\/index.php\/2021\/05\/08\/con-marcha-exigen-a-autoridades-avances-en-la-investigacion-por-desaparicion-de-wendy-nayarit\/","url_meta":{"origin":67747,"position":5},"title":"Con marcha exigen a autoridades avances en la investigaci\u00f3n por desaparici\u00f3n de Wendy (Nayarit)","author":"grieta","date":"8 mayo, 2021","format":false,"excerpt":"Foto: Crys Ben\u00edtez Crys Ben\u00edtez\/ El Occidental TEPIC, Nayarit (OEM-Informex).-Este s\u00e1bado por la tarde se llev\u00f3 a cabo una marcha desde la avenida Las Palmas hasta el Centro de Justicia para la Mujer, ubicada en Bucer\u00edas, municipio de Bah\u00eda de Banderas con el objetivo de exigir a las autoridades resultados\u2026","rel":"","context":"En &quot;CINTILLO&quot;","block_context":{"text":"CINTILLO","link":"https:\/\/www.grieta.org.mx\/index.php\/category\/cintillo\/"},"img":{"alt_text":"","src":"https:\/\/i0.wp.com\/www.grieta.org.mx\/wp-content\/uploads\/2021\/05\/Marcha-por-Wendy-e1620592686420.jpg?resize=350%2C200&ssl=1","width":350,"height":200,"srcset":"https:\/\/i0.wp.com\/www.grieta.org.mx\/wp-content\/uploads\/2021\/05\/Marcha-por-Wendy-e1620592686420.jpg?resize=350%2C200&ssl=1 1x, https:\/\/i0.wp.com\/www.grieta.org.mx\/wp-content\/uploads\/2021\/05\/Marcha-por-Wendy-e1620592686420.jpg?resize=525%2C300&ssl=1 1.5x, https:\/\/i0.wp.com\/www.grieta.org.mx\/wp-content\/uploads\/2021\/05\/Marcha-por-Wendy-e1620592686420.jpg?resize=700%2C400&ssl=1 2x"},"classes":[]}],"_links":{"self":[{"href":"https:\/\/www.grieta.org.mx\/index.php\/wp-json\/wp\/v2\/posts\/67747","targetHints":{"allow":["GET"]}}],"collection":[{"href":"https:\/\/www.grieta.org.mx\/index.php\/wp-json\/wp\/v2\/posts"}],"about":[{"href":"https:\/\/www.grieta.org.mx\/index.php\/wp-json\/wp\/v2\/types\/post"}],"author":[{"embeddable":true,"href":"https:\/\/www.grieta.org.mx\/index.php\/wp-json\/wp\/v2\/users\/2"}],"replies":[{"embeddable":true,"href":"https:\/\/www.grieta.org.mx\/index.php\/wp-json\/wp\/v2\/comments?post=67747"}],"version-history":[{"count":1,"href":"https:\/\/www.grieta.org.mx\/index.php\/wp-json\/wp\/v2\/posts\/67747\/revisions"}],"predecessor-version":[{"id":67752,"href":"https:\/\/www.grieta.org.mx\/index.php\/wp-json\/wp\/v2\/posts\/67747\/revisions\/67752"}],"wp:featuredmedia":[{"embeddable":true,"href":"https:\/\/www.grieta.org.mx\/index.php\/wp-json\/wp\/v2\/media\/67748"}],"wp:attachment":[{"href":"https:\/\/www.grieta.org.mx\/index.php\/wp-json\/wp\/v2\/media?parent=67747"}],"wp:term":[{"taxonomy":"category","embeddable":true,"href":"https:\/\/www.grieta.org.mx\/index.php\/wp-json\/wp\/v2\/categories?post=67747"},{"taxonomy":"post_tag","embeddable":true,"href":"https:\/\/www.grieta.org.mx\/index.php\/wp-json\/wp\/v2\/tags?post=67747"}],"curies":[{"name":"wp","href":"https:\/\/api.w.org\/{rel}","templated":true}]}}