{"id":67729,"date":"2023-09-15T12:06:12","date_gmt":"2023-09-15T18:06:12","guid":{"rendered":"https:\/\/www.grieta.org.mx\/?p=67729"},"modified":"2023-09-15T12:06:12","modified_gmt":"2023-09-15T18:06:12","slug":"grave-contaminacion-en-celestun-keken-destruye-unica-fuente-de-agua-potable-yucatan","status":"publish","type":"post","link":"https:\/\/www.grieta.org.mx\/index.php\/2023\/09\/15\/grave-contaminacion-en-celestun-keken-destruye-unica-fuente-de-agua-potable-yucatan\/","title":{"rendered":"Grave contaminaci\u00f3n en Celest\u00fan: Kek\u00e9n destruye \u00fanica fuente de agua potable (Yucat\u00e1n)"},"content":{"rendered":"<p>Rub\u00e9n Dar\u00edo Hau \/ Por Esto!<\/p>\n<p>Los da\u00f1os por contaminaci\u00f3n que propicia la granja del Grupo Porc\u00edcola Mexicano, operador de la marca Kek\u00e9n, ubicada en Kinchil, ya est\u00e1n llegando a Celest\u00fan: la autoridad municipal aument\u00f3 la cloraci\u00f3n del agua que consume la poblaci\u00f3n, advirti\u00f3 Alberto Rodr\u00edguez Pist\u00e9, portavoz del Consejo Maya del Poniente de Yucat\u00e1n.<\/p>\n<p>Este creciente da\u00f1o al recurso pone en riesgo la actividad econ\u00f3mica del 67 por ciento de la poblaci\u00f3n del puerto de la costa Poniente del Estado, que vive de la pesca y el turismo, a\u00f1adi\u00f3 el funcionario municipal. \u00c9l es uno de los directivos de la cooperativa que presta el servicio de recorrido por la r\u00eda. Actualmente, la actividad es baja, pues de 50 embarcaciones que tiene la cooperativa s\u00f3lo est\u00e1n funcionando 10 naves por d\u00eda.<\/p>\n<p>Dijo que el servicio que prestan es de calidad, con gente capacitada y preparada, cuya base est\u00e1 en el parador tur\u00edstico. El recorrido es por el mangle, la anidaci\u00f3n de flamingos, el ojo de agua, y en general, toda esta actividad tiene duraci\u00f3n de una hora a hora y media.<\/p>\n<p>POR ESTO! public\u00f3 ayer el recorrido que realiz\u00f3 junto con ejidatarios de Celest\u00fan, en el ojo de agua Sact\u00fan, donde el municipio se abastece de agua potable para toda la poblaci\u00f3n que alcanza a 13 mil habitantes. Esa es la \u00fanica fuente de agua para el consumo humano y que Kek\u00e9n pretend\u00eda afectar a trav\u00e9s de la expansi\u00f3n de su granja de Kinchil.<\/p>\n<p>Sin embargo, un magistrado agrario devolvi\u00f3 los derechos ejidales a 72 personas y de paso revirti\u00f3 la intenci\u00f3n de Kek\u00e9n de \u201carrebatarles\u201d 3 mil 500 hect\u00e1reas. Los planes de la empresa, seg\u00fan explicaron los ejidatarios, era expandir sus plantas hasta Celest\u00fan. <\/p>\n<p>En este contexto, Rodr\u00edguez Pist\u00e9 explic\u00f3 que el impacto por el da\u00f1o ecol\u00f3gico de Kek\u00e9n alcanza a toda la poblaci\u00f3n, tanto en su actividad econ\u00f3mica como en el agua que consumen. \u201cTodo este para\u00edso que tiene Celest\u00fan, que es motivo de visita de turistas todos los d\u00edas, de esta fauna impresionante y de la actividad que genera ingresos para las familias estar\u00eda en riesgo\u201d, reiter\u00f3.<\/p>\n<p>Adem\u00e1s de las dos cooperativas que operan en la r\u00eda, en la playa tambi\u00e9n est\u00e1 la \u201cPez Plata\u201d, que naci\u00f3 desde el 2011, y que tiene 10 socios, que trasladan a turistas a las ruinas herradura, salineras, mar-r\u00edo, t\u00fanel de manglares, ojo de agua y hasta ba\u00f1o, a precio de 400 pesos por persona.<\/p>\n<p>Alberto Rodr\u00edguez mencion\u00f3 que el grupo operador de Kek\u00e9n est\u00e1 arriesgando la salud y los empleos de los celestunenses, por la contaminaci\u00f3n del manto fre\u00e1tico, que est\u00e1 llegando poco a poco; la planta de Kinchil produce 90 mil toneladas de carne de exportaci\u00f3n anual y una grave contaminaci\u00f3n ambiental, pues aunque presuman de m\u00e9todos modernos para tratar el agua, los residuos se filtran y finalmente llegan a los mantos acu\u00edferos que desembocan al mar de Celest\u00fan, pasando primero por la r\u00eda, aseguran los afectados.<\/p>\n<p>Como publicamos esta semana, Kek\u00e9n, bajo enga\u00f1os, y con el apoyo de l\u00edderes ejidales, intentaron \u201carrebatar\u201d 3 mil 500 hect\u00e1reas, adjuntas a Kinchil. El Tribunal Unitario Agrario (TUA) dictamin\u00f3 sobre una controversia tras un proceso que dur\u00f3 cuatro a\u00f1os (expediente 253\/2020).<\/p>\n<p>Sin percatarse, hab\u00eda un \u201cacuerdo de confidencialidad\u201d que daba ventaja a los empresarios para adue\u00f1arse ya no s\u00f3lo de parte de la tierra, sino del agua de Celest\u00fan y con ello expandir su emporio hasta el puerto.<\/p>\n<p>Los anteriores l\u00edderes ejidales, entre ellos, Luz Alba Sol\u00eds Cohuo, aliada de Kek\u00e9n, orill\u00f3 a los comuneros a firmar hojas en blanco, para que recibieran un supuesto pago de da\u00f1os y perjuicios, por 12 mil pesos. El TUA detect\u00f3 el fraude y fren\u00f3 las intenciones de Kek\u00e9n. Aunque hay el temor que el proceso siga y recurra a amparos hasta llegar hasta la Suprema Corte del pa\u00eds.<\/p>\n<p>POR ESTO! ha dado cuenta del da\u00f1o que ha causado esta empresa en el anillo de Cenotes, en Hom\u00fan, y en Izamal, donde el caso se elev\u00f3 ante la Suprema Corte de Justicia de la Naci\u00f3n. Los derechos a la salud prevalecieron por encima del inter\u00e9s econ\u00f3mico del grupo empresarial.<\/p>\n<p>En el caso de Celest\u00fan se logr\u00f3 una victoria parcial, pues a\u00fan falta m\u00e1s procesos legales. De hecho, anunciaron que promover\u00e1n una contrademanda a Kek\u00e9n por las \u201ctriqui\u00f1uelas\u201d usadas para retirar los derechos a 72 ejidatarios y por intentar arrebatarles miles de hect\u00e1reas del ejido. <\/p>\n<p><a href=\"https:\/\/www.poresto.net\/yucatan\/2023\/9\/15\/grave-contaminacion-en-celestun-keken-destruye-unica-fuente-de-agua-potable-399740.html\" rel=\"noopener\" target=\"_blank\">https:\/\/www.poresto.net\/yucatan\/2023\/9\/15\/grave-contaminacion-en-celestun-keken-destruye-unica-fuente-de-agua-potable-399740.html<\/a><\/p>\n","protected":false},"excerpt":{"rendered":"<p>Rub\u00e9n Dar\u00edo Hau \/ Por Esto! Los da\u00f1os por contaminaci\u00f3n que propicia la granja del Grupo Porc\u00edcola Mexicano, operador de la marca Kek\u00e9n, ubicada en Kinchil, ya est\u00e1n llegando a &hellip; <a href=\"https:\/\/www.grieta.org.mx\/index.php\/2023\/09\/15\/grave-contaminacion-en-celestun-keken-destruye-unica-fuente-de-agua-potable-yucatan\/\" class=\"more-link\">Leer m\u00e1s<\/a><\/p>\n","protected":false},"author":2,"featured_media":67730,"comment_status":"closed","ping_status":"closed","sticky":false,"template":"","format":"standard","meta":{"ngg_post_thumbnail":0,"_jetpack_newsletter_access":"","_jetpack_dont_email_post_to_subs":false,"_jetpack_newsletter_tier_id":0,"_jetpack_memberships_contains_paywalled_content":false,"_jetpack_memberships_contains_paid_content":false,"footnotes":""},"categories":[42,80,914,3538,2943,1020,1023,3,922,952,2,83,36],"tags":[3820,4174,91,1644,3028,2465,1022,3785],"class_list":["post-67729","post","type-post","status-publish","format-standard","has-post-thumbnail","hentry","category-agroindustria","category-cintillo","category-privatizacion-del-agua","category-crisis-del-agua-en-yucatan","category-destruccion-y-contaminacion-ambiental-en-yucatan","category-granja-porcicola","category-lucha-contra-granja-porcicola","category-megaproyectos","category-megaproyectos-estados","category-mp-yucatan","category-noticias-nacionales","category-temas-nacionales","category-yucatan","tag-amparos","tag-celestun","tag-contaminacion-ambiental","tag-contaminacion-de-los-mares","tag-contaminacion-de-mantos-acuiferos","tag-despojo-de-territorios-indigenas","tag-granja-porcicola","tag-megagranja","entry"],"jetpack_featured_media_url":"https:\/\/www.grieta.org.mx\/wp-content\/uploads\/2023\/09\/Celestun-e1694800832794.jpg","jetpack_sharing_enabled":true,"jetpack_shortlink":"https:\/\/wp.me\/p7ZJR4-hCp","jetpack_likes_enabled":false,"jetpack-related-posts":[{"id":61361,"url":"https:\/\/www.grieta.org.mx\/index.php\/2021\/08\/22\/habitantes-de-celestun-yucatan-firmes-en-su-lucha-contra-granjas-porcicolas-de-keken\/","url_meta":{"origin":67729,"position":0},"title":"Habitantes de Celest\u00fan, Yucat\u00e1n, firmes en su lucha contra granjas porc\u00edcolas de Kek\u00e9n","author":"grieta","date":"22 agosto, 2021","format":false,"excerpt":"Edwin Farf\u00e1n Cervantes \/ PorEsto! El vocero del Consejo Maya del poniente Chikin Ja\u2019 Celest\u00fan, Alberto Rodr\u00edguez Pist\u00e9, lament\u00f3 no tener buenas noticias sobre la lucha del pueblo, pero asegur\u00f3 que en las pr\u00f3ximas semanas se volver\u00e1 a escuchar fuerte su demanda, pues en Celest\u00fan la poblaci\u00f3n si est\u00e1 preocupada\u2026","rel":"","context":"En &quot;Agroindustria&quot;","block_context":{"text":"Agroindustria","link":"https:\/\/www.grieta.org.mx\/index.php\/category\/megaproyectos\/agroindustria\/"},"img":{"alt_text":"","src":"https:\/\/i0.wp.com\/www.grieta.org.mx\/wp-content\/uploads\/2021\/08\/CelestunKeken-e1630266917439.png?resize=350%2C200&ssl=1","width":350,"height":200,"srcset":"https:\/\/i0.wp.com\/www.grieta.org.mx\/wp-content\/uploads\/2021\/08\/CelestunKeken-e1630266917439.png?resize=350%2C200&ssl=1 1x, https:\/\/i0.wp.com\/www.grieta.org.mx\/wp-content\/uploads\/2021\/08\/CelestunKeken-e1630266917439.png?resize=525%2C300&ssl=1 1.5x, https:\/\/i0.wp.com\/www.grieta.org.mx\/wp-content\/uploads\/2021\/08\/CelestunKeken-e1630266917439.png?resize=700%2C400&ssl=1 2x"},"classes":[]},{"id":69432,"url":"https:\/\/www.grieta.org.mx\/index.php\/2024\/08\/10\/granjas-de-keken-generan-plagas-de-gusanos-y-moscas-en-cultivos-de-yucatan\/","url_meta":{"origin":67729,"position":1},"title":"Granjas de Kek\u00e9n generan plagas de gusanos y moscas en cultivos de Yucat\u00e1n","author":"grieta","date":"10 agosto, 2024","format":false,"excerpt":"William Casanova \/ Por Esto! Los desechos que generan las granjas de K\u00e9ken entre Kinchil y Celest\u00fan, provocaron que surgieran plagas en los cultivos A casi dos semanas de la contaminaci\u00f3n de una vasta zona entre Kinchil y Celest\u00fan por los lixiviados de las granjas industriales de cerdos que rebosan\u2026","rel":"","context":"En &quot;Agroindustria&quot;","block_context":{"text":"Agroindustria","link":"https:\/\/www.grieta.org.mx\/index.php\/category\/megaproyectos\/agroindustria\/"},"img":{"alt_text":"","src":"https:\/\/i0.wp.com\/www.grieta.org.mx\/wp-content\/uploads\/2024\/08\/Granjas-e1724115739423.jpg?resize=350%2C200&ssl=1","width":350,"height":200,"srcset":"https:\/\/i0.wp.com\/www.grieta.org.mx\/wp-content\/uploads\/2024\/08\/Granjas-e1724115739423.jpg?resize=350%2C200&ssl=1 1x, https:\/\/i0.wp.com\/www.grieta.org.mx\/wp-content\/uploads\/2024\/08\/Granjas-e1724115739423.jpg?resize=525%2C300&ssl=1 1.5x, https:\/\/i0.wp.com\/www.grieta.org.mx\/wp-content\/uploads\/2024\/08\/Granjas-e1724115739423.jpg?resize=700%2C400&ssl=1 2x"},"classes":[]},{"id":65111,"url":"https:\/\/www.grieta.org.mx\/index.php\/2022\/09\/01\/keken-estafo-a-pobladores-de-abala-para-construir-su-granja-porcicola-en-uayalceh-denuncian-yucatan\/","url_meta":{"origin":67729,"position":2},"title":"Kek\u00e9n &#8216;estaf\u00f3&#8217; a pobladores de Abal\u00e1 para construir su granja porc\u00edcola en Uayalceh, denuncian (Yucat\u00e1n)","author":"grieta","date":"1 septiembre, 2022","format":false,"excerpt":"Emilio Pellicer \/ Por Esto! Uayalceh es otra v\u00edctima de Kek\u00e9n, y la comisar\u00eda de Abal\u00e1 ya presenta una importante contaminaci\u00f3n en el agua que pone en riesgo grave de salud a sus habitantes, denunci\u00f3 Cuauht\u00e9moc Jacobo Femat, integrante del Consejo Ciudadano por el Agua de Yucat\u00e1n. El problema es\u2026","rel":"","context":"En &quot;Agroindustria&quot;","block_context":{"text":"Agroindustria","link":"https:\/\/www.grieta.org.mx\/index.php\/category\/megaproyectos\/agroindustria\/"},"img":{"alt_text":"","src":"https:\/\/i0.wp.com\/www.grieta.org.mx\/wp-content\/uploads\/2022\/09\/KekenEstafo-e1662741614519.png?resize=350%2C200&ssl=1","width":350,"height":200,"srcset":"https:\/\/i0.wp.com\/www.grieta.org.mx\/wp-content\/uploads\/2022\/09\/KekenEstafo-e1662741614519.png?resize=350%2C200&ssl=1 1x, https:\/\/i0.wp.com\/www.grieta.org.mx\/wp-content\/uploads\/2022\/09\/KekenEstafo-e1662741614519.png?resize=525%2C300&ssl=1 1.5x, https:\/\/i0.wp.com\/www.grieta.org.mx\/wp-content\/uploads\/2022\/09\/KekenEstafo-e1662741614519.png?resize=700%2C400&ssl=1 2x"},"classes":[]},{"id":64282,"url":"https:\/\/www.grieta.org.mx\/index.php\/2022\/05\/17\/habitantes-de-sitilpech-exigen-cerrar-granjas-porcicolas-en-yucatan-afuera-del-poder-judicial\/","url_meta":{"origin":67729,"position":3},"title":"Habitantes de Sitilpech exigen cerrar granjas porc\u00edcolas en Yucat\u00e1n afuera del Poder Judicial","author":"grieta","date":"17 mayo, 2022","format":false,"excerpt":"Ruben Dar\u00edo Hau \/ Por Esto! Habitantes de Sitilpech, comisar\u00eda de Izamal, se manifiestan frente a la sede del Poder Judicial de la Federal, en M\u00e9rida, para insistir en que el Juez Primero de Distrito conceda la suspensi\u00f3n definitiva de la granja porc\u00edcola, Kancabch\u00e9n II, aparcera de Kek\u00e9n. El pasado\u2026","rel":"","context":"En &quot;16. Pueblo Maya&quot;","block_context":{"text":"16. Pueblo Maya","link":"https:\/\/www.grieta.org.mx\/index.php\/category\/espejos-de-la-resistencia\/16-pueblo-maya\/"},"img":{"alt_text":"","src":"https:\/\/i0.wp.com\/www.grieta.org.mx\/wp-content\/uploads\/2022\/05\/Sitilpech-e1653577169242.png?resize=350%2C200&ssl=1","width":350,"height":200,"srcset":"https:\/\/i0.wp.com\/www.grieta.org.mx\/wp-content\/uploads\/2022\/05\/Sitilpech-e1653577169242.png?resize=350%2C200&ssl=1 1x, https:\/\/i0.wp.com\/www.grieta.org.mx\/wp-content\/uploads\/2022\/05\/Sitilpech-e1653577169242.png?resize=525%2C300&ssl=1 1.5x, https:\/\/i0.wp.com\/www.grieta.org.mx\/wp-content\/uploads\/2022\/05\/Sitilpech-e1653577169242.png?resize=700%2C400&ssl=1 2x"},"classes":[]},{"id":60702,"url":"https:\/\/www.grieta.org.mx\/index.php\/2021\/07\/19\/demandan-a-otra-megagranja-de-cerdos-contamina-a-sitilpech-yucatan\/","url_meta":{"origin":67729,"position":4},"title":"Demandan a otra megagranja de cerdos: Contamina a Sitilpech  (Yucat\u00e1n)","author":"grieta","date":"19 julio, 2021","format":false,"excerpt":"Claudia Arriaga \/ Haz Ruido La granja porc\u00edcola \u201cKancabchen II\u201d opera desde hace dos a\u00f1os y al estar casi a 700 metros de distancia de la comisar\u00eda, la poblaci\u00f3n percibe malos olores y le preocupa la contaminaci\u00f3n de los pozos y cenotes de donde obtienen agua. M\u00e9rida, Yucat\u00e1n, 16 de\u2026","rel":"","context":"En &quot;Agroindustria&quot;","block_context":{"text":"Agroindustria","link":"https:\/\/www.grieta.org.mx\/index.php\/category\/megaproyectos\/agroindustria\/"},"img":{"alt_text":"","src":"","width":0,"height":0},"classes":[]},{"id":61314,"url":"https:\/\/www.grieta.org.mx\/index.php\/2021\/06\/19\/yucatan-keken-disfraza-monopolio-de-granjas-porcicolas-en-pequenos-criaderos\/","url_meta":{"origin":67729,"position":5},"title":"Yucat\u00e1n: Kek\u00e9n disfraza monopolio de granjas porc\u00edcolas en peque\u00f1os criaderos","author":"grieta","date":"19 junio, 2021","format":false,"excerpt":"Leandro Chac\u00f3n \/ PorEsto! Con tal de no mostrar el impacto ambiental que produce la porcicultura en el Estado de Yucat\u00e1n, Grupo Porc\u00edcola Mexicano ha creado un modelo de negocio en el que no cuenta con muchas granjas de cerdos con su nombre comercial, as\u00ed lo revel\u00f3 Alexia Dosal Audirac,\u2026","rel":"","context":"En &quot;Agroindustria&quot;","block_context":{"text":"Agroindustria","link":"https:\/\/www.grieta.org.mx\/index.php\/category\/megaproyectos\/agroindustria\/"},"img":{"alt_text":"","src":"https:\/\/i0.wp.com\/www.grieta.org.mx\/wp-content\/uploads\/2021\/08\/KekenAparceria-e1629914737856.png?resize=350%2C200&ssl=1","width":350,"height":200,"srcset":"https:\/\/i0.wp.com\/www.grieta.org.mx\/wp-content\/uploads\/2021\/08\/KekenAparceria-e1629914737856.png?resize=350%2C200&ssl=1 1x, https:\/\/i0.wp.com\/www.grieta.org.mx\/wp-content\/uploads\/2021\/08\/KekenAparceria-e1629914737856.png?resize=525%2C300&ssl=1 1.5x, https:\/\/i0.wp.com\/www.grieta.org.mx\/wp-content\/uploads\/2021\/08\/KekenAparceria-e1629914737856.png?resize=700%2C400&ssl=1 2x"},"classes":[]}],"_links":{"self":[{"href":"https:\/\/www.grieta.org.mx\/index.php\/wp-json\/wp\/v2\/posts\/67729","targetHints":{"allow":["GET"]}}],"collection":[{"href":"https:\/\/www.grieta.org.mx\/index.php\/wp-json\/wp\/v2\/posts"}],"about":[{"href":"https:\/\/www.grieta.org.mx\/index.php\/wp-json\/wp\/v2\/types\/post"}],"author":[{"embeddable":true,"href":"https:\/\/www.grieta.org.mx\/index.php\/wp-json\/wp\/v2\/users\/2"}],"replies":[{"embeddable":true,"href":"https:\/\/www.grieta.org.mx\/index.php\/wp-json\/wp\/v2\/comments?post=67729"}],"version-history":[{"count":1,"href":"https:\/\/www.grieta.org.mx\/index.php\/wp-json\/wp\/v2\/posts\/67729\/revisions"}],"predecessor-version":[{"id":67731,"href":"https:\/\/www.grieta.org.mx\/index.php\/wp-json\/wp\/v2\/posts\/67729\/revisions\/67731"}],"wp:featuredmedia":[{"embeddable":true,"href":"https:\/\/www.grieta.org.mx\/index.php\/wp-json\/wp\/v2\/media\/67730"}],"wp:attachment":[{"href":"https:\/\/www.grieta.org.mx\/index.php\/wp-json\/wp\/v2\/media?parent=67729"}],"wp:term":[{"taxonomy":"category","embeddable":true,"href":"https:\/\/www.grieta.org.mx\/index.php\/wp-json\/wp\/v2\/categories?post=67729"},{"taxonomy":"post_tag","embeddable":true,"href":"https:\/\/www.grieta.org.mx\/index.php\/wp-json\/wp\/v2\/tags?post=67729"}],"curies":[{"name":"wp","href":"https:\/\/api.w.org\/{rel}","templated":true}]}}