{"id":67717,"date":"2023-09-01T10:16:33","date_gmt":"2023-09-01T16:16:33","guid":{"rendered":"https:\/\/www.grieta.org.mx\/?p=67717"},"modified":"2023-09-11T10:34:56","modified_gmt":"2023-09-11T16:34:56","slug":"protesta-contra-la-cfe-en-valladolid-a-punto-de-salirse-de-control-yucatan","status":"publish","type":"post","link":"https:\/\/www.grieta.org.mx\/index.php\/2023\/09\/01\/protesta-contra-la-cfe-en-valladolid-a-punto-de-salirse-de-control-yucatan\/","title":{"rendered":"Protesta contra la CFE en Valladolid, a punto de salirse de control (Yucat\u00e1n)"},"content":{"rendered":"<p>Juan Antonio Osorio \/ Diario de Yucat\u00e1n<\/p>\n<p>VALLADOLID.\u2014 Una vez m\u00e1s vecinos de esta ciudad descargaron contra empleados de la Comisi\u00f3n Federal de Electricidad (CFE) su enojo por las constantes interrupciones en la energ\u00eda.<\/p>\n<p>Anteanoche, vecinos de las calles 38 y 49 del barrio de San Juan protestaron enojados porque se quedaron sin energ\u00eda el martes y mi\u00e9rcoles, y estuvieron a punto de golpear a unos empleados de la CFE.<\/p>\n<p>Por si fuera poco, entre el griter\u00edo alguien sugiri\u00f3 prenderle fuego a la camioneta en que se movilizaban, pero prevaleci\u00f3 la cordura ante la advertencia de otro de los inconformes en que ser\u00eda una arbitrariedad.<\/p>\n<p>Los \u00e1nimos se calmaron y los trabajadores procedieron a buscar una soluci\u00f3n a la falta de energ\u00eda.<br \/>\nEscala la molestia contra la CFE; vecinos amenazan con quemar un auto<\/p>\n<p>M\u00e1s de 50 vecinos protestaron enardecidos debido a los apagones que se registran casi todos los d\u00edas. Hace un mes, vecinos de un sector del barrio de Santa Luc\u00eda, debido a que quedaban de manera constante sin corriente amarraron a un poste a un trabajador de la CFE y luego varias personas de la calle 39 del barrio de Bacalar bloquearon esa arteria porque se quedaron sin el servicio. En ambos lugares se instalaron nuevos transformadores y hasta donde se sabe no han tenido otras suspensiones del servicio.<\/p>\n<p>Sin embargo, los apagones continuaron en otros sectores de la ciudad, como la calle 30 entre 39 y 41, en donde tambi\u00e9n se instal\u00f3 otro transformador, con lo que supuestamente se resolvi\u00f3 el problema.<\/p>\n<p>De acuerdo con informaci\u00f3n de los vecinos de la calle 38 y 49, desde el martes se quedaron sin el servicio, por lo que acudieron a la oficina de la CFE para reclamar, pero el encargado de apellido \u201cLe\u00f3n\u201d, se tard\u00f3 mucho tiempo para atenderlos, por lo que se origin\u00f3 una discusi\u00f3n en el lugar, aunque les ofrecieron resolver el problema<\/p>\n<p>Por la tarde-noche del mismo martes se restableci\u00f3 el servicio, pero el mi\u00e9rcoles por la ma\u00f1ana se volvieron a quedar sin luz, por lo que subi\u00f3 de tono la molestia de los vecinos. El asunto se resolvi\u00f3 el mismo d\u00eda alrededor de las tres de la tarde, pero solo subieron las cuchillas de nuevo y se supone que se resolvi\u00f3 el problema.<\/p>\n<p>Sin embargo cerca de las diez de la noche del mi\u00e9rcoles se volvieron a quedar sin el servicio, por lo que fueron saliendo de sus casas hasta reunirse en la calle 49 con 38, que cerraron a la circulaci\u00f3n pero de manera f\u00edsica, es decir no pusieron ning\u00fan objeto.<\/p>\n<p>Los afectados comenzaron a pedir la presencia del personal de la CFE, quienes llegaron al lugar de los hechos, de tal modo que la gente cuando los vio, comenz\u00f3 a gritar \u201c\u00a1ag\u00e1rrenlos!\u201d \u201c\u00a1quemen la camioneta\u201d\u201d, sin embargo uno de los manifestantes, Jos\u00e9 Luis S\u00e1nchez Aguilar\u201d, mantuvo la cordura y les dijo \u201c\u00a1No, no cometan arbitrariedades, lo que se quiere es el servicio!\u201d, por lo que los manifestantes ya no insistieron.<\/p>\n<p>Exigen soluciones a la CFE<\/p>\n<p>Al lugar lleg\u00f3 el encargado de la oficina de la CFE, de apellido \u201cLe\u00f3n\u201d, quien dijo que debido a las cuarter\u00edas que se construyeron en la zona, se recarg\u00f3 el transformador, por lo que los vecinos le respondieron que no es asunto de los afectados si no de la misma paraestatal.<\/p>\n<p>Los vecinos le dijeron que la misma CFE autoriz\u00f3 las instalaciones el\u00e9ctricas en las cuarter\u00edas, de modo que existe una gran corrupci\u00f3n entre quienes otorgan las anuencias sin hacer un an\u00e1lisis de las condiciones en que se encuentran las instalaciones.<\/p>\n<p>Luego los empleados se encargaron de hacer interconexiones entre sectores de los cables, para reforzar la que estaba d\u00e9bil, con lo que resolvieron moment\u00e1neamente el problema. Los afectados dijeron que no se resolvi\u00f3 de fondo el mal servicio.<\/p>\n<p>Amagan con tomar el edificio de la CFE<\/p>\n<p>Durante el bloqueo presencial, un auto de color rojo, cuyo conductor cruz\u00f3 a la fuerza, fue objeto de agresi\u00f3n, pues los mismos afectados golpearon el cofre del veh\u00edculo, pero \u00e9ste no se detuvo y sigui\u00f3 su marcha.<\/p>\n<p>Jos\u00e9 Luis S\u00e1nchez Aguilar, uno de los afectados, advirti\u00f3 que ya se pusieron de acuerdo todos los vecinos y determinaron que en caso que se registre otro apag\u00f3n se dirigir\u00e1n a la oficina de la CFE y tomar\u00e1n el edificio, impedir\u00e1n que los empleados entren a trabajar o que salga alg\u00fan veh\u00edculo del lugar y no se retirar\u00e1n en tanto no se resuelva de manera definitiva el problema de los apagones.\u2014 <\/p>\n<p><a href=\"https:\/\/www.yucatan.com.mx\/yucatan\/2023\/9\/1\/protesta-contra-la-cfe-en-valladolid-punto-de-salirse-de-control-429423.html\" rel=\"noopener\" target=\"_blank\">https:\/\/www.yucatan.com.mx\/yucatan\/2023\/9\/1\/protesta-contra-la-cfe-en-valladolid-punto-de-salirse-de-control-429423.html<\/a><\/p>\n","protected":false},"excerpt":{"rendered":"<p>Juan Antonio Osorio \/ Diario de Yucat\u00e1n VALLADOLID.\u2014 Una vez m\u00e1s vecinos de esta ciudad descargaron contra empleados de la Comisi\u00f3n Federal de Electricidad (CFE) su enojo por las constantes &hellip; <a href=\"https:\/\/www.grieta.org.mx\/index.php\/2023\/09\/01\/protesta-contra-la-cfe-en-valladolid-a-punto-de-salirse-de-control-yucatan\/\" class=\"more-link\">Leer m\u00e1s<\/a><\/p>\n","protected":false},"author":2,"featured_media":67718,"comment_status":"closed","ping_status":"closed","sticky":false,"template":"","format":"standard","meta":{"ngg_post_thumbnail":0,"_jetpack_newsletter_access":"","_jetpack_dont_email_post_to_subs":false,"_jetpack_newsletter_tier_id":0,"_jetpack_memberships_contains_paywalled_content":false,"_jetpack_memberships_contains_paid_content":false,"footnotes":""},"categories":[80,2659,2,36],"tags":[291,2849],"class_list":["post-67717","post","type-post","status-publish","format-standard","has-post-thumbnail","hentry","category-cintillo","category-conflictos-con-la-cfe-en-yucatan","category-noticias-nacionales","category-yucatan","tag-cfe","tag-conflictos-con-la-cfe","entry"],"jetpack_featured_media_url":"https:\/\/www.grieta.org.mx\/wp-content\/uploads\/2023\/09\/CfeVallado-e1694449229864.jpg","jetpack_sharing_enabled":true,"jetpack_shortlink":"https:\/\/wp.me\/p7ZJR4-hCd","jetpack_likes_enabled":false,"jetpack-related-posts":[{"id":67553,"url":"https:\/\/www.grieta.org.mx\/index.php\/2023\/08\/13\/empleado-de-la-cfe-amarrado-en-valladolid-en-la-indefension-segun-reportes-yucatan\/","url_meta":{"origin":67717,"position":0},"title":"Empleado de la CFE amarrado en Valladolid, en la indefensi\u00f3n seg\u00fan reportes (Yucat\u00e1n)","author":"grieta","date":"13 agosto, 2023","format":false,"excerpt":"Juan Antonio Osorio \/ Diario de Yucat\u00e1n VALLADOLID.\u2014 El departamento de personal de la Comisi\u00f3n Federal de Electricidad (CFE) separ\u00f3 de su cargo por tiempo indefinido y sin derecho a su sueldo al empleado que fue amarrado el domingo pasado por vecinos del barrio de Santa Luc\u00eda, porque se dej\u00f3\u2026","rel":"","context":"En &quot;CINTILLO&quot;","block_context":{"text":"CINTILLO","link":"https:\/\/www.grieta.org.mx\/index.php\/category\/cintillo\/"},"img":{"alt_text":"","src":"https:\/\/i0.wp.com\/www.grieta.org.mx\/wp-content\/uploads\/2023\/08\/CFE1-e1692704091847.jpg?resize=350%2C200&ssl=1","width":350,"height":200,"srcset":"https:\/\/i0.wp.com\/www.grieta.org.mx\/wp-content\/uploads\/2023\/08\/CFE1-e1692704091847.jpg?resize=350%2C200&ssl=1 1x, https:\/\/i0.wp.com\/www.grieta.org.mx\/wp-content\/uploads\/2023\/08\/CFE1-e1692704091847.jpg?resize=525%2C300&ssl=1 1.5x, https:\/\/i0.wp.com\/www.grieta.org.mx\/wp-content\/uploads\/2023\/08\/CFE1-e1692704091847.jpg?resize=700%2C400&ssl=1 2x"},"classes":[]},{"id":67816,"url":"https:\/\/www.grieta.org.mx\/index.php\/2023\/09\/24\/caceria-de-trabajadores-de-cfe-sino-regresa-energia-electrica-al-sur-de-merida-yucatan\/","url_meta":{"origin":67717,"position":1},"title":"\u201cCacer\u00eda\u201d de trabajadores de CFE, sino regresa energ\u00eda el\u00e9ctrica al sur de M\u00e9rida (Yucat\u00e1n)","author":"grieta","date":"24 septiembre, 2023","format":false,"excerpt":"JHM \/ La Verdad Despu\u00e9s de tener casi 100 horas sin energ\u00eda el\u00e9ctrica, vecinos de la colonia San Jos\u00e9 Tecoh ubicado al sur de la ciudad de M\u00e9rida, advirtieron a la Comisi\u00f3n Federal de Electricidad (CFE) que de no dar soluci\u00f3n al apag\u00f3n que vive dicha colonia desde hace cuatro\u2026","rel":"","context":"En &quot;CINTILLO&quot;","block_context":{"text":"CINTILLO","link":"https:\/\/www.grieta.org.mx\/index.php\/category\/cintillo\/"},"img":{"alt_text":"","src":"https:\/\/i0.wp.com\/www.grieta.org.mx\/wp-content\/uploads\/2023\/10\/CFE-e1696293393498.jpg?resize=350%2C200&ssl=1","width":350,"height":200,"srcset":"https:\/\/i0.wp.com\/www.grieta.org.mx\/wp-content\/uploads\/2023\/10\/CFE-e1696293393498.jpg?resize=350%2C200&ssl=1 1x, https:\/\/i0.wp.com\/www.grieta.org.mx\/wp-content\/uploads\/2023\/10\/CFE-e1696293393498.jpg?resize=525%2C300&ssl=1 1.5x, https:\/\/i0.wp.com\/www.grieta.org.mx\/wp-content\/uploads\/2023\/10\/CFE-e1696293393498.jpg?resize=700%2C400&ssl=1 2x"},"classes":[]},{"id":38412,"url":"https:\/\/www.grieta.org.mx\/index.php\/2019\/08\/27\/vecinos-cierran-circulacion-como-protesta-por-servicio-de-la-cfe-yucatan\/","url_meta":{"origin":67717,"position":2},"title":"Vecinos cierran circulaci\u00f3n como protesta por servicio de la CFE (Yucat\u00e1n)","author":"grieta","date":"27 agosto, 2019","format":false,"excerpt":"Ernesto Pinz\u00f3n Franco\/Diario de Yucat\u00e1n M\u00c9RIDA.- Vecinos de los fraccionamientos San Jos\u00e9 Tzal, Bellavista y Las Perlas del Sur, cerraron la circulaci\u00f3n sobre la avenida 50, en protesta por el mal servicio que, dijeron, reciben de la Comisi\u00f3n Federal de Electricidad (CFE). La noche del lunes, los vecinos cerraron la\u2026","rel":"","context":"En &quot;CINTILLO&quot;","block_context":{"text":"CINTILLO","link":"https:\/\/www.grieta.org.mx\/index.php\/category\/cintillo\/"},"img":{"alt_text":"","src":"https:\/\/i0.wp.com\/www.grieta.org.mx\/wp-content\/uploads\/2019\/08\/CfeMerida.png?resize=350%2C200&ssl=1","width":350,"height":200,"srcset":"https:\/\/i0.wp.com\/www.grieta.org.mx\/wp-content\/uploads\/2019\/08\/CfeMerida.png?resize=350%2C200&ssl=1 1x, https:\/\/i0.wp.com\/www.grieta.org.mx\/wp-content\/uploads\/2019\/08\/CfeMerida.png?resize=525%2C300&ssl=1 1.5x, https:\/\/i0.wp.com\/www.grieta.org.mx\/wp-content\/uploads\/2019\/08\/CfeMerida.png?resize=700%2C400&ssl=1 2x"},"classes":[]},{"id":39988,"url":"https:\/\/www.grieta.org.mx\/index.php\/2019\/10\/03\/ejidatarios-de-popolnah-toman-oficinas-de-la-cfe-yucatan\/","url_meta":{"origin":67717,"position":3},"title":"Ejidatarios de Popolnah toman oficinas de la CFE (Yucat\u00e1n)","author":"grieta","date":"3 octubre, 2019","format":false,"excerpt":"Por Esto! Tizim\u00edn, Yucat\u00e1n.- Alrededor de 200 ejidatarios de Popolnah tomaron las oficinas de la Comisi\u00f3n Federal de Electricidad (CFE) de esta ciudad impidiendo el paso de empleados y clientes, en busca de un di\u00e1logo con los directivos para el pago de los m\u00e1s de 600 millones de pesos que\u2026","rel":"","context":"En &quot;CINTILLO&quot;","block_context":{"text":"CINTILLO","link":"https:\/\/www.grieta.org.mx\/index.php\/category\/cintillo\/"},"img":{"alt_text":"","src":"https:\/\/i0.wp.com\/www.grieta.org.mx\/wp-content\/uploads\/2019\/10\/10-316-1039x570-e1570210028818.jpg?resize=350%2C200&ssl=1","width":350,"height":200,"srcset":"https:\/\/i0.wp.com\/www.grieta.org.mx\/wp-content\/uploads\/2019\/10\/10-316-1039x570-e1570210028818.jpg?resize=350%2C200&ssl=1 1x, https:\/\/i0.wp.com\/www.grieta.org.mx\/wp-content\/uploads\/2019\/10\/10-316-1039x570-e1570210028818.jpg?resize=525%2C300&ssl=1 1.5x, https:\/\/i0.wp.com\/www.grieta.org.mx\/wp-content\/uploads\/2019\/10\/10-316-1039x570-e1570210028818.jpg?resize=700%2C400&ssl=1 2x"},"classes":[]},{"id":69375,"url":"https:\/\/www.grieta.org.mx\/index.php\/2024\/08\/02\/tuvieron-que-bloquear-la-carretera-para-que-la-cfe-les-devolviera-la-luz-yucatan\/","url_meta":{"origin":67717,"position":4},"title":"Tuvieron que bloquear la carretera para que la CFE les devolviera la luz (Yucat\u00e1n)","author":"grieta","date":"2 agosto, 2024","format":false,"excerpt":"Haz Ruido Pobladores de X-Calakoop ten\u00edan 15 d\u00edas sin energ\u00eda el\u00e9ctrica. No es la primera vez que la ciudadan\u00eda recurre al cierre de calles para exigir la presencia de la paraestatal. Tinum, Yucat\u00e1n, 2 de agosto de 2024.-Habitantes de la comisar\u00eda de X-Calakoop ubicada en Tinum tuvieron que recurrir a\u2026","rel":"","context":"En &quot;CINTILLO&quot;","block_context":{"text":"CINTILLO","link":"https:\/\/www.grieta.org.mx\/index.php\/category\/cintillo\/"},"img":{"alt_text":"","src":"https:\/\/i0.wp.com\/www.grieta.org.mx\/wp-content\/uploads\/2024\/08\/Xcalakoop-e1722883180455.jpg?resize=350%2C200&ssl=1","width":350,"height":200,"srcset":"https:\/\/i0.wp.com\/www.grieta.org.mx\/wp-content\/uploads\/2024\/08\/Xcalakoop-e1722883180455.jpg?resize=350%2C200&ssl=1 1x, https:\/\/i0.wp.com\/www.grieta.org.mx\/wp-content\/uploads\/2024\/08\/Xcalakoop-e1722883180455.jpg?resize=525%2C300&ssl=1 1.5x, https:\/\/i0.wp.com\/www.grieta.org.mx\/wp-content\/uploads\/2024\/08\/Xcalakoop-e1722883180455.jpg?resize=700%2C400&ssl=1 2x"},"classes":[]},{"id":69167,"url":"https:\/\/www.grieta.org.mx\/index.php\/2024\/06\/11\/kanasineros-retuvieron-a-personal-de-la-cfe-no-tienen-luz-yucatan\/","url_meta":{"origin":67717,"position":5},"title":"Kanasineros retuvieron a personal de la CFE: no tienen luz (Yucat\u00e1n)","author":"grieta","date":"11 junio, 2024","format":false,"excerpt":"Reporteros Hoy Hartos de las excusas y de no ver soluciones, vecinos de Kanas\u00edn \u00absecuestraron\u00bb y retuvieron a personal y veh\u00edculos de la Comisi\u00f3n Federal de Electricidad (CFE). Bloquearon la calle 58-C por 65 con 81 de Mulchech\u00e9n. Este problema no es reciente. Lo han padecido desde hace 15 a\u00f1os.\u2026","rel":"","context":"En &quot;CINTILLO&quot;","block_context":{"text":"CINTILLO","link":"https:\/\/www.grieta.org.mx\/index.php\/category\/cintillo\/"},"img":{"alt_text":"","src":"https:\/\/i0.wp.com\/www.grieta.org.mx\/wp-content\/uploads\/2024\/06\/cfe-1-e1718627050805.jpg?resize=350%2C200&ssl=1","width":350,"height":200,"srcset":"https:\/\/i0.wp.com\/www.grieta.org.mx\/wp-content\/uploads\/2024\/06\/cfe-1-e1718627050805.jpg?resize=350%2C200&ssl=1 1x, https:\/\/i0.wp.com\/www.grieta.org.mx\/wp-content\/uploads\/2024\/06\/cfe-1-e1718627050805.jpg?resize=525%2C300&ssl=1 1.5x, https:\/\/i0.wp.com\/www.grieta.org.mx\/wp-content\/uploads\/2024\/06\/cfe-1-e1718627050805.jpg?resize=700%2C400&ssl=1 2x"},"classes":[]}],"_links":{"self":[{"href":"https:\/\/www.grieta.org.mx\/index.php\/wp-json\/wp\/v2\/posts\/67717","targetHints":{"allow":["GET"]}}],"collection":[{"href":"https:\/\/www.grieta.org.mx\/index.php\/wp-json\/wp\/v2\/posts"}],"about":[{"href":"https:\/\/www.grieta.org.mx\/index.php\/wp-json\/wp\/v2\/types\/post"}],"author":[{"embeddable":true,"href":"https:\/\/www.grieta.org.mx\/index.php\/wp-json\/wp\/v2\/users\/2"}],"replies":[{"embeddable":true,"href":"https:\/\/www.grieta.org.mx\/index.php\/wp-json\/wp\/v2\/comments?post=67717"}],"version-history":[{"count":1,"href":"https:\/\/www.grieta.org.mx\/index.php\/wp-json\/wp\/v2\/posts\/67717\/revisions"}],"predecessor-version":[{"id":67719,"href":"https:\/\/www.grieta.org.mx\/index.php\/wp-json\/wp\/v2\/posts\/67717\/revisions\/67719"}],"wp:featuredmedia":[{"embeddable":true,"href":"https:\/\/www.grieta.org.mx\/index.php\/wp-json\/wp\/v2\/media\/67718"}],"wp:attachment":[{"href":"https:\/\/www.grieta.org.mx\/index.php\/wp-json\/wp\/v2\/media?parent=67717"}],"wp:term":[{"taxonomy":"category","embeddable":true,"href":"https:\/\/www.grieta.org.mx\/index.php\/wp-json\/wp\/v2\/categories?post=67717"},{"taxonomy":"post_tag","embeddable":true,"href":"https:\/\/www.grieta.org.mx\/index.php\/wp-json\/wp\/v2\/tags?post=67717"}],"curies":[{"name":"wp","href":"https:\/\/api.w.org\/{rel}","templated":true}]}}