{"id":67699,"date":"2023-09-04T13:17:18","date_gmt":"2023-09-04T19:17:18","guid":{"rendered":"https:\/\/www.grieta.org.mx\/?p=67699"},"modified":"2023-09-04T13:17:18","modified_gmt":"2023-09-04T19:17:18","slug":"mafias-inmobiliarias-pescadores-a-la-deriva-y-megagranjas-impunes-en-yucatan","status":"publish","type":"post","link":"https:\/\/www.grieta.org.mx\/index.php\/2023\/09\/04\/mafias-inmobiliarias-pescadores-a-la-deriva-y-megagranjas-impunes-en-yucatan\/","title":{"rendered":"Mafias inmobiliarias, pescadores a la deriva y megagranjas impunes en Yucat\u00e1n"},"content":{"rendered":"<p>Texto y fotos: Patricio Eleisegui \/ Pie de P\u00e1gina<\/p>\n<blockquote><p>Los intentos de despojo de tierras, la contaminaci\u00f3n de las porc\u00edcolas y el abandono de comunidades que sufren da\u00f1os socioambientales se han vuelto una constante en el estado que gobierna Mauricio Vila<\/p><\/blockquote>\n<p>YUCAT\u00c1N. \u2013 \u201cYo soy esposa de Neftal\u00ed Quijano Moguel, la persona a la que m\u00e1s golpe\u00f3 la polic\u00eda, al punto que tuvo que ser trasladado al Hospital General O\u2019Hor\u00e1n en M\u00e9rida para ser atendido. Estuvo tres d\u00edas internado y a\u00fan estamos esperando los resultados de las numerosas pruebas m\u00e9dicas que le han hecho. \u00c9l solamente quer\u00eda atender a los animales que tenemos en nuestro terreno, pues de otra forma se iban a morir de hambre y sed, pero la polic\u00eda le neg\u00f3 el acceso y le golpe\u00f3 violentamente. Le dieron golpes y patadas en todo su cuerpo y luego se lo llevaron sin notificarnos. Le sacaron del pueblo por un camino secundario. Yo pregunto a las autoridades estatales y municipales, \u00bfellos piensan que vamos a aceptar ser esclavos de nuevo en nuestra propia tierra? Ancestralmente estas tierras son nuestras, ya basta de que estemos agachados ante tanta agresi\u00f3n. Peleo por mis hijos y mis nietos, puede que hayan golpeado a mi esposo, pero yo voy a seguir aunque nos maten\u201d.<\/p>\n<p>Pronunciadas por Antonia Trinidad Cisneros Correa, habitante del municipio de Ixil \u2013distante 30 kil\u00f3metros de M\u00e9rida, la capital de estado\u2013, estas palabras ilustran sin eufemismos el nivel de represi\u00f3n y atropello de derechos y libertades individuales que sufrieron las y los vecinos de la comunidad maya a mediados del mes pasado. Desde hace m\u00e1s de un a\u00f1o, Ixil y sus tierras ejidales y de uso com\u00fan se volvieron la obsesi\u00f3n de los Abimerhi y los Millet, dos familias acaudaladas de Yucat\u00e1n que buscan apropiarse de m\u00e1s de 320 hect\u00e1reas de lotes comunales para el lanzamiento de proyectos inmobiliarios de lujo.<\/p>\n<p>El cenit de este avasallamiento tuvo lugar durante la ma\u00f1ana del 17 de agosto, momento en que un pelot\u00f3n integrado por m\u00e1s de 300 polic\u00edas del estado interrumpi\u00f3 completamente el paso por la calle que m\u00e1s utilizan las y los campesinos para llegar a sus tierras. Ese d\u00eda, la poblaci\u00f3n de Ixil fue v\u00edctima de golpes, gases y apedreadas propinadas por los uniformados s\u00f3lo por intentar acceder a terrenos donde las familias ejidatarias cr\u00edan sus ganados, pollos y gallinas, y siembran elotes, cebollitas o cilantro.<\/p>\n<p>\u201cYa es la segunda vez que las familias Abimerhi y Millet nos intentan despojar de estas tierras con ayuda de la polic\u00eda estatal. El 4 de agosto de 2022 ya lo intentaron pero el pueblo les impidi\u00f3 el acceso. Todo el pueblo sabe que estas son tierras de la comunidad, tenemos los documentos que lo prueban. Como el a\u00f1o pasado no pudieron despojarnos, este a\u00f1o regresaron con una fuerza de invasi\u00f3n en toda regla\u201d, dice Luis David Quijano Pool, ex comisario ejidal de Ixil.<\/p>\n<p>Ejidatarios, entre el despojo y los matones<\/p>\n<p>El blindaje policial al despojo que buscan llevar a cabo los Abimerhi y los Millet, dos familias de Yucat\u00e1n con protagonismo en el negocio de las gasolineras, las gr\u00faas y los talleres mec\u00e1nicos, y la industria del vidrio, contin\u00fao m\u00e1s all\u00e1 de la jornada del 17 y agosto concluy\u00f3 con postes y alambradas que, colocadas con total ilegalidad a lo largo de varios kil\u00f3metros, impiden hasta hoy el acceso a los lotes de uso com\u00fan a cientos de familias.<\/p>\n<p>Los Abimerhi y los Millet alegan disponer de documentaci\u00f3n que acreditar\u00eda la posesi\u00f3n de esas hect\u00e1reas, pero tanto las y los vecinos de Ixil como los representantes de organizaciones que participan de la defensa legal de la comunidad denuncian la circulaci\u00f3n de papeles fraudulentos e ileg\u00edtimos y la invocaci\u00f3n de permisos inexistentes.<\/p>\n<p>\u201cTrajeron un grupo de personas ajenas a la comunidad y los metieron en esos terrenos para amedrentar a los campesinos. Estuvieron entrando en los predios cultivados por la comunidad, y se robaron herramientas de trabajo. Las fuerzas policiales est\u00e1n metiendo a ladrones en nuestro territorio, a amenazar y robar a los campesinos\u201d, denuncia Jorge Yam Ek, otro poblador.<\/p>\n<p>La comunidad en resistencia no duda en se\u00f1alar a Alejandro Escoffi\u00e9 y Rafael Acosta, empresario y abogado con peso en los c\u00edrculos de inversionistas que en la actualidad tienen la mira puesta en Yucat\u00e1n, como los grandes responsables de la comercializaci\u00f3n ilegal de tierras en ese municipio. Y tambi\u00e9n destaca el v\u00ednculo existente entre el gobernador panista Mauricio Vila y la familia Millet, mencionada como contribuyente permanente de las campa\u00f1as del pol\u00edtico por organizaciones de la talla de Fundaci\u00f3n Yansa.<\/p>\n<p>La situaci\u00f3n que transita Ixil es representativa de los intentos de quitas de tierras comunitarias para aprovechamiento inmobiliario que comenzaron a multiplicarse en Yucat\u00e1n en a\u00f1os recientes. Situado a poco m\u00e1s de 50 kil\u00f3metros de M\u00e9rida, Kinchil es otro municipio que sufre acciones de despojo por efecto de empresarios dedicados a la compraventa de lotes que buscan apropiarse de 5 mil hect\u00e1reas ejidales.<\/p>\n<p>\u201cNuestro ejido est\u00e1 en la ruta M\u00e9rida-Celest\u00fan y por lo mismo es ambicionado por inmobiliarias, industrias extractivas como granjas de cerdos y av\u00edcolas e industrias de toda clase. Ahora mismo nos est\u00e1n intentando despojar de casi 5 mil hect\u00e1reas que los kinchile\u00f1os han trabajado desde que se cre\u00f3 el ejido en 1937 por decreto presidencial\u201d, explic\u00f3 recientemente Federico de Jes\u00fas May Cuit\u00fan, productor local de chile habanero org\u00e1nico.<\/p>\n<p>\u201cSe dice que los empresarios que pretenden robar estas tierras son Armando Ceballos Ch\u00e1vez y Rodrigo Vega Espinosa, entre otros, quienes cuentan con la complicidad de las autoridades ejidales de Tetiz. Las numerosas familias de campesinos y apicultores afectados est\u00e1n organiz\u00e1ndose para defender el territorio de Kinchil, ya que de perderlo se destruir\u00e1 y contaminar\u00e1\u201d, agreg\u00f3.<\/p>\n<p><img loading=\"lazy\" decoding=\"async\" data-attachment-id=\"67701\" data-permalink=\"https:\/\/www.grieta.org.mx\/index.php\/2023\/09\/04\/mafias-inmobiliarias-pescadores-a-la-deriva-y-megagranjas-impunes-en-yucatan\/mafias2\/\" data-orig-file=\"https:\/\/www.grieta.org.mx\/wp-content\/uploads\/2023\/09\/Mafias2-e1693854708636.jpg\" data-orig-size=\"800,544\" data-comments-opened=\"0\" data-image-meta=\"{&quot;aperture&quot;:&quot;0&quot;,&quot;credit&quot;:&quot;&quot;,&quot;camera&quot;:&quot;&quot;,&quot;caption&quot;:&quot;&quot;,&quot;created_timestamp&quot;:&quot;0&quot;,&quot;copyright&quot;:&quot;&quot;,&quot;focal_length&quot;:&quot;0&quot;,&quot;iso&quot;:&quot;0&quot;,&quot;shutter_speed&quot;:&quot;0&quot;,&quot;title&quot;:&quot;&quot;,&quot;orientation&quot;:&quot;1&quot;}\" data-image-title=\"Mafias2\" data-image-description=\"\" data-image-caption=\"\" data-medium-file=\"https:\/\/www.grieta.org.mx\/wp-content\/uploads\/2023\/09\/Mafias2-e1693854708636-300x204.jpg\" data-large-file=\"https:\/\/www.grieta.org.mx\/wp-content\/uploads\/2023\/09\/Mafias2-1024x696.jpg\" src=\"http:\/\/www.grieta.org.mx\/wp-content\/uploads\/2023\/09\/Mafias2-e1693854708636.jpg\" alt=\"\" width=\"800\" height=\"544\" class=\"alignnone size-full wp-image-67701\" srcset=\"https:\/\/www.grieta.org.mx\/wp-content\/uploads\/2023\/09\/Mafias2-e1693854708636.jpg 800w, https:\/\/www.grieta.org.mx\/wp-content\/uploads\/2023\/09\/Mafias2-e1693854708636-300x204.jpg 300w, https:\/\/www.grieta.org.mx\/wp-content\/uploads\/2023\/09\/Mafias2-e1693854708636-768x522.jpg 768w\" sizes=\"auto, (max-width: 800px) 100vw, 800px\" \/><\/p>\n<p>Santa Mar\u00eda Chi y la mega granja de los Loret de Mola<\/p>\n<p>La comunidad maya de Santa Mar\u00eda Chi, distante 20 minutos del centro de M\u00e9rida, se ha vuelto otro epicentro de la lucha popular contra la contaminaci\u00f3n que generan las mega granjas porc\u00edcolas en Yucat\u00e1n. La poblaci\u00f3n sufre los efectos del desastre ambiental que, desde hace m\u00e1s de 15 a\u00f1os, genera la firma San Gerardo, propiedad de la familia Loret de Mola, y su instalaci\u00f3n dotada con m\u00e1s de 43 mil cerdos.<\/p>\n<p>Las enfermedades pulmonares, el olor nauseabundo, las excretas que navegan las banquetas en \u00e9pocas de lluvia y el agua peligrosa para la salud, forman parte de la cotidianeidad de un pueblo que, sobre todo de mayo a esta parte, padece amedrentamientos continuos por parte del personal de la factor\u00eda de cerdos e, incluso, la persecuci\u00f3n judicial de sus l\u00edderes comunales.<\/p>\n<p>Las calles breves de esa comunidad de 500 habitantes son recorridas pr\u00e1cticamente a diario por camionetas que emergen de la mega granja y trasladan a personal que filma y fotograf\u00eda a las y los vecinos que se re\u00fanen o circulan en torno al campamento que, desde hace m\u00e1s de tres meses, los habitantes montaron muy cerca de una de las entradas de San Gerardo para exponer el rechazo a la porc\u00edcola.<\/p>\n<p>Cada jornada, el personal de los Loret de Mola patrulla los caminos p\u00fablicos con el objetivo de desarticular cualquier potencial registro del da\u00f1o ambiental que la compa\u00f1\u00eda ejecuta en las m\u00e1s de 220 hect\u00e1reas que controla junto al pueblo. A fines de junio, empleados de la empresa incluso pusieron a circular entre vecinas y vecinos la versi\u00f3n de que ten\u00edan \u00f3rdenes de disparar contra cualquier individuo que resulte detectado en terrenos bajo dominio de la compa\u00f1\u00eda. Y que igual suerte correr\u00eda todo dron que se atreviese a sobrevolar la mega granja.<\/p>\n<p>Pero esta presi\u00f3n asfixiante sobre las y los vecinos en lugar de multiplicar el temor no ha hecho m\u00e1s que acentuar la unidad y el esp\u00edritu de lucha de la comunidad, que mantiene activo el funcionamiento del campamento de protesta y no ha dejado de promover actividades sociales, adem\u00e1s de estrechar lazos con otros pueblos contaminados por las porc\u00edcolas, con el objetivo de incrementar la visibilidad de la afectaci\u00f3n socioambiental que sufre la poblaci\u00f3n.<\/p>\n<p>Durante la ma\u00f1ana del pasado 18 de agosto, los habitantes de Santa Mar\u00eda Chi se desayunaron con la novedad de que San Gerardo finalmente cerr\u00f3 el acceso que conectaba de forma directa a la mega granja con el pueblo. La compa\u00f1\u00eda respondi\u00f3 as\u00ed a un pedido de la Secretar\u00eda de Desarrollo Sustentable de Yucat\u00e1n, que adem\u00e1s solicit\u00f3 se coloquen \u00e1rboles y otras plantas para conformar una suerte de barrera natural que reduzca de alguna manera el hedor que, proveniente de la instalaci\u00f3n de cerdos, respira la comunidad de forma permanente.<\/p>\n<p>Claro que la clausura de la entrada no implic\u00f3 en absoluto el fin de la actividad contaminante de la porc\u00edcola. Tras el cierre de la entrada, y seg\u00fan lo dispuesto por Desarrollo Sustentable, la firma obtuvo el permiso para seguir moviendo sus cerdos a trav\u00e9s de otro ingreso que San Gerardo construy\u00f3 en cuesti\u00f3n de pocas semanas y previa nueva depredaci\u00f3n del monte nativo. La empresa de los Loret de Mola, reconoce la comunidad, contin\u00faa afectando el ambiente y la salud pero ya sin tener encima la mirada de los organismos de control.<br \/>\nAbandono a los pescadores de Sisal<\/p>\n<p>Otro frente de afectaci\u00f3n que se mantiene abierto en Yucat\u00e1n corresponde a Sisal y sus familias de pescadores, perjudicadas gravemente por los da\u00f1os ambientales que motiv\u00f3 el encallamiento del buque italiano Gran Senegal ocurrido en la \u00faltima semana de julio. El atascamiento de la embarcaci\u00f3n origin\u00f3 la destrucci\u00f3n de al menos 800 metros del arrecife Madagascar \u2013ubicado a 40 kil\u00f3metros de la costa\u2013, con impacto directo en la actividad econ\u00f3mica de las m\u00e1s de 960 familias que viven de la captura de especies marinas en esa comunidad portuaria.<\/p>\n<p>El 18 de agosto, los pescadores se movilizaron pr\u00e1cticamente en su totalidad hacia la capital de Yucat\u00e1n para solicitar medidas de reparaci\u00f3n del h\u00e1bitat y ayuda financiera hasta tanto la pesca recupere su volumen habitual. Los funcionarios que asisten a Mauricio Vila respondieron a estos pedidos desligando responsabilidades, ignorando las peticiones entregadas por las familias convocadas en M\u00e9rida y haciendo uso de los medios de comunicaci\u00f3n cercanos a la Gobernaci\u00f3n para deslegitimar el reclamo de los habitantes de Sisal.<\/p>\n<p>\u201cNo hubo ninguna intenci\u00f3n pol\u00edtica de nuestra parte. S\u00f3lo busc\u00e1bamos el apoyo del gobernador y nos dieron la espalda. Nos trataron de v\u00e1ndalos s\u00f3lo por pedir ser escuchados. Ten\u00edamos la esperanza de que el gobernador nos atendiera, alg\u00fan secretario de gobierno, y al final s\u00f3lo nos prest\u00f3 atenci\u00f3n apenas un encargado de despacho\u201d, relata Miguel Ek, actual comisario de ese pueblo portuario.<\/p>\n<p>\u201cCasi el 90 por ciento de la poblaci\u00f3n de Sisal se ve afectada por lo que pas\u00f3 con el barco y el da\u00f1o del arrecife. Llevamos m\u00e1s de una semana con la actividad de pesca paralizada. Al menos 965 familias impactadas en su econom\u00eda. La gente ahora est\u00e1 tratando de ver c\u00f3mo se subsiste. Algunos trabajando de mototaxi, otros con emprendimientos familiares. Pero la situaci\u00f3n es grave, aparte de que el turismo a\u00fan es muy bajo\u201d, detalla.<\/p>\n<p>Ek afirma que la comunidad espera por una resoluci\u00f3n de la Secretar\u00eda de Medio Ambiente y Recursos Naturales (Semarnat) que acercar\u00eda compensaciones a los pescadores. \u201cEl da\u00f1o que provoc\u00f3 el barco es millonario aunque todav\u00eda no tenemos datos precisos. El 19 de septiembre iremos a M\u00e9rida para ver si tenemos una respuesta favorable a nuestras peticiones. Desde el gobierno federal al menos nos escucharon, nos atendieron, as\u00ed que el di\u00e1logo ser\u00e1 con ellos. Lamentablemente, ya sabemos que no podemos contar con el gobierno del estado\u201d, confiesa.<\/p>\n<p>Para enseguida concluir: \u201cEsperamos que surja alg\u00fan ingreso que pueda permitirnos el sustento de aqu\u00ed a fin de a\u00f1o. La afectaci\u00f3n del arrecife demorar\u00e1 a\u00f1os en recuperarse y mientras atravesaremos una situaci\u00f3n econ\u00f3mica dif\u00edcil. Aguardamos por una compensaci\u00f3n tras los da\u00f1os generados. Vivimos una realidad dif\u00edcil que parece no tiene importancia para las autoridades del estado, que al no recibirnos o escuchar lo que estamos padeciendo no hacen m\u00e1s que demostrar que se han olvidado del pueblo\u201d.<\/p>\n<p><a href=\"https:\/\/piedepagina.mx\/mafias-inmobiliarias-pescadores-a-la-deriva-y-mega-granjas-impunes-en-yucatan\/\" rel=\"noopener\" target=\"_blank\">https:\/\/piedepagina.mx\/mafias-inmobiliarias-pescadores-a-la-deriva-y-mega-granjas-impunes-en-yucatan\/<\/a><\/p>\n","protected":false},"excerpt":{"rendered":"<p>Texto y fotos: Patricio Eleisegui \/ Pie de P\u00e1gina Los intentos de despojo de tierras, la contaminaci\u00f3n de las porc\u00edcolas y el abandono de comunidades que sufren da\u00f1os socioambientales se &hellip; <a href=\"https:\/\/www.grieta.org.mx\/index.php\/2023\/09\/04\/mafias-inmobiliarias-pescadores-a-la-deriva-y-megagranjas-impunes-en-yucatan\/\" class=\"more-link\">Leer m\u00e1s<\/a><\/p>\n","protected":false},"author":2,"featured_media":67700,"comment_status":"closed","ping_status":"closed","sticky":false,"template":"","format":"standard","meta":{"ngg_post_thumbnail":0,"_jetpack_newsletter_access":"","_jetpack_dont_email_post_to_subs":false,"_jetpack_newsletter_tier_id":0,"_jetpack_memberships_contains_paywalled_content":false,"_jetpack_memberships_contains_paid_content":false,"footnotes":""},"categories":[2789,42,80,3538,1269,2943,1020,1023,3,922,952,2,1071,36],"tags":[1046,1210,2177,2465,1022,3785,124,4154],"class_list":["post-67699","post","type-post","status-publish","format-standard","has-post-thumbnail","hentry","category-abuso-autoridades-en-yucatan","category-agroindustria","category-cintillo","category-crisis-del-agua-en-yucatan","category-protestas-ante-despojo-por-proyectos-inmobiliarios-en-yucatan","category-destruccion-y-contaminacion-ambiental-en-yucatan","category-granja-porcicola","category-lucha-contra-granja-porcicola","category-megaproyectos","category-megaproyectos-estados","category-mp-yucatan","category-noticias-nacionales","category-resistencia-al-despojo-de-tierras-ejidales-en-yucatan","category-yucatan","tag-cartel-inmobiliario","tag-conflictos-por-desarrollos-inmobiliarios","tag-contaminacion-de-acuiferos","tag-despojo-de-territorios-indigenas","tag-granja-porcicola","tag-megagranja","tag-pescadores","tag-sisal","entry"],"jetpack_featured_media_url":"https:\/\/www.grieta.org.mx\/wp-content\/uploads\/2023\/09\/Mafias-e1693854559218.jpg","jetpack_sharing_enabled":true,"jetpack_shortlink":"https:\/\/wp.me\/p7ZJR4-hBV","jetpack_likes_enabled":false,"jetpack-related-posts":[{"id":35945,"url":"https:\/\/www.grieta.org.mx\/index.php\/2019\/07\/05\/expansion-de-megaproyectos-en-la-peninsula-de-yucatan-video\/","url_meta":{"origin":67699,"position":0},"title":"Expansi\u00f3n de Megaproyectos en la Pen\u00ednsula de Yucat\u00e1n (Video)","author":"grieta","date":"5 julio, 2019","format":false,"excerpt":"https:\/\/youtu.be\/qLBARIAaBsI","rel":"","context":"En &quot;Campeche&quot;","block_context":{"text":"Campeche","link":"https:\/\/www.grieta.org.mx\/index.php\/category\/noticias-nacionales\/campeche\/"},"img":{"alt_text":"","src":"https:\/\/i0.wp.com\/img.youtube.com\/vi\/qLBARIAaBsI\/0.jpg?resize=350%2C200","width":350,"height":200},"classes":[]},{"id":51006,"url":"https:\/\/www.grieta.org.mx\/index.php\/2020\/01\/09\/mas-de-22-mil-parcelas-en-ejidos-de-yucatan-se-han-privatizado-ilegalmente\/","url_meta":{"origin":67699,"position":1},"title":"M\u00e1s de 22 mil parcelas en ejidos de Yucat\u00e1n se han privatizado ilegalmente","author":"grieta","date":"9 enero, 2020","format":false,"excerpt":"La Verdad En menos de 30 a\u00f1os y desde que fue modificado el art\u00edculo 27 constitucional ejidatarios de Yucat\u00e1n han perdido la propiedad social de sus tierras Desde que la Ley agraria fue modificada, en 1992, hasta mayo de 2019, al menos 22 mil 600 parcelas que representan una superficie\u2026","rel":"","context":"En &quot;CINTILLO&quot;","block_context":{"text":"CINTILLO","link":"https:\/\/www.grieta.org.mx\/index.php\/category\/cintillo\/"},"img":{"alt_text":"","src":"https:\/\/i0.wp.com\/www.grieta.org.mx\/wp-content\/uploads\/2020\/06\/MasDe22Mil.png?resize=350%2C200&ssl=1","width":350,"height":200,"srcset":"https:\/\/i0.wp.com\/www.grieta.org.mx\/wp-content\/uploads\/2020\/06\/MasDe22Mil.png?resize=350%2C200&ssl=1 1x, https:\/\/i0.wp.com\/www.grieta.org.mx\/wp-content\/uploads\/2020\/06\/MasDe22Mil.png?resize=525%2C300&ssl=1 1.5x"},"classes":[]},{"id":64282,"url":"https:\/\/www.grieta.org.mx\/index.php\/2022\/05\/17\/habitantes-de-sitilpech-exigen-cerrar-granjas-porcicolas-en-yucatan-afuera-del-poder-judicial\/","url_meta":{"origin":67699,"position":2},"title":"Habitantes de Sitilpech exigen cerrar granjas porc\u00edcolas en Yucat\u00e1n afuera del Poder Judicial","author":"grieta","date":"17 mayo, 2022","format":false,"excerpt":"Ruben Dar\u00edo Hau \/ Por Esto! Habitantes de Sitilpech, comisar\u00eda de Izamal, se manifiestan frente a la sede del Poder Judicial de la Federal, en M\u00e9rida, para insistir en que el Juez Primero de Distrito conceda la suspensi\u00f3n definitiva de la granja porc\u00edcola, Kancabch\u00e9n II, aparcera de Kek\u00e9n. El pasado\u2026","rel":"","context":"En &quot;16. Pueblo Maya&quot;","block_context":{"text":"16. Pueblo Maya","link":"https:\/\/www.grieta.org.mx\/index.php\/category\/espejos-de-la-resistencia\/16-pueblo-maya\/"},"img":{"alt_text":"","src":"https:\/\/i0.wp.com\/www.grieta.org.mx\/wp-content\/uploads\/2022\/05\/Sitilpech-e1653577169242.png?resize=350%2C200&ssl=1","width":350,"height":200,"srcset":"https:\/\/i0.wp.com\/www.grieta.org.mx\/wp-content\/uploads\/2022\/05\/Sitilpech-e1653577169242.png?resize=350%2C200&ssl=1 1x, https:\/\/i0.wp.com\/www.grieta.org.mx\/wp-content\/uploads\/2022\/05\/Sitilpech-e1653577169242.png?resize=525%2C300&ssl=1 1.5x, https:\/\/i0.wp.com\/www.grieta.org.mx\/wp-content\/uploads\/2022\/05\/Sitilpech-e1653577169242.png?resize=700%2C400&ssl=1 2x"},"classes":[]},{"id":68642,"url":"https:\/\/www.grieta.org.mx\/index.php\/2024\/03\/22\/tribunal-admite-demanda-contra-el-despojo-de-tierras-en-ixil-yucatan\/","url_meta":{"origin":67699,"position":3},"title":"Tribunal admite demanda contra el despojo de tierras en Ixil (Yucat\u00e1n)","author":"grieta","date":"22 marzo, 2024","format":false,"excerpt":"Paloma Reyes \/ Haz Ruido Conceden suspensi\u00f3n para que el Registro Agrario no pueda entregar certificados o t\u00edtulos sobre las tierras a gente de fuera y\/o empresarios hasta que termine el juicio. M\u00e9rida, Yucat\u00e1n, 22 de marzo de 2024.-La asociaci\u00f3n Kanan Derechos Humanos inform\u00f3 que el Tribunal Unitario Agrario (TUA)\u2026","rel":"","context":"En &quot;CINTILLO&quot;","block_context":{"text":"CINTILLO","link":"https:\/\/www.grieta.org.mx\/index.php\/category\/cintillo\/"},"img":{"alt_text":"","src":"https:\/\/i0.wp.com\/www.grieta.org.mx\/wp-content\/uploads\/2024\/03\/Ixil-e1711307211667.jpg?resize=350%2C200&ssl=1","width":350,"height":200,"srcset":"https:\/\/i0.wp.com\/www.grieta.org.mx\/wp-content\/uploads\/2024\/03\/Ixil-e1711307211667.jpg?resize=350%2C200&ssl=1 1x, https:\/\/i0.wp.com\/www.grieta.org.mx\/wp-content\/uploads\/2024\/03\/Ixil-e1711307211667.jpg?resize=525%2C300&ssl=1 1.5x, https:\/\/i0.wp.com\/www.grieta.org.mx\/wp-content\/uploads\/2024\/03\/Ixil-e1711307211667.jpg?resize=700%2C400&ssl=1 2x"},"classes":[]},{"id":68296,"url":"https:\/\/www.grieta.org.mx\/index.php\/2024\/01\/08\/bachoco-continua-bloqueo-contra-campesinos-a-tierras-ejidales-en-hunucma-yucatan\/","url_meta":{"origin":67699,"position":4},"title":"Bachoco contin\u00faa bloqueo contra campesinos a tierras ejidales en Hunucm\u00e1 (Yucat\u00e1n)","author":"grieta","date":"8 enero, 2024","format":false,"excerpt":"Armando P\u00e9rez \/ Por Esto! Luego de fallar en su intento de cercar un camino en San Eduardo, Bachoco no parece dispuesto cesar en su intento de limitar el acceso a tierras ejidales en Hunucm\u00e1, cuyos propietarios habitan y trabajan ah\u00ed todos los d\u00edas. Como POR ESTO!, inform\u00f3, la productora\u2026","rel":"","context":"En &quot;Agroindustria&quot;","block_context":{"text":"Agroindustria","link":"https:\/\/www.grieta.org.mx\/index.php\/category\/megaproyectos\/agroindustria\/"},"img":{"alt_text":"","src":"https:\/\/i0.wp.com\/www.grieta.org.mx\/wp-content\/uploads\/2024\/01\/Bachoco-e1704992026145.jpg?resize=350%2C200&ssl=1","width":350,"height":200,"srcset":"https:\/\/i0.wp.com\/www.grieta.org.mx\/wp-content\/uploads\/2024\/01\/Bachoco-e1704992026145.jpg?resize=350%2C200&ssl=1 1x, https:\/\/i0.wp.com\/www.grieta.org.mx\/wp-content\/uploads\/2024\/01\/Bachoco-e1704992026145.jpg?resize=525%2C300&ssl=1 1.5x, https:\/\/i0.wp.com\/www.grieta.org.mx\/wp-content\/uploads\/2024\/01\/Bachoco-e1704992026145.jpg?resize=700%2C400&ssl=1 2x"},"classes":[]},{"id":68379,"url":"https:\/\/www.grieta.org.mx\/index.php\/2024\/01\/17\/hunucma-el-pueblo-indigena-en-guerra-contra-empresa-avicola-en-yucatan-reporta-agresiones\/","url_meta":{"origin":67699,"position":5},"title":"Hunucm\u00e1, el pueblo ind\u00edgena en guerra contra empresa av\u00edcola en Yucat\u00e1n; reporta agresiones","author":"grieta","date":"17 enero, 2024","format":false,"excerpt":"CLAUDIA ARRIAGA \/ CORRESPONSAL \/ La Silla Rota Hunucm\u00e1.- Hace 40 a\u00f1os que el pueblo de Hunucm\u00e1, en Yucat\u00e1n, lucha contra el despojo de sus tierras y la contaminaci\u00f3n de las industrias que se instalan en sus periferias. Un ejemplo son las agresiones de la empresa av\u00edcola Bachoco en contra\u2026","rel":"","context":"En &quot;Agroindustria&quot;","block_context":{"text":"Agroindustria","link":"https:\/\/www.grieta.org.mx\/index.php\/category\/megaproyectos\/agroindustria\/"},"img":{"alt_text":"","src":"https:\/\/i0.wp.com\/www.grieta.org.mx\/wp-content\/uploads\/2024\/01\/Hunucma-e1706290453524.jpg?resize=350%2C200&ssl=1","width":350,"height":200,"srcset":"https:\/\/i0.wp.com\/www.grieta.org.mx\/wp-content\/uploads\/2024\/01\/Hunucma-e1706290453524.jpg?resize=350%2C200&ssl=1 1x, https:\/\/i0.wp.com\/www.grieta.org.mx\/wp-content\/uploads\/2024\/01\/Hunucma-e1706290453524.jpg?resize=525%2C300&ssl=1 1.5x, https:\/\/i0.wp.com\/www.grieta.org.mx\/wp-content\/uploads\/2024\/01\/Hunucma-e1706290453524.jpg?resize=700%2C400&ssl=1 2x"},"classes":[]}],"_links":{"self":[{"href":"https:\/\/www.grieta.org.mx\/index.php\/wp-json\/wp\/v2\/posts\/67699","targetHints":{"allow":["GET"]}}],"collection":[{"href":"https:\/\/www.grieta.org.mx\/index.php\/wp-json\/wp\/v2\/posts"}],"about":[{"href":"https:\/\/www.grieta.org.mx\/index.php\/wp-json\/wp\/v2\/types\/post"}],"author":[{"embeddable":true,"href":"https:\/\/www.grieta.org.mx\/index.php\/wp-json\/wp\/v2\/users\/2"}],"replies":[{"embeddable":true,"href":"https:\/\/www.grieta.org.mx\/index.php\/wp-json\/wp\/v2\/comments?post=67699"}],"version-history":[{"count":1,"href":"https:\/\/www.grieta.org.mx\/index.php\/wp-json\/wp\/v2\/posts\/67699\/revisions"}],"predecessor-version":[{"id":67702,"href":"https:\/\/www.grieta.org.mx\/index.php\/wp-json\/wp\/v2\/posts\/67699\/revisions\/67702"}],"wp:featuredmedia":[{"embeddable":true,"href":"https:\/\/www.grieta.org.mx\/index.php\/wp-json\/wp\/v2\/media\/67700"}],"wp:attachment":[{"href":"https:\/\/www.grieta.org.mx\/index.php\/wp-json\/wp\/v2\/media?parent=67699"}],"wp:term":[{"taxonomy":"category","embeddable":true,"href":"https:\/\/www.grieta.org.mx\/index.php\/wp-json\/wp\/v2\/categories?post=67699"},{"taxonomy":"post_tag","embeddable":true,"href":"https:\/\/www.grieta.org.mx\/index.php\/wp-json\/wp\/v2\/tags?post=67699"}],"curies":[{"name":"wp","href":"https:\/\/api.w.org\/{rel}","templated":true}]}}