{"id":67616,"date":"2023-08-16T19:48:02","date_gmt":"2023-08-17T01:48:02","guid":{"rendered":"https:\/\/www.grieta.org.mx\/?p=67616"},"modified":"2023-09-01T19:53:19","modified_gmt":"2023-09-02T01:53:19","slug":"comunidad-de-ostula-impide-desalojo-de-tierras-recuperadas-michoacan","status":"publish","type":"post","link":"https:\/\/www.grieta.org.mx\/index.php\/2023\/08\/16\/comunidad-de-ostula-impide-desalojo-de-tierras-recuperadas-michoacan\/","title":{"rendered":"Comunidad de Ostula impide desalojo de tierras recuperadas (Michoac\u00e1n)"},"content":{"rendered":"<p>Redacci\u00f3n Desinform\u00e9monos<br \/>\n16 agosto 2023 <\/p>\n<p>Ciudad de M\u00e9xico | Desinform\u00e9monos. La comunidad de Santa Mar\u00eda Ostula, Michoac\u00e1n, se moviliz\u00f3 para impedir el cumplimiento de la orden de desalojo de la encargatura costera de Xayakalan y logr\u00f3 que el Tribunal Unitario Agrario dejara sin efectos la diligencia de ejecuci\u00f3n.<\/p>\n<p>Los comuneros de Ostula reconocieron que a pesar de detener la orden del Tribunal, \u00e9ste \u00abtrastoc\u00f3 profundamente la paz y la tranquilidad de toda la regi\u00f3n\u00bb, luego de que el pasado 11 de agosto fueran notificados de la orden para desalojar 700 hect\u00e1reas de tierras de Xayakalan, fundada en tierras recuperadas en 2009.<\/p>\n<p>La orden de desalojo se sum\u00f3 a la ola de violencia contra Ostula, s\u00f3lo un d\u00eda despu\u00e9s de que fuera hallado sin vida el cuerpo del guardia comunal Lorenzo Froyl\u00e1n de la Cruz, quien hab\u00eda sido desaparecido por un grupo criminal el 1 de agosto en Coalcom\u00e1n.<\/p>\n<p>Durante la movilizaci\u00f3n los comuneros exigieron el respeto a sus territorios, particularmente a las tierras recuperadas de Xayakalan, as\u00ed como el castigo a los responsables de la desaparici\u00f3n, tortura y ejecuci\u00f3n de Lorenzo de la Cruz, el desmantelamiento de los grupos armados y garant\u00edas de protecci\u00f3n para la guardia comunal de Ostula y su autonom\u00eda.<\/p>\n<figure id=\"attachment_67618\" aria-describedby=\"caption-attachment-67618\" style=\"width: 1280px\" class=\"wp-caption alignnone\"><img loading=\"lazy\" decoding=\"async\" data-attachment-id=\"67618\" data-permalink=\"https:\/\/www.grieta.org.mx\/index.php\/2023\/08\/16\/comunidad-de-ostula-impide-desalojo-de-tierras-recuperadas-michoacan\/ezgif-com-crop-22\/\" data-orig-file=\"https:\/\/www.grieta.org.mx\/wp-content\/uploads\/2023\/09\/ezgif.com-crop-22.jpg\" data-orig-size=\"1280,578\" data-comments-opened=\"0\" data-image-meta=\"{&quot;aperture&quot;:&quot;0&quot;,&quot;credit&quot;:&quot;&quot;,&quot;camera&quot;:&quot;&quot;,&quot;caption&quot;:&quot;&quot;,&quot;created_timestamp&quot;:&quot;0&quot;,&quot;copyright&quot;:&quot;&quot;,&quot;focal_length&quot;:&quot;0&quot;,&quot;iso&quot;:&quot;0&quot;,&quot;shutter_speed&quot;:&quot;0&quot;,&quot;title&quot;:&quot;&quot;,&quot;orientation&quot;:&quot;0&quot;}\" data-image-title=\"ezgif.com-crop-22\" data-image-description=\"\" data-image-caption=\"&lt;p&gt;Foto: Desinform\u00e9monos&lt;\/p&gt;\n\" data-medium-file=\"https:\/\/www.grieta.org.mx\/wp-content\/uploads\/2023\/09\/ezgif.com-crop-22-300x135.jpg\" data-large-file=\"https:\/\/www.grieta.org.mx\/wp-content\/uploads\/2023\/09\/ezgif.com-crop-22-1024x462.jpg\" src=\"http:\/\/www.grieta.org.mx\/wp-content\/uploads\/2023\/09\/ezgif.com-crop-22.jpg\" alt=\"\" width=\"1280\" height=\"578\" class=\"size-full wp-image-67618\" srcset=\"https:\/\/www.grieta.org.mx\/wp-content\/uploads\/2023\/09\/ezgif.com-crop-22.jpg 1280w, https:\/\/www.grieta.org.mx\/wp-content\/uploads\/2023\/09\/ezgif.com-crop-22-300x135.jpg 300w, https:\/\/www.grieta.org.mx\/wp-content\/uploads\/2023\/09\/ezgif.com-crop-22-1024x462.jpg 1024w, https:\/\/www.grieta.org.mx\/wp-content\/uploads\/2023\/09\/ezgif.com-crop-22-768x347.jpg 768w\" sizes=\"auto, (max-width: 1280px) 100vw, 1280px\" \/><figcaption id=\"caption-attachment-67618\" class=\"wp-caption-text\">Foto: Desinform\u00e9monos<\/figcaption><\/figure>\n<p>A continuaci\u00f3n el comunicado completo:<\/p>\n<p>A LOS PUEBLOS DE MEXICO Y DEL MUNDO,<br \/>\nA LOS MEDIOS DE INFORMACION NACIONALES E INTERNACIONALES,<br \/>\nA LOS ORGANISMOS DEFENSORES DE DERECHOS HUMANOS.<\/p>\n<p>La embestida por parte de funcionarios del Estado mexicano y de c\u00e1rteles criminales, en contra de nuestra comunidad, en contra de sus territorios, y en contra de sus instituciones y de su autonom\u00eda ha crecido descomunalmente en los \u00faltimos d\u00edas.<\/p>\n<p>Junto a la violenta ejecuci\u00f3n de nuestro hermano y compa\u00f1ero LORENZO FROYLAN DE LA CRUZ R\u00cdOS, cuyo cuerpo sin vida fue localizado el pasado 10 de agosto y quien unos d\u00edas antes hab\u00eda sido \u201clevantado\u201d por un comando del Cartel Jalisco Nueva Generaci\u00f3n (CJNG), sorpresivamente el viernes once de agosto nos fue notificado un acuerdo que el magistrado del Tribunal Unitario Agrario del Distrito 38, con sede en la Ciudad de Colima, JES\u00daS ANTONIO FR\u00cdAS CARDONA, emiti\u00f3 desde el 26 de junio de este a\u00f1o en el juicio agrario n\u00famero 78\/2004, con el prop\u00f3sito de ejecutar una sentencia para deslindar nuestras tierras comunales correspondientes a la Encargatura de Xayakalan en favor de supuestos peque\u00f1os propietarios de La Placita, lo anterior sin que esta resoluci\u00f3n se encuentra firme, pues existen recursos legales en tr\u00e1mite en contra de la misma.<\/p>\n<p>Dicha orden de ejecuci\u00f3n iba a materializarse el d\u00eda de hoy, sin embargo, ante la movilizaci\u00f3n de miles de comuneros y comuneras para impedirlo, el Tribunal Unitario Agrario dej\u00f3 sin efectos la diligencia de ejecuci\u00f3n, pero trastoc\u00f3 profundamente la paz y la tranquilidad de toda la regi\u00f3n.<\/p>\n<p>Ante las graves circunstancias de peligro en que se encuentra nuestra comunidad y de frente a la embestida gubernamental y criminal desatada en su contra, exigimos:<br \/>\n1. EL RESPETO A LAS TIERRAS Y TERRITORIOS QUE CORRESPONDEN EN FORMA ANCESTRAL A LA COMUNIDAD DE SANTA MAR\u00cdA OSTULA Y EN PARTICULAR EL RESPETO A LAS TIERRAS DE LA ENCARGATURA DE XAYAKALAN, MISMAS QUE HAB\u00cdAN SIDO DESPOJADAS A NUESTRA COMUNIDAD POR SUPUESTOS PEQUE\u00d1OS PROPIETARIOS DE LA PLACITA Y QUE FUERON RECUPERADAS EL 29 DE JUNIO DE 2009.<br \/>\n2. EL CASTIGO A LOS CULPABLES DE LA TORTURA Y EJECUCI\u00d3N EXTRAJUDICIAL DE LORENZO<br \/>\nFROYL\u00c1N DE LA CRUZ R\u00cdOS Y DEL ASESINATO DE ISAUL NEMESIO ZAMBRANO, MIGUEL ESTRADA REYES, ROLANDO MAGNO ZAMBRANO, EUSTAQUIO ALCAL\u00c1 D\u00cdAZ Y JUAN MEDINA, ASI COMO LA PRESENTACI\u00d3N CON VIDA DE ANTONIO D\u00cdAZ Y RICARDO LAGUNES.<\/p>\n<p>3. EL DESMANTELAMIENTO DEL CJNG Y EL CESE DE LA PROTECCI\u00d3N QUE OTORGAN A DICHO CARTEL FUNCIONARIOS Y MANDOS CORRUPTOS DE LA GUARDIA NACIONAL ADSCRITA A CHINICUILA Y COALCOM\u00c1N, A LA FISCAL\u00cdA GENERAL DE MICHOAC\u00c1N ADSCRITA EN COALCOM\u00c1N Y A LA GUARDIA CIVIL ESTATAL.<\/p>\n<p>4. EL RESPETO Y OTORGAMIENTO DE GARANT\u00cdAS PARA EL FUNCIONAMIENTO DE NUESTRA<br \/>\nGUARDIA COMUNAL Y PARA EL EJERCICIO DE NUESTRA LIBRE DETERMINACI\u00d3N Y AUTONOM\u00cdA.<\/p>\n<p>\u00a1Respeto a las tierras y territorios de la Comunidad Ind\u00edgena de Santa Mar\u00eda Ostula!<br \/>\n\u00a1Castigo a los autores intelectuales y materiales de la tortura y ejecuci\u00f3n de nuestro guardia<br \/>\ncomunal, Lorenzo Froylan de la Cruz R\u00edos!<br \/>\n\u00a1Castigo a los culpables del asesinato de nuestros comuneros en la lucha por la tierra y las<br \/>\nlibertades de la comunidad!<br \/>\n\u00a1Respeto a nuestra Guardia Comunal!<br \/>\nSANTA MAR\u00cdA OSTULA, A 15 DE AGOSTO DE 2023.<\/p>\n<p>ATENTAMENTE<br \/>\nNUNCA M\u00c1S UN M\u00c9XICO SIN NOSOTROS<br \/>\nCOMUNIDAD IND\u00cdGENA NAHUA DE SANTA MAR\u00cdA OSTULA<\/p>\n<p><a href=\"https:\/\/desinformemonos.org\/comunidad-de-ostula-impide-desalojo-de-tierras-recuperadas\/\">https:\/\/desinformemonos.org\/comunidad-de-ostula-impide-desalojo-de-tierras-recuperadas\/<\/a><\/p>\n","protected":false},"excerpt":{"rendered":"<p>Redacci\u00f3n Desinform\u00e9monos 16 agosto 2023 Ciudad de M\u00e9xico | Desinform\u00e9monos. La comunidad de Santa Mar\u00eda Ostula, Michoac\u00e1n, se moviliz\u00f3 para impedir el cumplimiento de la orden de desalojo de la &hellip; <a href=\"https:\/\/www.grieta.org.mx\/index.php\/2023\/08\/16\/comunidad-de-ostula-impide-desalojo-de-tierras-recuperadas-michoacan\/\" class=\"more-link\">Leer m\u00e1s<\/a><\/p>\n","protected":false},"author":2,"featured_media":67617,"comment_status":"closed","ping_status":"closed","sticky":false,"template":"","format":"standard","meta":{"ngg_post_thumbnail":0,"_jetpack_newsletter_access":"","_jetpack_dont_email_post_to_subs":false,"_jetpack_newsletter_tier_id":0,"_jetpack_memberships_contains_paywalled_content":false,"_jetpack_memberships_contains_paid_content":false,"footnotes":""},"categories":[80,2552,989,21,2,995],"tags":[4172,4171,2466],"class_list":["post-67616","post","type-post","status-publish","format-standard","has-post-thumbnail","hentry","category-cintillo","category-destruccion-de-la-naturaleza-en-michoacan","category-lucha-y-resistencia-del-pueblo-de-santa-maria-ostula","category-michoacan","category-noticias-nacionales","category-resistencia-y-construccion-de-autonomia-de-las-comunidades-rurales-en-michoacan","tag-defensa-de-la-tierra-y-el-territorio","tag-lucha-por-la-tierra","tag-luchas-y-resistencias-de-pueblos-originarios","entry"],"jetpack_featured_media_url":"https:\/\/www.grieta.org.mx\/wp-content\/uploads\/2023\/09\/365980911_312683794471978_5879370917104460042_n.jpg","jetpack_sharing_enabled":true,"jetpack_shortlink":"https:\/\/wp.me\/p7ZJR4-hAA","jetpack_likes_enabled":false,"jetpack-related-posts":[{"id":41062,"url":"https:\/\/www.grieta.org.mx\/index.php\/2019\/11\/03\/pobladores-de-ostula-michoacan-instalan-revisiones-vehiculares-tras-emboscada-a-guardia-local-michoacan\/","url_meta":{"origin":67616,"position":0},"title":"Pobladores de Ostula, Michoac\u00e1n, instalan revisiones vehiculares tras emboscada a Guardia Local (Michoac\u00e1n)","author":"grieta","date":"3 noviembre, 2019","format":false,"excerpt":"Por:Redacci\u00f3n \/ Noventa Grados, 03 de noviembre de 2019 Aquila, Michoac\u00e1n; a 03 de noviembre de 2019.- Ante la agresi\u00f3n armada que sufri\u00f3 esta tarde la Guardia Comunal de Aquila, el pueblo nahua de Ostula, que forma parte de este municipio, activ\u00f3 sus protocolos de seguridad e instal\u00f3 un filtro\u2026","rel":"","context":"En &quot;1. Ostula&quot;","block_context":{"text":"1. Ostula","link":"https:\/\/www.grieta.org.mx\/index.php\/category\/espejos-de-la-resistencia\/1-ostula\/"},"img":{"alt_text":"","src":"https:\/\/i0.wp.com\/www.grieta.org.mx\/wp-content\/uploads\/2019\/11\/0-grande.jpg?resize=350%2C200&ssl=1","width":350,"height":200,"srcset":"https:\/\/i0.wp.com\/www.grieta.org.mx\/wp-content\/uploads\/2019\/11\/0-grande.jpg?resize=350%2C200&ssl=1 1x, https:\/\/i0.wp.com\/www.grieta.org.mx\/wp-content\/uploads\/2019\/11\/0-grande.jpg?resize=525%2C300&ssl=1 1.5x, https:\/\/i0.wp.com\/www.grieta.org.mx\/wp-content\/uploads\/2019\/11\/0-grande.jpg?resize=700%2C400&ssl=1 2x"},"classes":[]},{"id":7497,"url":"https:\/\/www.grieta.org.mx\/index.php\/2016\/07\/29\/lucha-y-resistencia-del-pueblo-de-santa-maria-ostula\/","url_meta":{"origin":67616,"position":1},"title":"Lucha y resistencia del pueblo de Santa Mar\u00eda Ostula","author":"Admin","date":"29 julio, 2016","format":false,"excerpt":"Detienen a Jhony Israel Flores Tolentino, polic\u00eda comunitario de Santa Mar\u00eda Ostula 29\/07\/16. Detienen a \u201cEl Tizoc\u201d en Morelia; intentaba obtener una carta de no antecedentes penales Provincia Ostula celebra siete a\u00f1os de autonom\u00eda 28\/06\/16. Ostula Michoac\u00e1n, siete a\u00f1os en defensa de la Madre Tierra Pozol Colectivo Movilizaci\u00f3n en memoria\u2026","rel":"","context":"En &quot;1. Ostula&quot;","block_context":{"text":"1. Ostula","link":"https:\/\/www.grieta.org.mx\/index.php\/category\/espejos-de-la-resistencia\/1-ostula\/"},"img":{"alt_text":"","src":"https:\/\/i0.wp.com\/www.grieta.org.mx\/wp-content\/uploads\/2018\/03\/14524434_1106112876131411_958039263622046936_o.jpg?resize=350%2C200&ssl=1","width":350,"height":200,"srcset":"https:\/\/i0.wp.com\/www.grieta.org.mx\/wp-content\/uploads\/2018\/03\/14524434_1106112876131411_958039263622046936_o.jpg?resize=350%2C200&ssl=1 1x, https:\/\/i0.wp.com\/www.grieta.org.mx\/wp-content\/uploads\/2018\/03\/14524434_1106112876131411_958039263622046936_o.jpg?resize=525%2C300&ssl=1 1.5x, https:\/\/i0.wp.com\/www.grieta.org.mx\/wp-content\/uploads\/2018\/03\/14524434_1106112876131411_958039263622046936_o.jpg?resize=700%2C400&ssl=1 2x"},"classes":[]},{"id":68449,"url":"https:\/\/www.grieta.org.mx\/index.php\/2024\/02\/08\/la-comunidad-nahua-de-santa-maria-ostula-denuncia-ataque-de-un-comando-armado-del-cjng\/","url_meta":{"origin":67616,"position":2},"title":"La comunidad Nahua de Santa Mar\u00eda Ostula denuncia ataque de un Comando Armado del CJNG","author":"grieta","date":"8 febrero, 2024","format":false,"excerpt":"Colectivo Grieta 04 de febrero de 2024. En un comunicado publicado por el Congreso Nacional Ind\u00edgena, la Comunidad Nahua de Santa Mar\u00eda Ostula denunci\u00f3 el ataque de un comando armado de unas 50 personas que incursionaron a bordo de camionetas en el territorio comunal de La Cofrad\u00eda. Los comuneros reportan\u2026","rel":"","context":"En &quot;1. Ostula&quot;","block_context":{"text":"1. Ostula","link":"https:\/\/www.grieta.org.mx\/index.php\/category\/espejos-de-la-resistencia\/1-ostula\/"},"img":{"alt_text":"","src":"https:\/\/i0.wp.com\/www.grieta.org.mx\/wp-content\/uploads\/2024\/02\/PRONUNCIAMIENTO-POR-LA-DESAPARICION-FORZADA-DE-LORENZO-FROYLAN-DE-LA-CRUZ-R_20240202_202519_0000.png?resize=350%2C200&ssl=1","width":350,"height":200,"srcset":"https:\/\/i0.wp.com\/www.grieta.org.mx\/wp-content\/uploads\/2024\/02\/PRONUNCIAMIENTO-POR-LA-DESAPARICION-FORZADA-DE-LORENZO-FROYLAN-DE-LA-CRUZ-R_20240202_202519_0000.png?resize=350%2C200&ssl=1 1x, https:\/\/i0.wp.com\/www.grieta.org.mx\/wp-content\/uploads\/2024\/02\/PRONUNCIAMIENTO-POR-LA-DESAPARICION-FORZADA-DE-LORENZO-FROYLAN-DE-LA-CRUZ-R_20240202_202519_0000.png?resize=525%2C300&ssl=1 1.5x, https:\/\/i0.wp.com\/www.grieta.org.mx\/wp-content\/uploads\/2024\/02\/PRONUNCIAMIENTO-POR-LA-DESAPARICION-FORZADA-DE-LORENZO-FROYLAN-DE-LA-CRUZ-R_20240202_202519_0000.png?resize=700%2C400&ssl=1 2x"},"classes":[]},{"id":69748,"url":"https:\/\/www.grieta.org.mx\/index.php\/2024\/08\/09\/habitantes-de-santa-maria-ostula-realizan-jornada-de-protestas-en-defensa-de-su-territorio-michoacan\/","url_meta":{"origin":67616,"position":3},"title":"Habitantes de Santa Mar\u00eda Ostula realizan jornada de protestas en defensa de su territorio (Michoac\u00e1n)","author":"grieta","date":"9 agosto, 2024","format":false,"excerpt":"Pobladores de la comunidad ind\u00edgena nahua enfrentan el riesgo de perder alrededor de 3 mil hect\u00e1reas de su territorio mediante un juicio iniciado hace dos d\u00e9cadas. Proceso Por Pedro Zamora Brise\u00f1o viernes, 9 de agosto de 2024 MORELIA, Mich. (apro).- La ma\u00f1ana de este viernes, habitantes de la comunidad ind\u00edgena\u2026","rel":"","context":"En &quot;CINTILLO&quot;","block_context":{"text":"CINTILLO","link":"https:\/\/www.grieta.org.mx\/index.php\/category\/cintillo\/"},"img":{"alt_text":"","src":"https:\/\/i0.wp.com\/www.grieta.org.mx\/wp-content\/uploads\/2024\/09\/f685x385-205051_242744_4965.jpg?resize=350%2C200&ssl=1","width":350,"height":200,"srcset":"https:\/\/i0.wp.com\/www.grieta.org.mx\/wp-content\/uploads\/2024\/09\/f685x385-205051_242744_4965.jpg?resize=350%2C200&ssl=1 1x, https:\/\/i0.wp.com\/www.grieta.org.mx\/wp-content\/uploads\/2024\/09\/f685x385-205051_242744_4965.jpg?resize=525%2C300&ssl=1 1.5x"},"classes":[]},{"id":15886,"url":"https:\/\/www.grieta.org.mx\/index.php\/2016\/06\/28\/ostula-michoacan-siete-anos-en-defensa-de-la-madre-tierra\/","url_meta":{"origin":67616,"position":4},"title":"Ostula Michoac\u00e1n, siete a\u00f1os en defensa de la Madre Tierra","author":"Admin","date":"28 junio, 2016","format":false,"excerpt":"En el marco del s\u00e9ptimo aniversario de recuperaci\u00f3n de 1200 hect\u00e1reas de tierras comunales donde la comunidad ind\u00edgena de Santa Mar\u00eda Ostula, municipio de Aquila, Michoac\u00e1n, fund\u00f3 la encargatura de Xayakalan, como parte de su organizaci\u00f3n en defensa de su territorio y autonom\u00eda. El Centro de Derechos Humanos Fray Bartolom\u00e9\u2026","rel":"","context":"En &quot;CINTILLO&quot;","block_context":{"text":"CINTILLO","link":"https:\/\/www.grieta.org.mx\/index.php\/category\/cintillo\/"},"img":{"alt_text":"","src":"https:\/\/i0.wp.com\/www.grieta.org.mx\/wp-content\/uploads\/2018\/03\/14524434_1106112876131411_958039263622046936_o.jpg?resize=350%2C200&ssl=1","width":350,"height":200,"srcset":"https:\/\/i0.wp.com\/www.grieta.org.mx\/wp-content\/uploads\/2018\/03\/14524434_1106112876131411_958039263622046936_o.jpg?resize=350%2C200&ssl=1 1x, https:\/\/i0.wp.com\/www.grieta.org.mx\/wp-content\/uploads\/2018\/03\/14524434_1106112876131411_958039263622046936_o.jpg?resize=525%2C300&ssl=1 1.5x, https:\/\/i0.wp.com\/www.grieta.org.mx\/wp-content\/uploads\/2018\/03\/14524434_1106112876131411_958039263622046936_o.jpg?resize=700%2C400&ssl=1 2x"},"classes":[]},{"id":67612,"url":"https:\/\/www.grieta.org.mx\/index.php\/2023\/08\/09\/desaparece-lorenzo-froylan-guardia-comunal-en-santa-maria-ostula-michoacan-pobladores-acusan-a-grupo-criminal\/","url_meta":{"origin":67616,"position":5},"title":"Desaparece Lorenzo Froyl\u00e1n, guardia comunal en Santa Mar\u00eda Ostula, Michoac\u00e1n; pobladores acusan a grupo criminal","author":"grieta","date":"9 agosto, 2023","format":false,"excerpt":"Pobladores se\u00f1alaron al CJNG por la desaparici\u00f3n de Lorenzo Froyl\u00e1n de la Cruz, guardia comunal de Santa Mar\u00eda Ostula en Michoac\u00e1n. Acusan que desde 2009 suman 39 asesinatos relacionados con el grupo criminal. Lorenzo Froyl\u00e1n de la Cruz R\u00edos, guardia comunal en Santa Mar\u00eda Ostula, Michoac\u00e1n, fue reportado como desaparecido.\u2026","rel":"","context":"En &quot;CINTILLO&quot;","block_context":{"text":"CINTILLO","link":"https:\/\/www.grieta.org.mx\/index.php\/category\/cintillo\/"},"img":{"alt_text":"","src":"https:\/\/i0.wp.com\/www.grieta.org.mx\/wp-content\/uploads\/2023\/09\/guardia-comunal-Santa-Maria-Ostula-Michoacan-1024x683-1.webp?resize=350%2C200&ssl=1","width":350,"height":200,"srcset":"https:\/\/i0.wp.com\/www.grieta.org.mx\/wp-content\/uploads\/2023\/09\/guardia-comunal-Santa-Maria-Ostula-Michoacan-1024x683-1.webp?resize=350%2C200&ssl=1 1x, https:\/\/i0.wp.com\/www.grieta.org.mx\/wp-content\/uploads\/2023\/09\/guardia-comunal-Santa-Maria-Ostula-Michoacan-1024x683-1.webp?resize=525%2C300&ssl=1 1.5x, https:\/\/i0.wp.com\/www.grieta.org.mx\/wp-content\/uploads\/2023\/09\/guardia-comunal-Santa-Maria-Ostula-Michoacan-1024x683-1.webp?resize=700%2C400&ssl=1 2x"},"classes":[]}],"_links":{"self":[{"href":"https:\/\/www.grieta.org.mx\/index.php\/wp-json\/wp\/v2\/posts\/67616","targetHints":{"allow":["GET"]}}],"collection":[{"href":"https:\/\/www.grieta.org.mx\/index.php\/wp-json\/wp\/v2\/posts"}],"about":[{"href":"https:\/\/www.grieta.org.mx\/index.php\/wp-json\/wp\/v2\/types\/post"}],"author":[{"embeddable":true,"href":"https:\/\/www.grieta.org.mx\/index.php\/wp-json\/wp\/v2\/users\/2"}],"replies":[{"embeddable":true,"href":"https:\/\/www.grieta.org.mx\/index.php\/wp-json\/wp\/v2\/comments?post=67616"}],"version-history":[{"count":1,"href":"https:\/\/www.grieta.org.mx\/index.php\/wp-json\/wp\/v2\/posts\/67616\/revisions"}],"predecessor-version":[{"id":67619,"href":"https:\/\/www.grieta.org.mx\/index.php\/wp-json\/wp\/v2\/posts\/67616\/revisions\/67619"}],"wp:featuredmedia":[{"embeddable":true,"href":"https:\/\/www.grieta.org.mx\/index.php\/wp-json\/wp\/v2\/media\/67617"}],"wp:attachment":[{"href":"https:\/\/www.grieta.org.mx\/index.php\/wp-json\/wp\/v2\/media?parent=67616"}],"wp:term":[{"taxonomy":"category","embeddable":true,"href":"https:\/\/www.grieta.org.mx\/index.php\/wp-json\/wp\/v2\/categories?post=67616"},{"taxonomy":"post_tag","embeddable":true,"href":"https:\/\/www.grieta.org.mx\/index.php\/wp-json\/wp\/v2\/tags?post=67616"}],"curies":[{"name":"wp","href":"https:\/\/api.w.org\/{rel}","templated":true}]}}