{"id":67612,"date":"2023-08-09T19:41:17","date_gmt":"2023-08-10T01:41:17","guid":{"rendered":"https:\/\/www.grieta.org.mx\/?p=67612"},"modified":"2023-09-01T19:47:31","modified_gmt":"2023-09-02T01:47:31","slug":"desaparece-lorenzo-froylan-guardia-comunal-en-santa-maria-ostula-michoacan-pobladores-acusan-a-grupo-criminal","status":"publish","type":"post","link":"https:\/\/www.grieta.org.mx\/index.php\/2023\/08\/09\/desaparece-lorenzo-froylan-guardia-comunal-en-santa-maria-ostula-michoacan-pobladores-acusan-a-grupo-criminal\/","title":{"rendered":"Desaparece Lorenzo Froyl\u00e1n, guardia comunal en Santa Mar\u00eda Ostula, Michoac\u00e1n; pobladores acusan a grupo criminal"},"content":{"rendered":"<p><strong>Pobladores se\u00f1alaron al CJNG por la desaparici\u00f3n de Lorenzo Froyl\u00e1n de la Cruz, guardia comunal de Santa Mar\u00eda Ostula en Michoac\u00e1n. Acusan que desde 2009 suman 39 asesinatos relacionados con el grupo criminal.<\/strong><\/p>\n<p>Lorenzo Froyl\u00e1n de la Cruz R\u00edos, guardia comunal en Santa Mar\u00eda Ostula, Michoac\u00e1n, fue reportado como desaparecido. Pobladores aseguran que un grupo criminal que opera en la regi\u00f3n ser\u00eda el  responsable.<\/p>\n<p>Desde el 1 de agosto se desconoce la ubicaci\u00f3n de Lorenzo Froyl\u00e1n y el 7 de agosto la comunidad interpuso una denuncia penal ante la agencia del Ministerio P\u00fablico del fuero com\u00fan en Coahuayana, Michoac\u00e1n, inform\u00f3 la Red Nacional de Organismos Civiles de Derechos Humanos \u201cTodos los Derechos para Todas y Todos\u201d (Red TDT).<\/p>\n<figure id=\"attachment_67614\" aria-describedby=\"caption-attachment-67614\" style=\"width: 800px\" class=\"wp-caption alignnone\"><img loading=\"lazy\" decoding=\"async\" data-attachment-id=\"67614\" data-permalink=\"https:\/\/www.grieta.org.mx\/index.php\/2023\/08\/09\/desaparece-lorenzo-froylan-guardia-comunal-en-santa-maria-ostula-michoacan-pobladores-acusan-a-grupo-criminal\/ficha-busqueda-lorenzo-froylan-michoacan\/\" data-orig-file=\"https:\/\/www.grieta.org.mx\/wp-content\/uploads\/2023\/09\/ficha-busqueda-Lorenzo-Froylan-Michoacan.jpg\" data-orig-size=\"800,1200\" data-comments-opened=\"0\" data-image-meta=\"{&quot;aperture&quot;:&quot;0&quot;,&quot;credit&quot;:&quot;&quot;,&quot;camera&quot;:&quot;&quot;,&quot;caption&quot;:&quot;&quot;,&quot;created_timestamp&quot;:&quot;0&quot;,&quot;copyright&quot;:&quot;&quot;,&quot;focal_length&quot;:&quot;0&quot;,&quot;iso&quot;:&quot;0&quot;,&quot;shutter_speed&quot;:&quot;0&quot;,&quot;title&quot;:&quot;&quot;,&quot;orientation&quot;:&quot;1&quot;}\" data-image-title=\"ficha-busqueda-Lorenzo-Froylan-Michoacan\" data-image-description=\"\" data-image-caption=\"&lt;p&gt;Imagen tomada de Animal Pol\u00edtico.&lt;\/p&gt;\n\" data-medium-file=\"https:\/\/www.grieta.org.mx\/wp-content\/uploads\/2023\/09\/ficha-busqueda-Lorenzo-Froylan-Michoacan-200x300.jpg\" data-large-file=\"https:\/\/www.grieta.org.mx\/wp-content\/uploads\/2023\/09\/ficha-busqueda-Lorenzo-Froylan-Michoacan-683x1024.jpg\" src=\"http:\/\/www.grieta.org.mx\/wp-content\/uploads\/2023\/09\/ficha-busqueda-Lorenzo-Froylan-Michoacan.jpg\" alt=\"\" width=\"800\" height=\"1200\" class=\"size-full wp-image-67614\" srcset=\"https:\/\/www.grieta.org.mx\/wp-content\/uploads\/2023\/09\/ficha-busqueda-Lorenzo-Froylan-Michoacan.jpg 800w, https:\/\/www.grieta.org.mx\/wp-content\/uploads\/2023\/09\/ficha-busqueda-Lorenzo-Froylan-Michoacan-200x300.jpg 200w, https:\/\/www.grieta.org.mx\/wp-content\/uploads\/2023\/09\/ficha-busqueda-Lorenzo-Froylan-Michoacan-683x1024.jpg 683w, https:\/\/www.grieta.org.mx\/wp-content\/uploads\/2023\/09\/ficha-busqueda-Lorenzo-Froylan-Michoacan-768x1152.jpg 768w\" sizes=\"auto, (max-width: 800px) 100vw, 800px\" \/><figcaption id=\"caption-attachment-67614\" class=\"wp-caption-text\">Imagen tomada de Animal Pol\u00edtico.<\/figcaption><\/figure>\n<p>El d\u00eda de la desaparici\u00f3n, tres habitantes de Santa Mar\u00eda Ostula se encontraban en la cabecera municipal de Coalcom\u00e1n resolviendo asuntos comerciales personales. Dos de ellos viajaban en una camioneta y otro en su motocicleta.<\/p>\n<p>\u201cAl salir Lorenzo Froyl\u00e1n de la moto, fue detenido por un ret\u00e9n del C\u00e1rtel Jalisco Nueva Generaci\u00f3n (CJNG). Los otros dos habitantes de Ostula al no saber nada de su compa\u00f1ero, regresaron a ver qu\u00e9 hab\u00eda sucedido y tambi\u00e9n fueron retenidos\u201d, detall\u00f3 el Congreso Nacional Ind\u00edgena en un pronunciamiento.<\/p>\n<p>Los tres estuvieron encerrados varias d\u00edas y dos de ellos fueron liberados, con excepci\u00f3n de Lorenzo Froyl\u00e1n, de quien no se tiene m\u00e1s informaci\u00f3n.<\/p>\n<p>Pobladores denunciaron que en la regi\u00f3n existen diversas instalaciones de cuerpos castrenses, como el cuartel del 65 Batall\u00f3n de Infanter\u00eda del Ej\u00e9rcito Mexicano y un cuartel de la Guardia Nacional, \u201csin embargo el CJNG act\u00faa con total impunidad\u201d.<\/p>\n<p>Las y los comuneros de Ostula se\u00f1alaron que esta desaparici\u00f3n forzada se suma a los cr\u00edmenes que se han cometido en contra de las comunidades de la regi\u00f3n, como San Miguel Aquila y Huitzontla. Dicho grupo criminal ha sido denunciado en otros casos, ligados a agresiones y da\u00f1os presuntamente causados en conjunto con la empresa minera Ternium, que tiene presencia en Michoac\u00e1n y Colima.<\/p>\n<p>En su pronunciamiento, habitantes de Santa Mar\u00eda Ostula, Michoac\u00e1n, aseguraron estar organizados y unidos, que cuentan con su Guardia Comunal y reforzar\u00e1n acciones para terminar con la presencia de la delincuencia organizada; adem\u00e1s de que exigieron la localizaci\u00f3n de Lorenzo Froyl\u00e1n de la Cruz R\u00edos.<br \/>\nPobladores de Santa Mar\u00eda Ostula, Michoac\u00e1n, denuncian ataques del crimen organizado<\/p>\n<p>De acuerdo con la Red TDT, de 2009 a 2014 la comunidad de Santa Mar\u00eda Ostula, sufri\u00f3 diversos ataques por parte de la delincuencia organizada provoc\u00f3 35 asesinatos y 6 desapariciones forzadas de autoridades agrarias y lideres comunales; incluyendo a un ni\u00f1o.<\/p>\n<p>A estos casos se suma que el 12 de enero de 2023, los guardias comunales Isau Nemesio Zambrano, Miguel Estrada Reyes y Rolando Magno Zambrano fueron asesinados. D\u00edas despu\u00e9s, el 15 de enero, el abogado Ricardo Lagunes y el comunero ind\u00edgena Antonio D\u00edaz, de San Miguel Aquila, fueron desaparecidos.<\/p>\n<p>El 1 de abril, Eustaquio Alcal\u00e1 D\u00edaz, de la comunidad ind\u00edgena de Huitzontla, fue asesinado, al igual que el exjefe de Tenencia de Ostula, Juan Medina, el 14 del mismo mes.<\/p>\n<p><a href=\"https:\/\/www.animalpolitico.com\/estados\/lorenzo-froylan-guardia-comunal-santa-maria-ostula-michoacan\">https:\/\/www.animalpolitico.com\/estados\/lorenzo-froylan-guardia-comunal-santa-maria-ostula-michoacan<\/a><\/p>\n","protected":false},"excerpt":{"rendered":"<p>Pobladores se\u00f1alaron al CJNG por la desaparici\u00f3n de Lorenzo Froyl\u00e1n de la Cruz, guardia comunal de Santa Mar\u00eda Ostula en Michoac\u00e1n. Acusan que desde 2009 suman 39 asesinatos relacionados con &hellip; <a href=\"https:\/\/www.grieta.org.mx\/index.php\/2023\/08\/09\/desaparece-lorenzo-froylan-guardia-comunal-en-santa-maria-ostula-michoacan-pobladores-acusan-a-grupo-criminal\/\" class=\"more-link\">Leer m\u00e1s<\/a><\/p>\n","protected":false},"author":2,"featured_media":67613,"comment_status":"closed","ping_status":"closed","sticky":false,"template":"","format":"standard","meta":{"ngg_post_thumbnail":0,"_jetpack_newsletter_access":"","_jetpack_dont_email_post_to_subs":false,"_jetpack_newsletter_tier_id":0,"_jetpack_memberships_contains_paywalled_content":false,"_jetpack_memberships_contains_paid_content":false,"footnotes":""},"categories":[80,4096,989,21,2,3336],"tags":[1834,459,2466,1833],"class_list":["post-67612","post","type-post","status-publish","format-standard","has-post-thumbnail","hentry","category-cintillo","category-lucha-por-los-desaparecidos-en-michoacan","category-lucha-y-resistencia-del-pueblo-de-santa-maria-ostula","category-michoacan","category-noticias-nacionales","category-violencia-delas-fuerzas-represivas-en-michoacan","tag-asesinato-de-lideres-indigenas","tag-ataques-a-defensores-ambientales","tag-luchas-y-resistencias-de-pueblos-originarios","tag-violencia-contra-pueblos-indigenas","entry"],"jetpack_featured_media_url":"https:\/\/www.grieta.org.mx\/wp-content\/uploads\/2023\/09\/guardia-comunal-Santa-Maria-Ostula-Michoacan-1024x683-1.webp","jetpack_sharing_enabled":true,"jetpack_shortlink":"https:\/\/wp.me\/p7ZJR4-hAw","jetpack_likes_enabled":false,"jetpack-related-posts":[{"id":67616,"url":"https:\/\/www.grieta.org.mx\/index.php\/2023\/08\/16\/comunidad-de-ostula-impide-desalojo-de-tierras-recuperadas-michoacan\/","url_meta":{"origin":67612,"position":0},"title":"Comunidad de Ostula impide desalojo de tierras recuperadas (Michoac\u00e1n)","author":"grieta","date":"16 agosto, 2023","format":false,"excerpt":"Redacci\u00f3n Desinform\u00e9monos 16 agosto 2023 Ciudad de M\u00e9xico | Desinform\u00e9monos. La comunidad de Santa Mar\u00eda Ostula, Michoac\u00e1n, se moviliz\u00f3 para impedir el cumplimiento de la orden de desalojo de la encargatura costera de Xayakalan y logr\u00f3 que el Tribunal Unitario Agrario dejara sin efectos la diligencia de ejecuci\u00f3n. Los comuneros\u2026","rel":"","context":"En &quot;CINTILLO&quot;","block_context":{"text":"CINTILLO","link":"https:\/\/www.grieta.org.mx\/index.php\/category\/cintillo\/"},"img":{"alt_text":"","src":"https:\/\/i0.wp.com\/www.grieta.org.mx\/wp-content\/uploads\/2023\/09\/365980911_312683794471978_5879370917104460042_n.jpg?resize=350%2C200&ssl=1","width":350,"height":200,"srcset":"https:\/\/i0.wp.com\/www.grieta.org.mx\/wp-content\/uploads\/2023\/09\/365980911_312683794471978_5879370917104460042_n.jpg?resize=350%2C200&ssl=1 1x, https:\/\/i0.wp.com\/www.grieta.org.mx\/wp-content\/uploads\/2023\/09\/365980911_312683794471978_5879370917104460042_n.jpg?resize=525%2C300&ssl=1 1.5x, https:\/\/i0.wp.com\/www.grieta.org.mx\/wp-content\/uploads\/2023\/09\/365980911_312683794471978_5879370917104460042_n.jpg?resize=700%2C400&ssl=1 2x, https:\/\/i0.wp.com\/www.grieta.org.mx\/wp-content\/uploads\/2023\/09\/365980911_312683794471978_5879370917104460042_n.jpg?resize=1050%2C600&ssl=1 3x"},"classes":[]},{"id":41062,"url":"https:\/\/www.grieta.org.mx\/index.php\/2019\/11\/03\/pobladores-de-ostula-michoacan-instalan-revisiones-vehiculares-tras-emboscada-a-guardia-local-michoacan\/","url_meta":{"origin":67612,"position":1},"title":"Pobladores de Ostula, Michoac\u00e1n, instalan revisiones vehiculares tras emboscada a Guardia Local (Michoac\u00e1n)","author":"grieta","date":"3 noviembre, 2019","format":false,"excerpt":"Por:Redacci\u00f3n \/ Noventa Grados, 03 de noviembre de 2019 Aquila, Michoac\u00e1n; a 03 de noviembre de 2019.- Ante la agresi\u00f3n armada que sufri\u00f3 esta tarde la Guardia Comunal de Aquila, el pueblo nahua de Ostula, que forma parte de este municipio, activ\u00f3 sus protocolos de seguridad e instal\u00f3 un filtro\u2026","rel":"","context":"En &quot;1. Ostula&quot;","block_context":{"text":"1. Ostula","link":"https:\/\/www.grieta.org.mx\/index.php\/category\/espejos-de-la-resistencia\/1-ostula\/"},"img":{"alt_text":"","src":"https:\/\/i0.wp.com\/www.grieta.org.mx\/wp-content\/uploads\/2019\/11\/0-grande.jpg?resize=350%2C200&ssl=1","width":350,"height":200,"srcset":"https:\/\/i0.wp.com\/www.grieta.org.mx\/wp-content\/uploads\/2019\/11\/0-grande.jpg?resize=350%2C200&ssl=1 1x, https:\/\/i0.wp.com\/www.grieta.org.mx\/wp-content\/uploads\/2019\/11\/0-grande.jpg?resize=525%2C300&ssl=1 1.5x, https:\/\/i0.wp.com\/www.grieta.org.mx\/wp-content\/uploads\/2019\/11\/0-grande.jpg?resize=700%2C400&ssl=1 2x"},"classes":[]},{"id":69246,"url":"https:\/\/www.grieta.org.mx\/index.php\/2024\/06\/18\/denuncia-comunidad-de-santa-maria-ostula-ataque-del-cartel-jalisco-nueva-generacion-michoacan\/","url_meta":{"origin":67612,"position":2},"title":"Denuncia comunidad de Santa Mar\u00eda Ostula ataque del C\u00e1rtel Jalisco Nueva Generaci\u00f3n (Michoac\u00e1n)","author":"grieta","date":"18 junio, 2024","format":false,"excerpt":"Por medio de un pronunciamiento, la Comunidad Ind\u00edgena Nahua de Santa Mar\u00eda Ostula inform\u00f3 que un comunero perteneciente a la comunidad fue atacado por un comando fuertemente armado del C\u00e1rtel Jalisco Nueva Generaci\u00f3n Texto: Astrid Salgado \/ Zonadocs Foto: V\u00eda ZonaDocs Santa Mar\u00eda Ostula, Michoac\u00e1n. El pasado 13 de junio\u2026","rel":"","context":"En &quot;1. Ostula&quot;","block_context":{"text":"1. Ostula","link":"https:\/\/www.grieta.org.mx\/index.php\/category\/espejos-de-la-resistencia\/1-ostula\/"},"img":{"alt_text":"","src":"https:\/\/i0.wp.com\/www.grieta.org.mx\/wp-content\/uploads\/2024\/06\/F8RMCUlbkAA88K5.jpeg?resize=350%2C200&ssl=1","width":350,"height":200,"srcset":"https:\/\/i0.wp.com\/www.grieta.org.mx\/wp-content\/uploads\/2024\/06\/F8RMCUlbkAA88K5.jpeg?resize=350%2C200&ssl=1 1x, https:\/\/i0.wp.com\/www.grieta.org.mx\/wp-content\/uploads\/2024\/06\/F8RMCUlbkAA88K5.jpeg?resize=525%2C300&ssl=1 1.5x, https:\/\/i0.wp.com\/www.grieta.org.mx\/wp-content\/uploads\/2024\/06\/F8RMCUlbkAA88K5.jpeg?resize=700%2C400&ssl=1 2x, https:\/\/i0.wp.com\/www.grieta.org.mx\/wp-content\/uploads\/2024\/06\/F8RMCUlbkAA88K5.jpeg?resize=1050%2C600&ssl=1 3x"},"classes":[]},{"id":68449,"url":"https:\/\/www.grieta.org.mx\/index.php\/2024\/02\/08\/la-comunidad-nahua-de-santa-maria-ostula-denuncia-ataque-de-un-comando-armado-del-cjng\/","url_meta":{"origin":67612,"position":3},"title":"La comunidad Nahua de Santa Mar\u00eda Ostula denuncia ataque de un Comando Armado del CJNG","author":"grieta","date":"8 febrero, 2024","format":false,"excerpt":"Colectivo Grieta 04 de febrero de 2024. En un comunicado publicado por el Congreso Nacional Ind\u00edgena, la Comunidad Nahua de Santa Mar\u00eda Ostula denunci\u00f3 el ataque de un comando armado de unas 50 personas que incursionaron a bordo de camionetas en el territorio comunal de La Cofrad\u00eda. Los comuneros reportan\u2026","rel":"","context":"En &quot;1. Ostula&quot;","block_context":{"text":"1. Ostula","link":"https:\/\/www.grieta.org.mx\/index.php\/category\/espejos-de-la-resistencia\/1-ostula\/"},"img":{"alt_text":"","src":"https:\/\/i0.wp.com\/www.grieta.org.mx\/wp-content\/uploads\/2024\/02\/PRONUNCIAMIENTO-POR-LA-DESAPARICION-FORZADA-DE-LORENZO-FROYLAN-DE-LA-CRUZ-R_20240202_202519_0000.png?resize=350%2C200&ssl=1","width":350,"height":200,"srcset":"https:\/\/i0.wp.com\/www.grieta.org.mx\/wp-content\/uploads\/2024\/02\/PRONUNCIAMIENTO-POR-LA-DESAPARICION-FORZADA-DE-LORENZO-FROYLAN-DE-LA-CRUZ-R_20240202_202519_0000.png?resize=350%2C200&ssl=1 1x, https:\/\/i0.wp.com\/www.grieta.org.mx\/wp-content\/uploads\/2024\/02\/PRONUNCIAMIENTO-POR-LA-DESAPARICION-FORZADA-DE-LORENZO-FROYLAN-DE-LA-CRUZ-R_20240202_202519_0000.png?resize=525%2C300&ssl=1 1.5x, https:\/\/i0.wp.com\/www.grieta.org.mx\/wp-content\/uploads\/2024\/02\/PRONUNCIAMIENTO-POR-LA-DESAPARICION-FORZADA-DE-LORENZO-FROYLAN-DE-LA-CRUZ-R_20240202_202519_0000.png?resize=700%2C400&ssl=1 2x"},"classes":[]},{"id":30213,"url":"https:\/\/www.grieta.org.mx\/index.php\/2019\/03\/01\/ostula-en-alerta-ante-hostigamientos-michoacan\/","url_meta":{"origin":67612,"position":4},"title":"Ostula en alerta ante hostigamientos (Michoac\u00e1n)","author":"grieta","date":"1 marzo, 2019","format":false,"excerpt":"Agencia Subversiones, 1 de marzo de 2019. El martes 26 de febrero, habitantes de La Placita de Morelos, en el municipio de Aquila, convocaron a una \u00abreuni\u00f3n urgente\u00bb ante el bloqueo que mantiene la comunidad ind\u00edgena de Santa Mar\u00eda Ostula en el crucero conocido como \u00abTriques\u00bb demandando garant\u00edas para continuar\u2026","rel":"","context":"En &quot;CINTILLO&quot;","block_context":{"text":"CINTILLO","link":"https:\/\/www.grieta.org.mx\/index.php\/category\/cintillo\/"},"img":{"alt_text":"","src":"https:\/\/i0.wp.com\/www.grieta.org.mx\/wp-content\/uploads\/2019\/03\/blokmural.png?resize=350%2C200&ssl=1","width":350,"height":200},"classes":[]},{"id":69748,"url":"https:\/\/www.grieta.org.mx\/index.php\/2024\/08\/09\/habitantes-de-santa-maria-ostula-realizan-jornada-de-protestas-en-defensa-de-su-territorio-michoacan\/","url_meta":{"origin":67612,"position":5},"title":"Habitantes de Santa Mar\u00eda Ostula realizan jornada de protestas en defensa de su territorio (Michoac\u00e1n)","author":"grieta","date":"9 agosto, 2024","format":false,"excerpt":"Pobladores de la comunidad ind\u00edgena nahua enfrentan el riesgo de perder alrededor de 3 mil hect\u00e1reas de su territorio mediante un juicio iniciado hace dos d\u00e9cadas. Proceso Por Pedro Zamora Brise\u00f1o viernes, 9 de agosto de 2024 MORELIA, Mich. (apro).- La ma\u00f1ana de este viernes, habitantes de la comunidad ind\u00edgena\u2026","rel":"","context":"En &quot;CINTILLO&quot;","block_context":{"text":"CINTILLO","link":"https:\/\/www.grieta.org.mx\/index.php\/category\/cintillo\/"},"img":{"alt_text":"","src":"https:\/\/i0.wp.com\/www.grieta.org.mx\/wp-content\/uploads\/2024\/09\/f685x385-205051_242744_4965.jpg?resize=350%2C200&ssl=1","width":350,"height":200,"srcset":"https:\/\/i0.wp.com\/www.grieta.org.mx\/wp-content\/uploads\/2024\/09\/f685x385-205051_242744_4965.jpg?resize=350%2C200&ssl=1 1x, https:\/\/i0.wp.com\/www.grieta.org.mx\/wp-content\/uploads\/2024\/09\/f685x385-205051_242744_4965.jpg?resize=525%2C300&ssl=1 1.5x"},"classes":[]}],"_links":{"self":[{"href":"https:\/\/www.grieta.org.mx\/index.php\/wp-json\/wp\/v2\/posts\/67612","targetHints":{"allow":["GET"]}}],"collection":[{"href":"https:\/\/www.grieta.org.mx\/index.php\/wp-json\/wp\/v2\/posts"}],"about":[{"href":"https:\/\/www.grieta.org.mx\/index.php\/wp-json\/wp\/v2\/types\/post"}],"author":[{"embeddable":true,"href":"https:\/\/www.grieta.org.mx\/index.php\/wp-json\/wp\/v2\/users\/2"}],"replies":[{"embeddable":true,"href":"https:\/\/www.grieta.org.mx\/index.php\/wp-json\/wp\/v2\/comments?post=67612"}],"version-history":[{"count":1,"href":"https:\/\/www.grieta.org.mx\/index.php\/wp-json\/wp\/v2\/posts\/67612\/revisions"}],"predecessor-version":[{"id":67615,"href":"https:\/\/www.grieta.org.mx\/index.php\/wp-json\/wp\/v2\/posts\/67612\/revisions\/67615"}],"wp:featuredmedia":[{"embeddable":true,"href":"https:\/\/www.grieta.org.mx\/index.php\/wp-json\/wp\/v2\/media\/67613"}],"wp:attachment":[{"href":"https:\/\/www.grieta.org.mx\/index.php\/wp-json\/wp\/v2\/media?parent=67612"}],"wp:term":[{"taxonomy":"category","embeddable":true,"href":"https:\/\/www.grieta.org.mx\/index.php\/wp-json\/wp\/v2\/categories?post=67612"},{"taxonomy":"post_tag","embeddable":true,"href":"https:\/\/www.grieta.org.mx\/index.php\/wp-json\/wp\/v2\/tags?post=67612"}],"curies":[{"name":"wp","href":"https:\/\/api.w.org\/{rel}","templated":true}]}}