{"id":67606,"date":"2023-05-15T19:31:21","date_gmt":"2023-05-16T01:31:21","guid":{"rendered":"https:\/\/www.grieta.org.mx\/?p=67606"},"modified":"2023-09-01T19:35:20","modified_gmt":"2023-09-02T01:35:20","slug":"insuficiente-el-incremento-salarial-a-los-maestros-cnte-michoacan","status":"publish","type":"post","link":"https:\/\/www.grieta.org.mx\/index.php\/2023\/05\/15\/insuficiente-el-incremento-salarial-a-los-maestros-cnte-michoacan\/","title":{"rendered":"Insuficiente, el incremento salarial a los maestros: CNTE (Michoac\u00e1n)"},"content":{"rendered":"<p><strong>Dirigente de fracci\u00f3n magisterial se\u00f1ala que el aumento debe superar al 10 por ciento, dado que los aumentos no se aplican directa a ingresos <\/strong\n\n Ra\u00fal L\u00f3pez T\u00e9llez -\n15\/mayo\/2023\nCambio de Michoac\u00e1n\n\nMorelia, Mich.- El incremento salarial otorgado al magisterio nacional es insuficiente, ya que no resarce la p\u00e9rdida del poder adquisitivo ante una inflaci\u00f3n galopante y que pulveriza cualquier incremento, consider\u00f3 Jairo Mandujano, dirigente de una de las fracciones de la Coordinadora Nacional de Trabajadores de la Educaci\u00f3n (CNTE), quien se pronunci\u00f3 por mantener la demanda de aumento.\n\nEntrevistado antes de que partiera la movilizaci\u00f3n \u201cde lucha y de protesta\u201d desde el Obelisco a L\u00e1zaro C\u00e1rdenas hacia Palacio de Gobierno, el dirigente se\u00f1al\u00f3 que el aumento anunciado de  8.2 por ciento, \u201cpodemos asegurar que no va directamente al salario de los trabajadores de la educaci\u00f3n, el a\u00f1o pasado fue de poco m\u00e1s de 7 por ciento, pero no fue directamente al salario, sino un 3.7 lo que iba al salario.\u201d\n\nEn los \u00faltimos diez a\u00f1os, dijo, \u201cde acuerdo con el INEGI, hay una inflaci\u00f3n en algunos a\u00f1os de alrededor del 5 por ciento, del a\u00f1o anterior, del 3.9 por ciento; en el mes de abril pasado fue de 6.85 por ciento, y en t\u00e9rminos generales al salario de los trabajadores no se ha incrementado m\u00e1s del 4 por ciento.\u201d\n\nSe\u00f1al\u00f3 que la p\u00e9rdida del poder adquisitivo de los trabajadores no se compensa con que la mayor parte del incremento vaya a prestaciones y no directamente al salario en los \u00faltimos diez a\u00f1os, por lo que dijo que el aumento deber\u00eda rebasar el 10 por ciento. \u201cYo invitar\u00eda al Ejecutivo federal y al estatal, a hacer una revisi\u00f3n de acuerdo con las cifras del INEGI, a que con fundamento, por lo menos sea un incremento de la inflaci\u00f3n de los \u00faltimos diez a\u00f1os.\u201d\n\n\n<a href=\"https:\/\/cambiodemichoacan.com.mx\/2023\/05\/15\/insuficiente-el-incremento-salarial-a-los-maestros-cnte\/?amp=1&#038;utm_source=pocket_saves\">https:\/\/cambiodemichoacan.com.mx\/2023\/05\/15\/insuficiente-el-incremento-salarial-a-los-maestros-cnte\/?amp=1&#038;utm_source=pocket_saves<\/a><\/p>\n","protected":false},"excerpt":{"rendered":"<p>Dirigente de fracci\u00f3n magisterial se\u00f1ala que el aumento debe superar al 10 por ciento, dado que los aumentos no se aplican directa a ingresos<\/p>\n","protected":false},"author":2,"featured_media":67607,"comment_status":"closed","ping_status":"closed","sticky":false,"template":"","format":"standard","meta":{"ngg_post_thumbnail":0,"_jetpack_newsletter_access":"","_jetpack_dont_email_post_to_subs":false,"_jetpack_newsletter_tier_id":0,"_jetpack_memberships_contains_paywalled_content":false,"_jetpack_memberships_contains_paid_content":false,"footnotes":""},"categories":[80,999,2210,2840,21,1007,2],"tags":[2841,2114],"class_list":["post-67606","post","type-post","status-publish","format-standard","has-post-thumbnail","hentry","category-cintillo","category-conflictos-laborales-en-michoacan","category-crisis-en-el-sistema-educativo-de-michoacan","category-explotacion-y-precariedad-laboral-en-michoacan","category-michoacan","category-movilizaciones-del-magisterio-en-michoacan","category-noticias-nacionales","tag-explotacion-y-precariedad-laboral","tag-lucha-por-salarios","entry"],"jetpack_featured_media_url":"https:\/\/www.grieta.org.mx\/wp-content\/uploads\/2023\/09\/CNTE-2-marcha-acg.jpg","jetpack_sharing_enabled":true,"jetpack_shortlink":"https:\/\/wp.me\/p7ZJR4-hAq","jetpack_likes_enabled":false,"jetpack-related-posts":[{"id":41059,"url":"https:\/\/www.grieta.org.mx\/index.php\/2019\/11\/05\/jornaleros-agricolas-de-michoacan-sufren-de-explotacion-en-el-campo\/","url_meta":{"origin":67606,"position":0},"title":"Jornaleros agr\u00edcolas de Michoac\u00e1n sufren de explotaci\u00f3n en el campo","author":"grieta","date":"5 noviembre, 2019","format":false,"excerpt":"\u00a0 En el estado de Michoac\u00e1n los trabajadores del campo no reciben las atenciones adecuadas y trabajan m\u00e1s de lo correspondido con el mismo salario Luis Flores \/ Tribuna, 05 de Noviembre de 2019 Morelia, Michoac\u00e1n.- La mayor\u00eda de los trabajadores del campo perciben 200 y 250 pesos por d\u00eda\u2026","rel":"","context":"En &quot;CINTILLO&quot;","block_context":{"text":"CINTILLO","link":"https:\/\/www.grieta.org.mx\/index.php\/category\/cintillo\/"},"img":{"alt_text":"","src":"https:\/\/i0.wp.com\/www.grieta.org.mx\/wp-content\/uploads\/2019\/11\/jornaleros2019.jpg?resize=350%2C200&ssl=1","width":350,"height":200,"srcset":"https:\/\/i0.wp.com\/www.grieta.org.mx\/wp-content\/uploads\/2019\/11\/jornaleros2019.jpg?resize=350%2C200&ssl=1 1x, https:\/\/i0.wp.com\/www.grieta.org.mx\/wp-content\/uploads\/2019\/11\/jornaleros2019.jpg?resize=525%2C300&ssl=1 1.5x, https:\/\/i0.wp.com\/www.grieta.org.mx\/wp-content\/uploads\/2019\/11\/jornaleros2019.jpg?resize=700%2C400&ssl=1 2x, https:\/\/i0.wp.com\/www.grieta.org.mx\/wp-content\/uploads\/2019\/11\/jornaleros2019.jpg?resize=1050%2C600&ssl=1 3x, https:\/\/i0.wp.com\/www.grieta.org.mx\/wp-content\/uploads\/2019\/11\/jornaleros2019.jpg?resize=1400%2C800&ssl=1 4x"},"classes":[]},{"id":39031,"url":"https:\/\/www.grieta.org.mx\/index.php\/2019\/09\/09\/cnte-inicia-paro-de-72-horas-en-michoacan\/","url_meta":{"origin":67606,"position":1},"title":"CNTE inicia paro de 72 horas en Michoac\u00e1n","author":"grieta","date":"9 septiembre, 2019","format":false,"excerpt":"Los maestros de la Secci\u00f3n 18 de la CNTE demandan el pago de quincenas y prestaciones atrasadas Exc\u00e9lsior, 09 de septiembre de 2019 Integrantes de la Coordinadora Nacional de Trabajadores de la Educaci\u00f3n (CNTE) comenzaron un paro de labores de 72 horas en Michoac\u00e1n, ante la demanda del pago de\u2026","rel":"","context":"En &quot;CINTILLO&quot;","block_context":{"text":"CINTILLO","link":"https:\/\/www.grieta.org.mx\/index.php\/category\/cintillo\/"},"img":{"alt_text":"","src":"https:\/\/i0.wp.com\/www.grieta.org.mx\/wp-content\/uploads\/2019\/09\/2215678.jpg?resize=350%2C200&ssl=1","width":350,"height":200,"srcset":"https:\/\/i0.wp.com\/www.grieta.org.mx\/wp-content\/uploads\/2019\/09\/2215678.jpg?resize=350%2C200&ssl=1 1x, https:\/\/i0.wp.com\/www.grieta.org.mx\/wp-content\/uploads\/2019\/09\/2215678.jpg?resize=525%2C300&ssl=1 1.5x"},"classes":[]},{"id":43781,"url":"https:\/\/www.grieta.org.mx\/index.php\/2020\/01\/28\/marchan-sindicados-en-morelia-en-demanda-de-sus-pagos-atrasados\/","url_meta":{"origin":67606,"position":2},"title":"Marchan sindicados en Morelia en demanda de sus pagos atrasados","author":"grieta","date":"28 enero, 2020","format":false,"excerpt":"Uriel Morales P\u00e9rez \/Quadrat\u00edn, 28 de enero de 2019 MORELIA, Mich., 28 de enero de 2020.- Trabajadores del sector educativo en Michoac\u00e1n participan en la marcha en calles de Morelia en demanda de cumplimiento a pliegos petitorios que por meses se arrastran como pendientes. En el contingente se encuentran integrantes\u2026","rel":"","context":"En &quot;CINTILLO&quot;","block_context":{"text":"CINTILLO","link":"https:\/\/www.grieta.org.mx\/index.php\/category\/cintillo\/"},"img":{"alt_text":"","src":"https:\/\/i0.wp.com\/www.grieta.org.mx\/wp-content\/uploads\/2020\/01\/images.jpg?resize=350%2C200&ssl=1","width":350,"height":200,"srcset":"https:\/\/i0.wp.com\/www.grieta.org.mx\/wp-content\/uploads\/2020\/01\/images.jpg?resize=350%2C200&ssl=1 1x, https:\/\/i0.wp.com\/www.grieta.org.mx\/wp-content\/uploads\/2020\/01\/images.jpg?resize=525%2C300&ssl=1 1.5x"},"classes":[]},{"id":38702,"url":"https:\/\/www.grieta.org.mx\/index.php\/2019\/09\/02\/mas-de-82-bajo-en-michoacan-la-generacion-de-empleo\/","url_meta":{"origin":67606,"position":3},"title":"M\u00e1s de 82% baj\u00f3 en Michoac\u00e1n la generaci\u00f3n de empleo","author":"grieta","date":"2 septiembre, 2019","format":false,"excerpt":"Ireri Pi\u00f1a \/ Contramuro, Michoac\u00e1n, 02 de septiembre de 2019 En t\u00e9rminos acumulados de julio 2018 a julio 2019, se reporta un desplome de 61.9 por ciento Morelia, Michoac\u00e1n.- En los primeros sietes meses del a\u00f1o se registr\u00f3 una reducci\u00f3n de 82.8 por ciento en generaci\u00f3n de empleo, seg\u00fan datos\u2026","rel":"","context":"En &quot;CINTILLO&quot;","block_context":{"text":"CINTILLO","link":"https:\/\/www.grieta.org.mx\/index.php\/category\/cintillo\/"},"img":{"alt_text":"","src":"https:\/\/i0.wp.com\/www.grieta.org.mx\/wp-content\/uploads\/2019\/09\/2904681b-c08f-4fba-90b9-4611612c6ad6.jpg?resize=350%2C200&ssl=1","width":350,"height":200,"srcset":"https:\/\/i0.wp.com\/www.grieta.org.mx\/wp-content\/uploads\/2019\/09\/2904681b-c08f-4fba-90b9-4611612c6ad6.jpg?resize=350%2C200&ssl=1 1x, https:\/\/i0.wp.com\/www.grieta.org.mx\/wp-content\/uploads\/2019\/09\/2904681b-c08f-4fba-90b9-4611612c6ad6.jpg?resize=525%2C300&ssl=1 1.5x, https:\/\/i0.wp.com\/www.grieta.org.mx\/wp-content\/uploads\/2019\/09\/2904681b-c08f-4fba-90b9-4611612c6ad6.jpg?resize=700%2C400&ssl=1 2x, https:\/\/i0.wp.com\/www.grieta.org.mx\/wp-content\/uploads\/2019\/09\/2904681b-c08f-4fba-90b9-4611612c6ad6.jpg?resize=1050%2C600&ssl=1 3x"},"classes":[]},{"id":64297,"url":"https:\/\/www.grieta.org.mx\/index.php\/2022\/05\/12\/enfermeras-en-michoacan-entre-la-precariedad-laboral-la-inestabilidad-y-la-falta-de-insumos-para-trabajar\/","url_meta":{"origin":67606,"position":4},"title":"Enfermeras en Michoac\u00e1n: entre la precariedad laboral, la inestabilidad y la falta de insumos para trabajar","author":"grieta","date":"12 mayo, 2022","format":false,"excerpt":"En el D\u00eda de la Enfermera, profesionales de esta \u00e1rea de la medicina marcharon en Morelia para externar sus demandas de mejores condiciones laborales Juan Bustos \/ La Voz de Michoac\u00e1n, 12 de mayo de 2022 Morelia, Michoac\u00e1n. Las condiciones de las enfermeras tras la pandemia de COVID-19 son iguales\u2026","rel":"","context":"En &quot;CINTILLO&quot;","block_context":{"text":"CINTILLO","link":"https:\/\/www.grieta.org.mx\/index.php\/category\/cintillo\/"},"img":{"alt_text":"","src":"https:\/\/i0.wp.com\/www.grieta.org.mx\/wp-content\/uploads\/2022\/05\/manifestacio%CC%81n-enfermeras-1.jpeg?resize=350%2C200&ssl=1","width":350,"height":200,"srcset":"https:\/\/i0.wp.com\/www.grieta.org.mx\/wp-content\/uploads\/2022\/05\/manifestacio%CC%81n-enfermeras-1.jpeg?resize=350%2C200&ssl=1 1x, https:\/\/i0.wp.com\/www.grieta.org.mx\/wp-content\/uploads\/2022\/05\/manifestacio%CC%81n-enfermeras-1.jpeg?resize=525%2C300&ssl=1 1.5x, https:\/\/i0.wp.com\/www.grieta.org.mx\/wp-content\/uploads\/2022\/05\/manifestacio%CC%81n-enfermeras-1.jpeg?resize=700%2C400&ssl=1 2x"},"classes":[]},{"id":47859,"url":"https:\/\/www.grieta.org.mx\/index.php\/2020\/04\/15\/prometen-ayuda-a-artesanos-y-no-les-cumplen-en-quiroga\/","url_meta":{"origin":67606,"position":5},"title":"Prometen ayuda a artesanos y no les cumplen, en Quiroga (Michoac\u00e1n)","author":"grieta","date":"15 abril, 2020","format":false,"excerpt":"Patzcuaronoticias.com \/ 15 de abril de 2020 No les cumplen a artesanos Un grupo de artesanos han manifestado su inconformidad y se dicen defraudados por su gobierno municipal por no apoyarlos durante la contingencia sanitaria. \u201cNos dieron atole con el dedo\u201d, dicen los artesanos. En una reuni\u00f3n, las autoridades municipales\u2026","rel":"","context":"En &quot;CINTILLO&quot;","block_context":{"text":"CINTILLO","link":"https:\/\/www.grieta.org.mx\/index.php\/category\/cintillo\/"},"img":{"alt_text":"","src":"https:\/\/i0.wp.com\/www.grieta.org.mx\/wp-content\/uploads\/2020\/04\/QuirogaMich.jpg?resize=350%2C200&ssl=1","width":350,"height":200,"srcset":"https:\/\/i0.wp.com\/www.grieta.org.mx\/wp-content\/uploads\/2020\/04\/QuirogaMich.jpg?resize=350%2C200&ssl=1 1x, https:\/\/i0.wp.com\/www.grieta.org.mx\/wp-content\/uploads\/2020\/04\/QuirogaMich.jpg?resize=525%2C300&ssl=1 1.5x"},"classes":[]}],"_links":{"self":[{"href":"https:\/\/www.grieta.org.mx\/index.php\/wp-json\/wp\/v2\/posts\/67606","targetHints":{"allow":["GET"]}}],"collection":[{"href":"https:\/\/www.grieta.org.mx\/index.php\/wp-json\/wp\/v2\/posts"}],"about":[{"href":"https:\/\/www.grieta.org.mx\/index.php\/wp-json\/wp\/v2\/types\/post"}],"author":[{"embeddable":true,"href":"https:\/\/www.grieta.org.mx\/index.php\/wp-json\/wp\/v2\/users\/2"}],"replies":[{"embeddable":true,"href":"https:\/\/www.grieta.org.mx\/index.php\/wp-json\/wp\/v2\/comments?post=67606"}],"version-history":[{"count":1,"href":"https:\/\/www.grieta.org.mx\/index.php\/wp-json\/wp\/v2\/posts\/67606\/revisions"}],"predecessor-version":[{"id":67608,"href":"https:\/\/www.grieta.org.mx\/index.php\/wp-json\/wp\/v2\/posts\/67606\/revisions\/67608"}],"wp:featuredmedia":[{"embeddable":true,"href":"https:\/\/www.grieta.org.mx\/index.php\/wp-json\/wp\/v2\/media\/67607"}],"wp:attachment":[{"href":"https:\/\/www.grieta.org.mx\/index.php\/wp-json\/wp\/v2\/media?parent=67606"}],"wp:term":[{"taxonomy":"category","embeddable":true,"href":"https:\/\/www.grieta.org.mx\/index.php\/wp-json\/wp\/v2\/categories?post=67606"},{"taxonomy":"post_tag","embeddable":true,"href":"https:\/\/www.grieta.org.mx\/index.php\/wp-json\/wp\/v2\/tags?post=67606"}],"curies":[{"name":"wp","href":"https:\/\/api.w.org\/{rel}","templated":true}]}}