{"id":67595,"date":"2023-08-31T08:20:30","date_gmt":"2023-08-31T14:20:30","guid":{"rendered":"https:\/\/www.grieta.org.mx\/?p=67595"},"modified":"2023-08-31T17:32:28","modified_gmt":"2023-08-31T23:32:28","slug":"destruyen-con-maquinaria-del-ejercito-para-abrir-camino-a-chichen-viejo-yucatan","status":"publish","type":"post","link":"https:\/\/www.grieta.org.mx\/index.php\/2023\/08\/31\/destruyen-con-maquinaria-del-ejercito-para-abrir-camino-a-chichen-viejo-yucatan\/","title":{"rendered":"Destruyen con maquinaria del Ej\u00e9rcito para abrir camino a Chich\u00e9n Viejo (Yucat\u00e1n)"},"content":{"rendered":"<p>Haz Ruido<\/p>\n<blockquote><p>A marchas forzadas, abren un camino a pocos d\u00edas de la visita de AMLO, pero sin los protocolos para salvaguardar el patrimonio arqueol\u00f3gico del \u00e1rea.<\/p><\/blockquote>\n<p>Tinum, Yucat\u00e1n, 31 de agosto de 2023.- Con maquinaria pesada del Ej\u00e9rcito Mexicano, se realizan acciones a marchas forzadas para abrir un camino hacia Chich\u00e9n Viejo, \u00e1rea que el presidente Andr\u00e9s Manuel L\u00f3pez Obrador inaugurar\u00e1 el pr\u00f3ximo fin de semana.<\/p>\n<p>De acuerdo con artesanos y custodios del Instituto Nacional de Antropolog\u00eda e Historia (INAH), esas acciones se est\u00e1n llevando a cabo sin protocolos de salvamento adecuados, situaci\u00f3n que est\u00e1 provocando la destrucci\u00f3n de patrimonio arqueol\u00f3gico y de la selva.<\/p>\n<p>La premura para abrir ese camino se debe al conflicto con familia Barbachano de hace unos d\u00edas, la cual cerr\u00f3 el acceso de un sendero que pasaba por su propiedad.<\/p>\n<p>Se averigu\u00f3 que, con maquinaria del Ejercito, se realizan trabajos de construcci\u00f3n del camino pr\u00e1cticamente 24 horas al d\u00eda, para tratar de terminarlo antes de la visita de supervisi\u00f3n de L\u00f3pez Obrador.<\/p>\n<p><img loading=\"lazy\" decoding=\"async\" data-attachment-id=\"67597\" data-permalink=\"https:\/\/www.grieta.org.mx\/index.php\/2023\/08\/31\/destruyen-con-maquinaria-del-ejercito-para-abrir-camino-a-chichen-viejo-yucatan\/chichen3\/\" data-orig-file=\"https:\/\/www.grieta.org.mx\/wp-content\/uploads\/2023\/08\/Chichen3-e1693524492257.jpg\" data-orig-size=\"800,590\" data-comments-opened=\"0\" data-image-meta=\"{&quot;aperture&quot;:&quot;0&quot;,&quot;credit&quot;:&quot;&quot;,&quot;camera&quot;:&quot;&quot;,&quot;caption&quot;:&quot;&quot;,&quot;created_timestamp&quot;:&quot;0&quot;,&quot;copyright&quot;:&quot;&quot;,&quot;focal_length&quot;:&quot;0&quot;,&quot;iso&quot;:&quot;0&quot;,&quot;shutter_speed&quot;:&quot;0&quot;,&quot;title&quot;:&quot;&quot;,&quot;orientation&quot;:&quot;1&quot;}\" data-image-title=\"Chichen3\" data-image-description=\"\" data-image-caption=\"\" data-medium-file=\"https:\/\/www.grieta.org.mx\/wp-content\/uploads\/2023\/08\/Chichen3-e1693524492257-300x221.jpg\" data-large-file=\"https:\/\/www.grieta.org.mx\/wp-content\/uploads\/2023\/08\/Chichen3-1024x755.jpg\" src=\"http:\/\/www.grieta.org.mx\/wp-content\/uploads\/2023\/08\/Chichen3-e1693524492257.jpg\" alt=\"\" width=\"800\" height=\"590\" class=\"alignnone size-full wp-image-67597\" srcset=\"https:\/\/www.grieta.org.mx\/wp-content\/uploads\/2023\/08\/Chichen3-e1693524492257.jpg 800w, https:\/\/www.grieta.org.mx\/wp-content\/uploads\/2023\/08\/Chichen3-e1693524492257-300x221.jpg 300w, https:\/\/www.grieta.org.mx\/wp-content\/uploads\/2023\/08\/Chichen3-e1693524492257-768x566.jpg 768w\" sizes=\"auto, (max-width: 800px) 100vw, 800px\" \/><\/p>\n<p>El camino, que se calcula es de 2.5 kil\u00f3metros, sale del parador tur\u00edstico hacia Chich\u00e9n Viejo <\/p>\n<p>Todo indica que la orden fue abrir el trazo de manera expedita, sin considerar los procedimientos necesarios para preservar y resguardar el patrimonio arqueol\u00f3gico y cultural presente en Chich\u00e9n Viejo. (Fotos cortes\u00eda de Lector Mx)<\/p>\n<p><a href=\"https:\/\/www.hazruido.mx\/reportes\/destruyen-con-maquinaria-del-ejercito-para-abrir-camino-a-chichen-viejo\/\" rel=\"noopener\" target=\"_blank\">https:\/\/www.hazruido.mx\/reportes\/destruyen-con-maquinaria-del-ejercito-para-abrir-camino-a-chichen-viejo\/<\/a><\/p>\n","protected":false},"excerpt":{"rendered":"<p>Haz Ruido A marchas forzadas, abren un camino a pocos d\u00edas de la visita de AMLO, pero sin los protocolos para salvaguardar el patrimonio arqueol\u00f3gico del \u00e1rea. Tinum, Yucat\u00e1n, 31 &hellip; <a href=\"https:\/\/www.grieta.org.mx\/index.php\/2023\/08\/31\/destruyen-con-maquinaria-del-ejercito-para-abrir-camino-a-chichen-viejo-yucatan\/\" class=\"more-link\">Leer m\u00e1s<\/a><\/p>\n","protected":false},"author":2,"featured_media":67596,"comment_status":"closed","ping_status":"closed","sticky":false,"template":"","format":"standard","meta":{"ngg_post_thumbnail":0,"_jetpack_newsletter_access":"","_jetpack_dont_email_post_to_subs":false,"_jetpack_newsletter_tier_id":0,"_jetpack_memberships_contains_paywalled_content":false,"_jetpack_memberships_contains_paid_content":false,"footnotes":""},"categories":[80,2943,3,922,926,944,952,2,2026,36],"tags":[2988,2633,208,1878,3664],"class_list":["post-67595","post","type-post","status-publish","format-standard","has-post-thumbnail","hentry","category-cintillo","category-destruccion-y-contaminacion-ambiental-en-yucatan","category-megaproyectos","category-megaproyectos-estados","category-mp-campeche","category-mp-quintana-roo","category-mp-yucatan","category-noticias-nacionales","category-tren-maya","category-yucatan","tag-deforestacion-por-el-tren-maya","tag-destruccion-del-patrimonio-historico","tag-inah","tag-tren-maya","tag-zonas-arqueologicas","entry"],"jetpack_featured_media_url":"https:\/\/www.grieta.org.mx\/wp-content\/uploads\/2023\/08\/Chichen-e1693524332725.jpg","jetpack_sharing_enabled":true,"jetpack_shortlink":"https:\/\/wp.me\/p7ZJR4-hAf","jetpack_likes_enabled":false,"jetpack-related-posts":[{"id":70070,"url":"https:\/\/www.grieta.org.mx\/index.php\/2024\/09\/04\/se-impuso-la-voluntad-de-un-despota-en-el-tren-maya-felipe-echenique-historiador-del-inah\/","url_meta":{"origin":67595,"position":0},"title":"\u201cSe impuso la voluntad de un d\u00e9spota en el Tren Maya\u201d: Felipe Echenique, historiador del INAH","author":"grieta","date":"4 septiembre, 2024","format":false,"excerpt":"Cristopher Cabello \/ El Universal Al igual que el arque\u00f3logo Fernando Cort\u00e9s de Brasdefer y el antrop\u00f3logo Juan Manuel Sandoval, el historiador del INAH Felipe Echenique recorri\u00f3 parte del tramo 7 del Tren Maya (Bacalar-Esc\u00e1rcega), donde constat\u00f3 la destrucci\u00f3n de zonas de monumentos arqueol\u00f3gicos y vestigios patrimoniales, hechos que denunci\u00f3\u2026","rel":"","context":"En &quot;Campeche&quot;","block_context":{"text":"Campeche","link":"https:\/\/www.grieta.org.mx\/index.php\/category\/noticias-nacionales\/campeche\/"},"img":{"alt_text":"","src":"https:\/\/i0.wp.com\/www.grieta.org.mx\/wp-content\/uploads\/2024\/10\/Despota-e1728418204267.jpg?resize=350%2C200&ssl=1","width":350,"height":200,"srcset":"https:\/\/i0.wp.com\/www.grieta.org.mx\/wp-content\/uploads\/2024\/10\/Despota-e1728418204267.jpg?resize=350%2C200&ssl=1 1x, https:\/\/i0.wp.com\/www.grieta.org.mx\/wp-content\/uploads\/2024\/10\/Despota-e1728418204267.jpg?resize=525%2C300&ssl=1 1.5x, https:\/\/i0.wp.com\/www.grieta.org.mx\/wp-content\/uploads\/2024\/10\/Despota-e1728418204267.jpg?resize=700%2C400&ssl=1 2x"},"classes":[]},{"id":53770,"url":"https:\/\/www.grieta.org.mx\/index.php\/2020\/09\/22\/tal-como-advirtieron-arqueologos-tren-maya-podria-danar-vestigios-y-zonas-arqueologicas-detienen-obras-en-campeche-por-hallazgo\/","url_meta":{"origin":67595,"position":1},"title":"Tal como advirtieron arque\u00f3logos, Tren Maya podr\u00eda da\u00f1ar vestigios y zonas arqueol\u00f3gicas; detienen obras en Campeche por hallazgo","author":"grieta","date":"22 septiembre, 2020","format":false,"excerpt":"Itzel Chan \/ Noticaribe M\u00c9RIDA, MX.- Tal como han expuesto m\u00e1s de 100 arque\u00f3logos, acad\u00e9micos e investigadores de M\u00e9xico, Brasil, Canad\u00e1, Estados Unidos y otros pa\u00edses sobre el riesgo que existe de que el Tren Maya podr\u00eda destruir algunos monumentos arqueol\u00f3gicos, recientemente fueron canceladas las obras en Campeche, debido a\u2026","rel":"","context":"En &quot;Campeche&quot;","block_context":{"text":"Campeche","link":"https:\/\/www.grieta.org.mx\/index.php\/category\/noticias-nacionales\/campeche\/"},"img":{"alt_text":"","src":"https:\/\/i0.wp.com\/www.grieta.org.mx\/wp-content\/uploads\/2020\/09\/TrenViasCampeche-e1600970198628.png?resize=350%2C200&ssl=1","width":350,"height":200,"srcset":"https:\/\/i0.wp.com\/www.grieta.org.mx\/wp-content\/uploads\/2020\/09\/TrenViasCampeche-e1600970198628.png?resize=350%2C200&ssl=1 1x, https:\/\/i0.wp.com\/www.grieta.org.mx\/wp-content\/uploads\/2020\/09\/TrenViasCampeche-e1600970198628.png?resize=525%2C300&ssl=1 1.5x, https:\/\/i0.wp.com\/www.grieta.org.mx\/wp-content\/uploads\/2020\/09\/TrenViasCampeche-e1600970198628.png?resize=700%2C400&ssl=1 2x"},"classes":[]},{"id":67427,"url":"https:\/\/www.grieta.org.mx\/index.php\/2023\/08\/07\/defienden-a-arqueologo-censurado-por-el-inah\/","url_meta":{"origin":67595,"position":2},"title":"Defienden a arque\u00f3logo censurado por el INAH","author":"grieta","date":"7 agosto, 2023","format":false,"excerpt":"El Diario.Mx El investigador ha documentado y denunciado la destrucci\u00f3n que las obras del Tren Maya causan al patrimonio Ciudad de M\u00e9xico.- Investigadores del INAH y de centros acad\u00e9micos como la UNAM, la UAM y El Colegio de Michoac\u00e1n, entre otros, manifestaron su indignaci\u00f3n por la censura que ha ejercido\u2026","rel":"","context":"En &quot;CINTILLO&quot;","block_context":{"text":"CINTILLO","link":"https:\/\/www.grieta.org.mx\/index.php\/category\/cintillo\/"},"img":{"alt_text":"","src":"https:\/\/i0.wp.com\/www.grieta.org.mx\/wp-content\/uploads\/2023\/08\/Censura-e1691644941252.jpg?resize=350%2C200&ssl=1","width":350,"height":200,"srcset":"https:\/\/i0.wp.com\/www.grieta.org.mx\/wp-content\/uploads\/2023\/08\/Censura-e1691644941252.jpg?resize=350%2C200&ssl=1 1x, https:\/\/i0.wp.com\/www.grieta.org.mx\/wp-content\/uploads\/2023\/08\/Censura-e1691644941252.jpg?resize=525%2C300&ssl=1 1.5x, https:\/\/i0.wp.com\/www.grieta.org.mx\/wp-content\/uploads\/2023\/08\/Censura-e1691644941252.jpg?resize=700%2C400&ssl=1 2x"},"classes":[]},{"id":64374,"url":"https:\/\/www.grieta.org.mx\/index.php\/2022\/06\/09\/obras-del-tren-maya-pasan-por-encima-de-una-carretera-milenaria-el-inah-dice-que-ya-estaba-impactada\/","url_meta":{"origin":67595,"position":3},"title":"Obras del Tren Maya pasan por encima de una carretera milenaria; el INAH dice que ya estaba &#8220;impactada&#8221;","author":"grieta","date":"9 junio, 2022","format":false,"excerpt":"Manu Ureste \/ Foto Cuarto Oscuro \/Animal Pol\u00edtico Durante las obras del Tren Maya en Izamal, Yucat\u00e1n, la maquinaria pas\u00f3 por encima de una carretera maya con m\u00e1s de mil a\u00f1os de antig\u00fcedad. As\u00ed lo denunci\u00f3 Miguel Covarrubias Reyna, investigador y arque\u00f3logo con m\u00e1s de 30 a\u00f1os de experiencia en\u2026","rel":"","context":"En &quot;Campeche&quot;","block_context":{"text":"Campeche","link":"https:\/\/www.grieta.org.mx\/index.php\/category\/noticias-nacionales\/campeche\/"},"img":{"alt_text":"","src":"https:\/\/i0.wp.com\/www.grieta.org.mx\/wp-content\/uploads\/2022\/06\/CarreteraMilenaria-e1654888209571.png?resize=350%2C200&ssl=1","width":350,"height":200,"srcset":"https:\/\/i0.wp.com\/www.grieta.org.mx\/wp-content\/uploads\/2022\/06\/CarreteraMilenaria-e1654888209571.png?resize=350%2C200&ssl=1 1x, https:\/\/i0.wp.com\/www.grieta.org.mx\/wp-content\/uploads\/2022\/06\/CarreteraMilenaria-e1654888209571.png?resize=525%2C300&ssl=1 1.5x, https:\/\/i0.wp.com\/www.grieta.org.mx\/wp-content\/uploads\/2022\/06\/CarreteraMilenaria-e1654888209571.png?resize=700%2C400&ssl=1 2x"},"classes":[]},{"id":67824,"url":"https:\/\/www.grieta.org.mx\/index.php\/2023\/10\/01\/bloquean-acceso-a-ejido-en-piste-yucatan\/","url_meta":{"origin":67595,"position":4},"title":"Bloquean acceso a ejido en Pist\u00e9 (Yucat\u00e1n)","author":"grieta","date":"1 octubre, 2023","format":false,"excerpt":"Juan Osorio Osorno \/ Diario de Yucat\u00e1n PIST\u00c9.\u2014 Aumentan los n\u00facleos ejidales inconformes debido a que no les cumplieron algunos ofrecimientos por el trazo de la l\u00ednea del Tren Maya, pues ayer por la tarde unos 30 ejidatarios de Pist\u00e9 bloquearon el acceso a sus tierras y retuvieron cuatro veh\u00edculos\u2026","rel":"","context":"En &quot;CINTILLO&quot;","block_context":{"text":"CINTILLO","link":"https:\/\/www.grieta.org.mx\/index.php\/category\/cintillo\/"},"img":{"alt_text":"","src":"https:\/\/i0.wp.com\/www.grieta.org.mx\/wp-content\/uploads\/2023\/10\/Piste-e1696296612524.jpg?resize=350%2C200&ssl=1","width":350,"height":200,"srcset":"https:\/\/i0.wp.com\/www.grieta.org.mx\/wp-content\/uploads\/2023\/10\/Piste-e1696296612524.jpg?resize=350%2C200&ssl=1 1x, https:\/\/i0.wp.com\/www.grieta.org.mx\/wp-content\/uploads\/2023\/10\/Piste-e1696296612524.jpg?resize=525%2C300&ssl=1 1.5x, https:\/\/i0.wp.com\/www.grieta.org.mx\/wp-content\/uploads\/2023\/10\/Piste-e1696296612524.jpg?resize=700%2C400&ssl=1 2x"},"classes":[]},{"id":70006,"url":"https:\/\/www.grieta.org.mx\/index.php\/2024\/09\/25\/bajo-ordenes-militares-el-salvamento-arqueologico-en-obras-del-tren-maya\/","url_meta":{"origin":67595,"position":5},"title":"Bajo \u00f3rdenes militares, el salvamento arqueol\u00f3gico en obras del Tren Maya","author":"grieta","date":"25 septiembre, 2024","format":false,"excerpt":"Cristopher Cabello \/ El Universal En el cuaderno de trabajo \u201cLa construcci\u00f3n del Tren Maya y la destrucci\u00f3n del patrimonio en la Pen\u00ednsula de Yucat\u00e1n\u201d(2024), el antrop\u00f3logo e investigador Juan Manuel Sandoval report\u00f3 la destrucci\u00f3n de vestigios arqueol\u00f3gicos en el Tramo 7 de la obra ferroviaria. Un tema que llam\u00f3\u2026","rel":"","context":"En &quot;Campeche&quot;","block_context":{"text":"Campeche","link":"https:\/\/www.grieta.org.mx\/index.php\/category\/noticias-nacionales\/campeche\/"},"img":{"alt_text":"","src":"https:\/\/i0.wp.com\/www.grieta.org.mx\/wp-content\/uploads\/2024\/10\/Militares-e1728167418810.jpg?resize=350%2C200&ssl=1","width":350,"height":200,"srcset":"https:\/\/i0.wp.com\/www.grieta.org.mx\/wp-content\/uploads\/2024\/10\/Militares-e1728167418810.jpg?resize=350%2C200&ssl=1 1x, https:\/\/i0.wp.com\/www.grieta.org.mx\/wp-content\/uploads\/2024\/10\/Militares-e1728167418810.jpg?resize=525%2C300&ssl=1 1.5x, https:\/\/i0.wp.com\/www.grieta.org.mx\/wp-content\/uploads\/2024\/10\/Militares-e1728167418810.jpg?resize=700%2C400&ssl=1 2x"},"classes":[]}],"_links":{"self":[{"href":"https:\/\/www.grieta.org.mx\/index.php\/wp-json\/wp\/v2\/posts\/67595","targetHints":{"allow":["GET"]}}],"collection":[{"href":"https:\/\/www.grieta.org.mx\/index.php\/wp-json\/wp\/v2\/posts"}],"about":[{"href":"https:\/\/www.grieta.org.mx\/index.php\/wp-json\/wp\/v2\/types\/post"}],"author":[{"embeddable":true,"href":"https:\/\/www.grieta.org.mx\/index.php\/wp-json\/wp\/v2\/users\/2"}],"replies":[{"embeddable":true,"href":"https:\/\/www.grieta.org.mx\/index.php\/wp-json\/wp\/v2\/comments?post=67595"}],"version-history":[{"count":1,"href":"https:\/\/www.grieta.org.mx\/index.php\/wp-json\/wp\/v2\/posts\/67595\/revisions"}],"predecessor-version":[{"id":67598,"href":"https:\/\/www.grieta.org.mx\/index.php\/wp-json\/wp\/v2\/posts\/67595\/revisions\/67598"}],"wp:featuredmedia":[{"embeddable":true,"href":"https:\/\/www.grieta.org.mx\/index.php\/wp-json\/wp\/v2\/media\/67596"}],"wp:attachment":[{"href":"https:\/\/www.grieta.org.mx\/index.php\/wp-json\/wp\/v2\/media?parent=67595"}],"wp:term":[{"taxonomy":"category","embeddable":true,"href":"https:\/\/www.grieta.org.mx\/index.php\/wp-json\/wp\/v2\/categories?post=67595"},{"taxonomy":"post_tag","embeddable":true,"href":"https:\/\/www.grieta.org.mx\/index.php\/wp-json\/wp\/v2\/tags?post=67595"}],"curies":[{"name":"wp","href":"https:\/\/api.w.org\/{rel}","templated":true}]}}