{"id":67592,"date":"2023-08-30T17:02:54","date_gmt":"2023-08-30T23:02:54","guid":{"rendered":"https:\/\/www.grieta.org.mx\/?p=67592"},"modified":"2023-08-31T17:16:04","modified_gmt":"2023-08-31T23:16:04","slug":"apicultores-mayas-de-campeche-denuncian-incumplimiento-de-suspensiones-de-amparos","status":"publish","type":"post","link":"https:\/\/www.grieta.org.mx\/index.php\/2023\/08\/30\/apicultores-mayas-de-campeche-denuncian-incumplimiento-de-suspensiones-de-amparos\/","title":{"rendered":"Apicultores mayas de Campeche denuncian incumplimiento de suspensiones de amparos"},"content":{"rendered":"<p>Octavio Mart\u00ednez \/ Proceso<\/p>\n<p>PLAYA DEL CARMEN, Q. Roo (apro).- Miembros del Colectivo de Comunidades Mayas de los Chenes denunciaron el incumplimiento de suspensiones de amparos con las que buscan proteger a las abejas luego de la mortandad ocurrida en Hopelch\u00e9n, Campeche.<\/p>\n<p>Tras la muerte generalizada de la especie registrada en las \u00faltimas semanas de marzo, la m\u00e1s grave de la que se tenga conocimiento, apicultores tramitaron diversas demandas de amparo por la violaci\u00f3n del derecho a un medio ambiente sano.<\/p>\n<p>Se\u00f1alaron a diversas autoridades federales como las responsables del menoscabo ambiental por la deforestaci\u00f3n y uso de agroqu\u00edmicos, estos \u00faltimos, se\u00f1alan, causante de la muerte de las abejas.<\/p>\n<p>Son cinco demandas de amparo que se siguen en juicio de garant\u00edas en el Juzgado Segundo de Distrito de Campeche, \u00f3rgano jurisdiccional que otorg\u00f3 suspensiones definitivas para que las autoridades se\u00f1aladas act\u00faen contra los da\u00f1os de la que son objeto esta especie y las comunidades mayas que la protegen.<\/p>\n<p>No obstante, denunciaron, a m\u00e1s de un mes que comenzaron a dictarse estas medidas cautelares a su favor, no se han cumplido. Reunidos en la ciudad de Campeche, con Leydy Pech, defensora de la especie a la cabeza, pidieron sanciones para quienes no est\u00e9n respetando las medidas cautelares impuestas por una juez federal.<\/p>\n<p>\u201cA pesar de las diversas denuncias presentadas por la deforestaci\u00f3n y la siembra ilegal de transg\u00e9nicos, han omitido realizar las investigaciones pertinentes y sancionar a los responsables\u201d, expuso Pech.<\/p>\n<p>Las autoridades se\u00f1aladas son: la Secretar\u00eda de Medio Ambiente y Recursos Naturales (Semarnat), la Procuradur\u00eda Federal de Protecci\u00f3n al Ambiente (Profepa) y el Servicio Nacional de Sanidad, Inocuidad y Calidad Agroalimentaria (Senasica).  Adem\u00e1s de la gobernadora Layda Sansores San Rom\u00e1n.<\/p>\n<p>El pasado 22 de marzo, los apicultores del municipio de Hopelch\u00e9n se percataron que millares de abejas yac\u00edan muertas en el suelo -una de las zonas m\u00e1s importantes de producci\u00f3n de miel en M\u00e9xico-. Inmediatamente se\u00f1alaron las actividades de fumigaci\u00f3n con agroqu\u00edmicos, altamente t\u00f3xicos para la especie, como la causante del desastre.<\/p>\n<p>El Colegio de la Frontera Sur (Ecosur), seg\u00fan los documentos tipo peritaje a los que se tuvo acceso, confirm\u00f3 que hubo en esos d\u00edas fumigaciones con agroqu\u00edmicos, que fueron a dar hasta las colmenas.<\/p>\n<p>La lucha del Colectivo de Comunidades Mayas de los Chenes contin\u00faa, pues buscan prevenir una cat\u00e1strofe a\u00fan mayor en otras zonas de producci\u00f3n y cultivo de abejas, como en Yucat\u00e1n y Quintana Roo.<\/p>\n<p><a href=\"https:\/\/www.proceso.com.mx\/nacional\/2023\/8\/30\/apicultores-mayas-de-campeche-denuncian-incumplimiento-de-suspensiones-de-amparos-313918.html\" rel=\"noopener\" target=\"_blank\">https:\/\/www.proceso.com.mx\/nacional\/2023\/8\/30\/apicultores-mayas-de-campeche-denuncian-incumplimiento-de-suspensiones-de-amparos-313918.html<\/a><\/p>\n","protected":false},"excerpt":{"rendered":"<p>Octavio Mart\u00ednez \/ Proceso PLAYA DEL CARMEN, Q. Roo (apro).- Miembros del Colectivo de Comunidades Mayas de los Chenes denunciaron el incumplimiento de suspensiones de amparos con las que buscan &hellip; <a href=\"https:\/\/www.grieta.org.mx\/index.php\/2023\/08\/30\/apicultores-mayas-de-campeche-denuncian-incumplimiento-de-suspensiones-de-amparos\/\" class=\"more-link\">Leer m\u00e1s<\/a><\/p>\n","protected":false},"author":2,"featured_media":67593,"comment_status":"closed","ping_status":"closed","sticky":false,"template":"","format":"standard","meta":{"ngg_post_thumbnail":0,"_jetpack_newsletter_access":"","_jetpack_dont_email_post_to_subs":false,"_jetpack_newsletter_tier_id":0,"_jetpack_memberships_contains_paywalled_content":false,"_jetpack_memberships_contains_paid_content":false,"footnotes":""},"categories":[60,42,11,80,2258,958,1,954,3,922,926,2,1151],"tags":[744,3820,160,162,4138,2722,159],"class_list":["post-67592","post","type-post","status-publish","format-standard","has-post-thumbnail","hentry","category-16-pueblo-maya","category-agroindustria","category-campeche","category-cintillo","category-ecocidio-en-campeche","category-esp-campeche","category-espejos-de-la-resistencia","category-espejos-estados","category-megaproyectos","category-megaproyectos-estados","category-mp-campeche","category-noticias-nacionales","category-se-organizan-para-frenar-avance-de-transgenicos-en-yucatan-campeche-y-quintana-roo","tag-agroquimicos","tag-amparos","tag-apicultores","tag-deforestacion","tag-fumigacion","tag-muerte-de-abejas","tag-transgenicos","entry"],"jetpack_featured_media_url":"https:\/\/www.grieta.org.mx\/wp-content\/uploads\/2023\/08\/Apicultores-e1693523495706.jpg","jetpack_sharing_enabled":true,"jetpack_shortlink":"https:\/\/wp.me\/p7ZJR4-hAc","jetpack_likes_enabled":false,"jetpack-related-posts":[{"id":1459,"url":"https:\/\/www.grieta.org.mx\/index.php\/2015\/10\/08\/autoridades-mayas-de-yucatan-y-campeche-congelan-avance-de-soya-transgenica-de-monsanto\/","url_meta":{"origin":67592,"position":0},"title":"Autoridades mayas de Yucat\u00e1n y Campeche congelan avance de soya transg\u00e9nica de Monsanto","author":"grieta","date":"8 octubre, 2015","format":false,"excerpt":"(08 de octubre, 2015).- La Suprema Corte de Justicia de la Naci\u00f3n (SCJN) acord\u00f3 que el 28 de octubre discutir\u00e1 en paquete los siete recursos de amparo en revisi\u00f3n interpuestos por apicultores de Yucat\u00e1n y Campeche contra la siembra de soya transg\u00e9nica, inform\u00f3 Jorge Fern\u00e1ndez, abogado que apoya a los\u2026","rel":"","context":"En &quot;16. Pueblo Maya&quot;","block_context":{"text":"16. Pueblo Maya","link":"https:\/\/www.grieta.org.mx\/index.php\/category\/espejos-de-la-resistencia\/16-pueblo-maya\/"},"img":{"alt_text":"","src":"https:\/\/i0.wp.com\/www.grieta.org.mx\/wp-content\/uploads\/2018\/03\/14524434_1106112876131411_958039263622046936_o.jpg?resize=350%2C200&ssl=1","width":350,"height":200,"srcset":"https:\/\/i0.wp.com\/www.grieta.org.mx\/wp-content\/uploads\/2018\/03\/14524434_1106112876131411_958039263622046936_o.jpg?resize=350%2C200&ssl=1 1x, https:\/\/i0.wp.com\/www.grieta.org.mx\/wp-content\/uploads\/2018\/03\/14524434_1106112876131411_958039263622046936_o.jpg?resize=525%2C300&ssl=1 1.5x, https:\/\/i0.wp.com\/www.grieta.org.mx\/wp-content\/uploads\/2018\/03\/14524434_1106112876131411_958039263622046936_o.jpg?resize=700%2C400&ssl=1 2x"},"classes":[]},{"id":69326,"url":"https:\/\/www.grieta.org.mx\/index.php\/2024\/07\/12\/apicultores-denuncian-muerte-masiva-de-abejas-por-uso-de-toxicos-en-cultivos-de-campeche\/","url_meta":{"origin":67592,"position":1},"title":"Apicultores denuncian muerte masiva de abejas por uso de t\u00f3xicos en cultivos de Campeche","author":"grieta","date":"12 julio, 2024","format":false,"excerpt":"Fanny Miranda \/ Milenio Campeche, M\u00e9xico. El colectivo de comunidades mayas de Los Chenes, denunci\u00f3 la muerte masiva de abejas por intoxicaci\u00f3n con plaguicidas altamente peligrosos, que son utilizados en el cultivo de chile habanero en la comunidad de Ich-Ek en Hopelch\u00e9n, Campeche. Los apicultores revisaron un total de 11\u2026","rel":"","context":"En &quot;16. Pueblo Maya&quot;","block_context":{"text":"16. Pueblo Maya","link":"https:\/\/www.grieta.org.mx\/index.php\/category\/espejos-de-la-resistencia\/16-pueblo-maya\/"},"img":{"alt_text":"","src":"https:\/\/i0.wp.com\/www.grieta.org.mx\/wp-content\/uploads\/2024\/07\/Chenes-e1721777079271.jpg?resize=350%2C200&ssl=1","width":350,"height":200,"srcset":"https:\/\/i0.wp.com\/www.grieta.org.mx\/wp-content\/uploads\/2024\/07\/Chenes-e1721777079271.jpg?resize=350%2C200&ssl=1 1x, https:\/\/i0.wp.com\/www.grieta.org.mx\/wp-content\/uploads\/2024\/07\/Chenes-e1721777079271.jpg?resize=525%2C300&ssl=1 1.5x, https:\/\/i0.wp.com\/www.grieta.org.mx\/wp-content\/uploads\/2024\/07\/Chenes-e1721777079271.jpg?resize=700%2C400&ssl=1 2x"},"classes":[]},{"id":1465,"url":"https:\/\/www.grieta.org.mx\/index.php\/2015\/10\/05\/organizaciones-esperan-ganar-amparo-contra-monsanto\/","url_meta":{"origin":67592,"position":2},"title":"Organizaciones esperan ganar amparo contra Monsanto","author":"grieta","date":"5 octubre, 2015","format":false,"excerpt":"Organizaciones de derechos humanos esperan que la Corte resuelva a favor de los amparos interpuestos por autoridades tradicionales mayas contra el permiso a la empresa Monsanto para sembrar soya transg\u00e9nica en Yucat\u00e1n. Organizaciones de derechos humanos esperan que la Corte resuelva a favor de los amparos interpuestos por autoridades tradicionales\u2026","rel":"","context":"En &quot;16. Pueblo Maya&quot;","block_context":{"text":"16. Pueblo Maya","link":"https:\/\/www.grieta.org.mx\/index.php\/category\/espejos-de-la-resistencia\/16-pueblo-maya\/"},"img":{"alt_text":"","src":"https:\/\/i0.wp.com\/www.grieta.org.mx\/wp-content\/uploads\/2018\/03\/14524434_1106112876131411_958039263622046936_o.jpg?resize=350%2C200&ssl=1","width":350,"height":200,"srcset":"https:\/\/i0.wp.com\/www.grieta.org.mx\/wp-content\/uploads\/2018\/03\/14524434_1106112876131411_958039263622046936_o.jpg?resize=350%2C200&ssl=1 1x, https:\/\/i0.wp.com\/www.grieta.org.mx\/wp-content\/uploads\/2018\/03\/14524434_1106112876131411_958039263622046936_o.jpg?resize=525%2C300&ssl=1 1.5x, https:\/\/i0.wp.com\/www.grieta.org.mx\/wp-content\/uploads\/2018\/03\/14524434_1106112876131411_958039263622046936_o.jpg?resize=700%2C400&ssl=1 2x"},"classes":[]},{"id":70716,"url":"https:\/\/www.grieta.org.mx\/index.php\/2024\/12\/04\/sentencia-historica-reconoce-papel-crucial-de-las-abejas-para-los-ecosistemas-campeche\/","url_meta":{"origin":67592,"position":3},"title":"Sentencia hist\u00f3rica reconoce papel crucial de las abejas para los ecosistemas (Campeche)","author":"grieta","date":"4 diciembre, 2024","format":false,"excerpt":"Renata Bessi \/ Avispa Midia En portada: La deforestaci\u00f3n y el uso masivo de agrot\u00f3xicos son las principales amenazas para la supervivencia de las abejas en Campeche. En la imagen, apicultores muestran la muerte masiva de estos insectos. Foto: Colectivo Maya de los Chenes. Apicultores mayas de Hopelch\u00e9n, municipio del\u2026","rel":"","context":"En &quot;Agroindustria&quot;","block_context":{"text":"Agroindustria","link":"https:\/\/www.grieta.org.mx\/index.php\/category\/megaproyectos\/agroindustria\/"},"img":{"alt_text":"","src":"https:\/\/i0.wp.com\/www.grieta.org.mx\/wp-content\/uploads\/2024\/12\/Historica-e1734902559424.jpg?resize=350%2C200&ssl=1","width":350,"height":200,"srcset":"https:\/\/i0.wp.com\/www.grieta.org.mx\/wp-content\/uploads\/2024\/12\/Historica-e1734902559424.jpg?resize=350%2C200&ssl=1 1x, https:\/\/i0.wp.com\/www.grieta.org.mx\/wp-content\/uploads\/2024\/12\/Historica-e1734902559424.jpg?resize=525%2C300&ssl=1 1.5x, https:\/\/i0.wp.com\/www.grieta.org.mx\/wp-content\/uploads\/2024\/12\/Historica-e1734902559424.jpg?resize=700%2C400&ssl=1 2x"},"classes":[]},{"id":66959,"url":"https:\/\/www.grieta.org.mx\/index.php\/2023\/05\/23\/por-la-muerte-de-abejas-colectivo-maya-exige-se-declare-zona-de-emergencia-en-hopelchen-campeche\/","url_meta":{"origin":67592,"position":4},"title":"Por la muerte de abejas, colectivo maya exige se declare zona de emergencia en Hopelch\u00e9n (Campeche)","author":"grieta","date":"23 mayo, 2023","format":false,"excerpt":"Por Esto! El Colectivo de Comunidades Mayas de los Chenes en rueda de prensa exigen con prontitud a las autoridades de los tres niveles de gobierno se declare Zona de Emergencia el municipio de Hopelch\u00e9n por la muerte de miles de colmenas de abejas que equivale a m\u00e1s de 12\u2026","rel":"","context":"En &quot;Agroindustria&quot;","block_context":{"text":"Agroindustria","link":"https:\/\/www.grieta.org.mx\/index.php\/category\/megaproyectos\/agroindustria\/"},"img":{"alt_text":"","src":"https:\/\/i0.wp.com\/www.grieta.org.mx\/wp-content\/uploads\/2023\/05\/Hopelchen-e1685036714387.jpg?resize=350%2C200&ssl=1","width":350,"height":200,"srcset":"https:\/\/i0.wp.com\/www.grieta.org.mx\/wp-content\/uploads\/2023\/05\/Hopelchen-e1685036714387.jpg?resize=350%2C200&ssl=1 1x, https:\/\/i0.wp.com\/www.grieta.org.mx\/wp-content\/uploads\/2023\/05\/Hopelchen-e1685036714387.jpg?resize=525%2C300&ssl=1 1.5x, https:\/\/i0.wp.com\/www.grieta.org.mx\/wp-content\/uploads\/2023\/05\/Hopelchen-e1685036714387.jpg?resize=700%2C400&ssl=1 2x"},"classes":[]},{"id":68382,"url":"https:\/\/www.grieta.org.mx\/index.php\/2024\/01\/26\/denuncian-nuevo-envenenamiento-y-muerte-masiva-de-abejas-en-hopelchen-campeche\/","url_meta":{"origin":67592,"position":5},"title":"Denuncian nuevo envenenamiento y muerte masiva de abejas en Hopelch\u00e9n, Campeche","author":"grieta","date":"26 enero, 2024","format":false,"excerpt":"Ra\u00fal Ojeda \/ Milenio Campeche \/ El Colectivo Maya de los Chenes denunci\u00f3 un nuevo caso de envenenamiento y muerte masiva abejas en el municipio de Hopelch\u00e9n, Campeche. El se\u00f1alamiento ocurre a un a\u00f1o de la primera muerte masiva de abejas en esta regi\u00f3n maya. En la actualidad, las presentan\u2026","rel":"","context":"En &quot;Agroindustria&quot;","block_context":{"text":"Agroindustria","link":"https:\/\/www.grieta.org.mx\/index.php\/category\/megaproyectos\/agroindustria\/"},"img":{"alt_text":"","src":"https:\/\/i0.wp.com\/www.grieta.org.mx\/wp-content\/uploads\/2024\/01\/Abejas-e1706390391426.jpg?resize=350%2C200&ssl=1","width":350,"height":200,"srcset":"https:\/\/i0.wp.com\/www.grieta.org.mx\/wp-content\/uploads\/2024\/01\/Abejas-e1706390391426.jpg?resize=350%2C200&ssl=1 1x, https:\/\/i0.wp.com\/www.grieta.org.mx\/wp-content\/uploads\/2024\/01\/Abejas-e1706390391426.jpg?resize=525%2C300&ssl=1 1.5x, https:\/\/i0.wp.com\/www.grieta.org.mx\/wp-content\/uploads\/2024\/01\/Abejas-e1706390391426.jpg?resize=700%2C400&ssl=1 2x"},"classes":[]}],"_links":{"self":[{"href":"https:\/\/www.grieta.org.mx\/index.php\/wp-json\/wp\/v2\/posts\/67592","targetHints":{"allow":["GET"]}}],"collection":[{"href":"https:\/\/www.grieta.org.mx\/index.php\/wp-json\/wp\/v2\/posts"}],"about":[{"href":"https:\/\/www.grieta.org.mx\/index.php\/wp-json\/wp\/v2\/types\/post"}],"author":[{"embeddable":true,"href":"https:\/\/www.grieta.org.mx\/index.php\/wp-json\/wp\/v2\/users\/2"}],"replies":[{"embeddable":true,"href":"https:\/\/www.grieta.org.mx\/index.php\/wp-json\/wp\/v2\/comments?post=67592"}],"version-history":[{"count":1,"href":"https:\/\/www.grieta.org.mx\/index.php\/wp-json\/wp\/v2\/posts\/67592\/revisions"}],"predecessor-version":[{"id":67594,"href":"https:\/\/www.grieta.org.mx\/index.php\/wp-json\/wp\/v2\/posts\/67592\/revisions\/67594"}],"wp:featuredmedia":[{"embeddable":true,"href":"https:\/\/www.grieta.org.mx\/index.php\/wp-json\/wp\/v2\/media\/67593"}],"wp:attachment":[{"href":"https:\/\/www.grieta.org.mx\/index.php\/wp-json\/wp\/v2\/media?parent=67592"}],"wp:term":[{"taxonomy":"category","embeddable":true,"href":"https:\/\/www.grieta.org.mx\/index.php\/wp-json\/wp\/v2\/categories?post=67592"},{"taxonomy":"post_tag","embeddable":true,"href":"https:\/\/www.grieta.org.mx\/index.php\/wp-json\/wp\/v2\/tags?post=67592"}],"curies":[{"name":"wp","href":"https:\/\/api.w.org\/{rel}","templated":true}]}}