{"id":67587,"date":"2023-08-31T17:02:13","date_gmt":"2023-08-31T23:02:13","guid":{"rendered":"https:\/\/www.grieta.org.mx\/?p=67587"},"modified":"2023-08-31T17:02:13","modified_gmt":"2023-08-31T23:02:13","slug":"denuncian-devastacion-de-area-protegida-por-proyecto-turistico-en-quintana-roo","status":"publish","type":"post","link":"https:\/\/www.grieta.org.mx\/index.php\/2023\/08\/31\/denuncian-devastacion-de-area-protegida-por-proyecto-turistico-en-quintana-roo\/","title":{"rendered":"Denuncian devastaci\u00f3n de \u00e1rea protegida por proyecto tur\u00edstico en Quintana Roo"},"content":{"rendered":"<p>Aldo Santiago \/ Avispa Midia<\/p>\n<p>En portada: Destrucci\u00f3n ecol\u00f3gica derivada de las obras del proyecto tur\u00edstico \u201cpuerta al mar\u201d, el cual perturbar\u00e1 33 km de la Reserva de la Biosfera de Sian Ka&#8217;an en Quintana Roo.<\/p>\n<p>Habitantes del municipio de Felipe Carrillo Puerto, Quintana Roo, lanzaron un llamado urgente para detener las obras del proyecto \u201cPuerta al mar\u201d, cuyo trazo pretende crear un camino desde dicho municipio hasta el puerto de Vig\u00eda Chico, atravesando y afectando la biodiversidad que alberga la Reserva de la Biosfera de Sian Ka&#8217;an.<\/p>\n<p>El pasado martes (29), la gobernadora del estado, Mara Lezama, dio el banderazo de inicio para las obras. El evento estuvo acompa\u00f1ada por ingenieros militares, entre ellos Barux Hern\u00e1ndez Chavarr\u00eda, capit\u00e1n primero constructor de la Secretar\u00eda de la Defensa Nacional (Sedena), que tendr\u00e1 a su cargo la construcci\u00f3n.<\/p>\n<p>Tambi\u00e9n se cont\u00f3 con la presencia de autoridades de los tres niveles de gobierno y se difundi\u00f3 que ser\u00e1 un camino de 55 kil\u00f3metros, desde Felipe Carrillo Puerto hasta Vig\u00eda Chico. De este trazo, se planea construir un camino artesanal, con cinco metros de ancho, a lo largo de 33 km que atravesar\u00e1n la Reserva de la Biosfera de Sian Ka&#8217;an, ubicada en el litoral central de Quintana Roo, en el mar caribe.<\/p>\n<p><img loading=\"lazy\" decoding=\"async\" data-attachment-id=\"67589\" data-permalink=\"https:\/\/www.grieta.org.mx\/index.php\/2023\/08\/31\/denuncian-devastacion-de-area-protegida-por-proyecto-turistico-en-quintana-roo\/puertamar2\/\" data-orig-file=\"https:\/\/www.grieta.org.mx\/wp-content\/uploads\/2023\/08\/PuertaMar2-e1693522475121.jpg\" data-orig-size=\"800,443\" data-comments-opened=\"0\" data-image-meta=\"{&quot;aperture&quot;:&quot;0&quot;,&quot;credit&quot;:&quot;&quot;,&quot;camera&quot;:&quot;&quot;,&quot;caption&quot;:&quot;&quot;,&quot;created_timestamp&quot;:&quot;0&quot;,&quot;copyright&quot;:&quot;&quot;,&quot;focal_length&quot;:&quot;0&quot;,&quot;iso&quot;:&quot;0&quot;,&quot;shutter_speed&quot;:&quot;0&quot;,&quot;title&quot;:&quot;&quot;,&quot;orientation&quot;:&quot;1&quot;}\" data-image-title=\"PuertaMar2\" data-image-description=\"\" data-image-caption=\"\" data-medium-file=\"https:\/\/www.grieta.org.mx\/wp-content\/uploads\/2023\/08\/PuertaMar2-e1693522475121-300x166.jpg\" data-large-file=\"https:\/\/www.grieta.org.mx\/wp-content\/uploads\/2023\/08\/PuertaMar2-1024x567.jpg\" src=\"http:\/\/www.grieta.org.mx\/wp-content\/uploads\/2023\/08\/PuertaMar2-e1693522475121.jpg\" alt=\"\" width=\"800\" height=\"443\" class=\"alignnone size-full wp-image-67589\" srcset=\"https:\/\/www.grieta.org.mx\/wp-content\/uploads\/2023\/08\/PuertaMar2-e1693522475121.jpg 800w, https:\/\/www.grieta.org.mx\/wp-content\/uploads\/2023\/08\/PuertaMar2-e1693522475121-300x166.jpg 300w, https:\/\/www.grieta.org.mx\/wp-content\/uploads\/2023\/08\/PuertaMar2-e1693522475121-768x425.jpg 768w\" sizes=\"auto, (max-width: 800px) 100vw, 800px\" \/><br \/>\nDentro de la selva protegida dentro de la Reserva de la Biosfera de Sian Ka\u2019an se observa el trabajo de maquinaria pesada removiendo vegetaci\u00f3n<\/p>\n<p>Mediante comunicado difundido ayer (30), habitantes de Felipe Carrillo Puerto se manifestaron en contra de la imposici\u00f3n del proyecto debido a que, argumentan, las obras ponen en grave peligro su seguridad, tranquilidad y libertad de hacer uso de su territorio de acuerdo a sus necesidades.<\/p>\n<p>En la denuncia, argumentan que el proyecto est\u00e1 basado en un modelo de turismo que, adem\u00e1s de modificar y apropiarse del territorio de la Reserva de la Biosfera de Sian Ka\u2019aan, acrecentar\u00e1 los problemas ambientales, la desigualdad; adem\u00e1s de aumentar la presi\u00f3n para satisfacer de servicios b\u00e1sicos como el agua, transporte y vivienda en la regi\u00f3n.<\/p>\n<p>\u201cDesaprobamos la forma en la que se ha puesto en marcha este proyecto sin los estudios adecuados ni informaci\u00f3n pertinente y accesible para toda la comunidad\u201d, acusan en el comunicado, el cual acompa\u00f1aron con im\u00e1genes de la deforestaci\u00f3n que ya est\u00e1n generando las obras.<\/p>\n<p>La denuncia titulada \u00bfReservada para quienes?, se\u00f1ala que el proyecto tur\u00edstico servir\u00e1 para perpetuar la acumulaci\u00f3n de tierras, dinero y poder en beneficio de la industria tur\u00edstica e inmobiliaria, en lugar de cubrir las necesidades b\u00e1sicas de la poblaci\u00f3n como son la falta de servicios de salud, vialidades, inseguridad, entre otros problemas que viven las y los habitantes de Felipe Carrilo Puerto.<\/p>\n<p>\u201cEs por eso que se hace un llamado e invitaci\u00f3n a cualquier otro, seamos pocos o muchos para cuestionar, defender, reconocer, sumarse y proteger este camino que nos pertenece, que habitamos y nos aporta tanta riqueza que apenas estamos empezando a conocer y no se puede valuar monetariamente\u201d, invitan en el comunicado.<\/p>\n<p>Afectaciones<\/p>\n<p>Puerta del cielo, como se conoce en espa\u00f1ol, fue la primera gran \u00e1rea tropical protegida de M\u00e9xico y fue declarada dentro de esta categor\u00eda desde 1987 con una extensi\u00f3n mayor a 528 mil hect\u00e1reas.<\/p>\n<p>Como parte de la reserva, frente a la costa del mar Caribe, se ubica lo que se considera como el segundo mayor complejo de arrecifes coralinos en el mundo con una longitud de 110 km, solo despu\u00e9s de la Gran Barrera de Arrecifes, al oriente de la costa de Australia.<\/p>\n<p>La reserva de Sian Ka\u2019aan tambi\u00e9n alberga otros ecosistemas marinos de alto valor en biodiversidad como manglares y humedales. En la reserva habitan m\u00e1s de 2,580 especies de plantas y animales de las cuales 158 se encuentra dentro de alguna categor\u00eda de riesgo. Entre las especies en peligro de extinci\u00f3n se encuentran el tuc\u00e1n pico de canoa, el halc\u00f3n peregrino, la cig\u00fce\u00f1a americana, el mono aullador, jaguar, ocelote, manat\u00ed y el tapir. En cuanto a la zona de arrecifes habitan m\u00e1s de 315 especies de plantas y animales de las cuales 37 se encuentra dentro de alguna categor\u00eda de riesgo.<\/p>\n<p>Acorde a la informaci\u00f3n difundida esta semana, las proyecciones para concluir las obras de \u201cpuerta al mar\u201d deber\u00e1n concluir en diciembre y cuentan con una inversi\u00f3n de 570 millones de pesos. Funcionarios anunciaron que en la zona de Vig\u00eda Chico se planea la construcci\u00f3n de un parque con estacionamiento; adem\u00e1s se proyecta la instalaci\u00f3n de restaurantes, miradores y mas infraestructura tur\u00edstica.<\/p>\n<p>Seg\u00fan el encargado de la obra, Hern\u00e1ndez Chavarr\u00eda, \u201cpara la construcci\u00f3n se est\u00e1n siguiendo todos los protocolos de cuidado en el \u00c1rea Natural Protegida, para la protecci\u00f3n del suelo, flora y fauna\u201d.<\/p>\n<p><img loading=\"lazy\" decoding=\"async\" data-attachment-id=\"67590\" data-permalink=\"https:\/\/www.grieta.org.mx\/index.php\/2023\/08\/31\/denuncian-devastacion-de-area-protegida-por-proyecto-turistico-en-quintana-roo\/puertamar3\/\" data-orig-file=\"https:\/\/www.grieta.org.mx\/wp-content\/uploads\/2023\/08\/PuertaMar3-e1693522584167.jpg\" data-orig-size=\"800,582\" data-comments-opened=\"0\" data-image-meta=\"{&quot;aperture&quot;:&quot;0&quot;,&quot;credit&quot;:&quot;&quot;,&quot;camera&quot;:&quot;&quot;,&quot;caption&quot;:&quot;&quot;,&quot;created_timestamp&quot;:&quot;0&quot;,&quot;copyright&quot;:&quot;&quot;,&quot;focal_length&quot;:&quot;0&quot;,&quot;iso&quot;:&quot;0&quot;,&quot;shutter_speed&quot;:&quot;0&quot;,&quot;title&quot;:&quot;&quot;,&quot;orientation&quot;:&quot;1&quot;}\" data-image-title=\"PuertaMar3\" data-image-description=\"\" data-image-caption=\"\" data-medium-file=\"https:\/\/www.grieta.org.mx\/wp-content\/uploads\/2023\/08\/PuertaMar3-e1693522584167-300x218.jpg\" data-large-file=\"https:\/\/www.grieta.org.mx\/wp-content\/uploads\/2023\/08\/PuertaMar3-1024x746.jpg\" src=\"http:\/\/www.grieta.org.mx\/wp-content\/uploads\/2023\/08\/PuertaMar3-e1693522584167.jpg\" alt=\"\" width=\"800\" height=\"582\" class=\"alignnone size-full wp-image-67590\" srcset=\"https:\/\/www.grieta.org.mx\/wp-content\/uploads\/2023\/08\/PuertaMar3-e1693522584167.jpg 800w, https:\/\/www.grieta.org.mx\/wp-content\/uploads\/2023\/08\/PuertaMar3-e1693522584167-300x218.jpg 300w, https:\/\/www.grieta.org.mx\/wp-content\/uploads\/2023\/08\/PuertaMar3-e1693522584167-768x559.jpg 768w\" sizes=\"auto, (max-width: 800px) 100vw, 800px\" \/><br \/>\nLa gobernadora de Quintana Roo junto a ingenieros militares durante el inicio de las obras.<\/p>\n<p>Por su parte, habitantes de Felipe Carrillo Puerto aseguraron que la obra impacta y afecta sus formas de vida, la relaci\u00f3n que mantienen con el lugar y las din\u00e1micas f\u00edsicas y biol\u00f3gicas de su territorio. Por ello, se\u00f1alaron que \u201cno permaneceremos en silencio observando pasivamente ante proyectos que poco a poco se apropian de nuestro territorio y nos despojan de la vida que nos rodea; en los m\u00e1s de 78km de camino que han sido hasta ahora la selva m\u00e1s conservada de nuestros alrededores\u201d.<\/p>\n<p><a href=\"https:\/\/avispa.org\/denuncian-devastacion-de-area-protegida-por-proyecto-turistico-en-quintana-roo\/\" rel=\"noopener\" target=\"_blank\">https:\/\/avispa.org\/denuncian-devastacion-de-area-protegida-por-proyecto-turistico-en-quintana-roo\/<\/a><\/p>\n","protected":false},"excerpt":{"rendered":"<p>Aldo Santiago \/ Avispa Midia En portada: Destrucci\u00f3n ecol\u00f3gica derivada de las obras del proyecto tur\u00edstico \u201cpuerta al mar\u201d, el cual perturbar\u00e1 33 km de la Reserva de la Biosfera &hellip; <a href=\"https:\/\/www.grieta.org.mx\/index.php\/2023\/08\/31\/denuncian-devastacion-de-area-protegida-por-proyecto-turistico-en-quintana-roo\/\" class=\"more-link\">Leer m\u00e1s<\/a><\/p>\n","protected":false},"author":2,"featured_media":67588,"comment_status":"closed","ping_status":"closed","sticky":false,"template":"","format":"standard","meta":{"ngg_post_thumbnail":0,"_jetpack_newsletter_access":"","_jetpack_dont_email_post_to_subs":false,"_jetpack_newsletter_tier_id":0,"_jetpack_memberships_contains_paywalled_content":false,"_jetpack_memberships_contains_paid_content":false,"footnotes":""},"categories":[80,2749,3,922,1785,926,944,952,2,28,1876,2026],"tags":[386,2987,2466,4169,3577,2528,4170,1878],"class_list":["post-67587","post","type-post","status-publish","format-standard","has-post-thumbnail","hentry","category-cintillo","category-destruccion-y-contaminacion-ambiental-en-quintana-roo","category-megaproyectos","category-megaproyectos-estados","category-militarizacion-en-quintana-roo","category-mp-campeche","category-mp-quintana-roo","category-mp-yucatan","category-noticias-nacionales","category-quintana-roo","category-resistencia-al-tren-maya-en-la-peninsula-de-yucatan-quintana-roo","category-tren-maya","tag-devastacion","tag-impacto-ecologico-por-tren-maya","tag-luchas-y-resistencias-de-pueblos-originarios","tag-puerta-al-mar","tag-reserva-ecologica","tag-resistencia-contra-megaproyectos","tag-sian-kaan","tag-tren-maya","entry"],"jetpack_featured_media_url":"https:\/\/www.grieta.org.mx\/wp-content\/uploads\/2023\/08\/PuertaMar-e1693522374987.jpg","jetpack_sharing_enabled":true,"jetpack_shortlink":"https:\/\/wp.me\/p7ZJR4-hA7","jetpack_likes_enabled":false,"jetpack-related-posts":[{"id":68844,"url":"https:\/\/www.grieta.org.mx\/index.php\/2024\/04\/29\/ambientalistas-clausuran-las-oficinas-de-semarnat-tras-calificarla-de-ecocida-quintana-roo\/","url_meta":{"origin":67587,"position":0},"title":"Ambientalistas &#8220;clausuran&#8221; las oficinas de Semarnat tras calificarla de ecocida (Quintana Roo)","author":"grieta","date":"29 abril, 2024","format":false,"excerpt":"Leslie Gordillo \/ NOTICARIBE PENINSULAR CANC\u00daN.- Un grupo de ambientalistas, representante de diferentes organismos y asociaciones civiles, se manifestaron en la zona hotelera de Canc\u00fan y clausuraron de manera simb\u00f3lica las oficinas de la Secretar\u00eda de Medio Ambiente y Recursos Naturales (Semarnat). La denuncia es que la Semarnat ha sido\u2026","rel":"","context":"En &quot;Campeche&quot;","block_context":{"text":"Campeche","link":"https:\/\/www.grieta.org.mx\/index.php\/category\/noticias-nacionales\/campeche\/"},"img":{"alt_text":"","src":"https:\/\/i0.wp.com\/www.grieta.org.mx\/wp-content\/uploads\/2024\/04\/ambientalitas-e1715552774254.jpg?resize=350%2C200&ssl=1","width":350,"height":200,"srcset":"https:\/\/i0.wp.com\/www.grieta.org.mx\/wp-content\/uploads\/2024\/04\/ambientalitas-e1715552774254.jpg?resize=350%2C200&ssl=1 1x, https:\/\/i0.wp.com\/www.grieta.org.mx\/wp-content\/uploads\/2024\/04\/ambientalitas-e1715552774254.jpg?resize=525%2C300&ssl=1 1.5x, https:\/\/i0.wp.com\/www.grieta.org.mx\/wp-content\/uploads\/2024\/04\/ambientalitas-e1715552774254.jpg?resize=700%2C400&ssl=1 2x"},"classes":[]},{"id":47874,"url":"https:\/\/www.grieta.org.mx\/index.php\/2020\/04\/13\/las-vias-torcidas-del-tren-maya-video\/","url_meta":{"origin":67587,"position":1},"title":"Las v\u00edas torcidas del tren maya (Video)","author":"grieta","date":"13 abril, 2020","format":false,"excerpt":"https:\/\/www.youtube.com\/watch?v=k8FRX9eT0YY","rel":"","context":"En &quot;16. Pueblo Maya&quot;","block_context":{"text":"16. Pueblo Maya","link":"https:\/\/www.grieta.org.mx\/index.php\/category\/espejos-de-la-resistencia\/16-pueblo-maya\/"},"img":{"alt_text":"","src":"https:\/\/i0.wp.com\/www.grieta.org.mx\/wp-content\/uploads\/2020\/04\/ViasTorcidasTrenMaya.png?resize=350%2C200&ssl=1","width":350,"height":200,"srcset":"https:\/\/i0.wp.com\/www.grieta.org.mx\/wp-content\/uploads\/2020\/04\/ViasTorcidasTrenMaya.png?resize=350%2C200&ssl=1 1x, https:\/\/i0.wp.com\/www.grieta.org.mx\/wp-content\/uploads\/2020\/04\/ViasTorcidasTrenMaya.png?resize=525%2C300&ssl=1 1.5x, https:\/\/i0.wp.com\/www.grieta.org.mx\/wp-content\/uploads\/2020\/04\/ViasTorcidasTrenMaya.png?resize=700%2C400&ssl=1 2x"},"classes":[]},{"id":67351,"url":"https:\/\/www.grieta.org.mx\/index.php\/2023\/08\/05\/paraliza-obras-de-tren-maya-quema-de-maquinaria-en-tramo-6-quintana-roo\/","url_meta":{"origin":67587,"position":2},"title":"Paraliza obras de Tren Maya quema de maquinaria en tramo 6 (Quintana Roo)","author":"grieta","date":"5 agosto, 2023","format":false,"excerpt":"antonio.hernandez.press \/ Quadrat\u00edn Quintana Roo OTH\u00d3N P. BLANCO, QRoo, 5 de agosto de 2023.- Cinco maquinarias pesadas fueron incendiadas en las obras del Tren Maya, en el frente seis del Tramo 6, muy cerca de la comunidad de Buenavista, supuestamente por parte de trabajadores inconformes por falta de pago. De\u2026","rel":"","context":"En &quot;CINTILLO&quot;","block_context":{"text":"CINTILLO","link":"https:\/\/www.grieta.org.mx\/index.php\/category\/cintillo\/"},"img":{"alt_text":"","src":"https:\/\/i0.wp.com\/www.grieta.org.mx\/wp-content\/uploads\/2023\/08\/Quema-e1691331646543.jpg?resize=350%2C200&ssl=1","width":350,"height":200,"srcset":"https:\/\/i0.wp.com\/www.grieta.org.mx\/wp-content\/uploads\/2023\/08\/Quema-e1691331646543.jpg?resize=350%2C200&ssl=1 1x, https:\/\/i0.wp.com\/www.grieta.org.mx\/wp-content\/uploads\/2023\/08\/Quema-e1691331646543.jpg?resize=525%2C300&ssl=1 1.5x, https:\/\/i0.wp.com\/www.grieta.org.mx\/wp-content\/uploads\/2023\/08\/Quema-e1691331646543.jpg?resize=700%2C400&ssl=1 2x"},"classes":[]},{"id":35945,"url":"https:\/\/www.grieta.org.mx\/index.php\/2019\/07\/05\/expansion-de-megaproyectos-en-la-peninsula-de-yucatan-video\/","url_meta":{"origin":67587,"position":3},"title":"Expansi\u00f3n de Megaproyectos en la Pen\u00ednsula de Yucat\u00e1n (Video)","author":"grieta","date":"5 julio, 2019","format":false,"excerpt":"https:\/\/youtu.be\/qLBARIAaBsI","rel":"","context":"En &quot;Campeche&quot;","block_context":{"text":"Campeche","link":"https:\/\/www.grieta.org.mx\/index.php\/category\/noticias-nacionales\/campeche\/"},"img":{"alt_text":"","src":"https:\/\/i0.wp.com\/img.youtube.com\/vi\/qLBARIAaBsI\/0.jpg?resize=350%2C200","width":350,"height":200},"classes":[]},{"id":67075,"url":"https:\/\/www.grieta.org.mx\/index.php\/2023\/06\/04\/enrejan-obras-del-tramo-5-del-tren-maya\/","url_meta":{"origin":67587,"position":4},"title":"Enrejan obras del Tramo 5 del Tren Maya","author":"grieta","date":"4 junio, 2023","format":false,"excerpt":"Arturo Miranda\/Quadrat\u00edn Quintana Roo CANC\u00daN, QRoo, 4 de junio de 2023.- Se prohibi\u00f3 en definitiva el acceso al Tramo Cinco sur del Tren Maya mediante la colocaci\u00f3n de una reja met\u00e1lica, la cual impide transitar hacia los puntos en los que se ha denunciado el relleno de cuevas como la\u2026","rel":"","context":"En &quot;CINTILLO&quot;","block_context":{"text":"CINTILLO","link":"https:\/\/www.grieta.org.mx\/index.php\/category\/cintillo\/"},"img":{"alt_text":"","src":"https:\/\/i0.wp.com\/www.grieta.org.mx\/wp-content\/uploads\/2023\/06\/tramo5-e1687546162147.jpg?resize=350%2C200&ssl=1","width":350,"height":200,"srcset":"https:\/\/i0.wp.com\/www.grieta.org.mx\/wp-content\/uploads\/2023\/06\/tramo5-e1687546162147.jpg?resize=350%2C200&ssl=1 1x, https:\/\/i0.wp.com\/www.grieta.org.mx\/wp-content\/uploads\/2023\/06\/tramo5-e1687546162147.jpg?resize=525%2C300&ssl=1 1.5x, https:\/\/i0.wp.com\/www.grieta.org.mx\/wp-content\/uploads\/2023\/06\/tramo5-e1687546162147.jpg?resize=700%2C400&ssl=1 2x"},"classes":[]},{"id":67872,"url":"https:\/\/www.grieta.org.mx\/index.php\/2023\/10\/06\/tren-maya-sedena-incrementara-seguridad-en-quintana-roo-con-mas-de-3-mil-elementos\/","url_meta":{"origin":67587,"position":5},"title":"Tren Maya: Sedena incrementar\u00e1 seguridad en Quintana Roo con m\u00e1s de 3 mil elementos","author":"grieta","date":"6 octubre, 2023","format":false,"excerpt":"Con la inauguraci\u00f3n del Tren Maya que se dar\u00e1 durante diciembre, el Secretario de la Defensa Nacional de M\u00e9xico Luis Cresencio Sandoval inform\u00f3 que en Quintana Roo se incrementar\u00e1 la seguridad con la presencia de la Guardia Nacional, pues habr\u00e1 tres nuevas bases a\u00e9reas. De acuerdo con los datos del\u2026","rel":"","context":"En &quot;CINTILLO&quot;","block_context":{"text":"CINTILLO","link":"https:\/\/www.grieta.org.mx\/index.php\/category\/cintillo\/"},"img":{"alt_text":"","src":"https:\/\/i0.wp.com\/www.grieta.org.mx\/wp-content\/uploads\/2023\/10\/TrenMalla-e1696860496274.jpg?resize=350%2C200&ssl=1","width":350,"height":200,"srcset":"https:\/\/i0.wp.com\/www.grieta.org.mx\/wp-content\/uploads\/2023\/10\/TrenMalla-e1696860496274.jpg?resize=350%2C200&ssl=1 1x, https:\/\/i0.wp.com\/www.grieta.org.mx\/wp-content\/uploads\/2023\/10\/TrenMalla-e1696860496274.jpg?resize=525%2C300&ssl=1 1.5x, https:\/\/i0.wp.com\/www.grieta.org.mx\/wp-content\/uploads\/2023\/10\/TrenMalla-e1696860496274.jpg?resize=700%2C400&ssl=1 2x"},"classes":[]}],"_links":{"self":[{"href":"https:\/\/www.grieta.org.mx\/index.php\/wp-json\/wp\/v2\/posts\/67587","targetHints":{"allow":["GET"]}}],"collection":[{"href":"https:\/\/www.grieta.org.mx\/index.php\/wp-json\/wp\/v2\/posts"}],"about":[{"href":"https:\/\/www.grieta.org.mx\/index.php\/wp-json\/wp\/v2\/types\/post"}],"author":[{"embeddable":true,"href":"https:\/\/www.grieta.org.mx\/index.php\/wp-json\/wp\/v2\/users\/2"}],"replies":[{"embeddable":true,"href":"https:\/\/www.grieta.org.mx\/index.php\/wp-json\/wp\/v2\/comments?post=67587"}],"version-history":[{"count":1,"href":"https:\/\/www.grieta.org.mx\/index.php\/wp-json\/wp\/v2\/posts\/67587\/revisions"}],"predecessor-version":[{"id":67591,"href":"https:\/\/www.grieta.org.mx\/index.php\/wp-json\/wp\/v2\/posts\/67587\/revisions\/67591"}],"wp:featuredmedia":[{"embeddable":true,"href":"https:\/\/www.grieta.org.mx\/index.php\/wp-json\/wp\/v2\/media\/67588"}],"wp:attachment":[{"href":"https:\/\/www.grieta.org.mx\/index.php\/wp-json\/wp\/v2\/media?parent=67587"}],"wp:term":[{"taxonomy":"category","embeddable":true,"href":"https:\/\/www.grieta.org.mx\/index.php\/wp-json\/wp\/v2\/categories?post=67587"},{"taxonomy":"post_tag","embeddable":true,"href":"https:\/\/www.grieta.org.mx\/index.php\/wp-json\/wp\/v2\/tags?post=67587"}],"curies":[{"name":"wp","href":"https:\/\/api.w.org\/{rel}","templated":true}]}}