{"id":67581,"date":"2023-08-21T11:12:37","date_gmt":"2023-08-21T17:12:37","guid":{"rendered":"https:\/\/www.grieta.org.mx\/?p=67581"},"modified":"2023-08-28T11:22:47","modified_gmt":"2023-08-28T17:22:47","slug":"quienes-somos-jovenes-no-conocemos-otro-pais-que-uno-lleno-de-sangre-y-violencia-jalisco","status":"publish","type":"post","link":"https:\/\/www.grieta.org.mx\/index.php\/2023\/08\/21\/quienes-somos-jovenes-no-conocemos-otro-pais-que-uno-lleno-de-sangre-y-violencia-jalisco\/","title":{"rendered":"\u201cQuienes somos j\u00f3venes no conocemos otro pa\u00eds que uno lleno de sangre y violencia\u201d (Jalisco)"},"content":{"rendered":"<p>Imagen: Zona Docs<\/p>\n<p><strong>Bajo la consigna: \u201cQuienes somos j\u00f3venes no conocemos otro pa\u00eds que est\u00e9, uno lleno de sangre y de violencia. Pero NO PODEMOS NORMALIZAR ESTA REALIDAD\u201d, estudiantes y docentes del Centro Universitario de Ciencias Sociales y Humanidades de la UdeG cerraron Avenida Perif\u00e9rico a las 11 de la ma\u00f1ana del 21 de agosto.<\/strong><\/p>\n<p><strong>Esta acci\u00f3n form\u00f3 parte del paro simb\u00f3lico para protestar por los cinco j\u00f3venes desaparecidos en Lagos de Moreno, as\u00ed como por la violencia que se vive en el estado. Piden a los ciudadanos que no sean indiferentes con la problem\u00e1ticas y a las autoridades federales, estatales, municipales, as\u00ed como partidos pol\u00edticos, les exigen que combatan esta situaci\u00f3n.<\/strong><\/p>\n<p>Aitana Rodr\u00edguez \/ Zona Docs<\/p>\n<p>Cientos de estudiantes, docentes y trabajadores de la Universidad de Guadalajara se sumaron al paro simb\u00f3lico para exigir a las autoridades de Jalisco un alto a la violencia, no s\u00f3lo porque \u00e9sta les ha arrebatado a cinco j\u00f3venes que fueron desaparecidos en Lagos de Moreno, el 11 de agosto de 2020, sino porque estas tragedias forman parte de una realidad que han tenido que padecer durante toda su vida.<\/p>\n<p>Por ello, la consigna a la que conjunt\u00f3 a cientos de estudiantes del Centro Universitario de Ciencias Sociales y Humanidades (CUCSH) de la Universidad de Guadalajara al paro activo fue:\u00a0<strong>\u201cQuienes somos j\u00f3venes no conocemos otro pa\u00eds que est\u00e9, uno lleno de sangre y de violencia. Pero NO PODEMOS NORMALIZAR ESTA REALIDAD\u201d,\u00a0<\/strong>tal y como se puede escuchar en la justa rabia de esta estudiante:<\/p>\n<p>Una de las acciones m\u00e1s potentes de este paro simb\u00f3lico fue realizar el cierre de Avenida Perif\u00e9rico Norte, donde se ley\u00f3 este posicionamiento:<\/p>\n<h3><strong>Compa\u00f1eras, compa\u00f1eros, compa\u00f1eres:<\/strong><\/h3>\n<p>Hoy, lxs estudiantes del CUCSH, de la Universidad de Guadalajara protestamos simb\u00f3licamente contra el olvido, sum\u00e1ndonos al llamado del paro por la Federaci\u00f3n Estudiantil Universitaria porque las juventudes en Jalisco y en todo M\u00e9xico:\u00a0<strong>No vivimos, resistimos.\u00a0<\/strong><\/p>\n<p><strong>Estamos hartxs de vivir con el terror de ser la o el siguiente<\/strong>. Cada 24 horas, desaparecen 14 personas en nuestro estado. Jalisco es un estado l\u00edder, l\u00edder en desapariciones porque van 14 mil 78 personas desaparecidas, desde 2018, \u00e9stas solamente las contabilizadas por las autoridades.\u00a0<strong>M\u00e1s de 14 mil familias violentadas por el sistema, olvidadxs en estad\u00edsticas.<\/strong><\/p>\n<p><strong>\u00a1No son cifras! \u00a1No son n\u00fameros!<\/strong>\u00a0Son nuestrxs amigxs, compa\u00f1erxs, hermanxs, padres. Tienen nombre, y no les olvidamos.\u00a0<strong>Hacemos justicia a su memoria, nombr\u00e1ndoles porque el olvido les deshumaniza,<\/strong>\u00a0el olvido amenaza la esperanza y nos condena a ver la crisis como una normalidad:\u00a0<strong>\u00a1No! \u00a1No es normal vivir as\u00ed!<\/strong><\/p>\n<p>Esta crisis de asesinatos y desapariciones es una crisis que crece cada vez m\u00e1s, mientras el sistema colapsa y nuestra realidad se torna dif\u00edcil y terror\u00edfica de vivir donde nos desaparecen a los nuestros. Y de no actuar ahora, nos topamos con un futuro todav\u00eda m\u00e1s violento\u00a0<strong>porque hoy puede ser nuestra hermana, nuestro compa\u00f1ero, nuestra amiga, nuestro maestro, puedes ser yo, puedo ser t\u00fa.<\/strong><\/p>\n<p><strong>Queremos paz, la exijimos, y por ella resistimos.<\/strong>\u00a0<strong>Gritemos sus nombres:<\/strong><\/p>\n<p>H\u00e9ctor Adri\u00e1n \u00c1guila Corona<\/p>\n<p>Miguel Alejandro Soto Mart\u00edn<\/p>\n<p>Roberto Carlos Olmeda Cu\u00e9llar<\/p>\n<p>Luis Alberto Moncayo Merino<\/p>\n<p>Brian Alexey Moncayo Merino<\/p>\n<p>Miguel \u00c1ngel Ojeda<\/p>\n<p>Omar Ru\u00edz Gonz\u00e1lez<\/p>\n<p>Cesar \u00dalises Quintero<\/p>\n<p>Adri\u00e1n Ponce Morales<\/p>\n<p>Jos\u00e9 Francisco Villa<\/p>\n<p>Carlos Maximiliano Romero Meza<\/p>\n<p>Diego Alberto Lara<\/p>\n<p>Dante Cedillo Hern\u00e1ndez<\/p>\n<p>Jaime Adolfo Mart\u00ednez<\/p>\n<p>Uriel Galv\u00e1n<\/p>\n<p>Recuerden sus nombres. \u00a1Hasta que la dignidad se haga costumbre hasta que su memoria tenga justicia y no tengamos miedo de caminar en la calle!<\/p>\n<p><strong>\u00a1Que los ojos de las y los desaparecidos les sigan a donde vayan y el llanto de las madres nunca les dejen dormir!<\/strong><\/p>\n<p><a href=\"https:\/\/www.zonadocs.mx\/2023\/08\/21\/quienes-somos-jovenes-no-conocemos-otro-pais-que-uno-lleno-de-sangre-y-de-violencia\/\">https:\/\/www.zonadocs.mx\/2023\/08\/21\/quienes-somos-jovenes-no-conocemos-otro-pais-que-uno-lleno-de-sangre-y-de-violencia\/<\/a><\/p>\n","protected":false},"excerpt":{"rendered":"<p>Imagen: Zona Docs Bajo la consigna: \u201cQuienes somos j\u00f3venes no conocemos otro pa\u00eds que est\u00e9, uno lleno de sangre y de violencia. Pero NO PODEMOS NORMALIZAR ESTA REALIDAD\u201d, estudiantes y &hellip; <a href=\"https:\/\/www.grieta.org.mx\/index.php\/2023\/08\/21\/quienes-somos-jovenes-no-conocemos-otro-pais-que-uno-lleno-de-sangre-y-violencia-jalisco\/\" class=\"more-link\">Leer m\u00e1s<\/a><\/p>\n","protected":false},"author":2,"featured_media":67582,"comment_status":"closed","ping_status":"closed","sticky":false,"template":"","format":"standard","meta":{"ngg_post_thumbnail":0,"_jetpack_newsletter_access":"","_jetpack_dont_email_post_to_subs":false,"_jetpack_newsletter_tier_id":0,"_jetpack_memberships_contains_paywalled_content":false,"_jetpack_memberships_contains_paid_content":false,"footnotes":""},"categories":[80,87,1032,1771,20,1827,2303,2,1161,83],"tags":[3024,2683,3476,3776,1579,2953,1361,1228],"class_list":["post-67581","post","type-post","status-publish","format-standard","has-post-thumbnail","hentry","category-cintillo","category-desaparecidos","category-desaparecidos-en-jalisco","category-incremento-de-la-violencia-en-jalisco","category-jalisco","category-la-ninez-en-la-tormenta-capitalista","category-la-ninez-en-la-tormenta-en-jalisco","category-noticias-nacionales","category-protestas-de-estudiantes","category-temas-nacionales","tag-aumento-de-la-violencia","tag-estudiantes-organizados","tag-jovenes-en-la-tormenta-capitalista","tag-la-ninez-en-la-tormenta-capitalista","tag-protestas-contra-la-inseguridad-y-la-violencia","tag-protestas-de-estudiantes","tag-protestas-de-maestros","tag-protestas-por-desaparecidos","entry"],"jetpack_featured_media_url":"https:\/\/www.grieta.org.mx\/wp-content\/uploads\/2023\/08\/Unknown-8.jpeg","jetpack_sharing_enabled":true,"jetpack_shortlink":"https:\/\/wp.me\/p7ZJR4-hA1","jetpack_likes_enabled":false,"jetpack-related-posts":[{"id":38259,"url":"https:\/\/www.grieta.org.mx\/index.php\/2019\/08\/21\/marchan-estudiantes-para-exigir-seguridad-jalisco\/","url_meta":{"origin":67581,"position":0},"title":"Marchan estudiantes para exigir seguridad (Jalisco)","author":"grieta","date":"21 agosto, 2019","format":false,"excerpt":"Foto: Agapito Espinoza \"Yo si te creo\", \"No m\u00e1s violencia\" y \"fuera acosadores de la Universidad\", \"Ni una m\u00e1s\", fueron los reclamos de j\u00f3venes de la Preparatoria de Jalisco, luego del caso de una compa\u00f1era que sufri\u00f3 un intento de violaci\u00f3n Isaura L\u00f3pez \/ El Occidental \"Yo si te creo\",\u2026","rel":"","context":"En &quot;CINTILLO&quot;","block_context":{"text":"CINTILLO","link":"https:\/\/www.grieta.org.mx\/index.php\/category\/cintillo\/"},"img":{"alt_text":"","src":"https:\/\/i0.wp.com\/www.grieta.org.mx\/wp-content\/uploads\/2019\/08\/MARCHA-MUJERES-PREPA-1-1.jpg?resize=350%2C200&ssl=1","width":350,"height":200,"srcset":"https:\/\/i0.wp.com\/www.grieta.org.mx\/wp-content\/uploads\/2019\/08\/MARCHA-MUJERES-PREPA-1-1.jpg?resize=350%2C200&ssl=1 1x, https:\/\/i0.wp.com\/www.grieta.org.mx\/wp-content\/uploads\/2019\/08\/MARCHA-MUJERES-PREPA-1-1.jpg?resize=525%2C300&ssl=1 1.5x, https:\/\/i0.wp.com\/www.grieta.org.mx\/wp-content\/uploads\/2019\/08\/MARCHA-MUJERES-PREPA-1-1.jpg?resize=700%2C400&ssl=1 2x"},"classes":[]},{"id":46161,"url":"https:\/\/www.grieta.org.mx\/index.php\/2020\/03\/12\/protestan-alumnas-de-udeg-contra-acoso-jalisco\/","url_meta":{"origin":67581,"position":1},"title":"Protestan alumnas de UdeG contra acoso (Jalisco)","author":"grieta","date":"12 marzo, 2020","format":false,"excerpt":"Foto: Zona Docs Redacci\u00f3n \/ El Diario NTR Alumnas de 12 preparatorias de la Universidad de Guadalajara se manifestaron este jueves frente al edificio de Rector\u00eda para exigir un cese a la violencia de g\u00e9nero. La manifestaci\u00f3n parti\u00f3 de la Prepa 1 hacia el edificio administrativo. Las estudiantes portaron cartelones\u2026","rel":"","context":"En &quot;CINTILLO&quot;","block_context":{"text":"CINTILLO","link":"https:\/\/www.grieta.org.mx\/index.php\/category\/cintillo\/"},"img":{"alt_text":"","src":"https:\/\/i0.wp.com\/www.grieta.org.mx\/wp-content\/uploads\/2020\/03\/2020-03-12_06-03-44___9505.jpg?resize=350%2C200&ssl=1","width":350,"height":200},"classes":[]},{"id":66574,"url":"https:\/\/www.grieta.org.mx\/index.php\/2023\/03\/14\/protestan-ante-udeg-y-estado-para-pedir-justicia-para-daniela-jalisco\/","url_meta":{"origin":67581,"position":2},"title":"Protestan ante UdeG y estado para pedir justicia para Daniela (Jalisco)","author":"grieta","date":"14 marzo, 2023","format":false,"excerpt":"Imagen: Especial Edgar Flores \/ El Diario NTR En 2015, Daniela B\u00e1ez fue abusada sexualmente por un profesor de la Preparatoria de Chapala de la Universidad de Guadalajara (UdeG) y a la fecha la justicia no llega para ella, por lo que ayer decidi\u00f3 manifestarse en compa\u00f1\u00eda de familiares y\u2026","rel":"","context":"En &quot;CINTILLO&quot;","block_context":{"text":"CINTILLO","link":"https:\/\/www.grieta.org.mx\/index.php\/category\/cintillo\/"},"img":{"alt_text":"","src":"https:\/\/i0.wp.com\/www.grieta.org.mx\/wp-content\/uploads\/2023\/03\/2023-03-14_03-03-33___2532.jpg?resize=350%2C200&ssl=1","width":350,"height":200,"srcset":"https:\/\/i0.wp.com\/www.grieta.org.mx\/wp-content\/uploads\/2023\/03\/2023-03-14_03-03-33___2532.jpg?resize=350%2C200&ssl=1 1x, https:\/\/i0.wp.com\/www.grieta.org.mx\/wp-content\/uploads\/2023\/03\/2023-03-14_03-03-33___2532.jpg?resize=525%2C300&ssl=1 1.5x, https:\/\/i0.wp.com\/www.grieta.org.mx\/wp-content\/uploads\/2023\/03\/2023-03-14_03-03-33___2532.jpg?resize=700%2C400&ssl=1 2x"},"classes":[]},{"id":66788,"url":"https:\/\/www.grieta.org.mx\/index.php\/2023\/04\/11\/guadalajara-el-municipio-con-mayor-riesgo-de-desaparicion-para-las-mujeres-en-el-pais-jalisco\/","url_meta":{"origin":67581,"position":3},"title":"Guadalajara, el municipio con mayor riesgo de desaparici\u00f3n para las mujeres en el pa\u00eds (Jalisco)","author":"grieta","date":"11 abril, 2023","format":false,"excerpt":"Imagen: Cuartoscuro Lauro Rodr\u00edguez \/ El Diario NTR A trav\u00e9s de un informe, el Instituto Mexicano de Derechos Humanos y Democracia (IMDHD) evidenci\u00f3 que Guadalajara es el municipio con mayor riesgo de desaparici\u00f3n para las mujeres en todo el pa\u00eds. El an\u00e1lisis se basa en los datos del Registro Nacional\u2026","rel":"","context":"En &quot;CINTILLO&quot;","block_context":{"text":"CINTILLO","link":"https:\/\/www.grieta.org.mx\/index.php\/category\/cintillo\/"},"img":{"alt_text":"","src":"https:\/\/i0.wp.com\/www.grieta.org.mx\/wp-content\/uploads\/2023\/04\/2023-04-11_02-04-06___6885.jpg?resize=350%2C200&ssl=1","width":350,"height":200,"srcset":"https:\/\/i0.wp.com\/www.grieta.org.mx\/wp-content\/uploads\/2023\/04\/2023-04-11_02-04-06___6885.jpg?resize=350%2C200&ssl=1 1x, https:\/\/i0.wp.com\/www.grieta.org.mx\/wp-content\/uploads\/2023\/04\/2023-04-11_02-04-06___6885.jpg?resize=525%2C300&ssl=1 1.5x, https:\/\/i0.wp.com\/www.grieta.org.mx\/wp-content\/uploads\/2023\/04\/2023-04-11_02-04-06___6885.jpg?resize=700%2C400&ssl=1 2x, https:\/\/i0.wp.com\/www.grieta.org.mx\/wp-content\/uploads\/2023\/04\/2023-04-11_02-04-06___6885.jpg?resize=1050%2C600&ssl=1 3x, https:\/\/i0.wp.com\/www.grieta.org.mx\/wp-content\/uploads\/2023\/04\/2023-04-11_02-04-06___6885.jpg?resize=1400%2C800&ssl=1 4x"},"classes":[]},{"id":65588,"url":"https:\/\/www.grieta.org.mx\/index.php\/2022\/10\/22\/jalisco-segundo-lugar-en-feminicidios-infantiles\/","url_meta":{"origin":67581,"position":4},"title":"Jalisco, segundo lugar en feminicidios infantiles","author":"grieta","date":"22 octubre, 2022","format":false,"excerpt":"Imagen: Cuartoscuro Redacci\u00f3n \/ El Diario TNR Jalisco se ubica en el segundo sitio a nivel nacional con m\u00e1s feminicidios infantiles y adolescentes, el cuarto lugar con m\u00e1s hospitalizaciones de menores de edad por violencia sexual, y quinto lugar en homicidios de menores de 0 a 17 a\u00f1os, precis\u00f3 Tania\u2026","rel":"","context":"En &quot;CINTILLO&quot;","block_context":{"text":"CINTILLO","link":"https:\/\/www.grieta.org.mx\/index.php\/category\/cintillo\/"},"img":{"alt_text":"","src":"https:\/\/i0.wp.com\/www.grieta.org.mx\/wp-content\/uploads\/2022\/10\/2022-10-22_03-10-55___5899.jpg?resize=350%2C200&ssl=1","width":350,"height":200,"srcset":"https:\/\/i0.wp.com\/www.grieta.org.mx\/wp-content\/uploads\/2022\/10\/2022-10-22_03-10-55___5899.jpg?resize=350%2C200&ssl=1 1x, https:\/\/i0.wp.com\/www.grieta.org.mx\/wp-content\/uploads\/2022\/10\/2022-10-22_03-10-55___5899.jpg?resize=525%2C300&ssl=1 1.5x, https:\/\/i0.wp.com\/www.grieta.org.mx\/wp-content\/uploads\/2022\/10\/2022-10-22_03-10-55___5899.jpg?resize=700%2C400&ssl=1 2x"},"classes":[]},{"id":61524,"url":"https:\/\/www.grieta.org.mx\/index.php\/2021\/09\/02\/ninez-y-adolescencia-desaparecida-en-jalisco-una-crisis-inadvertida\/","url_meta":{"origin":67581,"position":5},"title":"Ni\u00f1ez y adolescencia desaparecida en Jalisco: una crisis inadvertida","author":"grieta","date":"2 septiembre, 2021","format":false,"excerpt":"Ilustraci\u00f3n Ivanna Orozco Alertas que no se emiten, protocolos de b\u00fasqueda que no se aplican y acciones de campo que no suceden son algunas de las tantas dificultades que padecen las familias que buscan a las ni\u00f1as, ni\u00f1os y\/o adolescentes desaparecidos en Jalisco; entidad que en la \u00faltima d\u00e9cada concentra\u2026","rel":"","context":"En &quot;CINTILLO&quot;","block_context":{"text":"CINTILLO","link":"https:\/\/www.grieta.org.mx\/index.php\/category\/cintillo\/"},"img":{"alt_text":"","src":"https:\/\/i0.wp.com\/www.grieta.org.mx\/wp-content\/uploads\/2021\/09\/PORTADA-NINEZ-DESAPARECIDA.png?resize=350%2C200&ssl=1","width":350,"height":200,"srcset":"https:\/\/i0.wp.com\/www.grieta.org.mx\/wp-content\/uploads\/2021\/09\/PORTADA-NINEZ-DESAPARECIDA.png?resize=350%2C200&ssl=1 1x, https:\/\/i0.wp.com\/www.grieta.org.mx\/wp-content\/uploads\/2021\/09\/PORTADA-NINEZ-DESAPARECIDA.png?resize=525%2C300&ssl=1 1.5x, https:\/\/i0.wp.com\/www.grieta.org.mx\/wp-content\/uploads\/2021\/09\/PORTADA-NINEZ-DESAPARECIDA.png?resize=700%2C400&ssl=1 2x, https:\/\/i0.wp.com\/www.grieta.org.mx\/wp-content\/uploads\/2021\/09\/PORTADA-NINEZ-DESAPARECIDA.png?resize=1050%2C600&ssl=1 3x"},"classes":[]}],"_links":{"self":[{"href":"https:\/\/www.grieta.org.mx\/index.php\/wp-json\/wp\/v2\/posts\/67581","targetHints":{"allow":["GET"]}}],"collection":[{"href":"https:\/\/www.grieta.org.mx\/index.php\/wp-json\/wp\/v2\/posts"}],"about":[{"href":"https:\/\/www.grieta.org.mx\/index.php\/wp-json\/wp\/v2\/types\/post"}],"author":[{"embeddable":true,"href":"https:\/\/www.grieta.org.mx\/index.php\/wp-json\/wp\/v2\/users\/2"}],"replies":[{"embeddable":true,"href":"https:\/\/www.grieta.org.mx\/index.php\/wp-json\/wp\/v2\/comments?post=67581"}],"version-history":[{"count":1,"href":"https:\/\/www.grieta.org.mx\/index.php\/wp-json\/wp\/v2\/posts\/67581\/revisions"}],"predecessor-version":[{"id":67583,"href":"https:\/\/www.grieta.org.mx\/index.php\/wp-json\/wp\/v2\/posts\/67581\/revisions\/67583"}],"wp:featuredmedia":[{"embeddable":true,"href":"https:\/\/www.grieta.org.mx\/index.php\/wp-json\/wp\/v2\/media\/67582"}],"wp:attachment":[{"href":"https:\/\/www.grieta.org.mx\/index.php\/wp-json\/wp\/v2\/media?parent=67581"}],"wp:term":[{"taxonomy":"category","embeddable":true,"href":"https:\/\/www.grieta.org.mx\/index.php\/wp-json\/wp\/v2\/categories?post=67581"},{"taxonomy":"post_tag","embeddable":true,"href":"https:\/\/www.grieta.org.mx\/index.php\/wp-json\/wp\/v2\/tags?post=67581"}],"curies":[{"name":"wp","href":"https:\/\/api.w.org\/{rel}","templated":true}]}}