{"id":67578,"date":"2023-08-21T11:00:28","date_gmt":"2023-08-21T17:00:28","guid":{"rendered":"https:\/\/www.grieta.org.mx\/?p=67578"},"modified":"2023-08-28T11:10:42","modified_gmt":"2023-08-28T17:10:42","slug":"denuncian-que-procuraduria-agraria-apoya-a-empresa-minera-de-canada-y-siembra-division-en-pueblos-zapotecas-oaxaca","status":"publish","type":"post","link":"https:\/\/www.grieta.org.mx\/index.php\/2023\/08\/21\/denuncian-que-procuraduria-agraria-apoya-a-empresa-minera-de-canada-y-siembra-division-en-pueblos-zapotecas-oaxaca\/","title":{"rendered":"Denuncian que Procuradur\u00eda Agraria apoya a empresa minera de Canad\u00e1 y siembra divisi\u00f3n en pueblos zapotecas (Oaxaca)"},"content":{"rendered":"<p>Imagen: Educa<\/p>\n<p>Pedro Mat\u00edas \/ P\u00e1gina 3<\/p>\n<p>OAXACA, Oax. (pagina3.mx).- El Frente No a la Miner\u00eda por un Futuro de Todas y Todos denunci\u00f3 que la Procuradur\u00eda Agraria lejos de defender los derechos ejidales en comunidades zapotecas, promueve los intereses de la empresa canadiense Fortuna Silver Mines.<\/p>\n<p>Las autoridades ejidales de siete comunidades se quejaron que la visitadora agraria, Miriam Reyes Carmona, y el Jefe de Residencia de la Procuradur\u00eda Agraria en Miahuatl\u00e1n, Amaury Fern\u00e1ndez Alvarado, han detenido en diversas ocasiones actas de asamblea de nombramiento de autoridades.<\/p>\n<p>Y tambi\u00e9n generaron documentaci\u00f3n agraria err\u00f3nea con la finalidad de retener los procesos de acreditaci\u00f3n e inscripci\u00f3n de actas de nombramiento para favorecer a Fortuna Silver Mines.<\/p>\n<p>Los ejidos mayormente afectados por esta situaci\u00f3n han sido:<\/p>\n<ul>\n<li>Magdalena Ocotl\u00e1n,<br \/>\nMonte del Toro,<br \/>\nSan Mart\u00edn de Los Cansecos,<br \/>\nSan Mat\u00edas Chilazoa,<br \/>\nLos Ocotes y<br \/>\nEl Vergel.<\/li>\n<\/ul>\n<p>Esos ejidos se encuentran alrededor del proyecto minero, los cuales en los \u00faltimos meses han enfrentado un acoso permanente por parte de la empresa para aceptar la \u201campliaci\u00f3n del proyecto\u201d.<\/p>\n<p>Detallaron que en la comunidad de Monte del Toro, la visitadora agraria ha querido dividir al ejido.<br \/>\nIntent\u00f3 convencer a las y los ejidatarios en asamblea general de los \u201cbeneficios\u201d de la empresa minera.<\/p>\n<p>De igual forma ha intentado convencer a ejidatarios por separado para obtener certeza jur\u00eddica para el proyecto minero de oro y plata.<\/p>\n<p>Consideran que estas acciones violentan fehacientemente el Marco Legal de la Procuradur\u00eda Agraria consistente en:<\/p>\n<p>\u201cPromover la defensa de los derechos y salvaguardar la integridad de las tierras de los pueblos ind\u00edgenas\u201d.<\/p>\n<p>Por el contrario, \u201cdenunciamos que lejos de promover la defensa de los derechos de las y los ejidatarios, la Visitadora Agraria promueve los intereses de la empresa canadiense Fortuna Silver Mines\u201d.<\/p>\n<p>Estrategias de la minera<br \/>\nPor su parte, personal de la empresa minera ha visitado a trav\u00e9s de su oficina de \u201crelaciones comunitarias\u201d diferentes comunidades y municipios de la regi\u00f3n.<\/p>\n<p>Prometi\u00f3 apoyos y bondades del mismo, desacatando la decisi\u00f3n de las comunidades de Valles Centrales que hemos dicho: S\u00ed a la Vida, No a la Miner\u00eda\u201d.<\/p>\n<p>El Frente No a la Miner\u00eda por un Futuro de Todas y Todos tambi\u00e9n denunci\u00f3 que la problem\u00e1tica del agua se ha recrudecido preocupantemente en los \u00faltimos a\u00f1os.<\/p>\n<p>As\u00ed como el impacto generalizado del proyecto en el medio ambiente, principalmente en emisi\u00f3n de polvo y ruido y afectando la calidad del paisaje de la regi\u00f3n.<\/p>\n<p>Por otra parte, se quejaron que \u201cjunto a las afectaciones del proyecto minero, en los \u00faltimos meses hemos sido testigos de la invasi\u00f3n de monocultivos de maguey en la regi\u00f3n, profundizando la grave problem\u00e1tica del agua\u201d.<\/p>\n<p>\u201cEn San Mat\u00edas Chilazoa y Magdalena Ocotl\u00e1n principalmente hemos sido invadidos por empresas del mezcal, las cuales no acudieron ante las asambleas respectivas para tomar una decisi\u00f3n conjunta.<\/p>\n<p>\u201cSino que, violentando nuestro derecho a la libre determinaci\u00f3n, realizaron convenios con cada ejidatario o ejidataria\u201d, puntualizaron.<\/p>\n<p>En consecuencia, \u201clas autoridades agrarias de los ejidos nos deslindamos de las afectaciones que puedan generar dichos monocultivos en los territorios.<\/p>\n<p>\u201cAs\u00ed como de la \u2018certeza\u2019 de la inversi\u00f3n, misma que puede perderse en nuestros territorios al no contar con el consentimiento de las asambleas\u201d.<br \/>\nMientras tanto, el ejido de Monte del Toro ha determinado que no permitir\u00e1 ninguna divisi\u00f3n, ya que la cohesi\u00f3n, la unidad y la colectividad del mismo han permitido el desarrollo de la comunidad, sin ninguna intervenci\u00f3n de ning\u00fan tipo:<\/p>\n<p>\u201cNuestros abuelos y abuelas lucharon para la dotaci\u00f3n del ejido, por lo que velaremos por el esp\u00edritu colectivo de la tierra y el cuidado y protecci\u00f3n de nuestro territorio\u201d.<\/p>\n<p>De igual forma, reconocieron el trabajo digno y la labor del Ayuntamiento de Ejutla de Crespo.<\/p>\n<p>Ha respetado el derecho al territorio y libre determinaci\u00f3n de las agencias que lo integran, dijeron.<\/p>\n<p>El comunicado del Frente No a la Miner\u00eda por un Futuro de Todas y Todos lo firman autoridades agrarias de:<\/p>\n<ul>\n<li>\nMonte del Toro,<br \/>\nMagdalena Ocotl\u00e1n,<br \/>\nSan Mat\u00edas Chilazoa,<br \/>\nEl Vergel<br \/>\nLos Ocotes,<br \/>\nSan Mart\u00edn de Los Cansecos,<br \/>\nSan Dionisio Ocotepec,<br \/>\nCerro de las Huertas y<br \/>\nEl Llano Sitio Santiago.<\/li>\n<\/ul>\n<p><a href=\"https:\/\/pagina3.mx\/2023\/08\/procuraduria-agraria-apoya-a-empresa-minera-de-canada-y-no-a-pueblos\/\">https:\/\/pagina3.mx\/2023\/08\/procuraduria-agraria-apoya-a-empresa-minera-de-canada-y-no-a-pueblos\/<\/a><\/p>\n","protected":false},"excerpt":{"rendered":"<p>Imagen: Educa Pedro Mat\u00edas \/ P\u00e1gina 3 OAXACA, Oax. (pagina3.mx).- El Frente No a la Miner\u00eda por un Futuro de Todas y Todos denunci\u00f3 que la Procuradur\u00eda Agraria lejos de &hellip; <a href=\"https:\/\/www.grieta.org.mx\/index.php\/2023\/08\/21\/denuncian-que-procuraduria-agraria-apoya-a-empresa-minera-de-canada-y-siembra-division-en-pueblos-zapotecas-oaxaca\/\" class=\"more-link\">Leer m\u00e1s<\/a><\/p>\n","protected":false},"author":2,"featured_media":67579,"comment_status":"closed","ping_status":"closed","sticky":false,"template":"","format":"standard","meta":{"ngg_post_thumbnail":0,"_jetpack_newsletter_access":"","_jetpack_dont_email_post_to_subs":false,"_jetpack_newsletter_tier_id":0,"_jetpack_memberships_contains_paywalled_content":false,"_jetpack_memberships_contains_paid_content":false,"footnotes":""},"categories":[80,1357,1605,1278,2,25,83],"tags":[2967,394,2465,3149,98,874],"class_list":["post-67578","post","type-post","status-publish","format-standard","has-post-thumbnail","hentry","category-cintillo","category-conflictos-mineros-en-oaxaca","category-despojo-de-tierras-en-oaxaca","category-despojo-de-tierras-y-territorios","category-noticias-nacionales","category-oaxaca","category-temas-nacionales","tag-afectaciones-por-mineria","tag-contaminacion-por-mineria","tag-despojo-de-territorios-indigenas","tag-lucha-contra-mineras","tag-mineras","tag-mineras-canadienses","entry"],"jetpack_featured_media_url":"https:\/\/www.grieta.org.mx\/wp-content\/uploads\/2023\/08\/No-a-la-mineria-monte-del-toro.webp","jetpack_sharing_enabled":true,"jetpack_shortlink":"https:\/\/wp.me\/p7ZJR4-hzY","jetpack_likes_enabled":false,"jetpack-related-posts":[{"id":70622,"url":"https:\/\/www.grieta.org.mx\/index.php\/2024\/11\/15\/comunidades-zapotecas-de-valles-centrales-de-oaxaca-rechazan-la-mineria-y-exigen-la-cancelacion-de-proyectos-extractivistas\/","url_meta":{"origin":67578,"position":0},"title":"Comunidades zapotecas de Valles Centrales de Oaxaca rechazan la miner\u00eda y exigen la cancelaci\u00f3n de proyectos extractivistas","author":"grieta","date":"15 noviembre, 2024","format":false,"excerpt":"Imagen: Somos el Medio 29 comunidades zapotecas de los Valles Centrales de Oaxaca firmaron una declaratoria regional para prohibir la miner\u00eda en sus territorios, exigiendo la cancelaci\u00f3n del proyecto minero San Jos\u00e9 y las concesiones otorgadas sin su consentimiento, en defensa de sus derechos, el medio ambiente y su tejido\u2026","rel":"","context":"En &quot;CINTILLO&quot;","block_context":{"text":"CINTILLO","link":"https:\/\/www.grieta.org.mx\/index.php\/category\/cintillo\/"},"img":{"alt_text":"","src":"https:\/\/i0.wp.com\/www.grieta.org.mx\/wp-content\/uploads\/2024\/12\/466868332_588359390253850_6499656997780845187_n.jpg?resize=350%2C200&ssl=1","width":350,"height":200,"srcset":"https:\/\/i0.wp.com\/www.grieta.org.mx\/wp-content\/uploads\/2024\/12\/466868332_588359390253850_6499656997780845187_n.jpg?resize=350%2C200&ssl=1 1x, https:\/\/i0.wp.com\/www.grieta.org.mx\/wp-content\/uploads\/2024\/12\/466868332_588359390253850_6499656997780845187_n.jpg?resize=525%2C300&ssl=1 1.5x, https:\/\/i0.wp.com\/www.grieta.org.mx\/wp-content\/uploads\/2024\/12\/466868332_588359390253850_6499656997780845187_n.jpg?resize=700%2C400&ssl=1 2x, https:\/\/i0.wp.com\/www.grieta.org.mx\/wp-content\/uploads\/2024\/12\/466868332_588359390253850_6499656997780845187_n.jpg?resize=1050%2C600&ssl=1 3x, https:\/\/i0.wp.com\/www.grieta.org.mx\/wp-content\/uploads\/2024\/12\/466868332_588359390253850_6499656997780845187_n.jpg?resize=1400%2C800&ssl=1 4x"},"classes":[]},{"id":72087,"url":"https:\/\/www.grieta.org.mx\/index.php\/2025\/07\/24\/pueblos-de-oaxaca-acusan-que-autoridades-avalan-despojo-y-desastre-ecologico-de-minera-cuzcatlan-exigimos-que-se-vayan-de-nuestro-territorio\/","url_meta":{"origin":67578,"position":1},"title":"Pueblos de Oaxaca acusan que autoridades avalan despojo y desastre ecol\u00f3gico de Minera Cuzcatl\u00e1n: \u201cExigimos que se vayan de nuestro territorio\u201d","author":"grieta","date":"24 julio, 2025","format":false,"excerpt":"Imagen: Istmo Press Diana Manzo \/ Istmo Press Oaxaca, Oax.- Con aval de autoridades federales y de Oaxaca la Minera Cuzcatl\u00e1n sigue operando en este territorio sure\u00f1o dejando un desastre ecol\u00f3gico y social en diversas comunidades ind\u00edgenas, quienes con una marcha exigen que se vayan de su territorio. Conformadas en\u2026","rel":"","context":"En &quot;CINTILLO&quot;","block_context":{"text":"CINTILLO","link":"https:\/\/www.grieta.org.mx\/index.php\/category\/cintillo\/"},"img":{"alt_text":"","src":"https:\/\/i0.wp.com\/www.grieta.org.mx\/wp-content\/uploads\/2025\/07\/IMG_9769.jpeg?resize=350%2C200&ssl=1","width":350,"height":200,"srcset":"https:\/\/i0.wp.com\/www.grieta.org.mx\/wp-content\/uploads\/2025\/07\/IMG_9769.jpeg?resize=350%2C200&ssl=1 1x, https:\/\/i0.wp.com\/www.grieta.org.mx\/wp-content\/uploads\/2025\/07\/IMG_9769.jpeg?resize=525%2C300&ssl=1 1.5x, https:\/\/i0.wp.com\/www.grieta.org.mx\/wp-content\/uploads\/2025\/07\/IMG_9769.jpeg?resize=700%2C400&ssl=1 2x"},"classes":[]},{"id":145,"url":"https:\/\/www.grieta.org.mx\/index.php\/2016\/02\/01\/mineria-en-oaxaca-imposicion-temor-y-despojo\/","url_meta":{"origin":67578,"position":2},"title":"Miner\u00eda en Oaxaca: imposici\u00f3n, temor y despojo","author":"grieta","date":"1 febrero, 2016","format":false,"excerpt":"Roc\u00edo Flores, Oaxaca Ejutla de Crespo, Oaxaca.- \u201cEl territorio es abajo, arriba\u201d, el territorio no s\u00f3lo es s\u00f3lo una parcela de tierra, es el agua, las plantas, los r\u00edos, nuestras familias, nuestros derechos\u201d, coincidieron habitantes de 48 comunidades de Oaxaca y otros pa\u00edses a quienes se les ha violentado su\u2026","rel":"","context":"En &quot;CINTILLO&quot;","block_context":{"text":"CINTILLO","link":"https:\/\/www.grieta.org.mx\/index.php\/category\/cintillo\/"},"img":{"alt_text":"","src":"https:\/\/i0.wp.com\/www.grieta.org.mx\/wp-content\/uploads\/2018\/03\/14524434_1106112876131411_958039263622046936_o.jpg?resize=350%2C200&ssl=1","width":350,"height":200,"srcset":"https:\/\/i0.wp.com\/www.grieta.org.mx\/wp-content\/uploads\/2018\/03\/14524434_1106112876131411_958039263622046936_o.jpg?resize=350%2C200&ssl=1 1x, https:\/\/i0.wp.com\/www.grieta.org.mx\/wp-content\/uploads\/2018\/03\/14524434_1106112876131411_958039263622046936_o.jpg?resize=525%2C300&ssl=1 1.5x, https:\/\/i0.wp.com\/www.grieta.org.mx\/wp-content\/uploads\/2018\/03\/14524434_1106112876131411_958039263622046936_o.jpg?resize=700%2C400&ssl=1 2x"},"classes":[]},{"id":69548,"url":"https:\/\/www.grieta.org.mx\/index.php\/2024\/09\/02\/oaxaca-zapotecos-denuncian-que-minera-continua-extraccion-ilegal-de-minerales\/","url_meta":{"origin":67578,"position":3},"title":"Oaxaca: Zapotecos denuncian que minera contin\u00faa extracci\u00f3n ilegal de minerales","author":"grieta","date":"2 septiembre, 2024","format":false,"excerpt":"Imagen: Avispa Midia Sare Frabes \/ Avispa Midia Autoridades de la\u00a0comunidad zapoteca de Capul\u00e1lpam de M\u00e9ndez,\u00a0en la Sierra Norte de Oaxaca, confiscaron en la madrugada del 31 de agosto\u00a0minerales extra\u00eddos\u00a0clandestinamente por la\u00a0minera Natividad y Anexas S.A. de C.V.,\u00a0filial de la canadiense\u00a0Fortuna Silver Mines, pese al cierre de la mina por\u2026","rel":"","context":"En &quot;CINTILLO&quot;","block_context":{"text":"CINTILLO","link":"https:\/\/www.grieta.org.mx\/index.php\/category\/cintillo\/"},"img":{"alt_text":"","src":"https:\/\/i0.wp.com\/www.grieta.org.mx\/wp-content\/uploads\/2024\/09\/Recortar-Conferencia-de-prensa-comunidades-unidas-de-la-Sierra-Norte-Por-Santiago-Navarro-F.jpg?resize=350%2C200&ssl=1","width":350,"height":200,"srcset":"https:\/\/i0.wp.com\/www.grieta.org.mx\/wp-content\/uploads\/2024\/09\/Recortar-Conferencia-de-prensa-comunidades-unidas-de-la-Sierra-Norte-Por-Santiago-Navarro-F.jpg?resize=350%2C200&ssl=1 1x, https:\/\/i0.wp.com\/www.grieta.org.mx\/wp-content\/uploads\/2024\/09\/Recortar-Conferencia-de-prensa-comunidades-unidas-de-la-Sierra-Norte-Por-Santiago-Navarro-F.jpg?resize=525%2C300&ssl=1 1.5x, https:\/\/i0.wp.com\/www.grieta.org.mx\/wp-content\/uploads\/2024\/09\/Recortar-Conferencia-de-prensa-comunidades-unidas-de-la-Sierra-Norte-Por-Santiago-Navarro-F.jpg?resize=700%2C400&ssl=1 2x, https:\/\/i0.wp.com\/www.grieta.org.mx\/wp-content\/uploads\/2024\/09\/Recortar-Conferencia-de-prensa-comunidades-unidas-de-la-Sierra-Norte-Por-Santiago-Navarro-F.jpg?resize=1050%2C600&ssl=1 3x"},"classes":[]},{"id":67031,"url":"https:\/\/www.grieta.org.mx\/index.php\/2023\/06\/16\/aun-con-resistencia-mexico-emite-concesiones-mineras-hasta-en-areas-protegidas-oaxaca\/","url_meta":{"origin":67578,"position":4},"title":"A\u00fan con resistencia, M\u00e9xico emite concesiones mineras hasta en \u00e1reas protegidas (Oaxaca)","author":"grieta","date":"16 junio, 2023","format":false,"excerpt":"Imagen: Avispa Midia Santiago Navarro \/ Avispa Midia Keving Hern\u00e1n S\u00e1nchez es un ind\u00edgena zoque de San Miguel Chimalapas que dej\u00f3 su comunidad a temprana edad para migrar hacia la ciudad capital de Oaxaca para aprender literatura. Pero nunca imagin\u00f3 que al graduarse y regresar a su territorio tendr\u00eda que\u2026","rel":"","context":"En &quot;CINTILLO&quot;","block_context":{"text":"CINTILLO","link":"https:\/\/www.grieta.org.mx\/index.php\/category\/cintillo\/"},"img":{"alt_text":"","src":"https:\/\/i0.wp.com\/www.grieta.org.mx\/wp-content\/uploads\/2023\/06\/Portada-e1674111505571.jpg?resize=350%2C200&ssl=1","width":350,"height":200,"srcset":"https:\/\/i0.wp.com\/www.grieta.org.mx\/wp-content\/uploads\/2023\/06\/Portada-e1674111505571.jpg?resize=350%2C200&ssl=1 1x, https:\/\/i0.wp.com\/www.grieta.org.mx\/wp-content\/uploads\/2023\/06\/Portada-e1674111505571.jpg?resize=525%2C300&ssl=1 1.5x, https:\/\/i0.wp.com\/www.grieta.org.mx\/wp-content\/uploads\/2023\/06\/Portada-e1674111505571.jpg?resize=700%2C400&ssl=1 2x, https:\/\/i0.wp.com\/www.grieta.org.mx\/wp-content\/uploads\/2023\/06\/Portada-e1674111505571.jpg?resize=1050%2C600&ssl=1 3x"},"classes":[]},{"id":68528,"url":"https:\/\/www.grieta.org.mx\/index.php\/2024\/02\/19\/que-ni-lo-intenten-nuestro-territorio-es-libre-de-mineria-le-dicen-zoques-de-chimalapas-a-canadiense-minaurum-gold-y-gobierno-federal-oaxaca\/","url_meta":{"origin":67578,"position":5},"title":"\u201cQue ni lo intenten, nuestro territorio es libre de miner\u00eda\u201d le dicen zoques de Chimalapas a canadiense Minaurum Gold y gobierno federal (Oaxaca)","author":"grieta","date":"19 febrero, 2024","format":false,"excerpt":"Imagen: Istmo Press Diana Manzo \/ Istmo Press \u201cQue ni lo intenten, nuestro territorio es libre de Mineria \u201d, le dicen comuneros zoques al gobierno federal y a la empresa minera canadiense Minaurum Gold tras un anuncio publico de querer explotar este territorio ubicado en el Istmo oaxaque\u00f1o. Los comuneros\u2026","rel":"","context":"En &quot;CINTILLO&quot;","block_context":{"text":"CINTILLO","link":"https:\/\/www.grieta.org.mx\/index.php\/category\/cintillo\/"},"img":{"alt_text":"","src":"https:\/\/i0.wp.com\/www.grieta.org.mx\/wp-content\/uploads\/2024\/02\/1708409990085-800x445-1.jpg?resize=350%2C200&ssl=1","width":350,"height":200,"srcset":"https:\/\/i0.wp.com\/www.grieta.org.mx\/wp-content\/uploads\/2024\/02\/1708409990085-800x445-1.jpg?resize=350%2C200&ssl=1 1x, https:\/\/i0.wp.com\/www.grieta.org.mx\/wp-content\/uploads\/2024\/02\/1708409990085-800x445-1.jpg?resize=525%2C300&ssl=1 1.5x, https:\/\/i0.wp.com\/www.grieta.org.mx\/wp-content\/uploads\/2024\/02\/1708409990085-800x445-1.jpg?resize=700%2C400&ssl=1 2x"},"classes":[]}],"_links":{"self":[{"href":"https:\/\/www.grieta.org.mx\/index.php\/wp-json\/wp\/v2\/posts\/67578","targetHints":{"allow":["GET"]}}],"collection":[{"href":"https:\/\/www.grieta.org.mx\/index.php\/wp-json\/wp\/v2\/posts"}],"about":[{"href":"https:\/\/www.grieta.org.mx\/index.php\/wp-json\/wp\/v2\/types\/post"}],"author":[{"embeddable":true,"href":"https:\/\/www.grieta.org.mx\/index.php\/wp-json\/wp\/v2\/users\/2"}],"replies":[{"embeddable":true,"href":"https:\/\/www.grieta.org.mx\/index.php\/wp-json\/wp\/v2\/comments?post=67578"}],"version-history":[{"count":1,"href":"https:\/\/www.grieta.org.mx\/index.php\/wp-json\/wp\/v2\/posts\/67578\/revisions"}],"predecessor-version":[{"id":67580,"href":"https:\/\/www.grieta.org.mx\/index.php\/wp-json\/wp\/v2\/posts\/67578\/revisions\/67580"}],"wp:featuredmedia":[{"embeddable":true,"href":"https:\/\/www.grieta.org.mx\/index.php\/wp-json\/wp\/v2\/media\/67579"}],"wp:attachment":[{"href":"https:\/\/www.grieta.org.mx\/index.php\/wp-json\/wp\/v2\/media?parent=67578"}],"wp:term":[{"taxonomy":"category","embeddable":true,"href":"https:\/\/www.grieta.org.mx\/index.php\/wp-json\/wp\/v2\/categories?post=67578"},{"taxonomy":"post_tag","embeddable":true,"href":"https:\/\/www.grieta.org.mx\/index.php\/wp-json\/wp\/v2\/tags?post=67578"}],"curies":[{"name":"wp","href":"https:\/\/api.w.org\/{rel}","templated":true}]}}