{"id":67529,"date":"2023-08-02T13:10:23","date_gmt":"2023-08-02T19:10:23","guid":{"rendered":"https:\/\/www.grieta.org.mx\/?p=67529"},"modified":"2023-08-20T13:18:55","modified_gmt":"2023-08-20T19:18:55","slug":"fosa-comun-campana-que-busca-apoyar-con-informacion-y-acompanamiento-a-las-familias-buscadoras-en-colima","status":"publish","type":"post","link":"https:\/\/www.grieta.org.mx\/index.php\/2023\/08\/02\/fosa-comun-campana-que-busca-apoyar-con-informacion-y-acompanamiento-a-las-familias-buscadoras-en-colima\/","title":{"rendered":"\u201cFosa Com\u00fan\u201d, campa\u00f1a que busca apoyar con informaci\u00f3n y acompa\u00f1amiento a las familias buscadoras en Colima"},"content":{"rendered":"<p>Imagen: Red de Desaparecidos Colima<\/p>\n<p><b><i>#FosaCom\u00fan<\/i><\/b><b>\u00a0es el nombre de la campa\u00f1a que tiene como objetivo otorgar informaci\u00f3n sobre lo que una persona debe hacer en caso de que un familiar sea desaparecidx, sus derechos como v\u00edctima e, incluso, acceder a un acompa\u00f1amiento integral por parte de los colectivos que impulsan esta iniciativa.\u00a0\u00a0<\/b><\/p>\n<p><b>En esta segunda edici\u00f3n, la\u00a0<\/b><b><i>Red de Desaparecidos en Colima<\/i><\/b><b>, creadoras\u00a0 del proyecto, visitar\u00e1n 10 municipios de Colima para encontrarse con otras familias que buscan a sus \u201ctesoros\u201d.\u00a0<\/b><\/p>\n<p><b>Conoce m\u00e1s de la campa\u00f1a en la siguiente nota.\u00a0<\/b><\/p>\n<p>Aletse Torres Flores \/ Zona Docs<\/p>\n<p><b><i>\u201cNo buscamos culpables, lo \u00fanico que queremos es encontrarlos\u201d<\/i><\/b>\u00a0se escucha a trav\u00e9s de un altavoz que mantienen en alto las y los integrantes de la\u00a0<i>Red de Desaparecidos en Colima<\/i>, mientras recorren las calles de este estado.<\/p>\n<p>El colectivo de familias buscadoras tiene s<b>eis a\u00f1os realizando acciones para encontrar a sus seres queridos<\/b>, exigiendo a las autoridades una respuesta a sus carpetas de investigaci\u00f3n y, a la par, apoyo para la\u00a0<b>b\u00fasqueda independiente que ellas realizan.\u00a0<\/b><\/p>\n<p>Sin embargo, cuando una persona es desaparecida en Colima, parece que lxs habitantes sienten \u201cverg\u00fcenza\u201d en lugar de indignaci\u00f3n o empat\u00eda, por lo menos eso es lo que ha notado Mar\u00eda del Carmen Sepulveda, integrante de la red.<\/p>\n<p>En Colima hay registro de<b>\u00a0mil 338 personas desaparecidas o no localizadas<\/b>, 962 son hombres y 374 mujeres, de acuerdo con el\u00a0<i>Registro Nacional de Personas Desaparecidas y No Localizadas<\/i>.<\/p>\n<p>Carmen busca a su hijo\u00a0<b>Carlos Donaldo Campos Sepulveda<\/b>, quien fue desaparecido el 20 de agosto de 2018 en Villa de \u00c1lvarez, Colima. Desde entonces, expres\u00f3<b>\u00a0\u201cno ha parado, hasta encontrarlo\u201d.\u00a0<\/b><\/p>\n<p>La madre explic\u00f3 que existe mucha desinformaci\u00f3n sobre las desapariciones y\u00a0<b>estigma hacia las victimas<\/b>\u00a0de esta violaci\u00f3n a sus derechos humanos:<\/p>\n<blockquote><p><b><i>\u201cNos dicen que es porque andaban en malos pasos, a mucha gente le da verg\u00fcenza decir que tiene un familiar desaparecido, como si fuera algo malo\u201d.\u00a0<\/i><\/b><\/p><\/blockquote>\n<p>Por esta raz\u00f3n, la red cre\u00f3 la campa\u00f1a\u00a0<i>\u201cFosa Com\u00fan\u201d<\/i>, la cual tiene como objetivo\u00a0<b>proporcionar informaci\u00f3n urgente y necesaria para que las familias que tengan un caso de desaparici\u00f3n sepan qu\u00e9 acciones llevar a cabo desde el momento de la denuncia hasta la exigencia de sus derechos<\/b>.<\/p>\n<p>Cualquier persona que tenga un familiar o persona conocida en estado de desaparici\u00f3n puede unirse al colectivo, refiere Carmen Sep\u00falveda. En caso de no poder o querer acompa\u00f1arlas en la labor,\u00a0<b>est\u00e1n recibiendo fotograf\u00edas de las personas desaparecidas para llevarlas a otros municipios y difundir su ficha de b\u00fasqueda.<\/b><\/p>\n<blockquote><p><b><i>\u201cBuscados a todos, no importa que no los conozcamos, aqu\u00ed estamos para encontrarlos nosotras\u201d.<\/i><\/b><\/p><\/blockquote>\n<p>Esta es la segunda edici\u00f3n de la campa\u00f1a, la primera fue en 2021, a mitad de la pandemia por Covid-19. En esta ocasi\u00f3n,<b>\u00a0visitar\u00e1n 10 municipios,<\/b>\u00a0los cuales ya han sido anunciados en sus redes sociales. Seg\u00fan inform\u00f3 esta madre buscadora, se instalar\u00e1n en la plaza principal de cada uno de estos lugares.<\/p>\n<p>Carmen se\u00f1al\u00f3 que el proyecto puede<b>\u00a0tener gran impacto en todas las personas que tienen miedo de denunciar a las autoridades la desaparici\u00f3n<\/b>, puesto que, las familias buscadoras quieren ser una red de apoyo y de informaci\u00f3n entre s\u00ed:<\/p>\n<blockquote><p><b>\u201cDicen que un pueblo chico es un infierno grande, as\u00ed que c\u00f3mo la gente se va a animar a denunciar si luego, luego, sabes qui\u00e9nes son los que desaparecen, los que se encargan de hacer esas cosas y te da miedo, porque nadie nos ayuda\u201d sentenci\u00f3 la madre.\u00a0<\/b><\/p><\/blockquote>\n<p>Por otra parte, en caso de no tener un familiar desaparecido, la red siempre est\u00e1 dispuesta a recibir cualquier tipo de apoyo por parte de la ciudadan\u00eda. Principalmente, l<b>e piden a la sociedad que se unan a su lucha y no las dejen solas<\/b>\u00a0cuando salen a tomar las calles.<\/p>\n<p>Tanto para Carmen como para lxs integrantes del colectivo, es esencial que\u00a0<b>m\u00e1s personas\u00a0<\/b>se sumen y su grito \u201csea m\u00e1s fuerte\u201d:<\/p>\n<blockquote><p><b><i>\u201cA veces sentimos feo que no nos acompa\u00f1en, que salgan a otras cosas y en nuestras marchas seamos las mismas. Solamente les pedimos que marchen con nosotras\u201d.\u00a0<\/i><\/b><\/p><\/blockquote>\n<p>Finalmente, las familias le exigen a las autoridades que realicen lo necesario para continuar con las investigaciones de los casos y que<b>\u00a0no les pongan obst\u00e1culos en su b\u00fasqueda<\/b>\u00a0en campo y vida.<\/p>\n<p>Asimismo, piden que<b>\u00a0se establezcan canales de comunicaci\u00f3n y trabajo coordinado entre las autoridades estatales de Colima y Jalisco,<\/b>\u00a0puesto que, en m\u00e1s de una ocasi\u00f3n les han dicho que sus \u201ctesoros\u201d fueron vistos por \u00faltima vez en este estado colindante o tienen una pista de que est\u00e1 en Jalisco y se deslindan de la investigaci\u00f3n.<\/p>\n<blockquote><p><b><i>\u201cNo podemos hacer nada por all\u00e1, porque nos dicen que no nos compete, que no se puede entrar para Jalisco, pero Jalisco tampoco quiere hacer nada por ayudarnos\u201d declar\u00f3 Carmen.\u00a0<\/i><\/b><\/p><\/blockquote>\n<p>Puedes contactar a la Red de Desaparecidos en Colima en sus redes sociales, las cuales son:\u00a0<a href=\"https:\/\/www.facebook.com\/reddesaparecidoscolima\">@Red de desaparecidos en Colima<\/a>\u00a0o\u00a0<a href=\"https:\/\/www.instagram.com\/red.desaparecidoscolima\/\">@Red de desaparecidos en Colima A.C\u00a0<\/a><\/p>\n<p><a href=\"https:\/\/www.zonadocs.mx\/2023\/08\/02\/fosa-comun-campana-que-busca-apoyar-con-informacion-y-acompanamiento-a-las-familias-buscadoras-en-colima\/\">https:\/\/www.zonadocs.mx\/2023\/08\/02\/fosa-comun-campana-que-busca-apoyar-con-informacion-y-acompanamiento-a-las-familias-buscadoras-en-colima\/<\/a><\/p>\n","protected":false},"excerpt":{"rendered":"<p>Imagen: Red de Desaparecidos Colima #FosaCom\u00fan\u00a0es el nombre de la campa\u00f1a que tiene como objetivo otorgar informaci\u00f3n sobre lo que una persona debe hacer en caso de que un familiar &hellip; <a href=\"https:\/\/www.grieta.org.mx\/index.php\/2023\/08\/02\/fosa-comun-campana-que-busca-apoyar-con-informacion-y-acompanamiento-a-las-familias-buscadoras-en-colima\/\" class=\"more-link\">Leer m\u00e1s<\/a><\/p>\n","protected":false},"author":2,"featured_media":67530,"comment_status":"closed","ping_status":"closed","sticky":false,"template":"","format":"standard","meta":{"ngg_post_thumbnail":0,"_jetpack_newsletter_access":"","_jetpack_dont_email_post_to_subs":false,"_jetpack_newsletter_tier_id":0,"_jetpack_memberships_contains_paywalled_content":false,"_jetpack_memberships_contains_paid_content":false,"footnotes":""},"categories":[80,13,87,1829,1032,20,2,83],"tags":[3791,1828,3018,121,1668,3975,3509],"class_list":["post-67529","post","type-post","status-publish","format-standard","has-post-thumbnail","hentry","category-cintillo","category-colima","category-desaparecidos","category-desaparecidos-en-colima","category-desaparecidos-en-jalisco","category-jalisco","category-noticias-nacionales","category-temas-nacionales","tag-acciones-por-desaparecidos","tag-busqueda-de-desaparecidos","tag-colectivos-de-busqueda-de-desaparecidos","tag-desaparecidos","tag-familiares-de-desaparecidos","tag-madres-de-desaparecidos","tag-red-de-desaparecidos","entry"],"jetpack_featured_media_url":"https:\/\/www.grieta.org.mx\/wp-content\/uploads\/2023\/08\/364196730_405978531751973_5744298786985561027_n.jpg","jetpack_sharing_enabled":true,"jetpack_shortlink":"https:\/\/wp.me\/p7ZJR4-hzb","jetpack_likes_enabled":false,"jetpack-related-posts":[{"id":60398,"url":"https:\/\/www.grieta.org.mx\/index.php\/2021\/07\/06\/familias-de-colima-recorren-jalisco-buscando-a-sus-desaparecidos\/","url_meta":{"origin":67529,"position":0},"title":"Familias de Colima recorren Jalisco buscando a sus desaparecidos","author":"grieta","date":"6 julio, 2021","format":false,"excerpt":"Foto:\u00a0 Diario Avanzada Heidi de Le\u00f3n Guti\u00e9rrez \/ Diario Avanzada Colima, M\u00e9xico, Avanzada (06\/07\/2021).- Integrantes de la Red de Personas Desaparecidas en Colima se encuentran en Jalisco para buscar a sus familiares \u00a0en hospitales, albergues,\u00a0 centros penitenciarios \u00a0y en distintos puntos de esa entidad como parte de la Jornada Nacional\u2026","rel":"","context":"En &quot;CINTILLO&quot;","block_context":{"text":"CINTILLO","link":"https:\/\/www.grieta.org.mx\/index.php\/category\/cintillo\/"},"img":{"alt_text":"","src":"https:\/\/i0.wp.com\/www.grieta.org.mx\/wp-content\/uploads\/2021\/07\/Des.png?resize=350%2C200&ssl=1","width":350,"height":200},"classes":[]},{"id":71951,"url":"https:\/\/www.grieta.org.mx\/index.php\/2025\/07\/03\/sospecha-red-de-desaparecidos-de-colima-que-en-jalisco-se-encuentran-sus-familiares\/","url_meta":{"origin":67529,"position":1},"title":"Sospecha Red de Desaparecidos de Colima que en Jalisco se encuentran sus familiares","author":"grieta","date":"3 julio, 2025","format":false,"excerpt":"Imagen: Tomada de Redes Sociales C\u00e9sar Barrera \/ El Comentario, Colima a\u00a0Red de Desaparecidos del Estado de Colima\u00a0expres\u00f3 su preocupaci\u00f3n por la posibilidad de que\u00a0personas desaparecidas\u00a0en territorio colimense est\u00e9n siendo trasladadas a Jalisco, estado al que apuntan diversos indicios recabados por integrantes del colectivo. Blanca Estela Ram\u00edrez, vocera de la\u2026","rel":"","context":"En &quot;CINTILLO&quot;","block_context":{"text":"CINTILLO","link":"https:\/\/www.grieta.org.mx\/index.php\/category\/cintillo\/"},"img":{"alt_text":"","src":"https:\/\/i0.wp.com\/www.grieta.org.mx\/wp-content\/uploads\/2025\/07\/desaparecidos.webp?resize=350%2C200&ssl=1","width":350,"height":200,"srcset":"https:\/\/i0.wp.com\/www.grieta.org.mx\/wp-content\/uploads\/2025\/07\/desaparecidos.webp?resize=350%2C200&ssl=1 1x, https:\/\/i0.wp.com\/www.grieta.org.mx\/wp-content\/uploads\/2025\/07\/desaparecidos.webp?resize=525%2C300&ssl=1 1.5x, https:\/\/i0.wp.com\/www.grieta.org.mx\/wp-content\/uploads\/2025\/07\/desaparecidos.webp?resize=700%2C400&ssl=1 2x"},"classes":[]},{"id":69193,"url":"https:\/\/www.grieta.org.mx\/index.php\/2024\/06\/17\/el-lunes-17-inicio-la-campana-fosa-comun-colima\/","url_meta":{"origin":67529,"position":2},"title":"El lunes 17  inici\u00f3 la campa\u00f1a \u201cFosa com\u00fan\u201d (Colima)","author":"grieta","date":"17 junio, 2024","format":false,"excerpt":"Imagen: Diario Avanzada Heidi de Le\u00f3n Guti\u00e9rrez \/ Diario avanzada Colima, M\u00e9xico, Avanzada (17\/06\/2024).- Por s\u00e9ptimo a\u00f1o consecutivo, los familiares de las personas desaparecidas en Colima recorrer\u00e1n distintos municipios del estado para compartir informaci\u00f3n y ofrecer acompa\u00f1amiento a aquellos que no han denunciado la ausencia de uno de los suyos.\u2026","rel":"","context":"En &quot;CINTILLO&quot;","block_context":{"text":"CINTILLO","link":"https:\/\/www.grieta.org.mx\/index.php\/category\/cintillo\/"},"img":{"alt_text":"","src":"https:\/\/i0.wp.com\/www.grieta.org.mx\/wp-content\/uploads\/2024\/06\/img_0508-1.jpg?resize=350%2C200&ssl=1","width":350,"height":200,"srcset":"https:\/\/i0.wp.com\/www.grieta.org.mx\/wp-content\/uploads\/2024\/06\/img_0508-1.jpg?resize=350%2C200&ssl=1 1x, https:\/\/i0.wp.com\/www.grieta.org.mx\/wp-content\/uploads\/2024\/06\/img_0508-1.jpg?resize=525%2C300&ssl=1 1.5x, https:\/\/i0.wp.com\/www.grieta.org.mx\/wp-content\/uploads\/2024\/06\/img_0508-1.jpg?resize=700%2C400&ssl=1 2x"},"classes":[]},{"id":55620,"url":"https:\/\/www.grieta.org.mx\/index.php\/2020\/11\/30\/piden-destituir-a-la-titular-de-la-comision-de-busqueda-de-personas-del-estado-colima\/","url_meta":{"origin":67529,"position":3},"title":"Piden destituir a la titular de la Comisi\u00f3n de B\u00fasqueda de Personas del Estado (Colima)","author":"grieta","date":"30 noviembre, 2020","format":false,"excerpt":"Foto: Colima Noticias Alfredo Qu\u00edles \/ Colima Noticia Colima.- Debido a la falta de \u201capoyos\u201d a las familias de las personas desaparecidas, integrantes de la Red Estatal Desaparecidos en Colima pidieron la destituci\u00f3n la Titular de la Comisi\u00f3n de B\u00fasqueda de Personas de Colima, Rosa Evelia P\u00e9rez Valdivia, quien fuera\u2026","rel":"","context":"En &quot;CINTILLO&quot;","block_context":{"text":"CINTILLO","link":"https:\/\/www.grieta.org.mx\/index.php\/category\/cintillo\/"},"img":{"alt_text":"","src":"https:\/\/i0.wp.com\/www.grieta.org.mx\/wp-content\/uploads\/2020\/12\/personas-desaparecidas-696x284-1.png?resize=350%2C200&ssl=1","width":350,"height":200,"srcset":"https:\/\/i0.wp.com\/www.grieta.org.mx\/wp-content\/uploads\/2020\/12\/personas-desaparecidas-696x284-1.png?resize=350%2C200&ssl=1 1x, https:\/\/i0.wp.com\/www.grieta.org.mx\/wp-content\/uploads\/2020\/12\/personas-desaparecidas-696x284-1.png?resize=525%2C300&ssl=1 1.5x"},"classes":[]},{"id":55371,"url":"https:\/\/www.grieta.org.mx\/index.php\/2020\/11\/18\/continua-busqueda-de-colimenses-en-jalisco\/","url_meta":{"origin":67529,"position":4},"title":"Contin\u00faa b\u00fasqueda de colimenses en Jalisco","author":"grieta","date":"18 noviembre, 2020","format":false,"excerpt":"Foto: Cuartoscuro Lauro Rodr\u00edguez \/ El Diario NTR Al pie del volc\u00e1n de Colima y entre plantaciones de ca\u00f1a,\u00a0en el municipio de\u00a0Tonila, al sur de Jalisco, contin\u00faa la b\u00fasqueda de colimenses desaparecidos. El 24 de septiembre, integrantes del colectivo\u00a0Red de Desaparecidos en Colima, AC,\u00a0se manifestaron en la glorieta\u00a0de los Ni\u00f1os\u2026","rel":"","context":"En &quot;CINTILLO&quot;","block_context":{"text":"CINTILLO","link":"https:\/\/www.grieta.org.mx\/index.php\/category\/cintillo\/"},"img":{"alt_text":"","src":"https:\/\/i0.wp.com\/www.grieta.org.mx\/wp-content\/uploads\/2020\/11\/2020-11-18_12-11-39___8730.jpg?resize=350%2C200&ssl=1","width":350,"height":200,"srcset":"https:\/\/i0.wp.com\/www.grieta.org.mx\/wp-content\/uploads\/2020\/11\/2020-11-18_12-11-39___8730.jpg?resize=350%2C200&ssl=1 1x, https:\/\/i0.wp.com\/www.grieta.org.mx\/wp-content\/uploads\/2020\/11\/2020-11-18_12-11-39___8730.jpg?resize=525%2C300&ssl=1 1.5x, https:\/\/i0.wp.com\/www.grieta.org.mx\/wp-content\/uploads\/2020\/11\/2020-11-18_12-11-39___8730.jpg?resize=700%2C400&ssl=1 2x"},"classes":[]},{"id":55616,"url":"https:\/\/www.grieta.org.mx\/index.php\/2020\/12\/02\/ante-el-desamparo-gubernamental-familiares-de-desaparecidos-buscan-donaciones-colima\/","url_meta":{"origin":67529,"position":5},"title":"Ante el desamparo gubernamental, familiares de desaparecidos buscan donaciones (Colima)","author":"grieta","date":"2 diciembre, 2020","format":false,"excerpt":"Foto: Diario Avanzada Heidi de Le\u00f3n Guti\u00e9rrez \/ Diario Avanzada Colima, M\u00e9xico, Avanzada (2\/12\/2020).- Integrantes de la Red de Desaparecidos en el Estado de Colima solicitaron el apoyo econ\u00f3mico o en especie de la poblaci\u00f3n para poder comprar instrumentos que necesitan para las b\u00fasquedas que realizan en diferentes partes de\u2026","rel":"","context":"En &quot;CINTILLO&quot;","block_context":{"text":"CINTILLO","link":"https:\/\/www.grieta.org.mx\/index.php\/category\/cintillo\/"},"img":{"alt_text":"","src":"https:\/\/i0.wp.com\/www.grieta.org.mx\/wp-content\/uploads\/2020\/12\/image-3.png?resize=350%2C200&ssl=1","width":350,"height":200,"srcset":"https:\/\/i0.wp.com\/www.grieta.org.mx\/wp-content\/uploads\/2020\/12\/image-3.png?resize=350%2C200&ssl=1 1x, https:\/\/i0.wp.com\/www.grieta.org.mx\/wp-content\/uploads\/2020\/12\/image-3.png?resize=525%2C300&ssl=1 1.5x"},"classes":[]}],"_links":{"self":[{"href":"https:\/\/www.grieta.org.mx\/index.php\/wp-json\/wp\/v2\/posts\/67529","targetHints":{"allow":["GET"]}}],"collection":[{"href":"https:\/\/www.grieta.org.mx\/index.php\/wp-json\/wp\/v2\/posts"}],"about":[{"href":"https:\/\/www.grieta.org.mx\/index.php\/wp-json\/wp\/v2\/types\/post"}],"author":[{"embeddable":true,"href":"https:\/\/www.grieta.org.mx\/index.php\/wp-json\/wp\/v2\/users\/2"}],"replies":[{"embeddable":true,"href":"https:\/\/www.grieta.org.mx\/index.php\/wp-json\/wp\/v2\/comments?post=67529"}],"version-history":[{"count":1,"href":"https:\/\/www.grieta.org.mx\/index.php\/wp-json\/wp\/v2\/posts\/67529\/revisions"}],"predecessor-version":[{"id":67531,"href":"https:\/\/www.grieta.org.mx\/index.php\/wp-json\/wp\/v2\/posts\/67529\/revisions\/67531"}],"wp:featuredmedia":[{"embeddable":true,"href":"https:\/\/www.grieta.org.mx\/index.php\/wp-json\/wp\/v2\/media\/67530"}],"wp:attachment":[{"href":"https:\/\/www.grieta.org.mx\/index.php\/wp-json\/wp\/v2\/media?parent=67529"}],"wp:term":[{"taxonomy":"category","embeddable":true,"href":"https:\/\/www.grieta.org.mx\/index.php\/wp-json\/wp\/v2\/categories?post=67529"},{"taxonomy":"post_tag","embeddable":true,"href":"https:\/\/www.grieta.org.mx\/index.php\/wp-json\/wp\/v2\/tags?post=67529"}],"curies":[{"name":"wp","href":"https:\/\/api.w.org\/{rel}","templated":true}]}}