{"id":67523,"date":"2023-08-19T12:42:48","date_gmt":"2023-08-19T18:42:48","guid":{"rendered":"https:\/\/www.grieta.org.mx\/?p=67523"},"modified":"2023-08-20T12:48:00","modified_gmt":"2023-08-20T18:48:00","slug":"se-manifestaran-por-la-aparicion-con-vida-de-carlos-donaldo-colima","status":"publish","type":"post","link":"https:\/\/www.grieta.org.mx\/index.php\/2023\/08\/19\/se-manifestaran-por-la-aparicion-con-vida-de-carlos-donaldo-colima\/","title":{"rendered":"Se manifestar\u00e1n por la aparici\u00f3n con vida de Carlos Donaldo (Colima)"},"content":{"rendered":"<p>Imagen: Diario Avanzada<\/p>\n<p>Heidi de Le\u00f3n Guti\u00e9rrez \/ Diario Avanzada<\/p>\n<p>Colima, M\u00e9xico, Avanzada (19\/08\/2023).- La Red de Desaparecidos en Colima convoc\u00f3 a la sociedad en general a sumarse a la marcha\u00a0por la aparici\u00f3n con vida de Carlos Donaldo Campos Sep\u00falveda, quien fue privado de su libertad el 20 de agosto de 2018 en Villa de \u00c1lvarez.<\/p>\n<p>La marcha para exigirle a la autoridad que avance con las investigaciones se llevar\u00e1 a cabo este s\u00e1bado 19 de agosto a las 5 de la tarde y el punto de reuni\u00f3n es la explanada de Bodega Aurrer\u00e1 en la avenida Benito Ju\u00e1rez desde donde se caminar\u00e1 hasta llegar al jard\u00edn de San Francisco.<\/p>\n<p>Donaldo es hijo de la presidenta de la Red de Desaparecidos, Carmen Sep\u00falveda, una de las mujeres que han evidenciado el calvario que sufren los familiares de las v\u00edctimas en el estado y la falta de personal en la Fiscal\u00eda General del Estado para que avancen las investigaciones para localizar a los desaparecidos.<\/p>\n<p>Carlos Donaldo Campos Sep\u00falveda desapareci\u00f3 el 20 de agosto de 2018 en Villa de \u00c1lvarez cuando se encontraba con otros amigos y desde esa fecha sus familiares no han parado de buscarlo y de pedirle a las autoridades la aparici\u00f3n con vida del joven.<\/p>\n<p>Colima es uno de los estados donde el delito de desaparici\u00f3n de personas ha aumentado en la \u00faltima d\u00e9cada. La Red calcula mil 700 desaparecidos aunque la cifra podr\u00eda ser mayor por aquellas personas que no denuncian la ausencia de su familiar o amigo por temor.\u00a0 Para la marcha se est\u00e1 solicitando a los asistentes acudir con una playera blanca.<\/p>\n<p><a href=\"https:\/\/diarioavanzada.com.mx\/?p=47501\">https:\/\/diarioavanzada.com.mx\/?p=47501<\/a><\/p>\n","protected":false},"excerpt":{"rendered":"<p>Imagen: Diario Avanzada Heidi de Le\u00f3n Guti\u00e9rrez \/ Diario Avanzada Colima, M\u00e9xico, Avanzada (19\/08\/2023).- La Red de Desaparecidos en Colima convoc\u00f3 a la sociedad en general a sumarse a la &hellip; <a href=\"https:\/\/www.grieta.org.mx\/index.php\/2023\/08\/19\/se-manifestaran-por-la-aparicion-con-vida-de-carlos-donaldo-colima\/\" class=\"more-link\">Leer m\u00e1s<\/a><\/p>\n","protected":false},"author":2,"featured_media":67524,"comment_status":"closed","ping_status":"closed","sticky":false,"template":"","format":"standard","meta":{"ngg_post_thumbnail":0,"_jetpack_newsletter_access":"","_jetpack_dont_email_post_to_subs":false,"_jetpack_newsletter_tier_id":0,"_jetpack_memberships_contains_paywalled_content":false,"_jetpack_memberships_contains_paid_content":false,"footnotes":""},"categories":[80,13,87,1829,2,83],"tags":[3791,1828,3018,121,1668,1228,3509],"class_list":["post-67523","post","type-post","status-publish","format-standard","has-post-thumbnail","hentry","category-cintillo","category-colima","category-desaparecidos","category-desaparecidos-en-colima","category-noticias-nacionales","category-temas-nacionales","tag-acciones-por-desaparecidos","tag-busqueda-de-desaparecidos","tag-colectivos-de-busqueda-de-desaparecidos","tag-desaparecidos","tag-familiares-de-desaparecidos","tag-protestas-por-desaparecidos","tag-red-de-desaparecidos","entry"],"jetpack_featured_media_url":"https:\/\/www.grieta.org.mx\/wp-content\/uploads\/2023\/08\/Carlos-Donaldo.webp","jetpack_sharing_enabled":true,"jetpack_shortlink":"https:\/\/wp.me\/p7ZJR4-hz5","jetpack_likes_enabled":false,"jetpack-related-posts":[{"id":67565,"url":"https:\/\/www.grieta.org.mx\/index.php\/2023\/08\/28\/son-mas-de-mil-800-los-desaparecidos-en-colima-colectivo\/","url_meta":{"origin":67523,"position":0},"title":"Son m\u00e1s de mil 800 los desaparecidos en Colima: Colectivo","author":"grieta","date":"28 agosto, 2023","format":false,"excerpt":"Imagen: Red de desaparecidos Heidi de Le\u00f3n Guti\u00e9rrez \/ Diario Avanzada Colima, M\u00e9xico, Avanzada (28\/08\/2023).- Mil 800 personas est\u00e1n desaparecidas en Colima, pero la cifra es mayor, advierten los integrantes de la Red de Personas Desaparecidas. Adem\u00e1s, lamentan que el n\u00famero de desaparecidos en el estado vaya en aumento, \u201cla\u2026","rel":"","context":"En &quot;CINTILLO&quot;","block_context":{"text":"CINTILLO","link":"https:\/\/www.grieta.org.mx\/index.php\/category\/cintillo\/"},"img":{"alt_text":"","src":"https:\/\/i0.wp.com\/www.grieta.org.mx\/wp-content\/uploads\/2023\/08\/Desaparecidos.webp?resize=350%2C200&ssl=1","width":350,"height":200,"srcset":"https:\/\/i0.wp.com\/www.grieta.org.mx\/wp-content\/uploads\/2023\/08\/Desaparecidos.webp?resize=350%2C200&ssl=1 1x, https:\/\/i0.wp.com\/www.grieta.org.mx\/wp-content\/uploads\/2023\/08\/Desaparecidos.webp?resize=525%2C300&ssl=1 1.5x, https:\/\/i0.wp.com\/www.grieta.org.mx\/wp-content\/uploads\/2023\/08\/Desaparecidos.webp?resize=700%2C400&ssl=1 2x, https:\/\/i0.wp.com\/www.grieta.org.mx\/wp-content\/uploads\/2023\/08\/Desaparecidos.webp?resize=1050%2C600&ssl=1 3x"},"classes":[]},{"id":60398,"url":"https:\/\/www.grieta.org.mx\/index.php\/2021\/07\/06\/familias-de-colima-recorren-jalisco-buscando-a-sus-desaparecidos\/","url_meta":{"origin":67523,"position":1},"title":"Familias de Colima recorren Jalisco buscando a sus desaparecidos","author":"grieta","date":"6 julio, 2021","format":false,"excerpt":"Foto:\u00a0 Diario Avanzada Heidi de Le\u00f3n Guti\u00e9rrez \/ Diario Avanzada Colima, M\u00e9xico, Avanzada (06\/07\/2021).- Integrantes de la Red de Personas Desaparecidas en Colima se encuentran en Jalisco para buscar a sus familiares \u00a0en hospitales, albergues,\u00a0 centros penitenciarios \u00a0y en distintos puntos de esa entidad como parte de la Jornada Nacional\u2026","rel":"","context":"En &quot;CINTILLO&quot;","block_context":{"text":"CINTILLO","link":"https:\/\/www.grieta.org.mx\/index.php\/category\/cintillo\/"},"img":{"alt_text":"","src":"https:\/\/i0.wp.com\/www.grieta.org.mx\/wp-content\/uploads\/2021\/07\/Des.png?resize=350%2C200&ssl=1","width":350,"height":200},"classes":[]},{"id":64330,"url":"https:\/\/www.grieta.org.mx\/index.php\/2022\/05\/31\/colectivo-exige-cambio-completo-de-quienes-nos-protegen-por-ser-parte-del-crimen-organizado-colima\/","url_meta":{"origin":67523,"position":2},"title":"Colectivo exige cambio completo de qui\u00e9nes nos protegen, por ser \u201cparte del Crimen organizado\u201d (Colima)","author":"grieta","date":"31 mayo, 2022","format":false,"excerpt":"Foto: Diario Avanzada Redacci\u00f3n \/ Diario Avanzada Colima, M\u00e9xico, Avanzada (31\/05\/2022).- La Red de Desaparecidos en Colima A.C. fij\u00f3 un posicionamiento en el que expresaron su indignaci\u00f3n luego de que el vocero Adri\u00e1n Joya revictimizara y violara los derechos humanos de los familiares de personas desaparecidas. En una rueda de\u2026","rel":"","context":"En &quot;CINTILLO&quot;","block_context":{"text":"CINTILLO","link":"https:\/\/www.grieta.org.mx\/index.php\/category\/cintillo\/"},"img":{"alt_text":"","src":"https:\/\/i0.wp.com\/www.grieta.org.mx\/wp-content\/uploads\/2022\/06\/image-211.png?resize=350%2C200&ssl=1","width":350,"height":200,"srcset":"https:\/\/i0.wp.com\/www.grieta.org.mx\/wp-content\/uploads\/2022\/06\/image-211.png?resize=350%2C200&ssl=1 1x, https:\/\/i0.wp.com\/www.grieta.org.mx\/wp-content\/uploads\/2022\/06\/image-211.png?resize=525%2C300&ssl=1 1.5x"},"classes":[]},{"id":55616,"url":"https:\/\/www.grieta.org.mx\/index.php\/2020\/12\/02\/ante-el-desamparo-gubernamental-familiares-de-desaparecidos-buscan-donaciones-colima\/","url_meta":{"origin":67523,"position":3},"title":"Ante el desamparo gubernamental, familiares de desaparecidos buscan donaciones (Colima)","author":"grieta","date":"2 diciembre, 2020","format":false,"excerpt":"Foto: Diario Avanzada Heidi de Le\u00f3n Guti\u00e9rrez \/ Diario Avanzada Colima, M\u00e9xico, Avanzada (2\/12\/2020).- Integrantes de la Red de Desaparecidos en el Estado de Colima solicitaron el apoyo econ\u00f3mico o en especie de la poblaci\u00f3n para poder comprar instrumentos que necesitan para las b\u00fasquedas que realizan en diferentes partes de\u2026","rel":"","context":"En &quot;CINTILLO&quot;","block_context":{"text":"CINTILLO","link":"https:\/\/www.grieta.org.mx\/index.php\/category\/cintillo\/"},"img":{"alt_text":"","src":"https:\/\/i0.wp.com\/www.grieta.org.mx\/wp-content\/uploads\/2020\/12\/image-3.png?resize=350%2C200&ssl=1","width":350,"height":200,"srcset":"https:\/\/i0.wp.com\/www.grieta.org.mx\/wp-content\/uploads\/2020\/12\/image-3.png?resize=350%2C200&ssl=1 1x, https:\/\/i0.wp.com\/www.grieta.org.mx\/wp-content\/uploads\/2020\/12\/image-3.png?resize=525%2C300&ssl=1 1.5x"},"classes":[]},{"id":66990,"url":"https:\/\/www.grieta.org.mx\/index.php\/2023\/05\/23\/colima-esta-hundido-en-corrupcion-es-una-porqueria-dice-eva-fundadora-de-la-red-desaparecidos-en-colima\/","url_meta":{"origin":67523,"position":4},"title":"\u201cColima est\u00e1 hundido en corrupci\u00f3n, es una porquer\u00eda\u201d, dice Eva, fundadora de la \u201cRed Desaparecidos En Colima&#8221;","author":"grieta","date":"23 mayo, 2023","format":false,"excerpt":"Imagen; Diario Avanzada Heidi de Le\u00f3n Guti\u00e9rrez \/ Diario Avanzada Colima, M\u00e9xico, Avanzada (23\/05\/2023).-\u00bfQu\u00e9 le dir\u00edas al gobierno de Colima?, se le pregunt\u00f3 a Eva, fundadora de la Red de los Desaparecidos En Colima y quien tuvo que abandonar el estado por diversas circunstancias, \u201cque dejen de hacerse tontos. Colima\u2026","rel":"","context":"En &quot;CINTILLO&quot;","block_context":{"text":"CINTILLO","link":"https:\/\/www.grieta.org.mx\/index.php\/category\/cintillo\/"},"img":{"alt_text":"","src":"https:\/\/i0.wp.com\/www.grieta.org.mx\/wp-content\/uploads\/2023\/06\/image-276.webp?resize=350%2C200&ssl=1","width":350,"height":200,"srcset":"https:\/\/i0.wp.com\/www.grieta.org.mx\/wp-content\/uploads\/2023\/06\/image-276.webp?resize=350%2C200&ssl=1 1x, https:\/\/i0.wp.com\/www.grieta.org.mx\/wp-content\/uploads\/2023\/06\/image-276.webp?resize=525%2C300&ssl=1 1.5x"},"classes":[]},{"id":72274,"url":"https:\/\/www.grieta.org.mx\/index.php\/2025\/08\/30\/realizan-vigilia-por-las-personas-desaparecidas-en-colima\/","url_meta":{"origin":67523,"position":5},"title":"Realizan vigilia por las personas desaparecidas en Colima","author":"grieta","date":"30 agosto, 2025","format":false,"excerpt":"Imagen: edro Zamora Brise\u00f1o Redacci\u00f3n \/ Diario Avanzada Colima, M\u00e9xico, Avanzada (30\/08\/2025).-\u00a0Familiares de personas desaparecidas realizaron la noche del viernes una vigilia en memoria de las v\u00edctimas de este delito, en la plaza que lleva su nombre, por la Calzada Galv\u00e1n,\u00a0a un costado del parque de la Piedra Lisa. Convocadas\u2026","rel":"","context":"En &quot;CINTILLO&quot;","block_context":{"text":"CINTILLO","link":"https:\/\/www.grieta.org.mx\/index.php\/category\/cintillo\/"},"img":{"alt_text":"","src":"https:\/\/i0.wp.com\/www.grieta.org.mx\/wp-content\/uploads\/2025\/08\/3cdcbd90-3d79-491c-bc72-1f726864740a-1-1536x1152-1.webp?resize=350%2C200&ssl=1","width":350,"height":200,"srcset":"https:\/\/i0.wp.com\/www.grieta.org.mx\/wp-content\/uploads\/2025\/08\/3cdcbd90-3d79-491c-bc72-1f726864740a-1-1536x1152-1.webp?resize=350%2C200&ssl=1 1x, https:\/\/i0.wp.com\/www.grieta.org.mx\/wp-content\/uploads\/2025\/08\/3cdcbd90-3d79-491c-bc72-1f726864740a-1-1536x1152-1.webp?resize=525%2C300&ssl=1 1.5x, https:\/\/i0.wp.com\/www.grieta.org.mx\/wp-content\/uploads\/2025\/08\/3cdcbd90-3d79-491c-bc72-1f726864740a-1-1536x1152-1.webp?resize=700%2C400&ssl=1 2x, https:\/\/i0.wp.com\/www.grieta.org.mx\/wp-content\/uploads\/2025\/08\/3cdcbd90-3d79-491c-bc72-1f726864740a-1-1536x1152-1.webp?resize=1050%2C600&ssl=1 3x, https:\/\/i0.wp.com\/www.grieta.org.mx\/wp-content\/uploads\/2025\/08\/3cdcbd90-3d79-491c-bc72-1f726864740a-1-1536x1152-1.webp?resize=1400%2C800&ssl=1 4x"},"classes":[]}],"_links":{"self":[{"href":"https:\/\/www.grieta.org.mx\/index.php\/wp-json\/wp\/v2\/posts\/67523","targetHints":{"allow":["GET"]}}],"collection":[{"href":"https:\/\/www.grieta.org.mx\/index.php\/wp-json\/wp\/v2\/posts"}],"about":[{"href":"https:\/\/www.grieta.org.mx\/index.php\/wp-json\/wp\/v2\/types\/post"}],"author":[{"embeddable":true,"href":"https:\/\/www.grieta.org.mx\/index.php\/wp-json\/wp\/v2\/users\/2"}],"replies":[{"embeddable":true,"href":"https:\/\/www.grieta.org.mx\/index.php\/wp-json\/wp\/v2\/comments?post=67523"}],"version-history":[{"count":1,"href":"https:\/\/www.grieta.org.mx\/index.php\/wp-json\/wp\/v2\/posts\/67523\/revisions"}],"predecessor-version":[{"id":67525,"href":"https:\/\/www.grieta.org.mx\/index.php\/wp-json\/wp\/v2\/posts\/67523\/revisions\/67525"}],"wp:featuredmedia":[{"embeddable":true,"href":"https:\/\/www.grieta.org.mx\/index.php\/wp-json\/wp\/v2\/media\/67524"}],"wp:attachment":[{"href":"https:\/\/www.grieta.org.mx\/index.php\/wp-json\/wp\/v2\/media?parent=67523"}],"wp:term":[{"taxonomy":"category","embeddable":true,"href":"https:\/\/www.grieta.org.mx\/index.php\/wp-json\/wp\/v2\/categories?post=67523"},{"taxonomy":"post_tag","embeddable":true,"href":"https:\/\/www.grieta.org.mx\/index.php\/wp-json\/wp\/v2\/tags?post=67523"}],"curies":[{"name":"wp","href":"https:\/\/api.w.org\/{rel}","templated":true}]}}