{"id":67484,"date":"2023-08-17T13:04:21","date_gmt":"2023-08-17T19:04:21","guid":{"rendered":"https:\/\/www.grieta.org.mx\/?p=67484"},"modified":"2023-08-17T13:04:21","modified_gmt":"2023-08-17T19:04:21","slug":"ixil-en-resistencia-por-defender-sus-tierras-ssp-les-lanza-gas-lacrimogeno-yucatan","status":"publish","type":"post","link":"https:\/\/www.grieta.org.mx\/index.php\/2023\/08\/17\/ixil-en-resistencia-por-defender-sus-tierras-ssp-les-lanza-gas-lacrimogeno-yucatan\/","title":{"rendered":"Ixil en resistencia por defender sus tierras; SSP les lanza gas lacrim\u00f3geno (Yucat\u00e1n)"},"content":{"rendered":"<p>Por Claudia V. Arriaga Dur\u00e1n. \/ Proyecto Libres<\/p>\n<blockquote><p>Desde las 5 de la ma\u00f1ana, m\u00e1s de 100 elementos de la Secretar\u00eda de Seguridad P\u00fablica (SSP) cerraron el acceso a las parcelas de las y los ejidatarios de Ixil. La poblaci\u00f3n protest\u00f3 y la polic\u00eda respondi\u00f3 lanz\u00e1ndoles gas lacrim\u00f3genos y piedras. El origen del conflicto es la supuesta compra-venta de unas tierras por parte de la familia Abimerhi Millet, predios que aseguraron a\u00fan le pertenecen al pueblo.<\/p><\/blockquote>\n<p>M\u00e9rida, Yucat\u00e1n, 17 de agosto de 2023.- Desde las 5 de la ma\u00f1ana, m\u00e1s de 100 elementos de la Secretar\u00eda de Seguridad P\u00fablica (SSP) cerraron el acceso a las parcelas de las y los ejidatarios de Ixil. La poblaci\u00f3n protest\u00f3 y la polic\u00eda respondi\u00f3 lanz\u00e1ndoles gas lacrim\u00f3genos y piedras. El origen del conflicto es la supuesta compra-venta de unas tierras por parte de la familia Abimerhi Millet, predios que aseguraron a\u00fan le pertenecen al pueblo. <\/p>\n<p>En la protesta, los polic\u00edas de la SSP lesionaron al menos a cuatro personas: tres mujeres y un hombre con lesiones visibles, le llaman Tali y fue arrestado. <\/p>\n<p>\u201cArrestaron a un se\u00f1or que quer\u00eda pasar a su parcela para criar a su ganado. Todos los polic\u00edas lo tiraron, pisotearon y le quitaron la moto. Toda la gente al verlo intent\u00f3 ayudar, pero les vali\u00f3 empezaron a tirarnos piedras. Les dijimos que nos calmar\u00edamos para que lo dejen y los polic\u00edas segu\u00edan lanzando piedras\u201d, relat\u00f3 en entrevista para Libres una de las manifestantes. <\/p>\n<p>    <img loading=\"lazy\" decoding=\"async\" data-attachment-id=\"67486\" data-permalink=\"https:\/\/www.grieta.org.mx\/index.php\/2023\/08\/17\/ixil-en-resistencia-por-defender-sus-tierras-ssp-les-lanza-gas-lacrimogeno-yucatan\/ixil2\/\" data-orig-file=\"https:\/\/www.grieta.org.mx\/wp-content\/uploads\/2023\/08\/Ixil2.jpg\" data-orig-size=\"716,880\" data-comments-opened=\"0\" data-image-meta=\"{&quot;aperture&quot;:&quot;0&quot;,&quot;credit&quot;:&quot;&quot;,&quot;camera&quot;:&quot;&quot;,&quot;caption&quot;:&quot;&quot;,&quot;created_timestamp&quot;:&quot;0&quot;,&quot;copyright&quot;:&quot;&quot;,&quot;focal_length&quot;:&quot;0&quot;,&quot;iso&quot;:&quot;0&quot;,&quot;shutter_speed&quot;:&quot;0&quot;,&quot;title&quot;:&quot;&quot;,&quot;orientation&quot;:&quot;1&quot;}\" data-image-title=\"Ixil2\" data-image-description=\"\" data-image-caption=\"\" data-medium-file=\"https:\/\/www.grieta.org.mx\/wp-content\/uploads\/2023\/08\/Ixil2-244x300.jpg\" data-large-file=\"https:\/\/www.grieta.org.mx\/wp-content\/uploads\/2023\/08\/Ixil2.jpg\" src=\"http:\/\/www.grieta.org.mx\/wp-content\/uploads\/2023\/08\/Ixil2.jpg\" alt=\"\" width=\"716\" height=\"880\" class=\"alignnone size-full wp-image-67486\" srcset=\"https:\/\/www.grieta.org.mx\/wp-content\/uploads\/2023\/08\/Ixil2.jpg 716w, https:\/\/www.grieta.org.mx\/wp-content\/uploads\/2023\/08\/Ixil2-244x300.jpg 244w\" sizes=\"auto, (max-width: 716px) 100vw, 716px\" \/><\/p>\n<p>Otra de las personas acus\u00f3 que las autoridades les quitaron sus motocicletas con las que se transportaban a las parcelas y herramientas de trabajo. <\/p>\n<p>Los pobladores recordaron que est\u00e1 no es la primera vez que intentan apropiarse de sus tierras. En el 2022, los supuestos compradores tambi\u00e9n acudieron para tomar posesi\u00f3n de las tierras con polic\u00edas estatales y los expulsaron.<\/p>\n<p>\u201cEste a\u00f1o regresaron con m\u00e1s papeles y est\u00e1n colocando muros de concreto y alambre\u201d; agreg\u00f3 otra pobladora de Ixil. <\/p>\n<p>De momento contin\u00faan en protesta las y los pobladores de Ixil, exigen cese la intimidaci\u00f3n y criminalizaci\u00f3n de la protesta por la defensa de sus tierras. <\/p>\n<p><a href=\"https:\/\/proyectolibres.org\/2023\/08\/ixil-en-resistencia-por-defender-sus-tierras-ssp-les-lanza-gas-lacrimogeno\/\" rel=\"noopener\" target=\"_blank\">https:\/\/proyectolibres.org\/2023\/08\/ixil-en-resistencia-por-defender-sus-tierras-ssp-les-lanza-gas-lacrimogeno\/<\/a><\/p>\n","protected":false},"excerpt":{"rendered":"<p>Por Claudia V. Arriaga Dur\u00e1n. \/ Proyecto Libres Desde las 5 de la ma\u00f1ana, m\u00e1s de 100 elementos de la Secretar\u00eda de Seguridad P\u00fablica (SSP) cerraron el acceso a las &hellip; <a href=\"https:\/\/www.grieta.org.mx\/index.php\/2023\/08\/17\/ixil-en-resistencia-por-defender-sus-tierras-ssp-les-lanza-gas-lacrimogeno-yucatan\/\" class=\"more-link\">Leer m\u00e1s<\/a><\/p>\n","protected":false},"author":2,"featured_media":67485,"comment_status":"closed","ping_status":"closed","sticky":false,"template":"","format":"standard","meta":{"ngg_post_thumbnail":0,"_jetpack_newsletter_access":"","_jetpack_dont_email_post_to_subs":false,"_jetpack_newsletter_tier_id":0,"_jetpack_memberships_contains_paywalled_content":false,"_jetpack_memberships_contains_paid_content":false,"footnotes":""},"categories":[80,1269,2,36],"tags":[2942,3367,1817],"class_list":["post-67484","post","type-post","status-publish","format-standard","has-post-thumbnail","hentry","category-cintillo","category-protestas-ante-despojo-por-proyectos-inmobiliarios-en-yucatan","category-noticias-nacionales","category-yucatan","tag-despojo-de-tierras-por-inmobiliarias","tag-represion-policial","tag-tierras-ejidales","entry"],"jetpack_featured_media_url":"https:\/\/www.grieta.org.mx\/wp-content\/uploads\/2023\/08\/Ixil-e1692298552408.jpg","jetpack_sharing_enabled":true,"jetpack_shortlink":"https:\/\/wp.me\/p7ZJR4-hys","jetpack_likes_enabled":false,"jetpack-related-posts":[{"id":64680,"url":"https:\/\/www.grieta.org.mx\/index.php\/2022\/08\/04\/ejidatarios-de-ixil-causan-operativo-de-la-ssp-yucatan-tras-bloquear-a-empresa\/","url_meta":{"origin":67484,"position":0},"title":"Ejidatarios de Ixil causan operativo de la SSP Yucat\u00e1n tras bloquear a empresa","author":"grieta","date":"4 agosto, 2022","format":false,"excerpt":"Francisco Mart\u00edn \/ Por Esto! Un despliegue impresionante de los elementos de la Secretaria de Seguridad P\u00fablica (SSP) arribaron la tarde de hoy al municipio de Ixil para dialogar con un grupo de ejidatarios que evitaron a toda costa la entrada de cinco veh\u00edculos que transportaban drones para la medici\u00f3n\u2026","rel":"","context":"En &quot;CINTILLO&quot;","block_context":{"text":"CINTILLO","link":"https:\/\/www.grieta.org.mx\/index.php\/category\/cintillo\/"},"img":{"alt_text":"","src":"https:\/\/i0.wp.com\/www.grieta.org.mx\/wp-content\/uploads\/2022\/08\/Ixil-e1659751088322.png?resize=350%2C200&ssl=1","width":350,"height":200,"srcset":"https:\/\/i0.wp.com\/www.grieta.org.mx\/wp-content\/uploads\/2022\/08\/Ixil-e1659751088322.png?resize=350%2C200&ssl=1 1x, https:\/\/i0.wp.com\/www.grieta.org.mx\/wp-content\/uploads\/2022\/08\/Ixil-e1659751088322.png?resize=525%2C300&ssl=1 1.5x, https:\/\/i0.wp.com\/www.grieta.org.mx\/wp-content\/uploads\/2022\/08\/Ixil-e1659751088322.png?resize=700%2C400&ssl=1 2x"},"classes":[]},{"id":68112,"url":"https:\/\/www.grieta.org.mx\/index.php\/2023\/11\/10\/ixil-logra-importante-victoria-para-impedir-despojo-de-sus-tierras-yucatan\/","url_meta":{"origin":67484,"position":1},"title":"Ixil logra importante victoria para impedir despojo de sus tierras (Yucat\u00e1n)","author":"grieta","date":"10 noviembre, 2023","format":false,"excerpt":"Haz Ruido Con la suspensi\u00f3n provisional dictada por el Juzgado Primero, los pobladores mayas podr\u00e1n nuevamente abrir los caminos cosecheros para acceder sin restricciones a las tierras de cultivo, las cuales actualmente est\u00e1n aseguradas por la Fiscal\u00eda y la SSP. Ixil, Yucat\u00e1n, 10 de noviembre de 2023.- La comunidad maya\u2026","rel":"","context":"En &quot;CINTILLO&quot;","block_context":{"text":"CINTILLO","link":"https:\/\/www.grieta.org.mx\/index.php\/category\/cintillo\/"},"img":{"alt_text":"","src":"https:\/\/i0.wp.com\/www.grieta.org.mx\/wp-content\/uploads\/2023\/11\/Ixil-e1699921606522.jpg?resize=350%2C200&ssl=1","width":350,"height":200,"srcset":"https:\/\/i0.wp.com\/www.grieta.org.mx\/wp-content\/uploads\/2023\/11\/Ixil-e1699921606522.jpg?resize=350%2C200&ssl=1 1x, https:\/\/i0.wp.com\/www.grieta.org.mx\/wp-content\/uploads\/2023\/11\/Ixil-e1699921606522.jpg?resize=525%2C300&ssl=1 1.5x, https:\/\/i0.wp.com\/www.grieta.org.mx\/wp-content\/uploads\/2023\/11\/Ixil-e1699921606522.jpg?resize=700%2C400&ssl=1 2x"},"classes":[]},{"id":68642,"url":"https:\/\/www.grieta.org.mx\/index.php\/2024\/03\/22\/tribunal-admite-demanda-contra-el-despojo-de-tierras-en-ixil-yucatan\/","url_meta":{"origin":67484,"position":2},"title":"Tribunal admite demanda contra el despojo de tierras en Ixil (Yucat\u00e1n)","author":"grieta","date":"22 marzo, 2024","format":false,"excerpt":"Paloma Reyes \/ Haz Ruido Conceden suspensi\u00f3n para que el Registro Agrario no pueda entregar certificados o t\u00edtulos sobre las tierras a gente de fuera y\/o empresarios hasta que termine el juicio. M\u00e9rida, Yucat\u00e1n, 22 de marzo de 2024.-La asociaci\u00f3n Kanan Derechos Humanos inform\u00f3 que el Tribunal Unitario Agrario (TUA)\u2026","rel":"","context":"En &quot;CINTILLO&quot;","block_context":{"text":"CINTILLO","link":"https:\/\/www.grieta.org.mx\/index.php\/category\/cintillo\/"},"img":{"alt_text":"","src":"https:\/\/i0.wp.com\/www.grieta.org.mx\/wp-content\/uploads\/2024\/03\/Ixil-e1711307211667.jpg?resize=350%2C200&ssl=1","width":350,"height":200,"srcset":"https:\/\/i0.wp.com\/www.grieta.org.mx\/wp-content\/uploads\/2024\/03\/Ixil-e1711307211667.jpg?resize=350%2C200&ssl=1 1x, https:\/\/i0.wp.com\/www.grieta.org.mx\/wp-content\/uploads\/2024\/03\/Ixil-e1711307211667.jpg?resize=525%2C300&ssl=1 1.5x, https:\/\/i0.wp.com\/www.grieta.org.mx\/wp-content\/uploads\/2024\/03\/Ixil-e1711307211667.jpg?resize=700%2C400&ssl=1 2x"},"classes":[]},{"id":28592,"url":"https:\/\/www.grieta.org.mx\/index.php\/2019\/01\/18\/desaparecen-el-ejido-de-ixil-yucatan\/","url_meta":{"origin":67484,"position":3},"title":"\u201cDesaparecen\u201d el Ejido de Ixil (Yucat\u00e1n)","author":"grieta","date":"18 enero, 2019","format":false,"excerpt":"(InformaTe Yucat\u00e1n) M\u00e9rida, Yucat\u00e1n .- Ejidatarios de Ixil est\u00e1n en riesgo de perder m\u00e1s de 5,700 hect\u00e1reas, tierras que se est\u00e1n vendiendo a ciudadanos de Baja California, Guadalajara, Sinaloa, Puebla, Veracruz, Ciudad de M\u00e9xico, Yucat\u00e1n y hasta de los Estados Unidos, denunci\u00f3 este viernes el comisario ejidal de ese municipio,\u2026","rel":"","context":"En &quot;CINTILLO&quot;","block_context":{"text":"CINTILLO","link":"https:\/\/www.grieta.org.mx\/index.php\/category\/cintillo\/"},"img":{"alt_text":"","src":"https:\/\/i0.wp.com\/www.grieta.org.mx\/wp-content\/uploads\/2019\/01\/EJIDDATARIOS-IXIL-.jpg?resize=350%2C200","width":350,"height":200,"srcset":"https:\/\/i0.wp.com\/www.grieta.org.mx\/wp-content\/uploads\/2019\/01\/EJIDDATARIOS-IXIL-.jpg?resize=350%2C200 1x, https:\/\/i0.wp.com\/www.grieta.org.mx\/wp-content\/uploads\/2019\/01\/EJIDDATARIOS-IXIL-.jpg?resize=525%2C300 1.5x, https:\/\/i0.wp.com\/www.grieta.org.mx\/wp-content\/uploads\/2019\/01\/EJIDDATARIOS-IXIL-.jpg?resize=700%2C400 2x"},"classes":[]},{"id":31889,"url":"https:\/\/www.grieta.org.mx\/index.php\/2019\/04\/08\/jubilo-en-ixil-ejidatarios-recuperan-sus-tierras-perdidas-hace-5-anos-yucatan\/","url_meta":{"origin":67484,"position":4},"title":"J\u00fabilo en Ixil: ejidatarios recuperan sus tierras \u201cperdidas\u201d hace 5 a\u00f1os (Yucat\u00e1n)","author":"grieta","date":"8 abril, 2019","format":false,"excerpt":"Mayapolitikon Ejidatarios del Ixil, Yucat\u00e1n, recuperaron hoy del Registro Agrario Nacional (RAN) los documentos legales de su ejido, y con ello la certeza de la posesi\u00f3n de sus tierras que muchos ya cre\u00edan perdidas para siempre. Cinco a\u00f1os tuvieron que transcurrir para que los ejidatarios tuvieran de nuevo en sus\u2026","rel":"","context":"En &quot;CINTILLO&quot;","block_context":{"text":"CINTILLO","link":"https:\/\/www.grieta.org.mx\/index.php\/category\/cintillo\/"},"img":{"alt_text":"","src":"https:\/\/i0.wp.com\/www.grieta.org.mx\/wp-content\/uploads\/2019\/04\/cecilioIxil.jpg?resize=350%2C200&ssl=1","width":350,"height":200,"srcset":"https:\/\/i0.wp.com\/www.grieta.org.mx\/wp-content\/uploads\/2019\/04\/cecilioIxil.jpg?resize=350%2C200&ssl=1 1x, https:\/\/i0.wp.com\/www.grieta.org.mx\/wp-content\/uploads\/2019\/04\/cecilioIxil.jpg?resize=525%2C300&ssl=1 1.5x, https:\/\/i0.wp.com\/www.grieta.org.mx\/wp-content\/uploads\/2019\/04\/cecilioIxil.jpg?resize=700%2C400&ssl=1 2x"},"classes":[]},{"id":68179,"url":"https:\/\/www.grieta.org.mx\/index.php\/2023\/11\/29\/comunidades-mayas-exigen-que-autoridades-ejidales-defiendan-su-territorio-ante-inmobiliarias-yucatan\/","url_meta":{"origin":67484,"position":5},"title":"Comunidades mayas exigen que autoridades ejidales defiendan su territorio ante inmobiliarias (Yucat\u00e1n)","author":"grieta","date":"29 noviembre, 2023","format":false,"excerpt":"Sare Frabes \/ Avispa Midia Este martes (28), mediante conferencia de prensa, representantes de las comunidades mayas de Kinchil e Ixil, en Yucat\u00e1n, quienes resisten ante proyectos inmobiliarios, reiteraron su lucha en la defensa de sus territorios. Pobladores de Kinchil compartieron que el pasado domingo (26) consiguieron realizar una asamblea\u2026","rel":"","context":"En &quot;CINTILLO&quot;","block_context":{"text":"CINTILLO","link":"https:\/\/www.grieta.org.mx\/index.php\/category\/cintillo\/"},"img":{"alt_text":"","src":"https:\/\/i0.wp.com\/www.grieta.org.mx\/wp-content\/uploads\/2023\/11\/IxilKinchil-scaled-e1701373235289.jpg?resize=350%2C200&ssl=1","width":350,"height":200,"srcset":"https:\/\/i0.wp.com\/www.grieta.org.mx\/wp-content\/uploads\/2023\/11\/IxilKinchil-scaled-e1701373235289.jpg?resize=350%2C200&ssl=1 1x, https:\/\/i0.wp.com\/www.grieta.org.mx\/wp-content\/uploads\/2023\/11\/IxilKinchil-scaled-e1701373235289.jpg?resize=525%2C300&ssl=1 1.5x, https:\/\/i0.wp.com\/www.grieta.org.mx\/wp-content\/uploads\/2023\/11\/IxilKinchil-scaled-e1701373235289.jpg?resize=700%2C400&ssl=1 2x"},"classes":[]}],"_links":{"self":[{"href":"https:\/\/www.grieta.org.mx\/index.php\/wp-json\/wp\/v2\/posts\/67484","targetHints":{"allow":["GET"]}}],"collection":[{"href":"https:\/\/www.grieta.org.mx\/index.php\/wp-json\/wp\/v2\/posts"}],"about":[{"href":"https:\/\/www.grieta.org.mx\/index.php\/wp-json\/wp\/v2\/types\/post"}],"author":[{"embeddable":true,"href":"https:\/\/www.grieta.org.mx\/index.php\/wp-json\/wp\/v2\/users\/2"}],"replies":[{"embeddable":true,"href":"https:\/\/www.grieta.org.mx\/index.php\/wp-json\/wp\/v2\/comments?post=67484"}],"version-history":[{"count":1,"href":"https:\/\/www.grieta.org.mx\/index.php\/wp-json\/wp\/v2\/posts\/67484\/revisions"}],"predecessor-version":[{"id":67487,"href":"https:\/\/www.grieta.org.mx\/index.php\/wp-json\/wp\/v2\/posts\/67484\/revisions\/67487"}],"wp:featuredmedia":[{"embeddable":true,"href":"https:\/\/www.grieta.org.mx\/index.php\/wp-json\/wp\/v2\/media\/67485"}],"wp:attachment":[{"href":"https:\/\/www.grieta.org.mx\/index.php\/wp-json\/wp\/v2\/media?parent=67484"}],"wp:term":[{"taxonomy":"category","embeddable":true,"href":"https:\/\/www.grieta.org.mx\/index.php\/wp-json\/wp\/v2\/categories?post=67484"},{"taxonomy":"post_tag","embeddable":true,"href":"https:\/\/www.grieta.org.mx\/index.php\/wp-json\/wp\/v2\/tags?post=67484"}],"curies":[{"name":"wp","href":"https:\/\/api.w.org\/{rel}","templated":true}]}}