{"id":67417,"date":"2023-05-15T16:18:25","date_gmt":"2023-05-15T22:18:25","guid":{"rendered":"https:\/\/www.grieta.org.mx\/?p=67417"},"modified":"2023-08-08T17:11:25","modified_gmt":"2023-08-08T23:11:25","slug":"una-ciudad-de-10-000-hectareas-amenaza-la-selva-de-yucatan","status":"publish","type":"post","link":"https:\/\/www.grieta.org.mx\/index.php\/2023\/05\/15\/una-ciudad-de-10-000-hectareas-amenaza-la-selva-de-yucatan\/","title":{"rendered":"Una ciudad de 10.000 hect\u00e1reas amenaza la selva de Yucat\u00e1n"},"content":{"rendered":"<p>Pablo Ferri \/ Fotos Rodrigo Oropeza \/ El Pa\u00eds<\/p>\n<blockquote><p>Un grupo de ejidatarios denuncia el proyecto, auspiciado por otros compa\u00f1eros. Desde hace m\u00e1s de 20 a\u00f1os, la privatizaci\u00f3n de suelos comunitarios en la pen\u00ednsula es constante, acelerada ahora al calor de la construcci\u00f3n del Tren Maya <\/p><\/blockquote>\n<p>Enrique Hern\u00e1ndez lo ha sido todo en esta vida y, ahora, a los 66 a\u00f1os, ve c\u00f3mo la historia se complica y la paz con la que so\u00f1\u00f3 en su retiro se le deshace en las manos. \u201cNos quieren quitar la tierra\u201d, dice, incr\u00e9dulo. Golpes de carne hecho cuerpo, acorazado y a la vez fino, Hern\u00e1ndez ha sido chiclero, langostero, peluquero\u2026 Dej\u00f3 la pesca de langosta porque un d\u00eda, hace m\u00e1s de 40 a\u00f1os, se le hinch\u00f3 media cara en la profundidad del mar Caribe. Casi muere ahogado. Dej\u00f3 la chicler\u00eda porque otro d\u00eda, unos a\u00f1os m\u00e1s tarde, se cay\u00f3 de un zapote de nueve metros mientras cosechaba salvia en la selva. La peluquer\u00eda no la deja, un asunto sentimental: es de lo poco que le queda de su padre, uno de los peluqueros m\u00e1s c\u00e9lebres de la vieja Quintana Roo.<\/p>\n<p>\u201cMi padre trajo la primera estaci\u00f3n termoel\u00e9ctrica a Leona Vicario\u201d, cuenta el hombre, orgulloso. \u201c\u00a1\u00c9l trajo la luz!\u201d, a\u00f1ade, \u201cestaba muy bien conectado pol\u00edticamente\u201d. Tambi\u00e9n consigui\u00f3 entrar al ejido [terreno de explotaci\u00f3n colectiva entre varios campesinos], algo quiz\u00e1 m\u00e1s importante, visto c\u00f3mo ha aumentado el valor de la tierra en la pen\u00ednsula de Yucat\u00e1n. Antes del cambio de siglo, el padre se integr\u00f3 al ejido Leona Vicario. En aquella \u00e9poca, el ejido eran m\u00e1s de 60.000 hect\u00e1reas de selva, a 50 kil\u00f3metros de una peque\u00f1a colonia costera, la Benito Ju\u00e1rez. El hijo hered\u00f3 pocos a\u00f1os despu\u00e9s. Hoy, la peque\u00f1a colonia se ha convertido en Canc\u00fan y el ejido, en el escenario de una batalla por diferentes visiones sobre el futuro y el desarrollo.<\/p>\n<p>Hern\u00e1ndez ten\u00eda esperanzas en la tierra, quer\u00eda vivir feliz en su retiro, pero ahora la tierra se ha convertido en un problema. El hombre es parte de un grupo de ejidatarios de Leona Vicario que denuncia la \u00faltima gran intentona de la industria inmobiliaria en Quintana Roo. Acusa que integrantes del mismo ejido, apoyados en empresarios for\u00e1neos, pretenden levantar una ciudad de 10.000 hect\u00e1reas en mitad de la selva, usando adem\u00e1s terrenos ejidales adjudicados a \u00e9l y otros compa\u00f1eros. \u201cLo que quieren hacer es ilegal, no nos pueden despojar a nosotros\u201d, dice Hern\u00e1ndez.<\/p>\n<p><img loading=\"lazy\" decoding=\"async\" data-attachment-id=\"67419\" data-permalink=\"https:\/\/www.grieta.org.mx\/index.php\/2023\/05\/15\/una-ciudad-de-10-000-hectareas-amenaza-la-selva-de-yucatan\/ciudad2\/\" data-orig-file=\"https:\/\/www.grieta.org.mx\/wp-content\/uploads\/2023\/08\/Ciudad2-e1691535543439.jpg\" data-orig-size=\"800,452\" data-comments-opened=\"0\" data-image-meta=\"{&quot;aperture&quot;:&quot;0&quot;,&quot;credit&quot;:&quot;&quot;,&quot;camera&quot;:&quot;&quot;,&quot;caption&quot;:&quot;&quot;,&quot;created_timestamp&quot;:&quot;0&quot;,&quot;copyright&quot;:&quot;&quot;,&quot;focal_length&quot;:&quot;0&quot;,&quot;iso&quot;:&quot;0&quot;,&quot;shutter_speed&quot;:&quot;0&quot;,&quot;title&quot;:&quot;&quot;,&quot;orientation&quot;:&quot;1&quot;}\" data-image-title=\"Ciudad2\" data-image-description=\"\" data-image-caption=\"\" data-medium-file=\"https:\/\/www.grieta.org.mx\/wp-content\/uploads\/2023\/08\/Ciudad2-e1691535543439-300x170.jpg\" data-large-file=\"https:\/\/www.grieta.org.mx\/wp-content\/uploads\/2023\/08\/Ciudad2-1024x578.jpg\" src=\"http:\/\/www.grieta.org.mx\/wp-content\/uploads\/2023\/08\/Ciudad2-e1691535543439.jpg\" alt=\"\" width=\"800\" height=\"452\" class=\"alignnone size-full wp-image-67419\" srcset=\"https:\/\/www.grieta.org.mx\/wp-content\/uploads\/2023\/08\/Ciudad2-e1691535543439.jpg 800w, https:\/\/www.grieta.org.mx\/wp-content\/uploads\/2023\/08\/Ciudad2-e1691535543439-300x170.jpg 300w, https:\/\/www.grieta.org.mx\/wp-content\/uploads\/2023\/08\/Ciudad2-e1691535543439-768x434.jpg 768w\" sizes=\"auto, (max-width: 800px) 100vw, 800px\" \/><br \/>\nEnrique Hern\u00e1ndez, ejidatario y miembro de la asamblea del ejido Leona Vicario en Quintana Roo, el 11 de mayo de 2023.Rodrigo Oropeza<\/p>\n<p>El proyecto se llama Ciudad Aurum y ha protagonizado las asambleas del ejido desde enero. Hern\u00e1ndez y sus compa\u00f1eros explican que la ciudad es una idea de la nueva directiva del comisariado, \u00f3rgano de gobierno del ejido. Su actual presidente, Juan Garc\u00eda Asb\u00fan, logr\u00f3 el cargo en noviembre y ya para entonces, en reuniones informales, presentaba el proyecto a los dem\u00e1s. Al principio, dicen, contaba que iba a ser un desarrollo peque\u00f1o, de 600 hect\u00e1reas. Tierras de ellos. Pero con el paso de los meses, Garc\u00eda Asb\u00fan y sus socios mostraron intenciones distintas, hasta llegar a las 10.000 hect\u00e1reas, llev\u00e1ndose por delante tierras de ejidatarios que no estaban de acuerdo. EL PA\u00cdS contact\u00f3 v\u00eda WhatsApp con Garc\u00eda Asb\u00fan y, aunque al principio dijo que s\u00ed estaba dispuesta a conceder una entrevista, luego dej\u00f3 de contestar.<\/p>\n<p>M\u00e1s all\u00e1 de la cercan\u00eda con Canc\u00fan y la Riviera Maya, el atractivo de la zona radica en el paso cercano del Tren Maya, uno de los proyectos m\u00e1s importantes del Gobierno actual. Leona Vicario consigui\u00f3 que el Ejecutivo, encabezado por Andr\u00e9s Manuel L\u00f3pez Obrador, accediera a instalar una estaci\u00f3n junto al ejido, al que, por cierto, le compraron decenas de hect\u00e1reas de tierra para instalar las v\u00edas. Si el mero empuje del turismo y la industria inmobiliaria ha sido suficiente para cambiar las din\u00e1micas sociales y econ\u00f3micas en Yucat\u00e1n en el \u00faltimo cuarto de siglo, la aparici\u00f3n en el horizonte del Tren Maya ha acelerado el proceso a un grado que todav\u00eda es dif\u00edcil de entender.<\/p>\n<p>\u201cHab\u00eda escuchado que iban a crear este nuevo n\u00facleo de poblaci\u00f3n, asociado a Leona Vicario\u201d, dice Aar\u00f3n Siller, abogado de Centro Mexicano de Derecho Ambiental. \u201cEl Tren Maya no considera este tipo de consecuencias, estos polos de desarrollo no est\u00e1n contemplados en el impacto ambiental. [El tren] es un megaproyecto que promueve la especulaci\u00f3n y el despojo de tierras. Ha habido muchos conflictos. El proyecto ha provocado una especulaci\u00f3n inmobiliaria impresionante. Est\u00e1 provocando la lotificaci\u00f3n de la selva, de las tierras. Estamos en una anarqu\u00eda territorial\u201d, zanja.<\/p>\n<p><img loading=\"lazy\" decoding=\"async\" data-attachment-id=\"67420\" data-permalink=\"https:\/\/www.grieta.org.mx\/index.php\/2023\/05\/15\/una-ciudad-de-10-000-hectareas-amenaza-la-selva-de-yucatan\/ciudad3\/\" data-orig-file=\"https:\/\/www.grieta.org.mx\/wp-content\/uploads\/2023\/08\/Ciudad3-e1691535631310.jpg\" data-orig-size=\"800,557\" data-comments-opened=\"0\" data-image-meta=\"{&quot;aperture&quot;:&quot;0&quot;,&quot;credit&quot;:&quot;&quot;,&quot;camera&quot;:&quot;&quot;,&quot;caption&quot;:&quot;&quot;,&quot;created_timestamp&quot;:&quot;0&quot;,&quot;copyright&quot;:&quot;&quot;,&quot;focal_length&quot;:&quot;0&quot;,&quot;iso&quot;:&quot;0&quot;,&quot;shutter_speed&quot;:&quot;0&quot;,&quot;title&quot;:&quot;&quot;,&quot;orientation&quot;:&quot;1&quot;}\" data-image-title=\"Ciudad3\" data-image-description=\"\" data-image-caption=\"\" data-medium-file=\"https:\/\/www.grieta.org.mx\/wp-content\/uploads\/2023\/08\/Ciudad3-e1691535631310-300x209.jpg\" data-large-file=\"https:\/\/www.grieta.org.mx\/wp-content\/uploads\/2023\/08\/Ciudad3-1024x713.jpg\" src=\"http:\/\/www.grieta.org.mx\/wp-content\/uploads\/2023\/08\/Ciudad3-e1691535631310.jpg\" alt=\"\" width=\"800\" height=\"557\" class=\"alignnone size-full wp-image-67420\" srcset=\"https:\/\/www.grieta.org.mx\/wp-content\/uploads\/2023\/08\/Ciudad3-e1691535631310.jpg 800w, https:\/\/www.grieta.org.mx\/wp-content\/uploads\/2023\/08\/Ciudad3-e1691535631310-300x209.jpg 300w, https:\/\/www.grieta.org.mx\/wp-content\/uploads\/2023\/08\/Ciudad3-e1691535631310-768x535.jpg 768w\" sizes=\"auto, (max-width: 800px) 100vw, 800px\" \/><br \/>\nVista a\u00e9rea de la construcci\u00f3n de un puente que forma parte del tramo 5 de la ruta del Tren Maya, en Quintana Roo, M\u00e9xico el 11 de mayo de 2023.Rodrigo Oropeza<\/p>\n<p>Especuladores<\/p>\n<p>Ideados para hacer justicia a la poblaci\u00f3n tras la Revoluci\u00f3n, los ejidos aparecieron en M\u00e9xico como unidades de propiedad colectiva en el campo. Desde la d\u00e9cada de 1930, el Gobierno reparti\u00f3 millones de hect\u00e1reas entre millones de campesinos. La tierra se organiz\u00f3 en ejidos. No hab\u00eda due\u00f1os, la comunidad lo era. Los hijos de los ejidatarios heredaban sus derechos al campo, al bosque, a los pastos, cuando los padres mor\u00edan. As\u00ed funcion\u00f3 durante d\u00e9cadas. Pero luego lleg\u00f3 la modernidad.<\/p>\n<p>Durante el Gobierno de Carlos Salinas de Gortari (1988-1994), el PRI todopoderoso modific\u00f3 la Constituci\u00f3n y la Ley Agraria para permitir dos cambios fundamentales en el funcionamiento de los ejidos. Primero, posibilit\u00f3 que los terrenos se dividieran y se adjudicaran a los ejidatarios. Segundo, aval\u00f3 que la propiedad colectiva, ya troceada, se privatizase. En pocas regiones de M\u00e9xico, estos cambios tuvieron tanto efecto como en los estados peninsulares del sureste, Yucat\u00e1n, Quintana Roo y Campeche.<\/p>\n<p>En el estudio Tres d\u00e9cadas de privatizaci\u00f3n y despojo de la propiedad social en la Pen\u00ednsula de Yucat\u00e1n, la autora, la antrop\u00f3loga Gabriela Torres-Mazuera, da varias cifras que permitan entender la magnitud de la ola privatizadora. \u201cDesde 1992, cuando se reforma la ley agraria, hasta mayo de 2019, en Campeche, Quintana Roo y Yucat\u00e1n, un total de 22.660 parcelas, con una superficie de 192.600 hect\u00e1reas de tierra, dejaron de ser de propiedad social y se convirtieron en propiedad privada\u201d, escribe. 192.600 hect\u00e1reas, poco menos que todo el Estado de M\u00e9xico, tres ciudades como Madrid, una detr\u00e1s de otra.<\/p>\n<p>Hecha la ley, hecha la trampa. La posibilidad de trocear y vender ejidos motiv\u00f3 la aparici\u00f3n de una nueva especie, rapaz en la pen\u00ednsula de Yucat\u00e1n, la de los especuladores, expertos cazadores de reductos legales, inventores de ilegalidades varias, palancas que usaban para llevarse la tierra al menor costo posible. All\u00e1 en la regi\u00f3n les llaman la \u201cmafia agraria\u201d, ente cambiante y amorfo. Hern\u00e1ndez y sus compa\u00f1eros de Leona Vicario dicen que la mafia agraria est\u00e1 detr\u00e1s de Ciudad Aurum.<\/p>\n<p><img loading=\"lazy\" decoding=\"async\" data-attachment-id=\"67421\" data-permalink=\"https:\/\/www.grieta.org.mx\/index.php\/2023\/05\/15\/una-ciudad-de-10-000-hectareas-amenaza-la-selva-de-yucatan\/ciudad4\/\" data-orig-file=\"https:\/\/www.grieta.org.mx\/wp-content\/uploads\/2023\/08\/Ciudad4-e1691535727242.jpg\" data-orig-size=\"800,415\" data-comments-opened=\"0\" data-image-meta=\"{&quot;aperture&quot;:&quot;0&quot;,&quot;credit&quot;:&quot;&quot;,&quot;camera&quot;:&quot;&quot;,&quot;caption&quot;:&quot;&quot;,&quot;created_timestamp&quot;:&quot;0&quot;,&quot;copyright&quot;:&quot;&quot;,&quot;focal_length&quot;:&quot;0&quot;,&quot;iso&quot;:&quot;0&quot;,&quot;shutter_speed&quot;:&quot;0&quot;,&quot;title&quot;:&quot;&quot;,&quot;orientation&quot;:&quot;1&quot;}\" data-image-title=\"Ciudad4\" data-image-description=\"\" data-image-caption=\"\" data-medium-file=\"https:\/\/www.grieta.org.mx\/wp-content\/uploads\/2023\/08\/Ciudad4-e1691535727242-300x156.jpg\" data-large-file=\"https:\/\/www.grieta.org.mx\/wp-content\/uploads\/2023\/08\/Ciudad4-1024x531.jpg\" src=\"http:\/\/www.grieta.org.mx\/wp-content\/uploads\/2023\/08\/Ciudad4-e1691535727242.jpg\" alt=\"\" width=\"800\" height=\"415\" class=\"alignnone size-full wp-image-67421\" srcset=\"https:\/\/www.grieta.org.mx\/wp-content\/uploads\/2023\/08\/Ciudad4-e1691535727242.jpg 800w, https:\/\/www.grieta.org.mx\/wp-content\/uploads\/2023\/08\/Ciudad4-e1691535727242-300x156.jpg 300w, https:\/\/www.grieta.org.mx\/wp-content\/uploads\/2023\/08\/Ciudad4-e1691535727242-768x398.jpg 768w\" sizes=\"auto, (max-width: 800px) 100vw, 800px\" \/><br \/>\nUn trabajador del ejido Leona Vicario, limpia un cenote en Quintana Roo, el 11 de mayo de 2023.Rodrigo Oropeza<\/p>\n<p>La pregunta, claro, es c\u00f3mo lo hicieron, c\u00f3mo se meti\u00f3 la mafia agraria. Ejido de tipo forestal, la selva domina buena parte del territorio en Leona Vicario. Con los cambios legales de finales de la d\u00e9cada de 1990, los ejidatarios empezaron a delimitar sus propiedades. Hubo varios \u201caparcelamientos\u201d, como dicen ellos, parte de un l\u00e9xico, el ejidal, rico y enrevesado. Los ejidatarios se\u00f1alaban sus parcelas, todas enormes, de decenas de hect\u00e1reas. Al calor del desarrollo de Canc\u00fan, algunos empezaron a vender tierras. Otros, adem\u00e1s de las tierras, vend\u00edan sus certificados ejidales.<\/p>\n<p>Hern\u00e1ndez y los dem\u00e1s cuentan que el \u00faltimo gran aparcelamiento en Leona Vicario fue en 2009, situaci\u00f3n comprobable gracias a un plano que hicieron llegar a EL PA\u00cdS. En el plano, dicen, se observa c\u00f3mo la superficie donde hoy \u201clos otros\u201d quieren desarrollar Ciudad Aurum, se reparti\u00f3 entre decenas de ejidatarios. \u201cEl problema\u201d, explica Santiago May, uno de los compa\u00f1eros de Hern\u00e1ndez, \u201ces que muchos no queremos dar nuestra tierra para ese proyecto\u201d.<\/p>\n<p>Se sabe poco de Ciudad Aurum. Hern\u00e1ndez y los dem\u00e1s han mandado algunos v\u00eddeos y fotograf\u00edas estos d\u00edas, de la presentaci\u00f3n del proyecto en las asambleas celebradas en los primeros cuatro meses del a\u00f1o. En las im\u00e1genes aparece el presidente del comisariado, Garc\u00eda Asb\u00fan, y un personaje del que echan pestes, convertido en ejidatario hace unos a\u00f1os, Jos\u00e9 Leonel Noya. \u201cEn la \u00faltima asamblea, en abril, vendieron la idea de que a cada ejidatario que les apoyara le iban a dar 25 hect\u00e1reas dentro del proyecto\u201d, cuenta May.<\/p>\n<p>Tanto May como Hern\u00e1ndez cuentan que el gran problema de la tierra en el ejido tiene que ver con la cantidad de ejidatarios que, aunque lo sigan siendo, ya vendieron todos sus terrenos. Despu\u00e9s del aparcelamiento de 2009, los 389 ejidatarios de Leona Vicario ya hab\u00edan elegido sus 100 hect\u00e1reas correspondientes, a reserva de 54 hect\u00e1reas m\u00e1s que podr\u00edan elegir en un futuro. Algunos las vendieron todas, pero siguen teniendo voz y voto en la asamblea. Los dos hombres se\u00f1alan que ese es el punto d\u00e9bil del ejido. \u201cLos manipulan, les dicen que les van a dar tierras, que les van a pagar, para que voten a favor de Aurum\u201d, se\u00f1alan.<\/p>\n<p><img loading=\"lazy\" decoding=\"async\" data-attachment-id=\"67422\" data-permalink=\"https:\/\/www.grieta.org.mx\/index.php\/2023\/05\/15\/una-ciudad-de-10-000-hectareas-amenaza-la-selva-de-yucatan\/ciudad5\/\" data-orig-file=\"https:\/\/www.grieta.org.mx\/wp-content\/uploads\/2023\/08\/Ciudad5-e1691535833310.jpg\" data-orig-size=\"800,517\" data-comments-opened=\"0\" data-image-meta=\"{&quot;aperture&quot;:&quot;0&quot;,&quot;credit&quot;:&quot;&quot;,&quot;camera&quot;:&quot;&quot;,&quot;caption&quot;:&quot;&quot;,&quot;created_timestamp&quot;:&quot;0&quot;,&quot;copyright&quot;:&quot;&quot;,&quot;focal_length&quot;:&quot;0&quot;,&quot;iso&quot;:&quot;0&quot;,&quot;shutter_speed&quot;:&quot;0&quot;,&quot;title&quot;:&quot;&quot;,&quot;orientation&quot;:&quot;1&quot;}\" data-image-title=\"Ciudad5\" data-image-description=\"\" data-image-caption=\"\" data-medium-file=\"https:\/\/www.grieta.org.mx\/wp-content\/uploads\/2023\/08\/Ciudad5-e1691535833310-300x194.jpg\" data-large-file=\"https:\/\/www.grieta.org.mx\/wp-content\/uploads\/2023\/08\/Ciudad5-1024x661.jpg\" src=\"http:\/\/www.grieta.org.mx\/wp-content\/uploads\/2023\/08\/Ciudad5-e1691535833310.jpg\" alt=\"\" width=\"800\" height=\"517\" class=\"alignnone size-full wp-image-67422\" srcset=\"https:\/\/www.grieta.org.mx\/wp-content\/uploads\/2023\/08\/Ciudad5-e1691535833310.jpg 800w, https:\/\/www.grieta.org.mx\/wp-content\/uploads\/2023\/08\/Ciudad5-e1691535833310-300x194.jpg 300w, https:\/\/www.grieta.org.mx\/wp-content\/uploads\/2023\/08\/Ciudad5-e1691535833310-768x496.jpg 768w\" sizes=\"auto, (max-width: 800px) 100vw, 800px\" \/><br \/>\nSantiago May (D), ejidatario y miembro de la asamblea del ejido Leona Vicario, en una reuni\u00f3n con trabajadores en Quintana Roo, el 11 de mayo de 2023.Rodrigo Oropeza<\/p>\n<p>Desarollo versus desarrollo<\/p>\n<p>Pese a lo que pueda parecer, la batalla de Leona Vicario no es entre un grupo de pobres ejidatarios desinteresados y la terrible y voraz mafia agraria. Hay intereses en ambos lados. La disputa trasciende la noci\u00f3n maniquea de tradici\u00f3n versus desarrollo. Son, al final, dos formas de desarrollo. Ambos lados manejan recursos porque disponen de enormes cantidades de tierra y, por tanto, de dinero. Hern\u00e1ndez, May y sus compa\u00f1eros tienen en mente desarrollar un proyecto ecotur\u00edstico, la ruta de las lagunas, cuyo impacto, aseguran, ser\u00e1 menor.<\/p>\n<p>Lo que no est\u00e1 claro es c\u00f3mo se supone que uno u otro lado llevar\u00edan a cabo sus proyectos. En entrevista con este diario, la antrop\u00f3loga Torres-Mazuera se\u00f1ala que \u201ces ilegal parcelar partes de los ejidos con cubierta forestal\u201d, caso de Leona Vicario. Pese a ello, la selva cede poco a poco. En una visita la semana pasada, la presencia de hoteles, glampings o peque\u00f1os desarrollos inmobiliarios era constante. \u201cDesde 2018, la Procuradur\u00eda Agraria se ha puesto muy estricta con el tema de cambio de destino\u201d, explica la acad\u00e9mica. Torres-Mazuera se refiere a un ardid legal, habitual en la zona desde la d\u00e9cada del 2000, que permite a los ejidos cambiar la modalidad de tenencia para allanar el camino a las inmobiliarias.<\/p>\n<p><img loading=\"lazy\" decoding=\"async\" data-attachment-id=\"67423\" data-permalink=\"https:\/\/www.grieta.org.mx\/index.php\/2023\/05\/15\/una-ciudad-de-10-000-hectareas-amenaza-la-selva-de-yucatan\/ciudad6\/\" data-orig-file=\"https:\/\/www.grieta.org.mx\/wp-content\/uploads\/2023\/08\/Ciudad6-e1691535938649.jpg\" data-orig-size=\"800,514\" data-comments-opened=\"0\" data-image-meta=\"{&quot;aperture&quot;:&quot;0&quot;,&quot;credit&quot;:&quot;&quot;,&quot;camera&quot;:&quot;&quot;,&quot;caption&quot;:&quot;&quot;,&quot;created_timestamp&quot;:&quot;0&quot;,&quot;copyright&quot;:&quot;&quot;,&quot;focal_length&quot;:&quot;0&quot;,&quot;iso&quot;:&quot;0&quot;,&quot;shutter_speed&quot;:&quot;0&quot;,&quot;title&quot;:&quot;&quot;,&quot;orientation&quot;:&quot;1&quot;}\" data-image-title=\"Ciudad6\" data-image-description=\"\" data-image-caption=\"\" data-medium-file=\"https:\/\/www.grieta.org.mx\/wp-content\/uploads\/2023\/08\/Ciudad6-e1691535938649-300x193.jpg\" data-large-file=\"https:\/\/www.grieta.org.mx\/wp-content\/uploads\/2023\/08\/Ciudad6-1024x658.jpg\" src=\"http:\/\/www.grieta.org.mx\/wp-content\/uploads\/2023\/08\/Ciudad6-e1691535938649.jpg\" alt=\"\" width=\"800\" height=\"514\" class=\"alignnone size-full wp-image-67423\" srcset=\"https:\/\/www.grieta.org.mx\/wp-content\/uploads\/2023\/08\/Ciudad6-e1691535938649.jpg 800w, https:\/\/www.grieta.org.mx\/wp-content\/uploads\/2023\/08\/Ciudad6-e1691535938649-300x193.jpg 300w, https:\/\/www.grieta.org.mx\/wp-content\/uploads\/2023\/08\/Ciudad6-e1691535938649-768x493.jpg 768w\" sizes=\"auto, (max-width: 800px) 100vw, 800px\" \/><br \/>\nUna excavadora arregla el camino de la futura ruta de las lagunas, en el ejido Leona Vicario, en Quintana Roo, el 11 de mayo de 2023.Rodrigo Oropeza<\/p>\n<p>El abogado Aar\u00f3n Siller cuenta adem\u00e1s que la legislaci\u00f3n local y estatal deber\u00eda contener el desarrollo en la zona, al menos en el caso de Ciudad Aurum. Leona Vicario pertenece al joven municipio de Puerto Morelos, que se desgaj\u00f3 de Canc\u00fan hace unos a\u00f1os. Por su juventud, Puerto carece todav\u00eda de plan de ordenamiento ecol\u00f3gico y Leona Vicario debe regirse por el de Canc\u00fan. \u201cEl ordenamiento ecol\u00f3gico local de Canc\u00fan establece limites y unbrales de aprovechamiento. Y sin duda alguna, esa cantidad de hect\u00e1reas, con la poblaci\u00f3n estimada, no lo permite el ordenamiento\u201d, explica. \u201cLo que creo que busca Puerto Morelos es crear su propio ordenamiento local, para autoasignarse grandes densidades de poblaci\u00f3n, que no deber\u00edan ser, porque ponen en riesgo no solo ese lugar, sino tambi\u00e9n a Canc\u00fan. Mucha del agua qiue viene ahi es recargada en esa zona\u201d, a\u00f1ade.<\/p>\n<p>En plena selva, Santiago May se\u00f1ala una estaca clavada en el piso. \u201cHasta aqu\u00ed llega mi terreno y el de mi esposa\u201d, explica. El hombre cuenta que arrib\u00f3 al ejido en la d\u00e9cada de 1990. \u201cYo compr\u00e9 entonces mi certificado. En esa \u00e9poca estaban muy baratos, un mill\u00f3n de pesos\u201d, dice. \u201cAhorita valen 15, 20 millones\u201d. Alrededor de un mill\u00f3n de d\u00f3lares. May se cas\u00f3 con la hija de un ejidatario y, a su muerte, la mujer hered\u00f3. Entre los dos juntaron algo m\u00e1s de 200 hect\u00e1reas, terreno forestal, selva, cenotes y monos.<\/p>\n<p>\u201cYo quiero hacer aqu\u00ed un parque ecotur\u00edstico. Mi hija est\u00e1 por recibirse ya de abogada, pero ella se ha dedicado m\u00e1s a esto, a gu\u00eda. Le gusta\u201d, explica el hombre. \u201cY me dijo, \u2018pa\u2019, ay\u00fadame y yo lo gestiono\u201d, cuenta. Cuando escuch\u00f3 por primera vez en la asamblea, que el comisariado pretend\u00eda construir Ciudad Aurum justo encima de sus hect\u00e1reas, dijo, \u2018bueno, al menos d\u00e9jenme 10 hect\u00e1reas para mi proyecto\u201d. Luego podr\u00eda recuperar el resto de su terreno en otra parte del ejido. Pero le dijeron que si las quer\u00eda, que las pagara: cuatro millones de pesos cada una. \u201cEs un robo lo que nos quieren hacer, no son derechos\u201d, critica.<\/p>\n<p><img loading=\"lazy\" decoding=\"async\" data-attachment-id=\"67424\" data-permalink=\"https:\/\/www.grieta.org.mx\/index.php\/2023\/05\/15\/una-ciudad-de-10-000-hectareas-amenaza-la-selva-de-yucatan\/ciudad7\/\" data-orig-file=\"https:\/\/www.grieta.org.mx\/wp-content\/uploads\/2023\/08\/Ciudad7-e1691536034506.jpg\" data-orig-size=\"800,520\" data-comments-opened=\"0\" data-image-meta=\"{&quot;aperture&quot;:&quot;0&quot;,&quot;credit&quot;:&quot;&quot;,&quot;camera&quot;:&quot;&quot;,&quot;caption&quot;:&quot;&quot;,&quot;created_timestamp&quot;:&quot;0&quot;,&quot;copyright&quot;:&quot;&quot;,&quot;focal_length&quot;:&quot;0&quot;,&quot;iso&quot;:&quot;0&quot;,&quot;shutter_speed&quot;:&quot;0&quot;,&quot;title&quot;:&quot;&quot;,&quot;orientation&quot;:&quot;1&quot;}\" data-image-title=\"Ciudad7\" data-image-description=\"\" data-image-caption=\"\" data-medium-file=\"https:\/\/www.grieta.org.mx\/wp-content\/uploads\/2023\/08\/Ciudad7-e1691536034506-300x195.jpg\" data-large-file=\"https:\/\/www.grieta.org.mx\/wp-content\/uploads\/2023\/08\/Ciudad7-1024x666.jpg\" src=\"http:\/\/www.grieta.org.mx\/wp-content\/uploads\/2023\/08\/Ciudad7-e1691536034506.jpg\" alt=\"\" width=\"800\" height=\"520\" class=\"alignnone size-full wp-image-67424\" srcset=\"https:\/\/www.grieta.org.mx\/wp-content\/uploads\/2023\/08\/Ciudad7-e1691536034506.jpg 800w, https:\/\/www.grieta.org.mx\/wp-content\/uploads\/2023\/08\/Ciudad7-e1691536034506-300x195.jpg 300w, https:\/\/www.grieta.org.mx\/wp-content\/uploads\/2023\/08\/Ciudad7-e1691536034506-768x499.jpg 768w\" sizes=\"auto, (max-width: 800px) 100vw, 800px\" \/><br \/>\nSantiago May, ejidatario y miembro de la asamblea del ejido Leona Vicario, durante una entrevista en Quintana Roo, el 11 de mayo de 2023.Rodrigo Oropeza<\/p>\n<p><a href=\"https:\/\/elpais.com\/mexico\/2023-05-15\/una-ciudad-de-10000-hectareas-amenaza-la-selva-de-yucatan.html\" rel=\"noopener\" target=\"_blank\">https:\/\/elpais.com\/mexico\/2023-05-15\/una-ciudad-de-10000-hectareas-amenaza-la-selva-de-yucatan.html<\/a><\/p>\n","protected":false},"excerpt":{"rendered":"<p>Pablo Ferri \/ Fotos Rodrigo Oropeza \/ El Pa\u00eds Un grupo de ejidatarios denuncia el proyecto, auspiciado por otros compa\u00f1eros. Desde hace m\u00e1s de 20 a\u00f1os, la privatizaci\u00f3n de suelos &hellip; <a href=\"https:\/\/www.grieta.org.mx\/index.php\/2023\/05\/15\/una-ciudad-de-10-000-hectareas-amenaza-la-selva-de-yucatan\/\" class=\"more-link\">Leer m\u00e1s<\/a><\/p>\n","protected":false},"author":2,"featured_media":67418,"comment_status":"closed","ping_status":"closed","sticky":false,"template":"","format":"standard","meta":{"ngg_post_thumbnail":0,"_jetpack_newsletter_access":"","_jetpack_dont_email_post_to_subs":false,"_jetpack_newsletter_tier_id":0,"_jetpack_memberships_contains_paywalled_content":false,"_jetpack_memberships_contains_paid_content":false,"footnotes":""},"categories":[80,2949,2749,3,922,926,944,952,2,28,2005,1876,2026],"tags":[2942,3699,2987,1878],"class_list":["post-67417","post","type-post","status-publish","format-standard","has-post-thumbnail","hentry","category-cintillo","category-despojo-de-tierras-en-quintana-roo","category-destruccion-y-contaminacion-ambiental-en-quintana-roo","category-megaproyectos","category-megaproyectos-estados","category-mp-campeche","category-mp-quintana-roo","category-mp-yucatan","category-noticias-nacionales","category-quintana-roo","category-resistencia-al-despojo-de-tierras-y-aguas-ejidales-en-quintana-roo","category-resistencia-al-tren-maya-en-la-peninsula-de-yucatan-quintana-roo","category-tren-maya","tag-despojo-de-tierras-por-inmobiliarias","tag-destruccion-ambiental-por-proyectos-inmobiliarios","tag-impacto-ecologico-por-tren-maya","tag-tren-maya","entry"],"jetpack_featured_media_url":"https:\/\/www.grieta.org.mx\/wp-content\/uploads\/2023\/08\/Ciudad-e1691535427943.jpg","jetpack_sharing_enabled":true,"jetpack_shortlink":"https:\/\/wp.me\/p7ZJR4-hxn","jetpack_likes_enabled":false,"jetpack-related-posts":[{"id":35945,"url":"https:\/\/www.grieta.org.mx\/index.php\/2019\/07\/05\/expansion-de-megaproyectos-en-la-peninsula-de-yucatan-video\/","url_meta":{"origin":67417,"position":0},"title":"Expansi\u00f3n de Megaproyectos en la Pen\u00ednsula de Yucat\u00e1n (Video)","author":"grieta","date":"5 julio, 2019","format":false,"excerpt":"https:\/\/youtu.be\/qLBARIAaBsI","rel":"","context":"En &quot;Campeche&quot;","block_context":{"text":"Campeche","link":"https:\/\/www.grieta.org.mx\/index.php\/category\/noticias-nacionales\/campeche\/"},"img":{"alt_text":"","src":"https:\/\/i0.wp.com\/img.youtube.com\/vi\/qLBARIAaBsI\/0.jpg?resize=350%2C200","width":350,"height":200},"classes":[]},{"id":47874,"url":"https:\/\/www.grieta.org.mx\/index.php\/2020\/04\/13\/las-vias-torcidas-del-tren-maya-video\/","url_meta":{"origin":67417,"position":1},"title":"Las v\u00edas torcidas del tren maya (Video)","author":"grieta","date":"13 abril, 2020","format":false,"excerpt":"https:\/\/www.youtube.com\/watch?v=k8FRX9eT0YY","rel":"","context":"En &quot;16. Pueblo Maya&quot;","block_context":{"text":"16. Pueblo Maya","link":"https:\/\/www.grieta.org.mx\/index.php\/category\/espejos-de-la-resistencia\/16-pueblo-maya\/"},"img":{"alt_text":"","src":"https:\/\/i0.wp.com\/www.grieta.org.mx\/wp-content\/uploads\/2020\/04\/ViasTorcidasTrenMaya.png?resize=350%2C200&ssl=1","width":350,"height":200,"srcset":"https:\/\/i0.wp.com\/www.grieta.org.mx\/wp-content\/uploads\/2020\/04\/ViasTorcidasTrenMaya.png?resize=350%2C200&ssl=1 1x, https:\/\/i0.wp.com\/www.grieta.org.mx\/wp-content\/uploads\/2020\/04\/ViasTorcidasTrenMaya.png?resize=525%2C300&ssl=1 1.5x, https:\/\/i0.wp.com\/www.grieta.org.mx\/wp-content\/uploads\/2020\/04\/ViasTorcidasTrenMaya.png?resize=700%2C400&ssl=1 2x"},"classes":[]},{"id":68844,"url":"https:\/\/www.grieta.org.mx\/index.php\/2024\/04\/29\/ambientalistas-clausuran-las-oficinas-de-semarnat-tras-calificarla-de-ecocida-quintana-roo\/","url_meta":{"origin":67417,"position":2},"title":"Ambientalistas &#8220;clausuran&#8221; las oficinas de Semarnat tras calificarla de ecocida (Quintana Roo)","author":"grieta","date":"29 abril, 2024","format":false,"excerpt":"Leslie Gordillo \/ NOTICARIBE PENINSULAR CANC\u00daN.- Un grupo de ambientalistas, representante de diferentes organismos y asociaciones civiles, se manifestaron en la zona hotelera de Canc\u00fan y clausuraron de manera simb\u00f3lica las oficinas de la Secretar\u00eda de Medio Ambiente y Recursos Naturales (Semarnat). La denuncia es que la Semarnat ha sido\u2026","rel":"","context":"En &quot;Campeche&quot;","block_context":{"text":"Campeche","link":"https:\/\/www.grieta.org.mx\/index.php\/category\/noticias-nacionales\/campeche\/"},"img":{"alt_text":"","src":"https:\/\/i0.wp.com\/www.grieta.org.mx\/wp-content\/uploads\/2024\/04\/ambientalitas-e1715552774254.jpg?resize=350%2C200&ssl=1","width":350,"height":200,"srcset":"https:\/\/i0.wp.com\/www.grieta.org.mx\/wp-content\/uploads\/2024\/04\/ambientalitas-e1715552774254.jpg?resize=350%2C200&ssl=1 1x, https:\/\/i0.wp.com\/www.grieta.org.mx\/wp-content\/uploads\/2024\/04\/ambientalitas-e1715552774254.jpg?resize=525%2C300&ssl=1 1.5x, https:\/\/i0.wp.com\/www.grieta.org.mx\/wp-content\/uploads\/2024\/04\/ambientalitas-e1715552774254.jpg?resize=700%2C400&ssl=1 2x"},"classes":[]},{"id":35613,"url":"https:\/\/www.grieta.org.mx\/index.php\/2019\/06\/27\/impactos-sociales-y-territoriales-del-proyecto-tren-maya-video\/","url_meta":{"origin":67417,"position":3},"title":"Impactos sociales y territoriales del proyecto tren maya (Video)","author":"grieta","date":"27 junio, 2019","format":false,"excerpt":"https:\/\/youtu.be\/FPH4ZTKgMPc","rel":"","context":"En &quot;CINTILLO&quot;","block_context":{"text":"CINTILLO","link":"https:\/\/www.grieta.org.mx\/index.php\/category\/cintillo\/"},"img":{"alt_text":"","src":"https:\/\/i0.wp.com\/www.grieta.org.mx\/wp-content\/uploads\/2018\/03\/14524434_1106112876131411_958039263622046936_o.jpg?resize=350%2C200&ssl=1","width":350,"height":200,"srcset":"https:\/\/i0.wp.com\/www.grieta.org.mx\/wp-content\/uploads\/2018\/03\/14524434_1106112876131411_958039263622046936_o.jpg?resize=350%2C200&ssl=1 1x, https:\/\/i0.wp.com\/www.grieta.org.mx\/wp-content\/uploads\/2018\/03\/14524434_1106112876131411_958039263622046936_o.jpg?resize=525%2C300&ssl=1 1.5x, https:\/\/i0.wp.com\/www.grieta.org.mx\/wp-content\/uploads\/2018\/03\/14524434_1106112876131411_958039263622046936_o.jpg?resize=700%2C400&ssl=1 2x"},"classes":[]},{"id":66739,"url":"https:\/\/www.grieta.org.mx\/index.php\/2023\/03\/20\/denunciado-un-buque-cubano-por-danar-el-arrecife-mexicano-con-material-para-el-tren-maya-quintana-roo\/","url_meta":{"origin":67417,"position":4},"title":"Denunciado un buque cubano por da\u00f1ar el arrecife mexicano con material para el Tren Maya (Quintana Roo)","author":"grieta","date":"20 marzo, 2023","format":false,"excerpt":"El Pa\u00eds El buzo y ambientalista Alberto Friscione emprendi\u00f3 una expedici\u00f3n para bucear cerca del buque Melody. El barco transporta una carga de 20.000 toneladas de porfirita (un tipo de roca) procedentes de Cuba y que servir\u00e1n de balasto para el Tren Maya. De acuerdo con los hallazgos de Friscione,\u2026","rel":"","context":"En &quot;CINTILLO&quot;","block_context":{"text":"CINTILLO","link":"https:\/\/www.grieta.org.mx\/index.php\/category\/cintillo\/"},"img":{"alt_text":"","src":"https:\/\/i0.wp.com\/www.grieta.org.mx\/wp-content\/uploads\/2023\/04\/PuertoMorelos-scaled-e1680386565174.jpg?resize=350%2C200&ssl=1","width":350,"height":200,"srcset":"https:\/\/i0.wp.com\/www.grieta.org.mx\/wp-content\/uploads\/2023\/04\/PuertoMorelos-scaled-e1680386565174.jpg?resize=350%2C200&ssl=1 1x, https:\/\/i0.wp.com\/www.grieta.org.mx\/wp-content\/uploads\/2023\/04\/PuertoMorelos-scaled-e1680386565174.jpg?resize=525%2C300&ssl=1 1.5x, https:\/\/i0.wp.com\/www.grieta.org.mx\/wp-content\/uploads\/2023\/04\/PuertoMorelos-scaled-e1680386565174.jpg?resize=700%2C400&ssl=1 2x"},"classes":[]},{"id":58003,"url":"https:\/\/www.grieta.org.mx\/index.php\/2021\/03\/27\/son-proyectos-que-no-estan-siendo-consultados-por-tren-maya-se-harian-10-parques-solares-activistas-de-yucatan-no-quieren-mas-despojo-de-tierras\/","url_meta":{"origin":67417,"position":5},"title":"\u201cSon proyectos que no est\u00e1n siendo consultados\u201d: Por Tren Maya, se har\u00edan 10 parques solares; activistas de Yucat\u00e1n no quieren m\u00e1s despojo de tierras","author":"grieta","date":"27 marzo, 2021","format":false,"excerpt":"Itzel Chan \/ Noticaribe M\u00c9RIDA, MX.- Ante el anuncio relacionado con la construcci\u00f3n de 10 parques de energ\u00eda solar para abastecer los tramos electrificados del Tren Maya, integrantes de la Asamblea de Defensores del Territorio Maya M\u00fauch\u2019 X\u00edinbal, se pronuncian desde ahora que se oponen a m\u00e1s despojo de tierras.\u2026","rel":"","context":"En &quot;Campeche&quot;","block_context":{"text":"Campeche","link":"https:\/\/www.grieta.org.mx\/index.php\/category\/noticias-nacionales\/campeche\/"},"img":{"alt_text":"","src":"https:\/\/i0.wp.com\/www.grieta.org.mx\/wp-content\/uploads\/2021\/03\/ParquesSolaresTrenMalla-e1616978369383.png?resize=350%2C200&ssl=1","width":350,"height":200,"srcset":"https:\/\/i0.wp.com\/www.grieta.org.mx\/wp-content\/uploads\/2021\/03\/ParquesSolaresTrenMalla-e1616978369383.png?resize=350%2C200&ssl=1 1x, https:\/\/i0.wp.com\/www.grieta.org.mx\/wp-content\/uploads\/2021\/03\/ParquesSolaresTrenMalla-e1616978369383.png?resize=525%2C300&ssl=1 1.5x, https:\/\/i0.wp.com\/www.grieta.org.mx\/wp-content\/uploads\/2021\/03\/ParquesSolaresTrenMalla-e1616978369383.png?resize=700%2C400&ssl=1 2x"},"classes":[]}],"_links":{"self":[{"href":"https:\/\/www.grieta.org.mx\/index.php\/wp-json\/wp\/v2\/posts\/67417","targetHints":{"allow":["GET"]}}],"collection":[{"href":"https:\/\/www.grieta.org.mx\/index.php\/wp-json\/wp\/v2\/posts"}],"about":[{"href":"https:\/\/www.grieta.org.mx\/index.php\/wp-json\/wp\/v2\/types\/post"}],"author":[{"embeddable":true,"href":"https:\/\/www.grieta.org.mx\/index.php\/wp-json\/wp\/v2\/users\/2"}],"replies":[{"embeddable":true,"href":"https:\/\/www.grieta.org.mx\/index.php\/wp-json\/wp\/v2\/comments?post=67417"}],"version-history":[{"count":1,"href":"https:\/\/www.grieta.org.mx\/index.php\/wp-json\/wp\/v2\/posts\/67417\/revisions"}],"predecessor-version":[{"id":67425,"href":"https:\/\/www.grieta.org.mx\/index.php\/wp-json\/wp\/v2\/posts\/67417\/revisions\/67425"}],"wp:featuredmedia":[{"embeddable":true,"href":"https:\/\/www.grieta.org.mx\/index.php\/wp-json\/wp\/v2\/media\/67418"}],"wp:attachment":[{"href":"https:\/\/www.grieta.org.mx\/index.php\/wp-json\/wp\/v2\/media?parent=67417"}],"wp:term":[{"taxonomy":"category","embeddable":true,"href":"https:\/\/www.grieta.org.mx\/index.php\/wp-json\/wp\/v2\/categories?post=67417"},{"taxonomy":"post_tag","embeddable":true,"href":"https:\/\/www.grieta.org.mx\/index.php\/wp-json\/wp\/v2\/tags?post=67417"}],"curies":[{"name":"wp","href":"https:\/\/api.w.org\/{rel}","templated":true}]}}