{"id":67387,"date":"2023-08-02T20:51:55","date_gmt":"2023-08-03T02:51:55","guid":{"rendered":"https:\/\/www.grieta.org.mx\/?p=67387"},"modified":"2023-08-06T21:00:15","modified_gmt":"2023-08-07T03:00:15","slug":"fugas-de-gas-y-aceite-resultado-del-desconocimiento-de-los-directivos-de-pemex-untypp-campeche","status":"publish","type":"post","link":"https:\/\/www.grieta.org.mx\/index.php\/2023\/08\/02\/fugas-de-gas-y-aceite-resultado-del-desconocimiento-de-los-directivos-de-pemex-untypp-campeche\/","title":{"rendered":"Fugas de gas y aceite, resultado del desconocimiento de los directivos de Pemex: UNTyPP (Campeche)"},"content":{"rendered":"<p>Gabriel Graniel Herrera \/ La Jornada Maya<\/p>\n<p> Ciudad del Carmen, Campeche<\/p>\n<p>El cierre de operaciones del barco Yuum K\u2019ak\u2019 N\u00e1ab en la Sonda de Campeche, por una fuga de aceite en uno de sus ductos, es el resultado del desconocimiento de los directivos de Petr\u00f3leos Mexicanos (Pemex) sobre las condiciones en que se encuentran las instalaciones petroleras y no dar mantenimiento adecuado a las mismas, lo que provica da\u00f1os al medio ambiente y p\u00e9rdidas econ\u00f3micas millonarias, afirm\u00f3 Pablo L\u00f3pez Figueroa, secretario del Trabajo, Conflictos y Previsi\u00f3n Social de la Uni\u00f3n Nacional de T\u00e9cnicos y Profesionistas Petroleros (UNTyPP).<\/p>\n<p>Se\u00f1al\u00f3 que las fallas en las instalaciones petroleras no son una sorpresa, ni algo inesperado, ya que la incapacidad de funcionarios de Pemex de la 4T, las est\u00e1 llevando a este nivel de riesgo.<\/p>\n<p>\u201cLas fugas de gas y crudo, las p\u00e9rdidas econ\u00f3micas por el paro de la producci\u00f3n, los obreros lesionados, las muertes, los diferimientos en la extracci\u00f3n de crudo, la contaminaci\u00f3n al medio ambiente, todos sabemos que se est\u00e1n presentando por las condiciones deplorables en que se encuentran las instalaciones petroleras en la Sonda de Campeche\u201d.<\/p>\n<p>Neg\u00f3 que se trate de negligencia, ya que los directivos de Pemex desconocen los procesos y las instalaciones marinas de la petrolera nacional, por lo que no pueden tomar decisiones acertadas sobre situaciones cr\u00edticas.<\/p>\n<p>\u201cHay un completo desconocimiento de las autoridades que administran Pemex, no saben que es lo que puede al quitar las plazas de los especialistas t\u00e9cnicos, al no darles cumplir con los planes por falta de mantenimiento, por falta de presupuestos, la no querer sacar de operaci\u00f3n algunas instalaciones, no saben nada, por ello no pueden tomar decisiones acertadas\u201d.<\/p>\n<p>Record\u00f3 que algunas plataformas ya cumplieron sus a\u00f1os de vida \u00fatil, por lo que al no recibir los mantenimientos adecuados, no s\u00f3lo se expone a las instalaciones, sino tambi\u00e9n a los obreros, al medio ambiente y la producci\u00f3n. <\/p>\n<p>L\u00f3pez Figueroa indic\u00f3 que al salir de operaci\u00f3n el barco Yuum K\u2019ak\u2019 N\u00e1ab no se presentan p\u00e9rdidas econ\u00f3micas muy graves, ya que difieren el crudo a Dos Bocas, en donde se almacena y, en su momento, se buscar\u00e1n las alternativas para enviar esta producci\u00f3n a donde corresponde.<\/p>\n<p>\u201cSi hablamos que los ductos han rebasado su vida \u00fatil de los ductos, al meterle m\u00e1s presi\u00f3n a una l\u00ednea se podr\u00eda causar un da\u00f1o mayor, da\u00f1os irreversibles al medio ambiente y lo peor ser\u00edan las p\u00e9rdidas humanas\u201d.<\/p>\n<p><a href=\"https:\/\/www.lajornadamaya.mx\/campeche\/218726\/fugas-de-gas-y-aceite-resultado-del-desconocimiento-de-los-directivos-de-pemex-untypp-sonda-de-campeche-carmen\" rel=\"noopener\" target=\"_blank\">https:\/\/www.lajornadamaya.mx\/campeche\/218726\/fugas-de-gas-y-aceite-resultado-del-desconocimiento-de-los-directivos-de-pemex-untypp-sonda-de-campeche-carmen<\/a><\/p>\n","protected":false},"excerpt":{"rendered":"<p>Gabriel Graniel Herrera \/ La Jornada Maya Ciudad del Carmen, Campeche El cierre de operaciones del barco Yuum K\u2019ak\u2019 N\u00e1ab en la Sonda de Campeche, por una fuga de aceite &hellip; <a href=\"https:\/\/www.grieta.org.mx\/index.php\/2023\/08\/02\/fugas-de-gas-y-aceite-resultado-del-desconocimiento-de-los-directivos-de-pemex-untypp-campeche\/\" class=\"more-link\">Leer m\u00e1s<\/a><\/p>\n","protected":false},"author":2,"featured_media":67388,"comment_status":"closed","ping_status":"closed","sticky":false,"template":"","format":"standard","meta":{"ngg_post_thumbnail":0,"_jetpack_newsletter_access":"","_jetpack_dont_email_post_to_subs":false,"_jetpack_newsletter_tier_id":0,"_jetpack_memberships_contains_paywalled_content":false,"_jetpack_memberships_contains_paid_content":false,"footnotes":""},"categories":[11,80,2258,2,3212],"tags":[4164,2784,125],"class_list":["post-67387","post","type-post","status-publish","format-standard","has-post-thumbnail","hentry","category-campeche","category-cintillo","category-ecocidio-en-campeche","category-noticias-nacionales","category-precariedad-laboral-en-campeche","tag-falta-de-mantenimiento","tag-fuga-hidrocarburos","tag-pemex","entry"],"jetpack_featured_media_url":"https:\/\/www.grieta.org.mx\/wp-content\/uploads\/2023\/08\/Pemex-e1691376953499.jpg","jetpack_sharing_enabled":true,"jetpack_shortlink":"https:\/\/wp.me\/p7ZJR4-hwT","jetpack_likes_enabled":false,"jetpack-related-posts":[{"id":1758,"url":"https:\/\/www.grieta.org.mx\/index.php\/2016\/01\/25\/temen-tragedias-en-plataformas-petroleras-de-pemex-por-reduccion-presupuestal\/","url_meta":{"origin":67387,"position":0},"title":"Temen tragedias en plataformas petroleras de Pemex por reducci\u00f3n presupuestal","author":"grieta","date":"25 enero, 2016","format":false,"excerpt":"CAMPECHE.- La Uni\u00f3n Nacional de T\u00e9cnicos y Profesionistas Petroleros (UNTyPP) de nueva cuenta lanz\u00f3 un llamado de alerta, ya que debido a las reducciones presupuestales a las que ha sido sometida la empresa productiva del Estado, se est\u00e1 dejando de gastar en el rubro de mantenimiento. El secretario de organizaci\u00f3n\u2026","rel":"","context":"En &quot;campeche&quot;","block_context":{"text":"campeche","link":"https:\/\/www.grieta.org.mx\/index.php\/category\/campeche\/"},"img":{"alt_text":"","src":"https:\/\/i0.wp.com\/www.grieta.org.mx\/wp-content\/uploads\/2018\/03\/14524434_1106112876131411_958039263622046936_o.jpg?resize=350%2C200&ssl=1","width":350,"height":200,"srcset":"https:\/\/i0.wp.com\/www.grieta.org.mx\/wp-content\/uploads\/2018\/03\/14524434_1106112876131411_958039263622046936_o.jpg?resize=350%2C200&ssl=1 1x, https:\/\/i0.wp.com\/www.grieta.org.mx\/wp-content\/uploads\/2018\/03\/14524434_1106112876131411_958039263622046936_o.jpg?resize=525%2C300&ssl=1 1.5x, https:\/\/i0.wp.com\/www.grieta.org.mx\/wp-content\/uploads\/2018\/03\/14524434_1106112876131411_958039263622046936_o.jpg?resize=700%2C400&ssl=1 2x"},"classes":[]},{"id":66421,"url":"https:\/\/www.grieta.org.mx\/index.php\/2023\/03\/03\/petroleros-de-campeche-son-explotados-por-falta-de-personal-en-pemex\/","url_meta":{"origin":67387,"position":1},"title":"Petroleros de Campeche son explotados por falta de personal en Pemex","author":"grieta","date":"3 marzo, 2023","format":false,"excerpt":"Gerardo Can \/ Por Esto! Una de las principales causas de los accidentes que se han registrado en las instalaciones de Petr\u00f3leos Mexicanos (PEMEX) en tierra y mar son las jornadas laborales de 12, 16 y hasta 24 horas que le cargan a los especialistas por el \u201ccongelamiento\u201d de plazas.\u2026","rel":"","context":"En &quot;Campeche&quot;","block_context":{"text":"Campeche","link":"https:\/\/www.grieta.org.mx\/index.php\/category\/noticias-nacionales\/campeche\/"},"img":{"alt_text":"","src":"https:\/\/i0.wp.com\/www.grieta.org.mx\/wp-content\/uploads\/2023\/03\/Pemex-e1678064156252.jpg?resize=350%2C200&ssl=1","width":350,"height":200,"srcset":"https:\/\/i0.wp.com\/www.grieta.org.mx\/wp-content\/uploads\/2023\/03\/Pemex-e1678064156252.jpg?resize=350%2C200&ssl=1 1x, https:\/\/i0.wp.com\/www.grieta.org.mx\/wp-content\/uploads\/2023\/03\/Pemex-e1678064156252.jpg?resize=525%2C300&ssl=1 1.5x, https:\/\/i0.wp.com\/www.grieta.org.mx\/wp-content\/uploads\/2023\/03\/Pemex-e1678064156252.jpg?resize=700%2C400&ssl=1 2x"},"classes":[]},{"id":66631,"url":"https:\/\/www.grieta.org.mx\/index.php\/2023\/03\/02\/sobrecarga-labora-causa-de-accidentes-en-instalaciones-petroleras-en-campeche\/","url_meta":{"origin":67387,"position":2},"title":"Sobrecarga labora, causa de accidentes en instalaciones petroleras en Campeche","author":"grieta","date":"2 marzo, 2023","format":false,"excerpt":"Por Esto! Una de las principales causas de los accidentes que se han registrado en las instalaciones de Petr\u00f3leos Mexicanos (Pemex), tanto en la zona terrestre como marina, son las largas jornadas laborales de 12, 16 y hasta de 24 horas que les cargan a los especialistas consecuencia del congelamiento\u2026","rel":"","context":"En &quot;Campeche&quot;","block_context":{"text":"Campeche","link":"https:\/\/www.grieta.org.mx\/index.php\/category\/noticias-nacionales\/campeche\/"},"img":{"alt_text":"","src":"https:\/\/i0.wp.com\/www.grieta.org.mx\/wp-content\/uploads\/2023\/03\/SobrecargaLaboral-e1679833697657.jpg?resize=350%2C200&ssl=1","width":350,"height":200,"srcset":"https:\/\/i0.wp.com\/www.grieta.org.mx\/wp-content\/uploads\/2023\/03\/SobrecargaLaboral-e1679833697657.jpg?resize=350%2C200&ssl=1 1x, https:\/\/i0.wp.com\/www.grieta.org.mx\/wp-content\/uploads\/2023\/03\/SobrecargaLaboral-e1679833697657.jpg?resize=525%2C300&ssl=1 1.5x, https:\/\/i0.wp.com\/www.grieta.org.mx\/wp-content\/uploads\/2023\/03\/SobrecargaLaboral-e1679833697657.jpg?resize=700%2C400&ssl=1 2x"},"classes":[]},{"id":1730,"url":"https:\/\/www.grieta.org.mx\/index.php\/2015\/06\/22\/se-incendia-plataforma-de-pemex-en-campeche-es-el-tercer-incidente-en-3-meses\/","url_meta":{"origin":67387,"position":3},"title":"Se incendia plataforma de Pemex en Campeche; es el tercer incidente en 3 meses","author":"grieta","date":"22 junio, 2015","format":false,"excerpt":"CIUDAD DEL CARMEN, Camp. (apro).- Un nuevo accidente, el tercero en menos de tres meses, se registr\u00f3 esta tarde en la zona de plataformas marinas de la Sonda de Campeche, donde una presunta fuga de aceite y gas en la plataforma Akal-H de Petr\u00f3leos Mexicanos (Pemex) dej\u00f3 un saldo extraoficial\u2026","rel":"","context":"En &quot;campeche&quot;","block_context":{"text":"campeche","link":"https:\/\/www.grieta.org.mx\/index.php\/category\/campeche\/"},"img":{"alt_text":"","src":"https:\/\/i0.wp.com\/www.grieta.org.mx\/wp-content\/uploads\/2018\/03\/14524434_1106112876131411_958039263622046936_o.jpg?resize=350%2C200&ssl=1","width":350,"height":200,"srcset":"https:\/\/i0.wp.com\/www.grieta.org.mx\/wp-content\/uploads\/2018\/03\/14524434_1106112876131411_958039263622046936_o.jpg?resize=350%2C200&ssl=1 1x, https:\/\/i0.wp.com\/www.grieta.org.mx\/wp-content\/uploads\/2018\/03\/14524434_1106112876131411_958039263622046936_o.jpg?resize=525%2C300&ssl=1 1.5x, https:\/\/i0.wp.com\/www.grieta.org.mx\/wp-content\/uploads\/2018\/03\/14524434_1106112876131411_958039263622046936_o.jpg?resize=700%2C400&ssl=1 2x"},"classes":[]},{"id":67430,"url":"https:\/\/www.grieta.org.mx\/index.php\/2023\/08\/02\/pescadores-exigen-a-pemex-resarcir-danos-por-derrames-en-sonda-de-campeche\/","url_meta":{"origin":67387,"position":4},"title":"Pescadores exigen a Pemex resarcir da\u00f1os por derrames en Sonda de Campeche","author":"grieta","date":"2 agosto, 2023","format":false,"excerpt":"Gabriel Graniel Herrera \/ Foto: Fernando Eloy \/ La Jornada Maya Piden realizar una reuni\u00f3n urgente para tratar las afectaciones ecol\u00f3gicas 02\/08\/2023 | San Francisco de Campeche Pescadores ribere\u00f1os del municipio del Carmen exigir\u00e1n a Petr\u00f3leos Mexicanos (Pemex) que pague una indemnizaci\u00f3n o que aumente los apoyos que aporta para\u2026","rel":"","context":"En &quot;Campeche&quot;","block_context":{"text":"Campeche","link":"https:\/\/www.grieta.org.mx\/index.php\/category\/noticias-nacionales\/campeche\/"},"img":{"alt_text":"","src":"https:\/\/i0.wp.com\/www.grieta.org.mx\/wp-content\/uploads\/2023\/08\/Derrame-e1691645712711.jpg?resize=350%2C200&ssl=1","width":350,"height":200,"srcset":"https:\/\/i0.wp.com\/www.grieta.org.mx\/wp-content\/uploads\/2023\/08\/Derrame-e1691645712711.jpg?resize=350%2C200&ssl=1 1x, https:\/\/i0.wp.com\/www.grieta.org.mx\/wp-content\/uploads\/2023\/08\/Derrame-e1691645712711.jpg?resize=525%2C300&ssl=1 1.5x, https:\/\/i0.wp.com\/www.grieta.org.mx\/wp-content\/uploads\/2023\/08\/Derrame-e1691645712711.jpg?resize=700%2C400&ssl=1 2x"},"classes":[]},{"id":1732,"url":"https:\/\/www.grieta.org.mx\/index.php\/2015\/05\/07\/reporta-pemex-un-percance-mas-en-plataforma-de-sonda-de-campeche\/","url_meta":{"origin":67387,"position":5},"title":"Reporta Pemex un percance m\u00e1s en plataforma de Sonda de Campeche","author":"grieta","date":"7 mayo, 2015","format":false,"excerpt":"Proceso Rosa Santana 7 de mayo de 2015 Nacional CIUDAD DEL CARMEN, Cam. (apro).- A dos d\u00edas del accidente en la plataforma Troll Solutions, que oficialmente dej\u00f3 dos muertos, Petr\u00f3leos Mexicanos (Pemex) report\u00f3 hoy una nueva contingencia en la Sonda de Campeche, esta vez en la plataforma Ocean Summit, de\u2026","rel":"","context":"En &quot;campeche&quot;","block_context":{"text":"campeche","link":"https:\/\/www.grieta.org.mx\/index.php\/category\/campeche\/"},"img":{"alt_text":"","src":"https:\/\/i0.wp.com\/www.grieta.org.mx\/wp-content\/uploads\/2018\/03\/14524434_1106112876131411_958039263622046936_o.jpg?resize=350%2C200&ssl=1","width":350,"height":200,"srcset":"https:\/\/i0.wp.com\/www.grieta.org.mx\/wp-content\/uploads\/2018\/03\/14524434_1106112876131411_958039263622046936_o.jpg?resize=350%2C200&ssl=1 1x, https:\/\/i0.wp.com\/www.grieta.org.mx\/wp-content\/uploads\/2018\/03\/14524434_1106112876131411_958039263622046936_o.jpg?resize=525%2C300&ssl=1 1.5x, https:\/\/i0.wp.com\/www.grieta.org.mx\/wp-content\/uploads\/2018\/03\/14524434_1106112876131411_958039263622046936_o.jpg?resize=700%2C400&ssl=1 2x"},"classes":[]}],"_links":{"self":[{"href":"https:\/\/www.grieta.org.mx\/index.php\/wp-json\/wp\/v2\/posts\/67387","targetHints":{"allow":["GET"]}}],"collection":[{"href":"https:\/\/www.grieta.org.mx\/index.php\/wp-json\/wp\/v2\/posts"}],"about":[{"href":"https:\/\/www.grieta.org.mx\/index.php\/wp-json\/wp\/v2\/types\/post"}],"author":[{"embeddable":true,"href":"https:\/\/www.grieta.org.mx\/index.php\/wp-json\/wp\/v2\/users\/2"}],"replies":[{"embeddable":true,"href":"https:\/\/www.grieta.org.mx\/index.php\/wp-json\/wp\/v2\/comments?post=67387"}],"version-history":[{"count":1,"href":"https:\/\/www.grieta.org.mx\/index.php\/wp-json\/wp\/v2\/posts\/67387\/revisions"}],"predecessor-version":[{"id":67389,"href":"https:\/\/www.grieta.org.mx\/index.php\/wp-json\/wp\/v2\/posts\/67387\/revisions\/67389"}],"wp:featuredmedia":[{"embeddable":true,"href":"https:\/\/www.grieta.org.mx\/index.php\/wp-json\/wp\/v2\/media\/67388"}],"wp:attachment":[{"href":"https:\/\/www.grieta.org.mx\/index.php\/wp-json\/wp\/v2\/media?parent=67387"}],"wp:term":[{"taxonomy":"category","embeddable":true,"href":"https:\/\/www.grieta.org.mx\/index.php\/wp-json\/wp\/v2\/categories?post=67387"},{"taxonomy":"post_tag","embeddable":true,"href":"https:\/\/www.grieta.org.mx\/index.php\/wp-json\/wp\/v2\/tags?post=67387"}],"curies":[{"name":"wp","href":"https:\/\/api.w.org\/{rel}","templated":true}]}}