{"id":67360,"date":"2023-08-01T12:04:03","date_gmt":"2023-08-01T18:04:03","guid":{"rendered":"https:\/\/www.grieta.org.mx\/?p=67360"},"modified":"2023-08-06T12:14:22","modified_gmt":"2023-08-06T18:14:22","slug":"desapariciones-masivas-en-nayarit-6-anos-de-impunidad","status":"publish","type":"post","link":"https:\/\/www.grieta.org.mx\/index.php\/2023\/08\/01\/desapariciones-masivas-en-nayarit-6-anos-de-impunidad\/","title":{"rendered":"Desapariciones masivas en Nayarit: 6 a\u00f1os de impunidad"},"content":{"rendered":"<p>Imagen:Christian Ruano<\/p>\n<p><strong>En s\u00f3lo cuatro meses, m\u00e1s de 150 personas fueron desaparecidas en Nayarit. Eso ocurri\u00f3 en 2017. Al menos en 47 de esos casos, las evidencias indican que los responsables\u00a0<\/strong><strong>eran servidores p\u00fablicos que operaban desde la fiscal\u00eda o alguna polic\u00eda del estado. Seis a\u00f1os despu\u00e9s, esas desapariciones siguen impunes. Todo ello en medio de un conflicto entre la fiscal\u00eda estatal y la Fiscal\u00eda General de la Rep\u00fablica<\/strong><\/p>\n<p>Efra\u00edn Tzuc \/ Quinto Elemento Lab \/ Pi\u00e9 de p\u00e1gina<\/p>\n<p>M\u00c9XICO.- La madrugada de ese viernes 8 de septiembre de 2017, unas ocho personas bajaron de las dos camionetas que se estacionaron frente a la casa ubicada en el poniente de Tepic, Nayarit. No tardaron m\u00e1s de 25 minutos dentro del lugar. Ese tiempo fue suficiente para que activaran su operativo de desaparici\u00f3n de personas.<\/p>\n<p>Janeth Ram\u00edrez no olvida esa madrugada. A punta de golpes de marro, uno de los hombres tumb\u00f3 la puerta principal. Cuando trataba de derribar la segunda puerta, amenaz\u00f3 a Jos\u00e9 Antonio Ram\u00edrez. Iban por \u00e9l, no hab\u00eda duda. El hermano de Janeth se sent\u00f3 en un sill\u00f3n y agarr\u00f3 un palo, como para defenderse de lo indefendible. Ella se encerr\u00f3 en una habitaci\u00f3n junto con su madre y otros cuatro familiares.<\/p>\n<p>Cuando se lo llevaron, Jos\u00e9 Antonio ten\u00eda 30 a\u00f1os. Seis a\u00f1os despu\u00e9s, su familia sigue sin saber por qu\u00e9 fueron por \u00e9l, por qu\u00e9 lo desaparecieron.<\/p>\n<p>En 2017, Nayarit se convirti\u00f3 en un epicentro de la desaparici\u00f3n. Tan s\u00f3lo en la semana del 4 al 10 de septiembre de ese a\u00f1o, adem\u00e1s de Jos\u00e9 Antonio al menos otras 19 personas fueron desaparecidas en la ciudad de Tepic. Ese n\u00famero surge de una base de datos elaborada por Quinto Elemento Lab, a partir de fichas de b\u00fasqueda p\u00fablicas, entrevistas a familiares, informes de organizaciones civiles y documentos oficiales.<\/p>\n<figure class=\"wp-block-image size-large\"><img loading=\"lazy\" decoding=\"async\" class=\"wp-image-126715\" src=\"https:\/\/piedepagina.mx\/wp-content\/uploads\/2023\/08\/Grafico-1-web-889x1024.jpg\" sizes=\"auto, (max-width: 889px) 100vw, 889px\" srcset=\"https:\/\/piedepagina.mx\/wp-content\/uploads\/2023\/08\/Grafico-1-web-889x1024.jpg 889w, https:\/\/piedepagina.mx\/wp-content\/uploads\/2023\/08\/Grafico-1-web-261x300.jpg 261w, https:\/\/piedepagina.mx\/wp-content\/uploads\/2023\/08\/Grafico-1-web-768x884.jpg 768w, https:\/\/piedepagina.mx\/wp-content\/uploads\/2023\/08\/Grafico-1-web.jpg 992w\" alt=\"\" width=\"889\" height=\"1024\" \/><\/figure>\n<p>Los datos tambi\u00e9n muestran que entre junio y septiembre de 2017, al menos, 15 episodios masivos en los que se llevaron del mismo lugar y d\u00eda a entre dos y cinco personas.<\/p>\n<p>A diferencia de Acapulco, Tijuana o Matamoros, los habitantes de Tepic no sab\u00edan lo que era vivir en un territorio herido por la ausencia de los desaparecidos. \u201cTen\u00edas la confianza de mandar a tu ni\u00f1o en la noche a la calle, de salir ya tarde sin ning\u00fan problema, porque no hab\u00eda tanto\u00a0<em>levant\u00f3n<\/em>, no hab\u00eda tanto enfrentamiento, no hab\u00eda tanto tiroteo\u201d, recuerda Janeth Ram\u00edrez.<\/p>\n<p>En Tepic, la desaparici\u00f3n de personas lleg\u00f3 como un alud a partir de junio de 2017. El efecto expansivo de esa violencia tambi\u00e9n se sinti\u00f3 en los municipios vecinos de San Blas y Xalisco. Eso es lo que muestran los datos del Registro Nacional de Personas Desaparecidas y No Localizadas (RNPDNO), analizados por Quinto Elemento Lab.<\/p>\n<p>Durante una d\u00e9cada, de 2006 a 2016, en promedio, 18 personas fueron desaparecidas al a\u00f1o en todo el estado. Para 2017, esa cifra se multiplic\u00f3. Tan s\u00f3lo entre junio y septiembre, se dej\u00f3 de saber de 150 personas. Los datos oficiales reconocen a 221 v\u00edctimas durante todo ese a\u00f1o, aunque el conteo de Quinto Elemento Lab alcanza las 250.<\/p>\n<p>En el caso de Jos\u00e9 Antonio, as\u00ed como en 47 personas m\u00e1s, existen evidencias de que se trata de desapariciones forzadas. Es decir, habr\u00edan sido cometidas por servidores p\u00fablicos de la Fiscal\u00eda General de Nayarit (FGE), su cuerpo de \u00e9lite, la Polic\u00eda Nayarit o alguna polic\u00eda municipal, seg\u00fan document\u00f3 la Federaci\u00f3n Internacional de Derechos Humanos (FIDH) y la organizaci\u00f3n mexicana Idheas, Litigio Estrat\u00e9gico al entrevistarse con un centenar de familiares de las v\u00edctimas.<\/p>\n<p>\u201cLlegaban en camionetas blancas, con marros de cemento, golpeaban las puertas. Ten\u00edan identificados a los j\u00f3venes. Preguntaban por ellos en las casas y los sacaban. Ten\u00edan a personas que los apuntaban en la calle, como: \u2018es \u00e9l, es \u00e9l\u2019\u201d, recuerda Cristina Lozano, quien hasta mayo de 2022 era abogada en Idheas.<\/p>\n<p>El despunte de las desapariciones ocurri\u00f3 despu\u00e9s de la elecci\u00f3n por la gubernatura de Nayarit, el 4 de junio de 2017. Ese d\u00eda, el Partido de la Revoluci\u00f3n Institucional (PRI), al que pertenec\u00eda el mandatario en turno Roberto Sandoval, perdi\u00f3 frente al candidato del Partido Acci\u00f3n Nacional (PAN), Antonio Echevarr\u00eda. Los eventos de desaparici\u00f3n de personas\u00a0 cayeron con la misma intensidad a finales de septiembre, cuando Sandoval dej\u00f3 el cargo.<\/p>\n<p>Seis a\u00f1os despu\u00e9s de que Nayarit sufri\u00f3 varios episodios de desapariciones masivas y forzadas, las investigaciones no avanzan a nivel estatal, pero tampoco en el \u00e1mbito federal. Las mismas familias han identificado que algunos de los presuntos perpetradores contin\u00faan trabajando para la Fiscal\u00eda General del Estado y para otras polic\u00edas en la entidad.<\/p>\n<h3 class=\"wp-block-heading\">Ser desaparecido por elementos de la fiscal\u00eda<\/h3>\n<p>Los relatos de las familias son similares. Los agresores casi siempre llegaban en dos camionetas Honda CRV de color claro, en algunas ocasiones en una Jeep Patriot y una Tahoma. Entraban a los domicilios o establecimientos comerciales, tomaban a las personas que ten\u00edan claramente identificadas y las sub\u00edan a las camionetas que estaban equipadas con \u201cc\u00f3digos\u201d, as\u00ed se les llama a las luces rojas y azules que llevan algunos veh\u00edculos de seguridad.<\/p>\n<p>El jueves 22 de junio de 2017 ocurri\u00f3 uno de los primeros episodios de desaparici\u00f3n masiva registrados en Nayarit. Por lo menos a once personas se las llevaron por la fuerza, a seis de ellas las sacaron de su domicilio o de un establecimiento comercial. Los registros realizados por colectivos de b\u00fasqueda en Nayarit se\u00f1alan que ese d\u00eda podr\u00edan haber desaparecido hasta 21 personas.<\/p>\n<p>Ese d\u00eda, despu\u00e9s de las 18:30, en tres camionetas se llevaron a Alejandro L\u00f3pez Jara, a otros tres hombres y a una mujer. Ni uno rebasaba los 25 a\u00f1os. Los cinco acaban de coincidir en el mismo domicilio del fraccionamiento Villas del Prado, al sureste de Tepic.<\/p>\n<p>Rosa Mar\u00eda Jara, madre de Alejandro, recre\u00f3 lo que sucedi\u00f3 a partir de testigos de la escena. Su hijo se encontraba en una moto, junto con otro muchacho. Estaban a punto de irse, cuando los embisti\u00f3 una camioneta Jeep Patriot negra, acompa\u00f1ando a ese veh\u00edculo iban dos m\u00e1s: una Tacoma gris y una CRV blanca.<\/p>\n<p>A no m\u00e1s de cuatro kil\u00f3metros de ah\u00ed, casi media hora despu\u00e9s, una escena similar sucedi\u00f3 en un domicilio del fraccionamiento Jacarandas: tres hombres fueron llevados a la fuerza en los mismos veh\u00edculos. \u201cSe presume que nuestros hijos iban arriba de las camionetas todav\u00eda\u201d, dice Rosa Mar\u00eda Jara.<\/p>\n<p>Cerca de las diez de la noche de ese d\u00eda, tambi\u00e9n en tres camionetas llegaron por dos j\u00f3venes m\u00e1s en la colonia Lagos del Country, uno de ellos era Santiago Eloir P\u00e9rez Reyes, de 28 a\u00f1os. \u201cSe lo llevaron, se\u00f1ora, gente de la fiscal\u00eda\u201d, le dijo a Alejandra P\u00e9rez Reyes, su hermana, una persona que respondi\u00f3 a su pedido de ayuda en redes sociales.<\/p>\n<p>El registro de la ubicaci\u00f3n del celular de Alejandro L\u00f3pez Jara, que las autoridades han mostrado a su madre, permite ver el movimiento del comando de los fraccionamientos Villas del Prado a Jacarandas.<\/p>\n<p>La madrugada del 25 de junio, los veh\u00edculos \u2014una camioneta negra, una roja y dos blancas con vidrios polarizados y sin placas\u2014 fueron vistos en el fraccionamiento Jacarandas. Al menos se habr\u00edan llevado a tres j\u00f3venes.<\/p>\n<p>En agosto de 2017, las desapariciones continuaron. El 13 de ese mes un comando armado lleg\u00f3 a una fiesta en la colonia Miguel Hidalgo, a unos 500 metros de la fiscal\u00eda. Tania Guzm\u00e1n, de entonces 23 a\u00f1os, estaba fuera de la casa y mir\u00f3 las tres camionetas en las que llegaron aquellos hombres: \u201cCorro y me meto a la casa donde est\u00e1bamos. Subo al segundo piso y lo primero que hago es meterme debajo de la cama, pero no cab\u00eda, entonces no tuve otra opci\u00f3n m\u00e1s que meterme al cl\u00f3set\u201d.<\/p>\n<p>Cuando decidi\u00f3 salir de su escondite y bajar las escaleras se enter\u00f3 de que el comando se llev\u00f3 a su pap\u00e1, Rogelio Guzm\u00e1n, de 47 a\u00f1os, y a Jes\u00fas Antonio Pinz\u00f3n, de 23 a\u00f1os.<\/p>\n<p>Un par de d\u00edas despu\u00e9s, cuando intentaban tramitar la denuncia por las desapariciones, Tania y su mam\u00e1 vieron salir de las instalaciones de la fiscal\u00eda a dos de las camionetas en las que se llevaron Rogelio Guzm\u00e1n y a Jes\u00fas Antonio: la CRV blanca y la otra gris.<\/p>\n<p>La \u00faltima ola de desapariciones masivas de ese 2017 ocurri\u00f3 cuatro d\u00edas despu\u00e9s de que el priista Roberto Sandoval le entregara el cargo como gobernador al panista Antonio Echevarr\u00eda. El 23 de septiembre de 2017, al menos siete personas fueron desaparecidas en Tepic. En uno de los casos, los perpetradores vest\u00edan uniformes de la Polic\u00eda Municipal, de acuerdo con una recomendaci\u00f3n de la Comisi\u00f3n de Derechos Humanos del estado, emitida en 2021.<\/p>\n<p>\u201cNo eran casos aislados\u201d, dice Alejandra P\u00e9rez, hermana de Santiago P\u00e9rez. \u201cEl 90% de las v\u00edctimas estaban relacionados entre s\u00ed de alguna manera, ten\u00edan amigos en com\u00fan, viv\u00edan en fraccionamientos\u00a0espec\u00edficos: Jacarandas, Lagos del Country, Villas del Roble\u201d. Tambi\u00e9n en las colonias 2 de agosto, Villas del Prado, Lomas de la Laguna y el Rodeo. La mayor\u00eda est\u00e1n en el sureste de la ciudad, a menos de cinco kil\u00f3metros de la misma fiscal\u00eda.<\/p>\n<h3 class=\"wp-block-heading\">Los herederos de\u00a0<em>El Diablo<\/em><\/h3>\n<p>El exfiscal \u00c9dgar Veytia Cambero es un hombre de semblante recio, con un prominente bigote, de palabra fuerte y arrogante que construy\u00f3 su carrera pol\u00edtica de la mano del priista Roberto Sandoval, quien ocup\u00f3 la presidencia municipal de Tepic en 2011 y lo design\u00f3, primero, director de tr\u00e1nsito y, despu\u00e9s, secretario de seguridad p\u00fablica. Tambi\u00e9n lo hizo su compadre.<\/p>\n<p>Al llegar a la gubernatura, en septiembre de 2011, Sandoval nombr\u00f3 a Veytia subprocurador. En 2013 lo design\u00f3 Fiscal General del Estado de Nayarit. La fiscal\u00eda fue su reino hasta que el 27 de marzo de 2017, fue detenido en San Diego, California.<\/p>\n<p>La acusaci\u00f3n de las autoridades estadounidenses \u2014que Veytia acept\u00f3\u2014 indica que, al menos, desde 2013 el entonces fiscal y un grupo de polic\u00edas corruptos proteg\u00edan al cartel liderado por Juan Francisco Patr\u00f3n S\u00e1nchez, el\u00a0<em>H2<\/em>. Incluso, atacaban a sus rivales a cambio de millones de d\u00f3lares de sobornos que recib\u00eda mes con mes. Tambi\u00e9n iniciaron su propio emprendimiento criminal abusando de su cargo y sumando alianzas con servidores p\u00fablicos de otras instancias, jueces y notarios para despojar a los pobladores de propiedades que le interesaban, como\u00a0<a href=\"https:\/\/investigaciones.contralacorrupcion.mx\/edgar-veytia-fiscal-infierno-nayarit\/\">revel\u00f3<\/a>\u00a0una investigaci\u00f3n de Mexicanos contra la Corrupci\u00f3n e Impunidad (MCCI) publicada en 2019.<\/p>\n<p>El ocaso de Veytia comenz\u00f3 el 9 de febrero de 2017, en un operativo\u00a0<em>hollywoodesco<\/em>\u00a0en el que elementos de la Secretar\u00eda de Marina, desde un helic\u00f3ptero\u00a0<em>Black Hawk,\u00a0<\/em>atacaron una casa en la colonia Linda Vista, al noreste de Tepic. Ah\u00ed, supuestamente, estaba Juan Francisco Patr\u00f3n S\u00e1nchez, l\u00edder de\u00a0<em>los H<\/em>, grupo criminal que operaba principalmente en Nayarit y surgi\u00f3 del c\u00e1rtel de los hermanos Beltr\u00e1n Leyva.<\/p>\n<p>De acuerdo con el exsecretario de seguridad de Nayarit, Javier Herrera Valles y un an\u00e1lisis de contexto realizado por la Comisi\u00f3n Nacional de B\u00fasqueda (CNB) en 2022, Veytia decidi\u00f3 entregar al C\u00e1rtel Jalisco Nueva Generaci\u00f3n (CJNG) el control de Nayarit. Ese nuevo pacto dur\u00f3 hasta que el fiscal fue detenido en San Diego, Estados Unidos.<\/p>\n<p>Casi tres meses despu\u00e9s de su detenci\u00f3n, los operativos para desaparecer personas comenzaron a ser cada vez m\u00e1s recurrentes en Nayarit.<\/p>\n<p>Ninguna autoridad ha podido explicar por qu\u00e9 las desapariciones se dispararon de junio a septiembre de 2017. La informaci\u00f3n que han recabado las propias familias indica que dentro y fuera de la fiscal\u00eda hab\u00eda una disputa por el control del trasiego y venta de droga.<\/p>\n<p>En una\u00a0<a href=\"https:\/\/www.facebook.com\/watch\/live\/?ref=watch_permalink&amp;v=1960393813992130\">entrevista<\/a>\u00a0realizada en marzo de 2018, el exsecretario Javier Herrera Valles, afirm\u00f3 que, despu\u00e9s del asesinato de Patr\u00f3n S\u00e1nchez, Veytia busc\u00f3 quedarse con el control del estado y que, al ser detenido, un grupo de unos 12 elementos de la fiscal\u00eda se quedaron \u201ccometiendo atrocidad y media\u201d.<\/p>\n<p>Semanas despu\u00e9s, en una reuni\u00f3n con diputados locales, Herrera Valles\u00a0<a href=\"https:\/\/web.archive.org\/web\/20180324235248\/https:\/www.elfinanciero.com.mx\/nacional\/los-h-cjng-y-grupo-ligado-a-exfiscal-causantes-de-violencia-en-nayarit\/\">reiter\u00f3<\/a>\u00a0que en el clima de violencia que viv\u00eda Nayarit habr\u00edan estado involucrados tres grupos distintos:\u00a0<em>Los H<\/em>\u00a0\u2014agrupados en torno a Yahir Patr\u00f3n, hijo de Juan Francisco Patr\u00f3n\u2014, elementos de la fiscal\u00eda, en particular el comandante Luis Antonio Torres Valdivia, que se ali\u00f3 con Juan Mart\u00edn Rivas alias\u00a0<em>El H18<\/em>, y el C\u00e1rtel Jalisco Nueva Generaci\u00f3n, con quienes Veytia habr\u00eda pactado antes de ser detenido.<\/p>\n<p>Un reportaje publicado en la revista\u00a0<em>Proceso<\/em>\u00a0en 2017 se\u00f1ala que Torres Valdivia era cercano a \u00c9dgar Veytia Cambero, desde que \u00e9ste era Secretario de Seguridad P\u00fablica, Tr\u00e1nsito y Vialidad de Tepic. Esa cercan\u00eda continu\u00f3 cuando Veytia fue nombrado Fiscal General del Estado.<\/p>\n<p>En 2019, Veytia se declar\u00f3 culpable de conspirar con el grupo de Patr\u00f3n S\u00e1nchez para traficar droga en Estados Unidos. Purga una condena de 20 a\u00f1os es una prisi\u00f3n federal de ese pa\u00eds y ha dado informaci\u00f3n a las autoridades estadounidenses relacionada con el general Salvador Cienfuegos, Secretario de la Defensa Nacional del gobierno de Enrique Pe\u00f1a Nieto, y de Genaro Garc\u00eda Luna, quien fue titular de la Polic\u00eda Federal bajo la administraci\u00f3n de Felipe Calder\u00f3n.<\/p>\n<p>El exgobernador nayarita Roberto Sandoval no tuvo mejor suerte: en 2019 la Oficina de Control de Activos del Departamento del Tesoro de Estados Unidos (OFAC, por sus siglas en ingl\u00e9s) lo incluy\u00f3 en su \u201clista negra\u201d por presuntamente haber recibido sobornos del CJNG a cambio de protecci\u00f3n e informaci\u00f3n. En M\u00e9xico, la FGR inici\u00f3 una investigaci\u00f3n en su contra por operaciones con recursos de procedencia il\u00edcita. Desde junio de 2021, Sandoval se encuentra en prisi\u00f3n a la espera de que inicie su juicio.<\/p>\n<p>Quinto Elemento Lab busc\u00f3 a la Fiscal\u00eda General de la Rep\u00fablica para conocer si Veytia y Sandoval est\u00e1n siendo investigados por las desapariciones forzadas que ocurrieron en Nayarit en 2017. No se tuvo respuesta. Tambi\u00e9n se solicit\u00f3 entrevista con las autoridades de la Fiscal\u00eda General de Nayarit. El resultado tambi\u00e9n fue el silencio.<\/p>\n<p>Familiares de personas desaparecidas en ese 2017 identifican con nombre y apellido a varios de los elementos de la fiscal\u00eda que presuntamente realizaron las desapariciones. En seis a\u00f1os, han visto a uno de ellos jubilarse; supieron que otro fue asesinado junto con su escolta; sobre un par saben que contin\u00faan en instituciones de seguridad p\u00fablica distintas a la FGE o en unidades municipales de la misma fiscal\u00eda. Tambi\u00e9n han visto pasar las investigaciones de manos de la FGE a la Fiscal\u00eda General de la Rep\u00fablica. Aun as\u00ed, no hay avances sustanciales.<\/p>\n<h3 class=\"wp-block-heading\">Desenterrar la verdad<\/h3>\n<p>Janeth Ram\u00edrez dice que el coraz\u00f3n le avis\u00f3 que aquel cuerpo era de su hermano Jos\u00e9 Antonio. Era febrero de 2018. La noticia le lleg\u00f3 por el chat de\u00a0<em>WhatsApp<\/em>\u00a0del colectivo en el que participa, \u201cPor nuestros corazones y una b\u00fasqueda de amor\u201d. Dijeron que uno de los cuerpos recuperados en una fosa clandestina reci\u00e9n encontrada en la localidad de Testerazo, Xalisco, ten\u00eda una placa met\u00e1lica. Su hermano llevaba una en el brazo izquierdo. Personal de la FGE se lo confirm\u00f3 siete meses despu\u00e9s.<\/p>\n<p>La suerte de Jos\u00e9 Antonio fue la misma que la de otras 18 personas desaparecidas entre el 13 de agosto y el 8 de septiembre de 2017. Sus cuerpos fueron recuperados de tres entierros ilegales encontrados en la misma zona del municipio de Xalisco. De un cuerpo que se encontraba en una de esas fosas, no se pudo averiguar la fecha de desaparici\u00f3n. Seis cuerpos m\u00e1s siguen como no identificados.<\/p>\n<p>En Nayarit, las fosas brotaron y brotaron desde 2017, a\u00f1o en el que se encontraron seis entierros ilegales de los que se recuperaron 18 cuerpos. Al a\u00f1o siguiente los hallazgos fueron masivos: al menos en otras siete fosas se ocult\u00f3 a 55 cuerpos. En 2019 se encontraron cuatro m\u00e1s con 36 personas fallecidas y en 2020 una con nueve cuerpos. Todas las v\u00edctimas hab\u00edan sido desaparecidas entre junio y octubre de 2017, seg\u00fan identific\u00f3 Quinto Elemento Lab a partir de un documento de an\u00e1lisis de contexto elaborado por la Comisi\u00f3n Nacional de B\u00fasqueda (CNB), entrevistas a familiares y respuestas de transparencia otorgadas por la fiscal\u00eda nayarita.<\/p>\n<p>Hasta junio de 2023, de los 118 cuerpos hallados en fosas, 42 no hab\u00edan recuperado su identidad.<\/p>\n<p>Las fosas revelaron parte del\u00a0<em>modus operandi\u00a0<\/em>de los perpetradores: en cada una de ellas se encontraron personas que fueron sustra\u00eddas en el mismo lugar, el mismo d\u00eda o en d\u00edas pr\u00f3ximos.<\/p>\n<p>Dos personas que lograron escapar de los captores y contaron a familiares y autoridades lo ocurrido, aseguraron que a las v\u00edctimas las reten\u00edan en casas de seguridad por d\u00edas. Ah\u00ed, todas eran torturadas. Las mujeres sufr\u00edan violaciones. Despu\u00e9s, los llevaban a parajes aislados, aunque de f\u00e1cil acceso. Algunos no llegaban con vida y, quienes s\u00ed, eran asesinados a tiros en el lugar.<\/p>\n<p>La mayor\u00eda de las fosas clandestinas fueron encontradas en el municipio de Xalisco, cerca del aeropuerto de Tepic y a espaldas de la Unidad Acad\u00e9mica de Agricultura de la Universidad Aut\u00f3noma de Nayarit. En enero de 2018, en ese lugar se localizaron tres entierros ilegales de los que se recuperaron 33 personas que hab\u00edan sido desaparecidas entre el 3 y el 20 de junio de 2017.<\/p>\n<p>Ocho de las nueve v\u00edctimas del 22 de junio fueron enterradas juntas, en una fosa descubierta en enero de 2019 en el Pantanal, a unos siete kil\u00f3metros del aeropuerto de Tepic. Ah\u00ed mismo estaban tres hombres a quienes se llevaron el 25 de ese mismo mes y otras siete personas que, hasta mediados de 2023, no hab\u00edan sido identificadas.<\/p>\n<p>Con las fosas tambi\u00e9n se han desenterrado indicios sobre los posibles perpetradores de las desapariciones. En un an\u00e1lisis de la CNB, se menciona que en los entierros encontrados en mayo de 2018 hab\u00eda uniformes de la Polic\u00eda Nayarit.<\/p>\n<h3 class=\"wp-block-heading\">Desdibujar las desapariciones forzadas<\/h3>\n<p>En enero de 2022, la Comisi\u00f3n Nacional de B\u00fasqueda (CNB) public\u00f3 un an\u00e1lisis de contexto sobre las desapariciones de Nayarit. El documento fue elaborado por petici\u00f3n del Comit\u00e9 contra la Desaparici\u00f3n Forzada de Naciones Unidas (Comit\u00e9 CED).<\/p>\n<p>Seg\u00fan la CNB, las desapariciones se explican por una venganza de la c\u00e9lula del c\u00e1rtel de los Beltr\u00e1n Leyva en Nayarit,\u00a0<em>Los H<\/em>, contra elementos de la fiscal\u00eda estatal, con quienes hab\u00edan trabajado en alianza hasta febrero de 2017, cuando Veytia los traiciona y entrega a su l\u00edder, Juan Francisco S\u00e1nchez Patr\u00f3n a la Secretar\u00eda de la Marina.<\/p>\n<p>Por alg\u00fan motivo, que en m\u00e1s de cien p\u00e1ginas la CNB no demuestra, \u201cla gente de la fiscal\u00eda negocia (con\u00a0<em>Los H<\/em>) y les entrega a esos j\u00f3venes y a otras personas que ya hab\u00edan trabajado para la fiscal\u00eda\u201d.<\/p>\n<p>A los colectivos de b\u00fasqueda les presentaron una versi\u00f3n incompleta del documento,\u00a0<a href=\"https:\/\/twitter.com\/Busqueda_MX\/status\/1459320309161635840?s=20\">una semana antes<\/a>\u00a0de que llegara a M\u00e9xico una representaci\u00f3n del Comit\u00e9 CED de Naciones Unidas, a finales de noviembre de 2021. El documento final lo conocieron en enero de 2022.<\/p>\n<p>Despu\u00e9s de la publicaci\u00f3n del documento final, familiares de los desaparecidos se reunieron con funcionarios de la Comisi\u00f3n Nacional de B\u00fasqueda. Ah\u00ed, Alejandra P\u00e9rez les reclam\u00f3: \u201c\u00bfPor qu\u00e9 no hay un an\u00e1lisis con una estructura criminal sobre la Fiscal\u00eda del Estado?\u201d<\/p>\n<p>Para el abogado de Idheas, Michel Cervantes, el documento \u201caten\u00faa las desapariciones forzadas, (as\u00ed como) la responsabilidad del estado de Nayarit en cuanto a la comisi\u00f3n de las desapariciones\u201d. La abogada Cristina Lozano, que estuvo en la misma organizaci\u00f3n hasta mayo de 2022, considera que ese an\u00e1lisis de contexto criminaliza a los j\u00f3venes desaparecidos al vincularlos con los grupos criminales o por ser consumidores o exconsumidores de alguna droga, lo cual no justifica su desaparici\u00f3n.<\/p>\n<p>\u201cFalt\u00f3 se\u00f1alar a la fiscal\u00eda con la misma precisi\u00f3n que est\u00e1n diciendo que nuestros desaparecidos estaban relacionados con esas bandas\u201d, considera Leticia Pinz\u00f3n, madre de Jes\u00fas Antonio.<\/p>\n<p>La comisi\u00f3n tambi\u00e9n se comprometi\u00f3 a elaborar un plan de b\u00fasqueda para las familias nayaritas, pero s\u00f3lo envi\u00f3 un borrador hace m\u00e1s de un a\u00f1o.<\/p>\n<p>En junio de 2023, un Tribunal Colegiado orden\u00f3 a la CNB no considerar el an\u00e1lisis de contexto como un documento oficial y dejar de difundirlo. Eso fue resultado de un amparo que present\u00f3 el exgobernador Roberto Sandoval al considerar que el documento violaba su derecho a la presunci\u00f3n de inocencia.<\/p>\n<p>En su sentencia, el Cuatro Tribunal Colegiado en Materia Administrativa, identific\u00f3 que en el documento \u201cse observan afirmaciones con relaci\u00f3n a que el hoy quejoso (Roberto Sandoval) tuvo nexos con el crimen organizado y que encabez\u00f3 una estructura criminal, lo cual, de manera indirecta hace presumir que es responsable de las desapariciones de personas durante su encargo\u201d.<\/p>\n<p>Quinto Elemento Lab solicit\u00f3 entrevista a la CNB, pero no tuvo respuesta.<\/p>\n<h3 class=\"wp-block-heading\">La tragedia com\u00fan<\/h3>\n<p>Rosa Mar\u00eda Jara no conoc\u00eda a Alejandra P\u00e9rez hasta que se encontraron en la b\u00fasqueda. El hijo de Rosa Mar\u00eda y el hermano de Alejandra son dos de las, al menos, once personas que desaparecieron el 22 de junio de 2017.<\/p>\n<p>Lo mismo pas\u00f3 con Leticia Pinz\u00f3n y Tania Guzm\u00e1n. A sus familiares, los desaparecieron en la misma fiesta.<\/p>\n<p>Las cuatro mujeres llegaron a la fiscal\u00eda para preguntar si su familiar estaba detenido o para tramitar la denuncia por desaparici\u00f3n. En esas oficinas empezaron a notar que hab\u00eda decenas de desaparecidos.<\/p>\n<p>\u201cTepic es muy peque\u00f1o. Se empiezan a llevar a los primeros j\u00f3venes y una mam\u00e1 empieza a conectar a otra y a otra. As\u00ed es como surge el primer colectivo, con las 21 desapariciones. Nos comenzamos a organizar en el mes de junio de 2017\u201d, recuerda Alejandra P\u00e9rez.<\/p>\n<p>El 30 de agosto \u2014D\u00eda Internacional de las V\u00edctimas de Desaparici\u00f3n Forzada\u2014 se fund\u00f3 formalmente el Colectivo Familias Unidas por Nayarit, al cual pertenece Alejandra P\u00e9rez. Ya las familias hab\u00edan organizado una primera protesta frente al palacio de gobierno y una huelga en la delegaci\u00f3n de la entonces Procuradur\u00eda General de la Rep\u00fablica en Tepic y lograron que ah\u00ed les recibieran sus denuncias. El 4 de agosto se reunieron con el entonces gobernador, Roberto Sandoval. Un d\u00eda despu\u00e9s, la fiscal\u00eda anunci\u00f3 el hallazgo de la primera fosa clandestina.<\/p>\n<p>Los colectivos fueron creciendo conforme se extend\u00edan las desapariciones por Tepic y sus municipios cercanos. Como en gran parte del pa\u00eds, han sido estas agrupaciones de familiares las que empezaron a recorrer parajes en la b\u00fasqueda de fosas clandestinas. Tambi\u00e9n son las que han enfrentado a la fiscal\u00eda.<\/p>\n<p>En julio de 2018, por ejemplo, la fiscal\u00eda estatal present\u00f3 al comandante Salvador Aguilar Brito como el nuevo encargado de la Agencia de Investigaci\u00f3n Criminal de la Fiscal\u00eda Especializada en Investigaci\u00f3n de Personas Desaparecidas. Las familias recordaron que el nombre del funcionario se encontraba en varias carpetas de investigaci\u00f3n. Una madre lo acus\u00f3 de haberse llevado a su hijo.<\/p>\n<p>Los colectivos exigieron al fiscal Petronilo D\u00edaz retirar del cargo al comandante Aguilar Brito, pero \u00fanicamente lo movi\u00f3 a otra unidad de la misma instituci\u00f3n, de acuerdo con las l\u00edderes de los colectivos entrevistadas. Quinto Elemento Lab confirm\u00f3 que, en abril de 2023, el comandante segu\u00eda en la n\u00f3mina de la FGE.<\/p>\n<h3 class=\"wp-block-heading\">Obstaculizar la verdad<\/h3>\n<p>En diciembre de 2022, durante una reuni\u00f3n con autoridades federales y del estado de Nayarit, Rosa Mar\u00eda Jara reclam\u00f3 que la fiscal\u00eda estatal destruy\u00f3 evidencia recuperada de la fosa clandestina donde fue encontrado su hijo. Entre quienes escucharon su reclamo estaban el subsecretario de derechos humanos de la Secretar\u00eda de Gobernaci\u00f3n, Alejandro Encinas; el gobernador de Nayarit, Miguel \u00c1ngel Navarro, y el fiscal local, Petronilo D\u00edaz Ponce.<\/p>\n<p>\u201cLe dije al licenciado Encinas que me ayudaran en un tema que a m\u00ed me duele mucho. \u2018Las prendas de una fosa clandestina \u2014le dije\u2014, donde estuvo mi hijo, fueron destruidas sin sustento alguno\u2019\u201d.<\/p>\n<p>El 14 de abril pasado, una\u00a0<a href=\"https:\/\/aristeguinoticias.com\/1404\/mexico\/desaparecer-toda-prueba-la-fiscalia-de-nayarit-destruye-evidencias-y-ahonda-dudas\/\">investigaci\u00f3n<\/a>\u00a0de la periodista Karina Cancino publicada en Aristegui Noticias, revel\u00f3 que la fiscal especializada en investigaci\u00f3n de personas desaparecidas de la FGE, aleg\u00f3 que se destruyeron las evidencias \u201cpor presentar (<em>sic<\/em>) fuente de infecci\u00f3n que pone en riesgo la salud p\u00fablica\u201d.<\/p>\n<p>Se trataba de vestimentas y objetos \u2014incluso met\u00e1licos\u2014 localizados en una fosa clandestina en donde se encontraron los cuerpos de 21 personas que fueron v\u00edctimas de desapariciones masivas en junio de 2017. Algunos objetos podr\u00edan pertenecer a elementos de la Fiscal\u00eda General del estado de Nayarit, aseguraron Rosa Mar\u00eda Jara y Alejandra P\u00e9rez. Su hermano fue encontrado en la misma fosa.<\/p>\n<p>La p\u00e9rdida de pruebas que ser\u00edan clave para la investigaci\u00f3n no es el \u00fanico obst\u00e1culo que ha puesto la Fiscal\u00eda estatal encabezada por Petronilo D\u00edaz. La propia FGR reconoci\u00f3 \u2014en respuesta a solicitudes de informaci\u00f3n\u2014 que las carpetas de investigaci\u00f3n iniciadas desde 2017 por su hom\u00f3loga local le fueron entregadas incompletas.<\/p>\n<p>\u201c(\u2026) a la fecha no se han remitido todos los datos de prueba que fueron te\u00f3ricamente recabadas por la Fiscal\u00eda Estatal de Nayarit, asimismo se tiene conocimiento que se han destruido datos de prueba como escuchas, datos conservados, adem\u00e1s de contaminado las diligencias de campo por nombrar algunas\u201d, se lee en uno de los oficios que la FGR remiti\u00f3 al INAI, como parte de un proceso de recurso de revisi\u00f3n presentado por Quinto Elemento Lab.<\/p>\n<figure class=\"wp-block-image size-full\"><img loading=\"lazy\" decoding=\"async\" class=\"wp-image-126732\" src=\"https:\/\/piedepagina.mx\/wp-content\/uploads\/2023\/08\/Oficio-No.-FGR_UTAG_DG_006590_2022.jpg\" sizes=\"auto, (max-width: 992px) 100vw, 992px\" srcset=\"https:\/\/piedepagina.mx\/wp-content\/uploads\/2023\/08\/Oficio-No.-FGR_UTAG_DG_006590_2022.jpg 992w, https:\/\/piedepagina.mx\/wp-content\/uploads\/2023\/08\/Oficio-No.-FGR_UTAG_DG_006590_2022-423x300.jpg 423w, https:\/\/piedepagina.mx\/wp-content\/uploads\/2023\/08\/Oficio-No.-FGR_UTAG_DG_006590_2022-768x545.jpg 768w\" alt=\"\" width=\"992\" height=\"704\" \/><\/figure>\n<p>Esto coincide con los testimonios de cuatro familiares que denunciaron el \u201crasuramiento\u201d de los expedientes de sus familiares. Entre los documentos faltantes hay registro de llamadas y mensajes del celular de una persona desaparecida, dict\u00e1menes forenses e, incluso, un expediente completo que simplemente no lleg\u00f3 de la fiscal\u00eda estatal a la FGR.<\/p>\n<p>De hecho, la FGR pr\u00e1cticamente tuvo que \u201carrebatarle\u201d a la fiscal\u00eda estatal los expedientes de decenas de casos de personas desaparecidas en Nayarit.<\/p>\n<p>El 14 de diciembre de 2020, personal de la FGR, la Secretar\u00eda de la Defensa Nacional (Sedena) y el Centro Nacional de Inteligencia (CNI) se reunieron para coordinar el operativo en el que se llevar\u00edan las carpetas de investigaci\u00f3n de la Fiscal\u00eda de Nayarit.<\/p>\n<p>En la minuta de la reuni\u00f3n, que fue reenviada de un correo de la Sedena, que aparece en la filtraci\u00f3n del grupo Guacamaya, se resumen los puntos acordados y se advierte que \u201chay gente involucrada en la Fiscal\u00eda\u201d y que, si no cooperaba la fiscal\u00eda local, se solicitar\u00eda una orden de cateo \u201ccon fines de exhumaci\u00f3n\u201d. Esta orden tendr\u00eda que ver con una sospecha de los familiares. Para ellos no es descabellado pensar que en el interior de la fiscal\u00eda hay fosas en donde se enterr\u00f3 a algunas v\u00edctimas.<\/p>\n<p>El operativo que se menciona en la minuta de la reuni\u00f3n ocurri\u00f3 el 17 de diciembre de 2020. Un convoy de unas diez camionetas lleg\u00f3 a la sede de la fiscal\u00eda del estado en Tepic, con una orden judicial.<\/p>\n<p>De acuerdo con un\u00a0<a href=\"https:\/\/www.milenio.com\/policia\/roberto-sandoval-buscan-fiscalia-nayarit-39-desaparecidos\">reportaje<\/a>\u00a0publicado en\u00a0<em>Milenio<\/em>, \u201celementos de la Fiscal\u00eda de Nayarit, en un principio, no dejaban ingresar al personal de la FGR\u201d. En su\u00a0<a href=\"https:\/\/twitter.com\/NayaritFiscalia\/status\/1361817544399548418?s=20\">versi\u00f3n<\/a>, la FGE asegur\u00f3 que \u201cen todo momento existi\u00f3 el di\u00e1logo institucional y la disponibilidad de la fiscal\u00eda para facilitar cualquier acto de investigaci\u00f3n\u201d.<\/p>\n<p>La instituci\u00f3n dirigida por Alejandro Gertz reconoci\u00f3 en un oficio enviado al INAI, como parte del mismo proceso de acceso a la informaci\u00f3n p\u00fablica, que \u201c(\u2026) tuvo la necesidad de catear a la Fiscal\u00eda Estatal, en 2020\u201d y que, debido a eso, su personal tiene \u201cvetado el derecho de acercarse a la dicha Fiscal\u00eda\u201d.<\/p>\n<p>En ese mismo documento, la FGR se\u00f1ala que \u201chan existido enfrentamientos armados entre personal de esta FGR, en conjunto con Guardia Nacional en contra los servidores p\u00fablicos de la Fiscal\u00eda Estatal, lo que ha generado inclusive p\u00e9rdidas de vidas humanas\u201d.<\/p>\n<p>Los obst\u00e1culos para investigar las desapariciones forzadas en Nayarit\u00a0 tambi\u00e9n han estado presentes en la FGR. En uno de los oficios entregados al INAI, la dependencia encabezada por Alejandro Gertz Manero reconoce que \u201cse detectaron irregularidades y ciertos retrasos en las diligencias para obtenci\u00f3n de datos de pruebas, as\u00ed como omisiones en solicitudes de actos de investigaci\u00f3n necesarios para el esclarecimiento de los hechos por lo que hubo necesidad de reestructurar, limitar y remover a personal que realizaba o coadyuvaba con los actos de investigaci\u00f3n\u201d.<\/p>\n<h3 class=\"wp-block-heading\">Saberse impunes<\/h3>\n<p>A Leticia Pinz\u00f3n le tiembla la voz al recordar aquel d\u00eda de septiembre de 2018, cuando le entregaron, al fin, el cuerpo de Jes\u00fas Antonio. Ese d\u00eda acariciaba \u201clo que quedaba de \u00e9l\u201d, cuando un funcionario del Servicio M\u00e9dico Forense de la Fiscal\u00eda de Nayarit le arroj\u00f3 un hueso. \u201cEsto tambi\u00e9n es de su hijo\u201d, le dijo.<\/p>\n<p>Desde que desenterraron la primera fosa, las familias de los desaparecidos de Nayarit han padecido un desprecio tras otro.<\/p>\n<p>\u201cFue brutal porque llevaban bolsas negras y jalaban, (las) llenaban con huesos y, \u00f3rale, la otra bolsa, como si fueran basura. No hab\u00eda ning\u00fan protocolo\u201d, recuerda Leticia Pinz\u00f3n sobre el procesamiento de las primeras fosas.<\/p>\n<p>A Tania Guzm\u00e1n le entregaron a su pap\u00e1 en una bolsa. \u201cComo si fuera un costal de harina\u201d, recuerda. No le avisaron que ocurrir\u00eda, s\u00f3lo la citaron para darle \u201cavances de la investigaci\u00f3n\u201d. Intent\u00f3 e intent\u00f3, pero no pudo llev\u00e1rselo de la morgue ese d\u00eda porque no hab\u00eda hecho los tr\u00e1mites para velarlo y darle sepultura. \u201cYo pensaba: hab\u00eda luchado tanto para sacarlo de aqu\u00ed, para saber que era \u00e9l y ten\u00eda que volver a dejarlo\u201d.<\/p>\n<p>Tampoco a Janeth le quer\u00edan decir el motivo por el que la citaban en la fiscal\u00eda. \u201cTodo mundo sab\u00eda que ya me iban a entregar a mi hermano, menos yo\u201d, dice molesta.<\/p>\n<p>Despu\u00e9s de que fueron recuperados de las fosas clandestinas, la FGE tard\u00f3 siete meses en identificar a los familiares de las tres mujeres. Durante ese tiempo, mientras los cuerpos de sus seres queridos estaban en el Servicio M\u00e9dico Forense, ellas los segu\u00edan buscando, esperando encontrarlos vivos.<\/p>\n<p>\u201cNo ha habido una detenci\u00f3n. No tienes idea de la cantidad de informaci\u00f3n que dimos las familias se\u00f1alando a las mismas personas\u201d, reclama Leticia Pinz\u00f3n.<\/p>\n<figure class=\"wp-block-image size-large\"><img loading=\"lazy\" decoding=\"async\" class=\"wp-image-126733\" src=\"https:\/\/piedepagina.mx\/wp-content\/uploads\/2023\/08\/Grafico-2-web-752x1024.jpg\" sizes=\"auto, (max-width: 752px) 100vw, 752px\" srcset=\"https:\/\/piedepagina.mx\/wp-content\/uploads\/2023\/08\/Grafico-2-web-752x1024.jpg 752w, https:\/\/piedepagina.mx\/wp-content\/uploads\/2023\/08\/Grafico-2-web-220x300.jpg 220w, https:\/\/piedepagina.mx\/wp-content\/uploads\/2023\/08\/Grafico-2-web-768x1045.jpg 768w, https:\/\/piedepagina.mx\/wp-content\/uploads\/2023\/08\/Grafico-2-web.jpg 992w\" alt=\"\" width=\"752\" height=\"1024\" \/><\/figure>\n<p>Hasta octubre de 2022, la investigaci\u00f3n de la FGR inclu\u00eda a 71 v\u00edctimas de delitos de desaparici\u00f3n forzada, desaparici\u00f3n cometida por particulares y delincuencia organizada. En un oficio que entreg\u00f3 la FGR al INAI, la fiscal\u00eda reconoce que indaga la participaci\u00f3n de servidores p\u00fablicos \u201cde los m\u00e1s altos niveles sobre todo a nivel estatal\u201d, y a integrantes de grupos criminales.<\/p>\n<p>La investigaci\u00f3n no parece avanzar. El 27 de febrero del 2023, en la Ciudad de M\u00e9xico, el equipo de la FGR a cargo del expediente se reuni\u00f3 con familiares de los desaparecidos para mostrar una red de v\u00ednculos que elabor\u00f3 con su propio an\u00e1lisis de contexto e im\u00e1genes de los hallazgos en las fosas clandestinas. No dieron m\u00e1s detalles sobre diligencias o las \u00f3rdenes de aprehensi\u00f3n.<\/p>\n<p>Casi seis a\u00f1os despu\u00e9s de las desapariciones masivas en Nayarit ocurridas en 2017 no hay ninguna persona servidora o ex servidora p\u00fablica detenida.<\/p>\n<p>Mientras tanto, las familias en Nayarit viven con miedo un d\u00eda s\u00ed y al otro tambi\u00e9n. En su b\u00fasqueda de justicia, algunos de ellos han padecido desde vigilancia a fuera de sus domicilios, amenazas y secuestros expr\u00e9s.<\/p>\n<p>Ya no se han visto a las camionetas ni a los hombres uniformados, pero en Nayarit las desapariciones contin\u00faan.<\/p>\n<p><a href=\"https:\/\/piedepagina.mx\/desapariciones-masivas-en-nayarit-6-anos-de-impunidad\/\">https:\/\/piedepagina.mx\/desapariciones-masivas-en-nayarit-6-anos-de-impunidad\/<\/a><\/p>\n","protected":false},"excerpt":{"rendered":"<p>Imagen:Christian Ruano En s\u00f3lo cuatro meses, m\u00e1s de 150 personas fueron desaparecidas en Nayarit. Eso ocurri\u00f3 en 2017. Al menos en 47 de esos casos, las evidencias indican que los &hellip; <a href=\"https:\/\/www.grieta.org.mx\/index.php\/2023\/08\/01\/desapariciones-masivas-en-nayarit-6-anos-de-impunidad\/\" class=\"more-link\">Leer m\u00e1s<\/a><\/p>\n","protected":false},"author":2,"featured_media":67361,"comment_status":"closed","ping_status":"closed","sticky":false,"template":"","format":"standard","meta":{"ngg_post_thumbnail":0,"_jetpack_newsletter_access":"","_jetpack_dont_email_post_to_subs":false,"_jetpack_newsletter_tier_id":0,"_jetpack_memberships_contains_paywalled_content":false,"_jetpack_memberships_contains_paid_content":false,"footnotes":""},"categories":[80,87,2267,23,2,83],"tags":[3791,1828,121,1668,3660,856,265],"class_list":["post-67360","post","type-post","status-publish","format-standard","has-post-thumbnail","hentry","category-cintillo","category-desaparecidos","category-desaparecidos-en-nayarit","category-nayarit","category-noticias-nacionales","category-temas-nacionales","tag-acciones-por-desaparecidos","tag-busqueda-de-desaparecidos","tag-desaparecidos","tag-familiares-de-desaparecidos","tag-fiscalia","tag-fosas-clandestinas","tag-impunidad","entry"],"jetpack_featured_media_url":"https:\/\/www.grieta.org.mx\/wp-content\/uploads\/2023\/08\/Foto_5_Protesta-desaparecidos02.jpg","jetpack_sharing_enabled":true,"jetpack_shortlink":"https:\/\/wp.me\/p7ZJR4-hws","jetpack_likes_enabled":false,"jetpack-related-posts":[{"id":52865,"url":"https:\/\/www.grieta.org.mx\/index.php\/2020\/08\/25\/denuncian-ante-la-onu-encubrimiento-y-pasividad-de-la-fiscalia-en-la-busqueda-de-desaparecidos-en-nayarit\/","url_meta":{"origin":67360,"position":0},"title":"Denuncian ante la ONU encubrimiento y pasividad de la Fiscal\u00eda en la b\u00fasqueda de desaparecidos en Nayarit","author":"grieta","date":"25 agosto, 2020","format":false,"excerpt":"Foto: Cuartoscuro Crys Benitez \/ El Occidental TEPIC, Nayarit (OEM-Informex).- Debido a la falta de acciones por parte de la Fiscal\u00eda General del Estado, para investigar los casos de desapariciones forzadas que se presentaron principalmente durante el mando del ex fiscal Edgar Veytia, quien presuntamente sosten\u00eda v\u00ednculos con el crimen\u2026","rel":"","context":"En &quot;CINTILLO&quot;","block_context":{"text":"CINTILLO","link":"https:\/\/www.grieta.org.mx\/index.php\/category\/cintillo\/"},"img":{"alt_text":"","src":"https:\/\/i0.wp.com\/www.grieta.org.mx\/wp-content\/uploads\/2020\/08\/Desaparecidos.jpeg?resize=350%2C200&ssl=1","width":350,"height":200,"srcset":"https:\/\/i0.wp.com\/www.grieta.org.mx\/wp-content\/uploads\/2020\/08\/Desaparecidos.jpeg?resize=350%2C200&ssl=1 1x, https:\/\/i0.wp.com\/www.grieta.org.mx\/wp-content\/uploads\/2020\/08\/Desaparecidos.jpeg?resize=525%2C300&ssl=1 1.5x, https:\/\/i0.wp.com\/www.grieta.org.mx\/wp-content\/uploads\/2020\/08\/Desaparecidos.jpeg?resize=700%2C400&ssl=1 2x"},"classes":[]},{"id":53006,"url":"https:\/\/www.grieta.org.mx\/index.php\/2020\/09\/01\/verdad-y-justicia-desaparecidas-en-nayarit\/","url_meta":{"origin":67360,"position":1},"title":"Verdad y Justicia desaparecidas en Nayarit","author":"grieta","date":"1 septiembre, 2020","format":false,"excerpt":"Foto: Realidades de Nayarit \u201cDesde el inicio del gobierno de Antonio Echevarr\u00eda, las desapariciones no solamente continuaron, sino que aumentaron. Las instituciones p\u00fablicas, en particular la Fiscal\u00eda Estatal, siguen coludidas y corruptas\u201d, se\u00f1alan Colectivos de familiares de personas desaparecidas en Nayarit Ver\u00f3nica Ram\u00edrez \/ Realidades de Nayarit Tepic, Nayarit.- Martes\u2026","rel":"","context":"En &quot;CINTILLO&quot;","block_context":{"text":"CINTILLO","link":"https:\/\/www.grieta.org.mx\/index.php\/category\/cintillo\/"},"img":{"alt_text":"","src":"https:\/\/i0.wp.com\/www.grieta.org.mx\/wp-content\/uploads\/2020\/09\/desaparecidos-03.jpg?resize=350%2C200&ssl=1","width":350,"height":200,"srcset":"https:\/\/i0.wp.com\/www.grieta.org.mx\/wp-content\/uploads\/2020\/09\/desaparecidos-03.jpg?resize=350%2C200&ssl=1 1x, https:\/\/i0.wp.com\/www.grieta.org.mx\/wp-content\/uploads\/2020\/09\/desaparecidos-03.jpg?resize=525%2C300&ssl=1 1.5x, https:\/\/i0.wp.com\/www.grieta.org.mx\/wp-content\/uploads\/2020\/09\/desaparecidos-03.jpg?resize=700%2C400&ssl=1 2x"},"classes":[]},{"id":55746,"url":"https:\/\/www.grieta.org.mx\/index.php\/2020\/12\/11\/familiares-de-desaparecidos-culpan-a-gobierno-y-fiscalia-de-desapariciones-en-nayarit-en-publicacion-relatan-el-terror-que-se-vive-en-la-entidad\/","url_meta":{"origin":67360,"position":2},"title":"Familiares de desaparecidos culpan a gobierno y fiscal\u00eda de desapariciones en Nayarit, en publicaci\u00f3n relatan el terror que se vive en la entidad","author":"grieta","date":"11 diciembre, 2020","format":false,"excerpt":"Foto: Realidades de Nayarit Familiares de las v\u00edctimas, culpan directamente al gobierno de To\u00f1o, en especial, a la Fiscal\u00eda de Nayarit, de ser un centro de tortura y desapariciones, gran parte de ellas, a manos de agentes de la polic\u00eda estatal Historias de terror: C\u00f3mo agentes de la Fiscal\u00eda mataron\u2026","rel":"","context":"En &quot;CINTILLO&quot;","block_context":{"text":"CINTILLO","link":"https:\/\/www.grieta.org.mx\/index.php\/category\/cintillo\/"},"img":{"alt_text":"","src":"https:\/\/i0.wp.com\/www.grieta.org.mx\/wp-content\/uploads\/2020\/12\/9-1-768x427-1.jpg?resize=350%2C200&ssl=1","width":350,"height":200,"srcset":"https:\/\/i0.wp.com\/www.grieta.org.mx\/wp-content\/uploads\/2020\/12\/9-1-768x427-1.jpg?resize=350%2C200&ssl=1 1x, https:\/\/i0.wp.com\/www.grieta.org.mx\/wp-content\/uploads\/2020\/12\/9-1-768x427-1.jpg?resize=525%2C300&ssl=1 1.5x, https:\/\/i0.wp.com\/www.grieta.org.mx\/wp-content\/uploads\/2020\/12\/9-1-768x427-1.jpg?resize=700%2C400&ssl=1 2x"},"classes":[]},{"id":68443,"url":"https:\/\/www.grieta.org.mx\/index.php\/2024\/01\/09\/madres-buscadoras-y-familiares-realizan-busqueda-de-desaparecidos-en-el-guamuchil\/","url_meta":{"origin":67360,"position":3},"title":"Madres buscadoras y familiares realizan b\u00fasqueda de desaparecidos en El Guam\u00fachil","author":"grieta","date":"9 enero, 2024","format":false,"excerpt":"Imagen:Especial Isrrael Torres \/ Tribuna de la Bah\u00eda La Comisi\u00f3n Estatal de Personas Desaparecidas, en conjunto con familias de desaparecidos y apoyados por la Guardia Nacional y la Polic\u00eda Estatal Coordinada,\u00a0realizaron labores de b\u00fasqueda en la ribera del r\u00edo de la localidad El Guam\u00fachil, en Bah\u00eda de Banderas. Hubo excavaciones\u2026","rel":"","context":"En &quot;CINTILLO&quot;","block_context":{"text":"CINTILLO","link":"https:\/\/www.grieta.org.mx\/index.php\/category\/cintillo\/"},"img":{"alt_text":"","src":"https:\/\/i0.wp.com\/www.grieta.org.mx\/wp-content\/uploads\/2024\/02\/busqueda-personas-desaparecidas-905x613-1.jpeg?resize=350%2C200&ssl=1","width":350,"height":200,"srcset":"https:\/\/i0.wp.com\/www.grieta.org.mx\/wp-content\/uploads\/2024\/02\/busqueda-personas-desaparecidas-905x613-1.jpeg?resize=350%2C200&ssl=1 1x, https:\/\/i0.wp.com\/www.grieta.org.mx\/wp-content\/uploads\/2024\/02\/busqueda-personas-desaparecidas-905x613-1.jpeg?resize=525%2C300&ssl=1 1.5x, https:\/\/i0.wp.com\/www.grieta.org.mx\/wp-content\/uploads\/2024\/02\/busqueda-personas-desaparecidas-905x613-1.jpeg?resize=700%2C400&ssl=1 2x"},"classes":[]},{"id":67747,"url":"https:\/\/www.grieta.org.mx\/index.php\/2023\/09\/14\/nayarit-colectivos-de-familiares-de-desaparecidos-temen-represalias-tras-liberacion-de-fiscal\/","url_meta":{"origin":67360,"position":4},"title":"Nayarit: Colectivos de familiares de desaparecidos temen represalias tras liberaci\u00f3n de fiscal","author":"grieta","date":"14 septiembre, 2023","format":false,"excerpt":"Imagen: Crys Ben\u00edtez Crys Ben\u00edtez \/ El Occidental TEPIC, Nayarit (OEM-Informex).- A ra\u00edz de que el juez de control ordenara la liberaci\u00f3n de la fiscal de Desaparecidos de la Fiscal\u00eda General del Estado, quien fue detenida el pasado jueves en las instalaciones de la dependencia,\u00a0los colectivos temen represalias\u00a0en su contra.\u2026","rel":"","context":"En &quot;CINTILLO&quot;","block_context":{"text":"CINTILLO","link":"https:\/\/www.grieta.org.mx\/index.php\/category\/cintillo\/"},"img":{"alt_text":"","src":"https:\/\/i0.wp.com\/www.grieta.org.mx\/wp-content\/uploads\/2023\/09\/Foto.-Por-Crys-Benitez.jpeg?resize=350%2C200&ssl=1","width":350,"height":200,"srcset":"https:\/\/i0.wp.com\/www.grieta.org.mx\/wp-content\/uploads\/2023\/09\/Foto.-Por-Crys-Benitez.jpeg?resize=350%2C200&ssl=1 1x, https:\/\/i0.wp.com\/www.grieta.org.mx\/wp-content\/uploads\/2023\/09\/Foto.-Por-Crys-Benitez.jpeg?resize=525%2C300&ssl=1 1.5x, https:\/\/i0.wp.com\/www.grieta.org.mx\/wp-content\/uploads\/2023\/09\/Foto.-Por-Crys-Benitez.jpeg?resize=700%2C400&ssl=1 2x"},"classes":[]},{"id":71803,"url":"https:\/\/www.grieta.org.mx\/index.php\/2025\/06\/04\/desaparecen-20-personas-en-bahia-en-lo-que-va-de-2025-14-siguen-sin-ser-localizadas-nayarit\/","url_meta":{"origin":67360,"position":5},"title":"Desaparecen 20 personas en Bah\u00eda en lo que va de 2025; 14 siguen sin ser localizadas (Nayarit)","author":"grieta","date":"4 junio, 2025","format":false,"excerpt":"Imagen: Especial Isrrael Torres \/ Tribuna de la Bah\u00eda En lo que va del a\u00f1o 2025, 20 personas han sido reportadas como desaparecidas en Bah\u00eda de Banderas, seg\u00fan datos del Registro Nacional de Personas Desaparecidas y No Localizadas del Gobierno Federal. De ellas, solo seis han sido localizadas, mientras que\u2026","rel":"","context":"En &quot;CINTILLO&quot;","block_context":{"text":"CINTILLO","link":"https:\/\/www.grieta.org.mx\/index.php\/category\/cintillo\/"},"img":{"alt_text":"","src":"https:\/\/i0.wp.com\/www.grieta.org.mx\/wp-content\/uploads\/2025\/06\/personas-desaparecidas-1024x695-1.jpg?resize=350%2C200&ssl=1","width":350,"height":200,"srcset":"https:\/\/i0.wp.com\/www.grieta.org.mx\/wp-content\/uploads\/2025\/06\/personas-desaparecidas-1024x695-1.jpg?resize=350%2C200&ssl=1 1x, https:\/\/i0.wp.com\/www.grieta.org.mx\/wp-content\/uploads\/2025\/06\/personas-desaparecidas-1024x695-1.jpg?resize=525%2C300&ssl=1 1.5x, https:\/\/i0.wp.com\/www.grieta.org.mx\/wp-content\/uploads\/2025\/06\/personas-desaparecidas-1024x695-1.jpg?resize=700%2C400&ssl=1 2x"},"classes":[]}],"_links":{"self":[{"href":"https:\/\/www.grieta.org.mx\/index.php\/wp-json\/wp\/v2\/posts\/67360","targetHints":{"allow":["GET"]}}],"collection":[{"href":"https:\/\/www.grieta.org.mx\/index.php\/wp-json\/wp\/v2\/posts"}],"about":[{"href":"https:\/\/www.grieta.org.mx\/index.php\/wp-json\/wp\/v2\/types\/post"}],"author":[{"embeddable":true,"href":"https:\/\/www.grieta.org.mx\/index.php\/wp-json\/wp\/v2\/users\/2"}],"replies":[{"embeddable":true,"href":"https:\/\/www.grieta.org.mx\/index.php\/wp-json\/wp\/v2\/comments?post=67360"}],"version-history":[{"count":1,"href":"https:\/\/www.grieta.org.mx\/index.php\/wp-json\/wp\/v2\/posts\/67360\/revisions"}],"predecessor-version":[{"id":67362,"href":"https:\/\/www.grieta.org.mx\/index.php\/wp-json\/wp\/v2\/posts\/67360\/revisions\/67362"}],"wp:featuredmedia":[{"embeddable":true,"href":"https:\/\/www.grieta.org.mx\/index.php\/wp-json\/wp\/v2\/media\/67361"}],"wp:attachment":[{"href":"https:\/\/www.grieta.org.mx\/index.php\/wp-json\/wp\/v2\/media?parent=67360"}],"wp:term":[{"taxonomy":"category","embeddable":true,"href":"https:\/\/www.grieta.org.mx\/index.php\/wp-json\/wp\/v2\/categories?post=67360"},{"taxonomy":"post_tag","embeddable":true,"href":"https:\/\/www.grieta.org.mx\/index.php\/wp-json\/wp\/v2\/tags?post=67360"}],"curies":[{"name":"wp","href":"https:\/\/api.w.org\/{rel}","templated":true}]}}