{"id":67354,"date":"2023-08-05T08:24:50","date_gmt":"2023-08-05T14:24:50","guid":{"rendered":"https:\/\/www.grieta.org.mx\/?p=67354"},"modified":"2023-08-06T15:51:45","modified_gmt":"2023-08-06T21:51:45","slug":"organizaciones-denuncian-deforestacion-de-6659-hectareas-para-el-tren-maya","status":"publish","type":"post","link":"https:\/\/www.grieta.org.mx\/index.php\/2023\/08\/05\/organizaciones-denuncian-deforestacion-de-6659-hectareas-para-el-tren-maya\/","title":{"rendered":"Organizaciones denuncian deforestaci\u00f3n de 6,659 hect\u00e1reas para el Tren Maya"},"content":{"rendered":"<p>Thelma G\u00f3mez Dur\u00e1n \/ Mongabay Latam  \/ Animal Pol\u00edtico<\/p>\n<blockquote><p>Un an\u00e1lisis de im\u00e1genes satelitales, realizado por la organizaci\u00f3n CartoCr\u00edtica, mostr\u00f3 que 10 mil 831 hect\u00e1reas hoy son ocupadas por obras relacionadas con el Tren Maya; 61% de esa superficie ha sido deforestada. <\/p><\/blockquote>\n<p>Era diciembre de 2018. Andr\u00e9s Manuel L\u00f3pez Obrador s\u00f3lo llevaba unos d\u00edas como presidente de M\u00e9xico y, en ese entonces, aseguraba que no se iba a talar un solo \u00e1rbol con la construcci\u00f3n de Tren Maya. Cinco a\u00f1os despu\u00e9s, un an\u00e1lisis de im\u00e1genes satelitales muestra que, al menos, se han deforestado 6659 hect\u00e1reas como consecuencia de las obras realizadas en torno al llamado Tren Maya, uno de los proyectos emblem\u00e1ticos del actual gobierno y que se construye en la Pen\u00ednsula de Yucat\u00e1n.<\/p>\n<p>El an\u00e1lisis de las im\u00e1genes satelitales realizado por CartoCr\u00edtica muestra que para junio de 2023 hab\u00eda 10 mil 831 hect\u00e1reas ocupadas para alguna obra relacionada con el Tren Maya, el 61 % de esa superficie fue deforestada.<\/p>\n<p><img loading=\"lazy\" decoding=\"async\" data-attachment-id=\"67374\" data-permalink=\"https:\/\/www.grieta.org.mx\/index.php\/2023\/08\/05\/organizaciones-denuncian-deforestacion-de-6659-hectareas-para-el-tren-maya\/deforestacion2\/\" data-orig-file=\"https:\/\/www.grieta.org.mx\/wp-content\/uploads\/2023\/08\/Deforestacion2-e1691357748603.jpg\" data-orig-size=\"800,525\" data-comments-opened=\"0\" data-image-meta=\"{&quot;aperture&quot;:&quot;0&quot;,&quot;credit&quot;:&quot;&quot;,&quot;camera&quot;:&quot;&quot;,&quot;caption&quot;:&quot;&quot;,&quot;created_timestamp&quot;:&quot;0&quot;,&quot;copyright&quot;:&quot;&quot;,&quot;focal_length&quot;:&quot;0&quot;,&quot;iso&quot;:&quot;0&quot;,&quot;shutter_speed&quot;:&quot;0&quot;,&quot;title&quot;:&quot;&quot;,&quot;orientation&quot;:&quot;1&quot;}\" data-image-title=\"Deforestacion2\" data-image-description=\"\" data-image-caption=\"\" data-medium-file=\"https:\/\/www.grieta.org.mx\/wp-content\/uploads\/2023\/08\/Deforestacion2-e1691357748603-300x197.jpg\" data-large-file=\"https:\/\/www.grieta.org.mx\/wp-content\/uploads\/2023\/08\/Deforestacion2-1024x672.jpg\" src=\"http:\/\/www.grieta.org.mx\/wp-content\/uploads\/2023\/08\/Deforestacion2-e1691357748603.jpg\" alt=\"\" width=\"800\" height=\"525\" class=\"alignnone size-full wp-image-67374\" srcset=\"https:\/\/www.grieta.org.mx\/wp-content\/uploads\/2023\/08\/Deforestacion2-e1691357748603.jpg 800w, https:\/\/www.grieta.org.mx\/wp-content\/uploads\/2023\/08\/Deforestacion2-e1691357748603-300x197.jpg 300w, https:\/\/www.grieta.org.mx\/wp-content\/uploads\/2023\/08\/Deforestacion2-e1691357748603-768x504.jpg 768w\" sizes=\"auto, (max-width: 800px) 100vw, 800px\" \/><br \/>\nMilitares realizan la construcci\u00f3n de la estaci\u00f3n del tren en el tramo 7, en Xpujil, Campeche. Foto: Isabel Mateos<\/p>\n<p>Eso significa que 6659 hect\u00e1reas que ten\u00edan cobertura forestal en 2018, ahora lucen sin vegetaci\u00f3n. En su lugar hay v\u00edas f\u00e9rreas o se construyen estaciones, paraderos, zonas de electrificaci\u00f3n, patios de maquinaria, caminos de acceso o son \u00e1reas que se utilizan como bancos de material.<\/p>\n<p>Las 6659 hect\u00e1reas deforestadas equivalen a casi diez veces el \u00e1rea que hoy ocupa el Bosque de Chapultepec, en la Ciudad de M\u00e9xico, y casi 20 veces la superficie en donde se encuentra el Central Park de Nueva York, en Estados Unidos.<\/p>\n<p>En su an\u00e1lisis, presentado el pasado 2 de agosto, CartoCr\u00edtica tambi\u00e9n destaca que el 87 % del \u00e1rea deforestada (5769 hect\u00e1reas) se desmont\u00f3 o tal\u00f3 ignorando lo que marca la legislaci\u00f3n ambiental, ya que los trabajos se realizaron sin contar con un tr\u00e1mite que pide la ley: la autorizaci\u00f3n de Cambio de Uso de Suelo en Terrenos Forestales (CUST) otorgada por la Secretar\u00eda de Medio Ambiente y Recursos Naturales (Semarnat).<\/p>\n<p>Horas despu\u00e9s de que CartoCr\u00edtica, el Centro Mexicano de Derecho Ambiental (Cemda), el Consejo Civil Mexicano para la Silvicultura Sostenible (CCMSS) y la Fundaci\u00f3n Heinrich B\u00f6ll dieran a conocer en conferencia de prensa la herramienta cartogr\u00e1fica sobre el Tren Maya, la Semarnat difundi\u00f3 un comunicado en donde se\u00f1ala que hay \u201cinconsistencias\u201d en los datos presentados por las organizaciones.<\/p>\n<p><img loading=\"lazy\" decoding=\"async\" data-attachment-id=\"67375\" data-permalink=\"https:\/\/www.grieta.org.mx\/index.php\/2023\/08\/05\/organizaciones-denuncian-deforestacion-de-6659-hectareas-para-el-tren-maya\/deforestacion3\/\" data-orig-file=\"https:\/\/www.grieta.org.mx\/wp-content\/uploads\/2023\/08\/Deforestacion3-e1691357875960.jpg\" data-orig-size=\"800,455\" data-comments-opened=\"0\" data-image-meta=\"{&quot;aperture&quot;:&quot;0&quot;,&quot;credit&quot;:&quot;&quot;,&quot;camera&quot;:&quot;&quot;,&quot;caption&quot;:&quot;&quot;,&quot;created_timestamp&quot;:&quot;0&quot;,&quot;copyright&quot;:&quot;&quot;,&quot;focal_length&quot;:&quot;0&quot;,&quot;iso&quot;:&quot;0&quot;,&quot;shutter_speed&quot;:&quot;0&quot;,&quot;title&quot;:&quot;&quot;,&quot;orientation&quot;:&quot;1&quot;}\" data-image-title=\"Deforestacion3\" data-image-description=\"\" data-image-caption=\"\" data-medium-file=\"https:\/\/www.grieta.org.mx\/wp-content\/uploads\/2023\/08\/Deforestacion3-e1691357875960-300x171.jpg\" data-large-file=\"https:\/\/www.grieta.org.mx\/wp-content\/uploads\/2023\/08\/Deforestacion3-1024x582.jpg\" src=\"http:\/\/www.grieta.org.mx\/wp-content\/uploads\/2023\/08\/Deforestacion3-e1691357875960.jpg\" alt=\"\" width=\"800\" height=\"455\" class=\"alignnone size-full wp-image-67375\" srcset=\"https:\/\/www.grieta.org.mx\/wp-content\/uploads\/2023\/08\/Deforestacion3-e1691357875960.jpg 800w, https:\/\/www.grieta.org.mx\/wp-content\/uploads\/2023\/08\/Deforestacion3-e1691357875960-300x171.jpg 300w, https:\/\/www.grieta.org.mx\/wp-content\/uploads\/2023\/08\/Deforestacion3-e1691357875960-768x437.jpg 768w\" sizes=\"auto, (max-width: 800px) 100vw, 800px\" \/><br \/>\nSuperficie ocupada por el tren, seg\u00fan tipo de cobertura del suelo. Tabla realizada por CartoCr\u00edtica.<\/p>\n<p>Seis mil hect\u00e1reas que dejaron de ser Selva Maya<\/p>\n<p>Para realizar el an\u00e1lisis sobre las afectaciones que el Tren Maya est\u00e1 teniendo en la cobertura forestal de la Pen\u00ednsula de Yucat\u00e1n, CartoCr\u00edtica compar\u00f3 im\u00e1genes satelitales de noviembre de 2018, mayo y junio de 2023. Adem\u00e1s, utiliz\u00f3 como referencia los datos de la Comisi\u00f3n Nacional para Conocimiento y Uso de la Biodiversidad (Conabio) sobre la cobertura de suelo que exist\u00eda antes del tren. Toda la metodolog\u00eda est\u00e1 disponible dentro de la herramienta cartogr\u00e1fica.<\/p>\n<p>\u201cNo se tom\u00f3 en cuenta la especulaci\u00f3n de terrenos (que se est\u00e1 dando alrededor en la zona a causa de proyecto f\u00e9rreo) ni la infraestructura hotelera que se est\u00e1 construyendo\u201d, explic\u00f3 Manuel Llano, director de CartoCr\u00edtica, durante la conferencia en donde se present\u00f3 la herramienta cartogr\u00e1fica sobre el Tren Maya.<\/p>\n<p>El an\u00e1lisis de las im\u00e1genes satelitales muestra que de la superficie deforestada por las obras del Tren Maya, 4139 hect\u00e1reas eran selva baja y mediana; 2246 hect\u00e1reas estaban ocupadas por selva mediana caducifolia; 70 hect\u00e1reas eran manglar y pet\u00e9n (en la Pen\u00ednsula de Yucat\u00e1n se llama as\u00ed a las islas de vegetaci\u00f3n arb\u00f3rea que se encuentran en zonas inundables) y 11.4 hect\u00e1reas albergaban selva mediana y alta perennifolia.<\/p>\n<p>Las im\u00e1genes satelitales tambi\u00e9n permitieron identificar que los tramos 4 y el 6 destacan por ser los que registran la mayor superficie deforestada hasta ahora. En el tramo 4, que va de Izamal a Canc\u00fan, se han deforestado 1640 hect\u00e1reas; mientras que la construcci\u00f3n del tramo 6, de Tulum a Chetumal, ha provocado la p\u00e9rdida de 1308 hect\u00e1reas de cobertura forestal.<\/p>\n<p><img loading=\"lazy\" decoding=\"async\" data-attachment-id=\"67376\" data-permalink=\"https:\/\/www.grieta.org.mx\/index.php\/2023\/08\/05\/organizaciones-denuncian-deforestacion-de-6659-hectareas-para-el-tren-maya\/deforestacion4\/\" data-orig-file=\"https:\/\/www.grieta.org.mx\/wp-content\/uploads\/2023\/08\/Deforestacion4-e1691358036384.jpg\" data-orig-size=\"800,456\" data-comments-opened=\"0\" data-image-meta=\"{&quot;aperture&quot;:&quot;0&quot;,&quot;credit&quot;:&quot;&quot;,&quot;camera&quot;:&quot;&quot;,&quot;caption&quot;:&quot;&quot;,&quot;created_timestamp&quot;:&quot;0&quot;,&quot;copyright&quot;:&quot;&quot;,&quot;focal_length&quot;:&quot;0&quot;,&quot;iso&quot;:&quot;0&quot;,&quot;shutter_speed&quot;:&quot;0&quot;,&quot;title&quot;:&quot;&quot;,&quot;orientation&quot;:&quot;1&quot;}\" data-image-title=\"Deforestacion4\" data-image-description=\"\" data-image-caption=\"\" data-medium-file=\"https:\/\/www.grieta.org.mx\/wp-content\/uploads\/2023\/08\/Deforestacion4-e1691358036384-300x171.jpg\" data-large-file=\"https:\/\/www.grieta.org.mx\/wp-content\/uploads\/2023\/08\/Deforestacion4-1024x584.jpg\" src=\"http:\/\/www.grieta.org.mx\/wp-content\/uploads\/2023\/08\/Deforestacion4-e1691358036384.jpg\" alt=\"\" width=\"800\" height=\"456\" class=\"alignnone size-full wp-image-67376\" srcset=\"https:\/\/www.grieta.org.mx\/wp-content\/uploads\/2023\/08\/Deforestacion4-e1691358036384.jpg 800w, https:\/\/www.grieta.org.mx\/wp-content\/uploads\/2023\/08\/Deforestacion4-e1691358036384-300x171.jpg 300w, https:\/\/www.grieta.org.mx\/wp-content\/uploads\/2023\/08\/Deforestacion4-e1691358036384-768x438.jpg 768w\" sizes=\"auto, (max-width: 800px) 100vw, 800px\" \/><br \/>\nSuperficie deforestada por tipo de vegetaci\u00f3n y autorizaci\u00f3n de cambio de uso de suelo. Tabla realizada por CartoCr\u00edtica.<\/p>\n<p>En la conferencia de prensa, Sergio Madrid, integrante del CCMSS, mencion\u00f3 que el Inventario Nacional Forestal se\u00f1ala que en los ecosistemas de la Pen\u00ednsula de Yucat\u00e1n una hect\u00e1rea puede albergar un promedio de 900 \u00e1rboles. Si se toma ese dato como referencia, alrededor de 6 millones de \u00e1rboles se han talado en la regi\u00f3n como consecuencia de las obras del Tren Maya.<\/p>\n<p>En febrero de 2023, en una respuesta a una solicitud de informaci\u00f3n, El Fondo Nacional de Fomento al Turismo (Fonatur) \u2014dependencia que est\u00e1 a cargo del proyecto del Tren Maya\u2014  asegur\u00f3 que se hab\u00edan talado o removido 3.4 millones de \u00e1rboles por los trabajos realizados en los diferentes tramos de la obra. De acuerdo con esa respuesta de Fonatur, en los tramos 4 y 5 es donde m\u00e1s se han talado o removido \u00e1rboles.<\/p>\n<p>Deforestar ignorando la ley<\/p>\n<p>Para que una persona, empresa o instituci\u00f3n de gobierno federal, estatal o municipal pueda desmontar o talar un terreno, la Ley General de Desarrollo Forestal Sustentable establece que es necesario presentar ante la Semarnat una solicitud de autorizaci\u00f3n de Cambio de Uso de Suelo en Terrenos Forestales (CUSTF).<\/p>\n<p>La Semarnat s\u00f3lo puede autorizar un CUSTF en casos excepcionales. En la conferencia de prensa, Viridiana Maldonado, abogada del Cemda, record\u00f3 que \u201cla excepci\u00f3n s\u00f3lo aplica cuando esos cambios de uso de suelo no comprometen a la biodiversidad ni provocan la erosi\u00f3n del suelo, el deterioro en la calidad del agua o la capacidad de almacenamiento de carbono de los ecosistemas\u201d.<\/p>\n<p>Al analizar las 18 autorizaciones de CUSTF relacionadas con el Tren Maya que ha otorgado la Semarnat, las organizaciones encontraron que 16 de ellas fueron autorizadas durante 2023, es decir, cuando ya hab\u00edan comenzado los trabajos y los terrenos ya hab\u00edan sido desmontados.<\/p>\n<p><img loading=\"lazy\" decoding=\"async\" data-attachment-id=\"67377\" data-permalink=\"https:\/\/www.grieta.org.mx\/index.php\/2023\/08\/05\/organizaciones-denuncian-deforestacion-de-6659-hectareas-para-el-tren-maya\/deforestacion5\/\" data-orig-file=\"https:\/\/www.grieta.org.mx\/wp-content\/uploads\/2023\/08\/Deforestacion5-e1691358087510.jpg\" data-orig-size=\"800,522\" data-comments-opened=\"0\" data-image-meta=\"{&quot;aperture&quot;:&quot;0&quot;,&quot;credit&quot;:&quot;&quot;,&quot;camera&quot;:&quot;&quot;,&quot;caption&quot;:&quot;&quot;,&quot;created_timestamp&quot;:&quot;0&quot;,&quot;copyright&quot;:&quot;&quot;,&quot;focal_length&quot;:&quot;0&quot;,&quot;iso&quot;:&quot;0&quot;,&quot;shutter_speed&quot;:&quot;0&quot;,&quot;title&quot;:&quot;&quot;,&quot;orientation&quot;:&quot;1&quot;}\" data-image-title=\"Deforestacion5\" data-image-description=\"\" data-image-caption=\"\" data-medium-file=\"https:\/\/www.grieta.org.mx\/wp-content\/uploads\/2023\/08\/Deforestacion5-e1691358087510-300x196.jpg\" data-large-file=\"https:\/\/www.grieta.org.mx\/wp-content\/uploads\/2023\/08\/Deforestacion5-1024x668.jpg\" src=\"http:\/\/www.grieta.org.mx\/wp-content\/uploads\/2023\/08\/Deforestacion5-e1691358087510.jpg\" alt=\"\" width=\"800\" height=\"522\" class=\"alignnone size-full wp-image-67377\" srcset=\"https:\/\/www.grieta.org.mx\/wp-content\/uploads\/2023\/08\/Deforestacion5-e1691358087510.jpg 800w, https:\/\/www.grieta.org.mx\/wp-content\/uploads\/2023\/08\/Deforestacion5-e1691358087510-300x196.jpg 300w, https:\/\/www.grieta.org.mx\/wp-content\/uploads\/2023\/08\/Deforestacion5-e1691358087510-768x501.jpg 768w, https:\/\/www.grieta.org.mx\/wp-content\/uploads\/2023\/08\/Deforestacion5-e1691358087510-765x500.jpg 765w\" sizes=\"auto, (max-width: 800px) 100vw, 800px\" \/><br \/>\nLas zonas en rojo muestran algunas de las \u00e1reas en donde se realiz\u00f3 tala sin contar con la autorizaci\u00f3n de cambio de uso de suelo. En las resaltadas con amarillo, s\u00ed hab\u00eda una autorizaci\u00f3n. Foto: CartoCr\u00edtica.<\/p>\n<p>\u201cLa pol\u00edtica forestal proh\u00edbe este tipo de pr\u00e1cticas que est\u00e1 realizando Fonatur, como desmontar y luego buscar tener las autorizaciones\u201d, resalt\u00f3 Maldonado. Incluso, la Ley General de Desarrollo Forestal Sustentable se\u00f1ala que no se puede otorgar ning\u00fan cambio de uso de suelo, durante los pr\u00f3ximos 20 a\u00f1os, en las \u00e1reas donde se haya realizado tala o desmonte sin autorizaci\u00f3n. \u201cLa Semarnat estar\u00eda obligada a negar esas autorizaciones\u201d, mencion\u00f3 la abogada de Cemda.<\/p>\n<p>Al analizar cu\u00e1ntas de las 6659 hect\u00e1reas que se han deforestado por las obras del llamado Tren Maya fueron desmontadas o taladas sin contar con una autorizaci\u00f3n de cambio de uso de suelo, CartoCr\u00edtica encontr\u00f3 que en 87 % esa superficie se quit\u00f3 la cobertura forestal sin contar con CUSTF.<\/p>\n<p>\u201cFonatur s\u00ed tiene algunas autorizaciones de cambio de uso de suelo, pero no las suficientes\u2026 Las autorizaciones son pocas, incompletas y tard\u00edas\u201d, se\u00f1al\u00f3 Manuel Llano, director de CartoCr\u00edtica, organizaci\u00f3n que desde hace m\u00e1s de un lustro promueve el acceso p\u00fablico a la informaci\u00f3n socioambiental georreferenciada para, entre otras cosas, conservar la diversidad biol\u00f3gica y cultural.<\/p>\n<p>En su comunicado, la Semarnat asegura que a\u00fan tienen validez las autorizaciones provisionales que se otorgaron amparadas en el decreto de noviembre de 2021, cuando L\u00f3pez Obrador declar\u00f3 de inter\u00e9s p\u00fablico y de seguridad nacional todas las obras y proyectos del gobierno federal, entre ellas el llamado Tren Maya.<\/p>\n<p>\u201cLas autorizaciones provisionales otorgadas previo a la sentencia de la Suprema Corte de Justicia de la Naci\u00f3n no quedaron sin efecto, tal como lo determina la propia sentencia, por lo que las obras del Tren Maya contin\u00faan con apego al marco legal\u201d, se\u00f1al\u00f3 en su comunicado la Sermarnat.<\/p>\n<p>Por su parte, en un comunicado publicado este jueves 3 de agosto, las organizaciones resaltaron que las autorizaciones provisionales no existen en las leyes ambientales, incluso, las autoridades judiciales tambi\u00e9n han se\u00f1alado que no pueden sustituir los procedimientos que s\u00ed contempla la ley: los CUSTF y la Evaluaci\u00f3n de Impacto Ambiental.<\/p>\n<p>En las 18 autorizaciones que se han dado para las obras del tren maya, Sergio Madrid destac\u00f3 que no existi\u00f3 \u201cuna valoraci\u00f3n del riesgo, una revisi\u00f3n de los da\u00f1os irreversibles. No es solamente una violaci\u00f3n a lo que las leyes del pa\u00eds ordenan, sino es la gravedad de no tener una evidencia de lo que esta autorizaci\u00f3n implica\u201d.<\/p>\n<p>Manuel Llano, director de CartoCr\u00edtica, tambi\u00e9n resalt\u00f3 que para los tramos 6 (de Tulum a Chetumal) y 7 (de Bacalar a Esc\u00e1rcega) a\u00fan no se tiene registrada alguna autorizaci\u00f3n de cambio de uso de suelo en terrenos forestales. \u201cA\u00fan as\u00ed, ya se ha deforestado\u201d.<\/p>\n<p>La Procuradur\u00eda Federal de Protecci\u00f3n al Medio Ambiente (Profepa) es la dependencia que, de acuerdo con la ley, deber\u00eda determinar si un cambio de uso de suelo en terrenos forestales viol\u00f3 la legislaci\u00f3n e imponer amonestaciones, multas o suspensiones de las obras. \u201cSe han presentado varias denuncias populares y Profepa se ha mantenido pasiva\u201d, denunci\u00f3 Maldonado.<\/p>\n<p>Mongabay Latam solicit\u00f3 a Profepa una postura al respecto, pero hasta la publicaci\u00f3n de este texto no se tuvo respuesta.<\/p>\n<p><img loading=\"lazy\" decoding=\"async\" data-attachment-id=\"67378\" data-permalink=\"https:\/\/www.grieta.org.mx\/index.php\/2023\/08\/05\/organizaciones-denuncian-deforestacion-de-6659-hectareas-para-el-tren-maya\/deforestacion6\/\" data-orig-file=\"https:\/\/www.grieta.org.mx\/wp-content\/uploads\/2023\/08\/Deforestacion6-e1691358187461.jpg\" data-orig-size=\"800,523\" data-comments-opened=\"0\" data-image-meta=\"{&quot;aperture&quot;:&quot;0&quot;,&quot;credit&quot;:&quot;&quot;,&quot;camera&quot;:&quot;&quot;,&quot;caption&quot;:&quot;&quot;,&quot;created_timestamp&quot;:&quot;0&quot;,&quot;copyright&quot;:&quot;&quot;,&quot;focal_length&quot;:&quot;0&quot;,&quot;iso&quot;:&quot;0&quot;,&quot;shutter_speed&quot;:&quot;0&quot;,&quot;title&quot;:&quot;&quot;,&quot;orientation&quot;:&quot;1&quot;}\" data-image-title=\"Deforestacion6\" data-image-description=\"\" data-image-caption=\"\" data-medium-file=\"https:\/\/www.grieta.org.mx\/wp-content\/uploads\/2023\/08\/Deforestacion6-e1691358187461-300x196.jpg\" data-large-file=\"https:\/\/www.grieta.org.mx\/wp-content\/uploads\/2023\/08\/Deforestacion6-1024x669.jpg\" src=\"http:\/\/www.grieta.org.mx\/wp-content\/uploads\/2023\/08\/Deforestacion6-e1691358187461.jpg\" alt=\"\" width=\"800\" height=\"523\" class=\"alignnone size-full wp-image-67378\" srcset=\"https:\/\/www.grieta.org.mx\/wp-content\/uploads\/2023\/08\/Deforestacion6-e1691358187461.jpg 800w, https:\/\/www.grieta.org.mx\/wp-content\/uploads\/2023\/08\/Deforestacion6-e1691358187461-300x196.jpg 300w, https:\/\/www.grieta.org.mx\/wp-content\/uploads\/2023\/08\/Deforestacion6-e1691358187461-768x502.jpg 768w, https:\/\/www.grieta.org.mx\/wp-content\/uploads\/2023\/08\/Deforestacion6-e1691358187461-765x500.jpg 765w\" sizes=\"auto, (max-width: 800px) 100vw, 800px\" \/><br \/>\nObras realizadas alrededor del Tren Maya, en el estado de Campeche. Foto: Robin Canul.<\/p>\n<p>La abogada de Cemda tambi\u00e9n record\u00f3 que el C\u00f3digo Penal Federal considera como delito el realizar un desmonte o tala sin contar con una autorizaci\u00f3n de cambio de uso de suelo. La pena por esta acci\u00f3n puede ser de hasta nueve a\u00f1os de c\u00e1rcel y la instancia encargada de investigar si existe un delito es la Unidad Especializada en Delitos Ambientales de la Fiscal\u00eda General de la Rep\u00fablica.<\/p>\n<p>Los desmontes realizados por las obras del llamado Tren Maya \u201cno s\u00f3lo pasan por encima de la ley\u201d. Sergio Madrid remarc\u00f3 que la p\u00e9rdida de cobertura forestal tambi\u00e9n significa \u201cla fragmentaci\u00f3n de la selva, la destrucci\u00f3n de h\u00e1bitat de cientos de especies de flora y fauna, la contaminaci\u00f3n de acu\u00edfero, destrucci\u00f3n de cavidades subterr\u00e1neas, relleno de humedales, interrupci\u00f3n de flujos naturales del agua y la destrucci\u00f3n de los medios de vida de las comunidades ind\u00edgenas\u201d.<\/p>\n<p>Desacato a una orden judicial<\/p>\n<p>Desde octubre de 2021, los abogados de Cemda denunciaron que en las obras del Tren Maya se estaban realizando cambios de uso de suelo en terrenos forestales sin contar con autorizaci\u00f3n de la Semarnat. En esa fecha presentaron ante el Juzgado Primero de Distrito en Yucat\u00e1n los resultados de un sobrevuelo realizado a lo largo de la l\u00ednea del tren. En ese momento, documentaron que se hab\u00eda desmontado, al menos, 144 hect\u00e1reas de selva maya.<\/p>\n<p>Fue hasta mayo de 2023, cuando el Juzgado Primero de Distrito en Yucat\u00e1n orden\u00f3 a Fonatur suspender cualquier acto de tala o desmonte que no contara con autorizaci\u00f3n de cambio de uso de suelo en los tramos 3 (Calkin\u00ed-Izamal), 4 (Izamal-Canc\u00fan), 5 norte (Canc\u00fan-Playa del Carmen) y 6 (Tul\u00fam-Chetumal).<\/p>\n<p>Para tomar esa decisi\u00f3n, el Juzgado se\u00f1al\u00f3 que \u201clas autorizaciones provisionales emitidas con base en el Acuerdo para la ejecuci\u00f3n de las obras de construcci\u00f3n de la v\u00eda f\u00e9rrea no suple las autorizaciones (de cambio de uso de suelo) que implican un estudio t\u00e9cnico y cient\u00edfico previo a la obra, que al no emitirse, pone en riesgo por s\u00ed solo al ecosistema donde se desarrollar\u00e1, porque permitir\u00eda el inicio de trabajos sin conocer las repercusiones y da\u00f1os que pueden ocasionarse con ella, en la inteligencia de que en muchas ocasiones los da\u00f1os ambientales son irreparables\u201d.<\/p>\n<p><img loading=\"lazy\" decoding=\"async\" data-attachment-id=\"67379\" data-permalink=\"https:\/\/www.grieta.org.mx\/index.php\/2023\/08\/05\/organizaciones-denuncian-deforestacion-de-6659-hectareas-para-el-tren-maya\/deforestacion7\/\" data-orig-file=\"https:\/\/www.grieta.org.mx\/wp-content\/uploads\/2023\/08\/Deforestacion7-e1691358294110.jpg\" data-orig-size=\"800,532\" data-comments-opened=\"0\" data-image-meta=\"{&quot;aperture&quot;:&quot;0&quot;,&quot;credit&quot;:&quot;&quot;,&quot;camera&quot;:&quot;&quot;,&quot;caption&quot;:&quot;&quot;,&quot;created_timestamp&quot;:&quot;0&quot;,&quot;copyright&quot;:&quot;&quot;,&quot;focal_length&quot;:&quot;0&quot;,&quot;iso&quot;:&quot;0&quot;,&quot;shutter_speed&quot;:&quot;0&quot;,&quot;title&quot;:&quot;&quot;,&quot;orientation&quot;:&quot;1&quot;}\" data-image-title=\"Deforestacion7\" data-image-description=\"\" data-image-caption=\"\" data-medium-file=\"https:\/\/www.grieta.org.mx\/wp-content\/uploads\/2023\/08\/Deforestacion7-e1691358294110-300x200.jpg\" data-large-file=\"https:\/\/www.grieta.org.mx\/wp-content\/uploads\/2023\/08\/Deforestacion7-1024x680.jpg\" src=\"http:\/\/www.grieta.org.mx\/wp-content\/uploads\/2023\/08\/Deforestacion7-e1691358294110.jpg\" alt=\"\" width=\"800\" height=\"532\" class=\"alignnone size-full wp-image-67379\" srcset=\"https:\/\/www.grieta.org.mx\/wp-content\/uploads\/2023\/08\/Deforestacion7-e1691358294110.jpg 800w, https:\/\/www.grieta.org.mx\/wp-content\/uploads\/2023\/08\/Deforestacion7-e1691358294110-300x200.jpg 300w, https:\/\/www.grieta.org.mx\/wp-content\/uploads\/2023\/08\/Deforestacion7-e1691358294110-768x511.jpg 768w\" sizes=\"auto, (max-width: 800px) 100vw, 800px\" \/><br \/>\nUna de las zonas de la Selva Maya en donde se construye el Tramo 5 del llamado Tren Maya. Foto: @CCMSSAC<\/p>\n<p>De acuerdo con los an\u00e1lisis de la organizaci\u00f3n, tan s\u00f3lo en junio de 2023, en los tramos 3, 4, 5 norte y 6, se desmontaron o realizaron trabajos de tala en 67.4 hect\u00e1reas sin contar con la autorizaci\u00f3n de cambio de uso de suelo. \u201cHay una presunta ilegalidad y desacato por parte de Fonatur y de quienes construyen las obras del tren en estos tramos\u201d, se\u00f1al\u00f3 Llano.<\/p>\n<p>Los tramos 5 norte, 6 y 7 son construidos por la Secretar\u00eda de la Defensa Nacional (Sedena).<\/p>\n<p>La abogada Viridiana Maldonado tambi\u00e9n asegur\u00f3 que \u201cse est\u00e1n realizando actividades de desmonte dentro de la Reserva de la Biosfera de Calakmul\u201d.<\/p>\n<p>Sergio Madrid record\u00f3 que la Pen\u00ednsula de Yucat\u00e1n alberga a la Selva Maya, el segundo bosque tropical m\u00e1s importante de Am\u00e9rica despu\u00e9s de la Amazon\u00eda. Adem\u00e1s, en ese territorio se encuentra el sistema de cuevas subacu\u00e1ticas m\u00e1s grande del mundo. Ese patrimonio natural est\u00e1 en riesgo: \u201cHoy en d\u00eda existe un intenso proceso de deforestaci\u00f3n en la Pen\u00ednsula de Yucat\u00e1n\u201d.<\/p>\n<p>Cada a\u00f1o, dijo, se deforestan entre 40 000 y 90 000 hect\u00e1reas en la Pen\u00ednsula de Yucat\u00e1n. Este \u201cproceso din\u00e1mico de deforestaci\u00f3n\u201d se est\u00e1 generando por los proyectos energ\u00e9ticos, tur\u00edsticos, mineros, inmobiliarios y agroindustriales que se impulsan en la regi\u00f3n desde hace unos 20 a\u00f1os. Este proceso, advirti\u00f3 Madrid, se intensificar\u00e1 con el llamado Tren Maya, el cual \u201cva a interconectar y potencializar estos proyectos\u201d.<\/p>\n<p>Semarnat se pronuncia sobre los datos<\/p>\n<p>En un comunicado difundido poco despu\u00e9s de que se present\u00f3 la herramienta cartogr\u00e1fica sobre el Tren Maya, la Semarnat se\u00f1al\u00f3 que \u201cel estudio mostrado se\u00f1ala que son 6,659 hect\u00e1reas totales susceptibles de cambio de uso de suelo en terrenos forestales, cuando el total registrado ante la Semarnat en las autorizaciones definitivas y provisionales es de 3167.29 hect\u00e1reas\u201d.<\/p>\n<p>La dependencia asegur\u00f3 que esas 3167.29 hect\u00e1reas representan \u201cel total de hect\u00e1reas oficialmente identificadas\u201d con cambio de uso de suelo y que todas cuentan con una autorizaci\u00f3n definitiva o provisional.<\/p>\n<p>La Semarnat menciona tambi\u00e9n que la herramienta cartogr\u00e1fica desarrollada por CartoCr\u00edtica considera \u201cbancos de materiales que no necesariamente forman parte del proyecto Tren Maya y que son propiedad de privados que ofrecen servicio a diversos clientes\u201d.<\/p>\n<p>Ante la respuesta de Semarnat, CartoCr\u00edtica, Cemda y la Fundaci\u00f3n Heinrich B\u00f6ll emitieron un comunicado en el que se\u00f1alaron que la cifra de 6659 hect\u00e1reas deforestadas por las obras relacionadas con el Tren Maya se sustenta en la evidencia satelital. \u201cLos datos presentados est\u00e1n respaldados, metro a metro, con las im\u00e1genes satelitales utilizadas para su c\u00e1lculo\u201d.<\/p>\n<p><img loading=\"lazy\" decoding=\"async\" data-attachment-id=\"67380\" data-permalink=\"https:\/\/www.grieta.org.mx\/index.php\/2023\/08\/05\/organizaciones-denuncian-deforestacion-de-6659-hectareas-para-el-tren-maya\/deforestacion8\/\" data-orig-file=\"https:\/\/www.grieta.org.mx\/wp-content\/uploads\/2023\/08\/Deforestacion8-e1691358392218.jpg\" data-orig-size=\"800,528\" data-comments-opened=\"0\" data-image-meta=\"{&quot;aperture&quot;:&quot;0&quot;,&quot;credit&quot;:&quot;&quot;,&quot;camera&quot;:&quot;&quot;,&quot;caption&quot;:&quot;&quot;,&quot;created_timestamp&quot;:&quot;0&quot;,&quot;copyright&quot;:&quot;&quot;,&quot;focal_length&quot;:&quot;0&quot;,&quot;iso&quot;:&quot;0&quot;,&quot;shutter_speed&quot;:&quot;0&quot;,&quot;title&quot;:&quot;&quot;,&quot;orientation&quot;:&quot;1&quot;}\" data-image-title=\"Deforestacion8\" data-image-description=\"\" data-image-caption=\"\" data-medium-file=\"https:\/\/www.grieta.org.mx\/wp-content\/uploads\/2023\/08\/Deforestacion8-e1691358392218-300x198.jpg\" data-large-file=\"https:\/\/www.grieta.org.mx\/wp-content\/uploads\/2023\/08\/Deforestacion8-1024x676.jpg\" src=\"http:\/\/www.grieta.org.mx\/wp-content\/uploads\/2023\/08\/Deforestacion8-e1691358392218.jpg\" alt=\"\" width=\"800\" height=\"528\" class=\"alignnone size-full wp-image-67380\" srcset=\"https:\/\/www.grieta.org.mx\/wp-content\/uploads\/2023\/08\/Deforestacion8-e1691358392218.jpg 800w, https:\/\/www.grieta.org.mx\/wp-content\/uploads\/2023\/08\/Deforestacion8-e1691358392218-300x198.jpg 300w, https:\/\/www.grieta.org.mx\/wp-content\/uploads\/2023\/08\/Deforestacion8-e1691358392218-768x507.jpg 768w\" sizes=\"auto, (max-width: 800px) 100vw, 800px\" \/><br \/>\nConstrucci\u00f3n de una de las estaciones del Tren Maya, en el municipio de Xpujil, Campeche. Foto: Isabel Mateos.<\/p>\n<p>El comunicado de Semarnat se\u00f1ala que el estudio realizado por CartoCr\u00edtica considera s\u00f3lo 18 \u201cautorizaciones definitivas\u201d que suman un total de 1727.70 hect\u00e1reas y no 889.9 que aseguran las organizaciones.<\/p>\n<p>Sobre este tema, las organizaciones se\u00f1alan que de acuerdo con la informaci\u00f3n a la que se ha podido tener acceso, Fonatur ha solicitado 28 autorizaciones de cambio de uso de suelo en terrenos forestales (CUSTF), de las cuales dos fueron desechadas, ocho est\u00e1n en evaluaci\u00f3n y 18 han sido autorizadas.<\/p>\n<p>Las organizaciones se\u00f1alaron que las 18 autorizaciones de CUSTF, seg\u00fan los resolutivos respectivos, incluyen 1,726.31 hect\u00e1reas. Sin embargo, debido a que no toda la informaci\u00f3n es p\u00fablica, para el an\u00e1lisis s\u00f3lo fue posible acceder a la ubicaci\u00f3n geogr\u00e1fica del 76 % de estas autorizaciones (1 314.42 hect\u00e1reas). \u201cLa superficie que no fue posible georreferenciar es de 412.32 hect\u00e1reas y corresponde a una porci\u00f3n exclusivamente del tramo 5\u201d.<\/p>\n<p>Al analizar las 1314.42 hect\u00e1reas que cuentan con autorizaci\u00f3n de cambio de uso de suelo y que s\u00ed fue posible georeferenciar, \u201cse lleg\u00f3 a la conclusi\u00f3n de que, dentro del \u00e1rea de los pol\u00edgonos autorizados, se han deforestado 889.9 hect\u00e1reas\u2026 Eso significa que hay porciones de las autorizaciones que, hasta junio de 2023, no han sido deforestadas\u201d.<\/p>\n<p>Estos datos, destacan las organizaciones, muestran que \u201cse han expedido Cambios de Uso de Suelo en Terrenos Forestales (CUSTF) que no fueron utilizados y, al mismo tiempo, se han deforestado otras \u00e1reas para las que no se cuenta con CUSTF\u201c.<\/p>\n<p>Las organizaciones tambi\u00e9n recordaron que muchos de los documentos sobre el Tren Maya no son p\u00fablicos, ya que el gobierno federal los ha clasificado bajo el argumento de que son considerados como tema de seguridad nacional.<\/p>\n<p><a href=\"https:\/\/www.animalpolitico.com\/sociedad\/tren-maya-deforestacion-hectareas-organizaciones\" rel=\"noopener\" target=\"_blank\">https:\/\/www.animalpolitico.com\/sociedad\/tren-maya-deforestacion-hectareas-organizaciones<\/a><\/p>\n","protected":false},"excerpt":{"rendered":"<p>Thelma G\u00f3mez Dur\u00e1n \/ Mongabay Latam \/ Animal Pol\u00edtico Un an\u00e1lisis de im\u00e1genes satelitales, realizado por la organizaci\u00f3n CartoCr\u00edtica, mostr\u00f3 que 10 mil 831 hect\u00e1reas hoy son ocupadas por obras &hellip; <a href=\"https:\/\/www.grieta.org.mx\/index.php\/2023\/08\/05\/organizaciones-denuncian-deforestacion-de-6659-hectareas-para-el-tren-maya\/\" class=\"more-link\">Leer m\u00e1s<\/a><\/p>\n","protected":false},"author":2,"featured_media":67373,"comment_status":"closed","ping_status":"closed","sticky":false,"template":"","format":"standard","meta":{"ngg_post_thumbnail":0,"_jetpack_newsletter_access":"","_jetpack_dont_email_post_to_subs":false,"_jetpack_newsletter_tier_id":0,"_jetpack_memberships_contains_paywalled_content":false,"_jetpack_memberships_contains_paid_content":false,"footnotes":""},"categories":[11,80,2749,2943,2258,3,922,926,944,952,2,28,1875,1876,1877,2026,36],"tags":[2988,2987,3646,1878],"class_list":["post-67354","post","type-post","status-publish","format-standard","has-post-thumbnail","hentry","category-campeche","category-cintillo","category-destruccion-y-contaminacion-ambiental-en-quintana-roo","category-destruccion-y-contaminacion-ambiental-en-yucatan","category-ecocidio-en-campeche","category-megaproyectos","category-megaproyectos-estados","category-mp-campeche","category-mp-quintana-roo","category-mp-yucatan","category-noticias-nacionales","category-quintana-roo","category-resistencia-al-tren-maya-en-la-peninsula-de-yucatan","category-resistencia-al-tren-maya-en-la-peninsula-de-yucatan-quintana-roo","category-resistencia-al-tren-maya-en-la-peninsula-de-yucatan-campeche","category-tren-maya","category-yucatan","tag-deforestacion-por-el-tren-maya","tag-impacto-ecologico-por-tren-maya","tag-resistencia-contra-el-tren-maya","tag-tren-maya","entry"],"jetpack_featured_media_url":"https:\/\/www.grieta.org.mx\/wp-content\/uploads\/2023\/08\/Deforestacion-e1691357651359.jpg","jetpack_sharing_enabled":true,"jetpack_shortlink":"https:\/\/wp.me\/p7ZJR4-hwm","jetpack_likes_enabled":false,"jetpack-related-posts":[{"id":47874,"url":"https:\/\/www.grieta.org.mx\/index.php\/2020\/04\/13\/las-vias-torcidas-del-tren-maya-video\/","url_meta":{"origin":67354,"position":0},"title":"Las v\u00edas torcidas del tren maya (Video)","author":"grieta","date":"13 abril, 2020","format":false,"excerpt":"https:\/\/www.youtube.com\/watch?v=k8FRX9eT0YY","rel":"","context":"En &quot;16. Pueblo Maya&quot;","block_context":{"text":"16. Pueblo Maya","link":"https:\/\/www.grieta.org.mx\/index.php\/category\/espejos-de-la-resistencia\/16-pueblo-maya\/"},"img":{"alt_text":"","src":"https:\/\/i0.wp.com\/www.grieta.org.mx\/wp-content\/uploads\/2020\/04\/ViasTorcidasTrenMaya.png?resize=350%2C200&ssl=1","width":350,"height":200,"srcset":"https:\/\/i0.wp.com\/www.grieta.org.mx\/wp-content\/uploads\/2020\/04\/ViasTorcidasTrenMaya.png?resize=350%2C200&ssl=1 1x, https:\/\/i0.wp.com\/www.grieta.org.mx\/wp-content\/uploads\/2020\/04\/ViasTorcidasTrenMaya.png?resize=525%2C300&ssl=1 1.5x, https:\/\/i0.wp.com\/www.grieta.org.mx\/wp-content\/uploads\/2020\/04\/ViasTorcidasTrenMaya.png?resize=700%2C400&ssl=1 2x"},"classes":[]},{"id":35945,"url":"https:\/\/www.grieta.org.mx\/index.php\/2019\/07\/05\/expansion-de-megaproyectos-en-la-peninsula-de-yucatan-video\/","url_meta":{"origin":67354,"position":1},"title":"Expansi\u00f3n de Megaproyectos en la Pen\u00ednsula de Yucat\u00e1n (Video)","author":"grieta","date":"5 julio, 2019","format":false,"excerpt":"https:\/\/youtu.be\/qLBARIAaBsI","rel":"","context":"En &quot;Campeche&quot;","block_context":{"text":"Campeche","link":"https:\/\/www.grieta.org.mx\/index.php\/category\/noticias-nacionales\/campeche\/"},"img":{"alt_text":"","src":"https:\/\/i0.wp.com\/img.youtube.com\/vi\/qLBARIAaBsI\/0.jpg?resize=350%2C200","width":350,"height":200},"classes":[]},{"id":65964,"url":"https:\/\/www.grieta.org.mx\/index.php\/2022\/12\/15\/tren-maya-duplica-tendencia-de-deforestacion-en-el-sureste-mexicano\/","url_meta":{"origin":67354,"position":2},"title":"Tren Maya duplica tendencia de deforestaci\u00f3n en el sureste mexicano","author":"grieta","date":"15 diciembre, 2022","format":false,"excerpt":"Jes\u00fas V\u00e1zquez \/ Foto: Cuartoscuro \/ El Economista Canc\u00fan, QR. Con la construcci\u00f3n y entrada de operaci\u00f3n del Tren Maya, la tendencia de deforestaci\u00f3n neta en la regi\u00f3n de influencia del proyecto aumentar\u00e1 de 9,786 hect\u00e1reas por a\u00f1o (ha\/a\u00f1o) a 12,189.2 ha\/a\u00f1o entre el 2018 y el 2030, lo que\u2026","rel":"","context":"En &quot;Campeche&quot;","block_context":{"text":"Campeche","link":"https:\/\/www.grieta.org.mx\/index.php\/category\/noticias-nacionales\/campeche\/"},"img":{"alt_text":"","src":"https:\/\/i0.wp.com\/www.grieta.org.mx\/wp-content\/uploads\/2022\/12\/Deforestacion-e1671797549818.jpg?resize=350%2C200&ssl=1","width":350,"height":200,"srcset":"https:\/\/i0.wp.com\/www.grieta.org.mx\/wp-content\/uploads\/2022\/12\/Deforestacion-e1671797549818.jpg?resize=350%2C200&ssl=1 1x, https:\/\/i0.wp.com\/www.grieta.org.mx\/wp-content\/uploads\/2022\/12\/Deforestacion-e1671797549818.jpg?resize=525%2C300&ssl=1 1.5x, https:\/\/i0.wp.com\/www.grieta.org.mx\/wp-content\/uploads\/2022\/12\/Deforestacion-e1671797549818.jpg?resize=700%2C400&ssl=1 2x"},"classes":[]},{"id":68844,"url":"https:\/\/www.grieta.org.mx\/index.php\/2024\/04\/29\/ambientalistas-clausuran-las-oficinas-de-semarnat-tras-calificarla-de-ecocida-quintana-roo\/","url_meta":{"origin":67354,"position":3},"title":"Ambientalistas &#8220;clausuran&#8221; las oficinas de Semarnat tras calificarla de ecocida (Quintana Roo)","author":"grieta","date":"29 abril, 2024","format":false,"excerpt":"Leslie Gordillo \/ NOTICARIBE PENINSULAR CANC\u00daN.- Un grupo de ambientalistas, representante de diferentes organismos y asociaciones civiles, se manifestaron en la zona hotelera de Canc\u00fan y clausuraron de manera simb\u00f3lica las oficinas de la Secretar\u00eda de Medio Ambiente y Recursos Naturales (Semarnat). La denuncia es que la Semarnat ha sido\u2026","rel":"","context":"En &quot;Campeche&quot;","block_context":{"text":"Campeche","link":"https:\/\/www.grieta.org.mx\/index.php\/category\/noticias-nacionales\/campeche\/"},"img":{"alt_text":"","src":"https:\/\/i0.wp.com\/www.grieta.org.mx\/wp-content\/uploads\/2024\/04\/ambientalitas-e1715552774254.jpg?resize=350%2C200&ssl=1","width":350,"height":200,"srcset":"https:\/\/i0.wp.com\/www.grieta.org.mx\/wp-content\/uploads\/2024\/04\/ambientalitas-e1715552774254.jpg?resize=350%2C200&ssl=1 1x, https:\/\/i0.wp.com\/www.grieta.org.mx\/wp-content\/uploads\/2024\/04\/ambientalitas-e1715552774254.jpg?resize=525%2C300&ssl=1 1.5x, https:\/\/i0.wp.com\/www.grieta.org.mx\/wp-content\/uploads\/2024\/04\/ambientalitas-e1715552774254.jpg?resize=700%2C400&ssl=1 2x"},"classes":[]},{"id":64433,"url":"https:\/\/www.grieta.org.mx\/index.php\/2022\/06\/09\/con-omisiones-e-imprecisiones-la-manifestacion-de-impacto-ambiental-para-el-tren-maya-ong\/","url_meta":{"origin":67354,"position":4},"title":"Con omisiones e imprecisiones, la Manifestaci\u00f3n de Impacto Ambiental para el Tren Maya: ONG","author":"grieta","date":"9 junio, 2022","format":false,"excerpt":"Proceso CIUDAD DE M\u00c9XICO (apro).\u2013 La Manifestaci\u00f3n de Impacto Ambiental (MIA) que el Fondo Nacional de Fomento al Turismo (Fonatur) elabor\u00f3 para reiniciar las obras del Tramo 5 Sur del Tren Maya tiene \u201cuna gran cantidad de omisiones e imprecisiones\u201d en informaci\u00f3n \u201cesencial\u201d para determinar los impactos ambientales del megaproyecto\u2026","rel":"","context":"En &quot;Campeche&quot;","block_context":{"text":"Campeche","link":"https:\/\/www.grieta.org.mx\/index.php\/category\/noticias-nacionales\/campeche\/"},"img":{"alt_text":"","src":"https:\/\/i0.wp.com\/www.grieta.org.mx\/wp-content\/uploads\/2022\/06\/MIATren-e1655851330619.png?resize=350%2C200&ssl=1","width":350,"height":200,"srcset":"https:\/\/i0.wp.com\/www.grieta.org.mx\/wp-content\/uploads\/2022\/06\/MIATren-e1655851330619.png?resize=350%2C200&ssl=1 1x, https:\/\/i0.wp.com\/www.grieta.org.mx\/wp-content\/uploads\/2022\/06\/MIATren-e1655851330619.png?resize=525%2C300&ssl=1 1.5x, https:\/\/i0.wp.com\/www.grieta.org.mx\/wp-content\/uploads\/2022\/06\/MIATren-e1655851330619.png?resize=700%2C400&ssl=1 2x"},"classes":[]},{"id":66094,"url":"https:\/\/www.grieta.org.mx\/index.php\/2023\/01\/18\/tribunal-otorga-nueva-suspension-contra-las-obras-del-tramo-5-del-tren-maya\/","url_meta":{"origin":67354,"position":5},"title":"Tribunal otorga nueva suspensi\u00f3n contra las obras del Tramo 5 del Tren Maya","author":"grieta","date":"18 enero, 2023","format":false,"excerpt":"Octavio Mart\u00ednez \/ Revista Proceso Un Tribunal Colegiado otorg\u00f3 una suspensi\u00f3n provisional de amparo contra las obras del Tramo 5 del Tren Maya, con lo que deber\u00e1n detenerse los trabajos de desmonte en la ruta de Canc\u00fan a Tulum. CIUDAD DE M\u00c9XICO (apro).\u2013 Una suspensi\u00f3n provisional de amparo fue otorgada\u2026","rel":"","context":"En &quot;Campeche&quot;","block_context":{"text":"Campeche","link":"https:\/\/www.grieta.org.mx\/index.php\/category\/noticias-nacionales\/campeche\/"},"img":{"alt_text":"","src":"https:\/\/i0.wp.com\/www.grieta.org.mx\/wp-content\/uploads\/2023\/01\/TrenMayaAmparo-e1674338538762.jpg?resize=350%2C200&ssl=1","width":350,"height":200,"srcset":"https:\/\/i0.wp.com\/www.grieta.org.mx\/wp-content\/uploads\/2023\/01\/TrenMayaAmparo-e1674338538762.jpg?resize=350%2C200&ssl=1 1x, https:\/\/i0.wp.com\/www.grieta.org.mx\/wp-content\/uploads\/2023\/01\/TrenMayaAmparo-e1674338538762.jpg?resize=525%2C300&ssl=1 1.5x, https:\/\/i0.wp.com\/www.grieta.org.mx\/wp-content\/uploads\/2023\/01\/TrenMayaAmparo-e1674338538762.jpg?resize=700%2C400&ssl=1 2x"},"classes":[]}],"_links":{"self":[{"href":"https:\/\/www.grieta.org.mx\/index.php\/wp-json\/wp\/v2\/posts\/67354","targetHints":{"allow":["GET"]}}],"collection":[{"href":"https:\/\/www.grieta.org.mx\/index.php\/wp-json\/wp\/v2\/posts"}],"about":[{"href":"https:\/\/www.grieta.org.mx\/index.php\/wp-json\/wp\/v2\/types\/post"}],"author":[{"embeddable":true,"href":"https:\/\/www.grieta.org.mx\/index.php\/wp-json\/wp\/v2\/users\/2"}],"replies":[{"embeddable":true,"href":"https:\/\/www.grieta.org.mx\/index.php\/wp-json\/wp\/v2\/comments?post=67354"}],"version-history":[{"count":1,"href":"https:\/\/www.grieta.org.mx\/index.php\/wp-json\/wp\/v2\/posts\/67354\/revisions"}],"predecessor-version":[{"id":67381,"href":"https:\/\/www.grieta.org.mx\/index.php\/wp-json\/wp\/v2\/posts\/67354\/revisions\/67381"}],"wp:featuredmedia":[{"embeddable":true,"href":"https:\/\/www.grieta.org.mx\/index.php\/wp-json\/wp\/v2\/media\/67373"}],"wp:attachment":[{"href":"https:\/\/www.grieta.org.mx\/index.php\/wp-json\/wp\/v2\/media?parent=67354"}],"wp:term":[{"taxonomy":"category","embeddable":true,"href":"https:\/\/www.grieta.org.mx\/index.php\/wp-json\/wp\/v2\/categories?post=67354"},{"taxonomy":"post_tag","embeddable":true,"href":"https:\/\/www.grieta.org.mx\/index.php\/wp-json\/wp\/v2\/tags?post=67354"}],"curies":[{"name":"wp","href":"https:\/\/api.w.org\/{rel}","templated":true}]}}