{"id":67316,"date":"2023-06-18T13:08:56","date_gmt":"2023-06-18T19:08:56","guid":{"rendered":"https:\/\/www.grieta.org.mx\/?p=67316"},"modified":"2023-08-02T13:24:52","modified_gmt":"2023-08-02T19:24:52","slug":"veteranos-de-lucha-del-agua-vigilan-la-salida-de-constellation-de-mexicali-baja-california","status":"publish","type":"post","link":"https:\/\/www.grieta.org.mx\/index.php\/2023\/06\/18\/veteranos-de-lucha-del-agua-vigilan-la-salida-de-constellation-de-mexicali-baja-california\/","title":{"rendered":"Veteranos de lucha del agua vigilan la salida de Constellation de Mexicali (Baja California)"},"content":{"rendered":"<p>Texto y fotos: Daliri Oropeza Alvarez \/ Pie de P\u00e1gina<\/p>\n<blockquote><p>Pasaron tres meses del plazo de seis para la salida de la cervecera Constellation de Mexicali y no hay movimiento de la empresa, de acuerdo con activistas que se organizan para supervisar que la cervecera desmonte la planta. Urgen a Semarnat que se retire la cervecera en una reuni\u00f3n donde aseguran: \u201cYa llegamos al l\u00edmite\u201d<\/p><\/blockquote>\n<p>MEXICALI, BAJA CALIFORNIA.- Desde este rancho, no parece que hay una planta cervecera a un costado. Se siente el viento que llega con el des\u00e9rtico calor del inicio del verano. Se sabe que la sociedad civil cachanilla mantiene cerrada la Constellation Brands. Un grupo de personas mayores lidera la vigilancia de su desmantelamiento.<\/p>\n<p>Sentados en la mesa del \u00e9pico Rancho Mena, donde se llev\u00f3 a cabo la Batalla Campal de Mexicali Resiste en aquel enero del 2018, el grupo de personas mayores hace un ejercicio de memoria. Cada quien cuenta las historias que les han marcado como defensores del agua en estos 7 a\u00f1os. Cada que llega el viento, suenan cientos de carillones colgantes.<\/p>\n<p>El relato m\u00e1s reciente: quienes integran este grupo han vigilado en el campo la salida de la Constellation despu\u00e9s de la orden presidencial de la consulta y un a\u00f1o despu\u00e9s el gobierno federal cre\u00f3 la Comisi\u00f3n especial para la salida de trasnacional Constellation Brands. Le dieron dos a\u00f1os, y en marzo, una extensi\u00f3n del tiempo por seis meses, de los cuales ya corrieron 3 y los tanques siguen ah\u00ed.<\/p>\n<p>Cuentan que despu\u00e9s de la consulta tuvieron que detener los camiones de trabajadores que a\u00fan entraban en la planta. Luego se disfrazaban de la empresa de vigilancia para entrar, pero los activistas de este grupo  los cacharon y detuvieron de nuevo. As\u00ed frenaron de tajo las actividades. Ahora hacen vigilancia todos los d\u00edas en el per\u00edmetro de la cervecera.<\/p>\n<p>Con estas actividades que surgieron de manera espont\u00e1nea, por parte integrantes de distintos colectivos preocupados, la agrupaci\u00f3n recibi\u00f3 el nombre de \u201c7\u00d724\u201d (siete por veinticuatro), haciendo alusi\u00f3n a la frase de trabajar 24\u00d77 (veinticuatro horas por siete d\u00edas), pues otros activistas los ven \u2018aferrados\u2019. A ellos les importa ver el desmantelamiento.<\/p>\n<p><img loading=\"lazy\" decoding=\"async\" data-attachment-id=\"67318\" data-permalink=\"https:\/\/www.grieta.org.mx\/index.php\/2023\/06\/18\/veteranos-de-lucha-del-agua-vigilan-la-salida-de-constellation-de-mexicali-baja-california\/aguabaja2\/\" data-orig-file=\"https:\/\/www.grieta.org.mx\/wp-content\/uploads\/2023\/08\/AguaBaja2-e1691003819360.jpg\" data-orig-size=\"800,526\" data-comments-opened=\"0\" data-image-meta=\"{&quot;aperture&quot;:&quot;0&quot;,&quot;credit&quot;:&quot;&quot;,&quot;camera&quot;:&quot;&quot;,&quot;caption&quot;:&quot;&quot;,&quot;created_timestamp&quot;:&quot;0&quot;,&quot;copyright&quot;:&quot;&quot;,&quot;focal_length&quot;:&quot;0&quot;,&quot;iso&quot;:&quot;0&quot;,&quot;shutter_speed&quot;:&quot;0&quot;,&quot;title&quot;:&quot;&quot;,&quot;orientation&quot;:&quot;1&quot;}\" data-image-title=\"AguaBaja2\" data-image-description=\"\" data-image-caption=\"\" data-medium-file=\"https:\/\/www.grieta.org.mx\/wp-content\/uploads\/2023\/08\/AguaBaja2-e1691003819360-300x197.jpg\" data-large-file=\"https:\/\/www.grieta.org.mx\/wp-content\/uploads\/2023\/08\/AguaBaja2-1024x674.jpg\" src=\"http:\/\/www.grieta.org.mx\/wp-content\/uploads\/2023\/08\/AguaBaja2-e1691003819360.jpg\" alt=\"\" width=\"800\" height=\"526\" class=\"alignnone size-full wp-image-67318\" srcset=\"https:\/\/www.grieta.org.mx\/wp-content\/uploads\/2023\/08\/AguaBaja2-e1691003819360.jpg 800w, https:\/\/www.grieta.org.mx\/wp-content\/uploads\/2023\/08\/AguaBaja2-e1691003819360-300x197.jpg 300w, https:\/\/www.grieta.org.mx\/wp-content\/uploads\/2023\/08\/AguaBaja2-e1691003819360-768x505.jpg 768w\" sizes=\"auto, (max-width: 800px) 100vw, 800px\" \/><\/p>\n<p>\u201cLo que hemos pedido es que le retiren los permisos del uso de del agua, de luz, tienen concesi\u00f3n agr\u00edcola y el agua que reciben est\u00e1 conectada a la ciudad, sale desde Mexicali. Tienen que cortarle la corriente porque tienen una subestaci\u00f3n propia\u201d, asegura Gerardo Dur\u00e1n, de barba larga y blanca.<\/p>\n<p>Gerardo fue criado en el territorio donde ahora se encuentra la planta cervecera. Recuerda que antes en estas tierras se sembraban esp\u00e1rragos, alfalfa. Ahora, la empresa cerr\u00f3 los caminos propios del ejido, los que el pueblo caminaba. Eso afect\u00f3 la din\u00e1mica comunitaria, asegura al realizar un recorrido por las instalaciones de la cervecera.<\/p>\n<p>\u201cYo necesitar\u00eda, para estar segura que se fue Constellation, ya no volver a ver ni uno de los hilos que est\u00e1n montados ah\u00ed en la cervecer\u00eda.<\/p>\n<p>Son las cosas amarillas, los los tanques grandes que est\u00e1n pintados de blanco con amarillo. Donde quiera que pases, por la carretera los miras. Con que no hubiera ninguno, tienen que asegurarnos que no van a usar el agua. Nada m\u00e1s con eso\u201d, describe Silvia, quien participa en el movimiento en defensa del agua que inici\u00f3 en 2017.<\/p>\n<p>Para este grupo de personas de distintos colectivos, pero sobre todo, personas que habitan en las zonas aleda\u00f1as a las planta cervecera, hay cinco puntos que se deben cumplir para concluir el desmantelamiento de la empresa . Jorge Benitez los resume:<\/p>\n<p>Que le retiren a Constellation Brands los permisos de riego de uso agr\u00edcola. Que cambien el uso de suelo, porque es uso agr\u00edcola el vigente y no industrial. Que se le retire la l\u00ednea de conducci\u00f3n que est\u00e1 conectada a la red hidr\u00e1ulica de la ciudad, una tuber\u00eda de 24 pulgadas. Que quiten la subestaci\u00f3n el\u00e9ctrica y que quiten los hilos de tanques amarillos junto con los cuartos de cocci\u00f3n de malta.<\/p>\n<p>Estos cinco puntos tambi\u00e9n los expres\u00f3 Benitez frente a Miguel Cer\u00f3n, encargado de la Comisi\u00f3n especial para la salida de trasnacional Constellation Brands, que se reuni\u00f3 el 14 de junio del 2023, a tres meses de la ampliaci\u00f3n del plazo de salida de la cervecera.<br \/>\nLa vigilancia y los resultados de la comisi\u00f3n<\/p>\n<p>El grupo, conformado por personas adultas mayores en su mayor\u00eda, basan sus registros en la observaci\u00f3n rutinaria y en las alertas que les dan los vecinos que viven en las zonas aleda\u00f1as al per\u00edmetro de la Constellation Brands. Tienen un telescopio y pegan el tel\u00e9fono para grabar fotos y videos. Tambi\u00e9n tienen binoculares.<\/p>\n<p>Los activistas tienen en sus registros que la empresa par\u00f3 el desmantelamiento en julio del 2022, cuando dejaron de ver movimiento al interior. En la primera etapa del cierre de la empresa, ellos mismos impidieron que los trabajadores entraran. Vigilaron que solo ingresaran elementos de vigilancia y as\u00ed cacharon a obreros que se disfrazaban para trabajar.<\/p>\n<p>En este tiempo de la salida de Constellation, han documentado que previo a las reuniones de la comisi\u00f3n, llegan camiones y hay movimientos como si estuvieran recogiendo la basura. Sucedi\u00f3 ahora, un d\u00eda antes de la reuni\u00f3n llegaron un cami\u00f3n de carga y un tractocami\u00f3n a las instalaciones. Creen que eso no es suficiente para todo lo que se tiene que sacar.<\/p>\n<p><img loading=\"lazy\" decoding=\"async\" data-attachment-id=\"67319\" data-permalink=\"https:\/\/www.grieta.org.mx\/index.php\/2023\/06\/18\/veteranos-de-lucha-del-agua-vigilan-la-salida-de-constellation-de-mexicali-baja-california\/aguabaja3\/\" data-orig-file=\"https:\/\/www.grieta.org.mx\/wp-content\/uploads\/2023\/08\/AguaBaja3-e1691003909854.jpg\" data-orig-size=\"800,529\" data-comments-opened=\"0\" data-image-meta=\"{&quot;aperture&quot;:&quot;0&quot;,&quot;credit&quot;:&quot;&quot;,&quot;camera&quot;:&quot;&quot;,&quot;caption&quot;:&quot;&quot;,&quot;created_timestamp&quot;:&quot;0&quot;,&quot;copyright&quot;:&quot;&quot;,&quot;focal_length&quot;:&quot;0&quot;,&quot;iso&quot;:&quot;0&quot;,&quot;shutter_speed&quot;:&quot;0&quot;,&quot;title&quot;:&quot;&quot;,&quot;orientation&quot;:&quot;1&quot;}\" data-image-title=\"AguaBaja3\" data-image-description=\"\" data-image-caption=\"\" data-medium-file=\"https:\/\/www.grieta.org.mx\/wp-content\/uploads\/2023\/08\/AguaBaja3-e1691003909854-300x198.jpg\" data-large-file=\"https:\/\/www.grieta.org.mx\/wp-content\/uploads\/2023\/08\/AguaBaja3-1024x677.jpg\" src=\"http:\/\/www.grieta.org.mx\/wp-content\/uploads\/2023\/08\/AguaBaja3-e1691003909854.jpg\" alt=\"\" width=\"800\" height=\"529\" class=\"alignnone size-full wp-image-67319\" srcset=\"https:\/\/www.grieta.org.mx\/wp-content\/uploads\/2023\/08\/AguaBaja3-e1691003909854.jpg 800w, https:\/\/www.grieta.org.mx\/wp-content\/uploads\/2023\/08\/AguaBaja3-e1691003909854-300x198.jpg 300w, https:\/\/www.grieta.org.mx\/wp-content\/uploads\/2023\/08\/AguaBaja3-e1691003909854-768x508.jpg 768w\" sizes=\"auto, (max-width: 800px) 100vw, 800px\" \/><\/p>\n<p>Todo esto lo expresaron en la reuni\u00f3n de la Comisi\u00f3n especial para la salida de la trasnacional Constellation Brands, frente al encargado de la Unidad Coordinadora de Asuntos Internacionales de Semarnat, Miguel \u00c1ngel Cer\u00f3n, quien preside la comisi\u00f3n. Tambi\u00e9n estaba el representante del gobierno de Mexicali, Victor Hugo Delgado. El representante del gobierno de Baja California que suele asistir, Iv\u00e1n Duarte, dej\u00f3 la silla vac\u00eda.<\/p>\n<p>En la reuni\u00f3n, integrantes de organizaciones sociales expresaron su enojo por la nula actividad de desmantelamiento que han visto e incluso una integrante del colectivo Resistencias Unidas dijo que \u00abya llegamos al l\u00edmite\u00bb. Expresaron que a pesar de las diferencias entre modos de luchas por el agua entre colectivos, cuando se trataba de Constellation \u00abtodos nos unimos\u00bb.<\/p>\n<p>En las reuniones mensuales de la comisi\u00f3n, hay un representante de Constellation Brands de manera virtual quien inicia las reuniones, dice qu\u00e9 actividades hacen y se sale sin responder preguntas. As\u00ed fue en esta ocasi\u00f3n con alguien llamado Luis Juli\u00e1n. Los activistas reclamaron a la Semarnat por no obligar a la empresa a responder y quedarse a atenderlos. Luis Juli\u00e1n anunci\u00f3 atrasos.<\/p>\n<p>Cer\u00f3n pidi\u00f3 a los activistas, muchos de la tercera edad, que usen el mecanismo establecido para pasar las preguntas a la empresa, a trav\u00e9s del correo electr\u00f3nico. Un integrante de la Contralor\u00eda del Agua asegur\u00f3 que ya han enviado preguntas y no han tenido respuestas.<\/p>\n<p>Silvia P\u00e9rez transmiti\u00f3 en vivo la reuni\u00f3n de la comisi\u00f3n. Hubo un momento de tensi\u00f3n cuando Cer\u00f3n le pidi\u00f3 a Silvia no grabar y los activistas argumentaron su derecho a informar. Y que si no pod\u00edan transmitir, se saldr\u00edan de la apretada sala de reuniones.<\/p>\n<p>Al final de la reuni\u00f3n Cer\u00f3n se neg\u00f3 a dar entrevista, porque la instrucci\u00f3n que le dieron fue dar seguimiento a la Comisi\u00f3n, no politizar ni mediatizar el tema. La \u00fanica declaraci\u00f3n que quiso dar fue que \u201cSe lleva a cabo un seguimiento mes a mes, desde el inicio y va a continuar\u201d.<\/p>\n<p><img loading=\"lazy\" decoding=\"async\" data-attachment-id=\"67320\" data-permalink=\"https:\/\/www.grieta.org.mx\/index.php\/2023\/06\/18\/veteranos-de-lucha-del-agua-vigilan-la-salida-de-constellation-de-mexicali-baja-california\/aguabaja4\/\" data-orig-file=\"https:\/\/www.grieta.org.mx\/wp-content\/uploads\/2023\/08\/AguaBaja4-e1691004043459.jpg\" data-orig-size=\"800,541\" data-comments-opened=\"0\" data-image-meta=\"{&quot;aperture&quot;:&quot;0&quot;,&quot;credit&quot;:&quot;&quot;,&quot;camera&quot;:&quot;&quot;,&quot;caption&quot;:&quot;&quot;,&quot;created_timestamp&quot;:&quot;0&quot;,&quot;copyright&quot;:&quot;&quot;,&quot;focal_length&quot;:&quot;0&quot;,&quot;iso&quot;:&quot;0&quot;,&quot;shutter_speed&quot;:&quot;0&quot;,&quot;title&quot;:&quot;&quot;,&quot;orientation&quot;:&quot;1&quot;}\" data-image-title=\"AguaBaja4\" data-image-description=\"\" data-image-caption=\"\" data-medium-file=\"https:\/\/www.grieta.org.mx\/wp-content\/uploads\/2023\/08\/AguaBaja4-e1691004043459-300x203.jpg\" data-large-file=\"https:\/\/www.grieta.org.mx\/wp-content\/uploads\/2023\/08\/AguaBaja4-1024x693.jpg\" src=\"http:\/\/www.grieta.org.mx\/wp-content\/uploads\/2023\/08\/AguaBaja4-e1691004043459.jpg\" alt=\"\" width=\"800\" height=\"541\" class=\"alignnone size-full wp-image-67320\" srcset=\"https:\/\/www.grieta.org.mx\/wp-content\/uploads\/2023\/08\/AguaBaja4-e1691004043459.jpg 800w, https:\/\/www.grieta.org.mx\/wp-content\/uploads\/2023\/08\/AguaBaja4-e1691004043459-300x203.jpg 300w, https:\/\/www.grieta.org.mx\/wp-content\/uploads\/2023\/08\/AguaBaja4-e1691004043459-768x519.jpg 768w\" sizes=\"auto, (max-width: 800px) 100vw, 800px\" \/><\/p>\n<p>Constellation est\u00e1tica<\/p>\n<p>Laura camina en el per\u00edmetro de la Constellation dos o tres veces por semana. Le ha tocado ver todas las modificaciones. Ahora camina y muestra cu\u00e1les son los lugares en donde ha habido represi\u00f3n contra el movimiento que lucha por el agua. Desde la entrada que los activistas conocen como \u201cLos arbolitos\u201d, expresa su malestar:<\/p>\n<p>\u201cNosotros miramos y tambi\u00e9n nos cuenta la gente. Hay pruebas de eso, est\u00e1n haci\u00e9ndose tontos. \u00a1Hasta cu\u00e1ndo va a salir!, \u00bfcu\u00e1ndo se va a retirar? \u00bfVa a buscar m\u00e1s plazos o qu\u00e9? Qu\u00e9 va a pasar, nosotros lo que queremos es que ya se vaya, se desmantela y se largue. Por eso es nuestro enojo\u201d, dice la se\u00f1ora Laura desde la puerta que los activistas utilizaron como embudo para vigilar el ingreso de trabajadores.<\/p>\n<p>Semarnat tiene un informe de actividades realizadas \u201cdurante el Seguimiento a la Salida Ordenada de Constellation Brands de Mexicali, Baja California\u201d que entreg\u00f3 en marzo del 2021. Despu\u00e9s de que Pie de p\u00e1gina public\u00f3 y pregunt\u00f3 en la conferencia de AMLO sobre el tema.<\/p>\n<p>En este informe, Semarnat detalla las actividades que han realizado desde el gobierno y qui\u00e9nes han participado en ellas. Tambi\u00e9n da cuenta de las reuniones que han sostenido de la Comisi\u00f3n Especial.<\/p>\n<p>En este documento detalla que Constellation Brands le ha entregado a Semarnat 12 reportes, gr\u00e1ficas o informes de actividades en los 2 a\u00f1os y tres meses que lleva de su salida, siendo la \u00faltima entrega registrada en agosto del 2022. El informe detalla que movilizaron 578 elementos de la planta.<\/p>\n<p>De acuerdo con este documento, la Semarnat cuenta cuatro visitas a la planta: una el 23 de septiembre del 2021 en donde dicen que entraron representantes de la dependencia, uno del gobierno estatal, uno de las organizaciones civiles y uno de la empresa. Otra el 21 de abril del 2022, con el ingeniero Guadalupe Gonz\u00e1lez. Una visita el 3 de mayo del 2022 con el ingeniero Cuauhtemoc Herrera. De ah\u00ed, se salta a la visita de este a\u00f1o 2023, el 23 de marzo.<\/p>\n<p>Detalla que se han realizado 21 reuniones de la comisi\u00f3n especial (contando la constitutiva) y dos reuniones informativas con la sociedad civil en general. En los elementos que Semarnat tiene registrados como pendientes por \u201cmovilizar fuera de las instalaciones\u201d, est\u00e1n 2 casas de cocimiento, 47 tanques de distintos di\u00e1metros monumentales, 8 torres de luz y no enuncian la subestaci\u00f3n el\u00e9ctrica que hizo la misma empresa.<\/p>\n<p>En el reporte trimestral de Constellation Brands del 1 de mayo del 2023, la empresa asegura que est\u00e1 \u201ccancelada la construcci\u00f3n del proyecto\u201d. Reconocen el deterioro de lo que llevaban construido.<\/p>\n<p>Asegura que ya compraron tierras en Veracruz y \u201ccontinuamos trabajando con funcionarios del gobierno de M\u00e9xico para buscar diversas formas de recuperaci\u00f3n por los costos capitalizados y los gastos adicionales incurridos en relaci\u00f3n con el proyecto cancelado de construcci\u00f3n de la cervecer\u00eda Mexicali\u201d.<\/p>\n<p>El grupo de activistas, que oscila entre 30 y 50 personas itinerantes que vigilan la salida, comparte el sentir de que si no se desmantela puede regresar cuando quieran, o instalar algo peor.<\/p>\n<p>Hay preocupaci\u00f3n porque la gobernadora de Baja California, Marina del Pilar \u00c1vila ha expresado estar a favor de la cervecera. En suma, su gobierno hech\u00f3 a andar el proyecto binacional de planta desalinizadora y la inquietud de los activistas es por el agua, ante el estr\u00e9s h\u00eddrico de la regi\u00f3n.<\/p>\n<p><img loading=\"lazy\" decoding=\"async\" data-attachment-id=\"67321\" data-permalink=\"https:\/\/www.grieta.org.mx\/index.php\/2023\/06\/18\/veteranos-de-lucha-del-agua-vigilan-la-salida-de-constellation-de-mexicali-baja-california\/aguabaja5\/\" data-orig-file=\"https:\/\/www.grieta.org.mx\/wp-content\/uploads\/2023\/08\/AguaBaja5-e1691004135113.jpg\" data-orig-size=\"800,527\" data-comments-opened=\"0\" data-image-meta=\"{&quot;aperture&quot;:&quot;0&quot;,&quot;credit&quot;:&quot;&quot;,&quot;camera&quot;:&quot;&quot;,&quot;caption&quot;:&quot;&quot;,&quot;created_timestamp&quot;:&quot;0&quot;,&quot;copyright&quot;:&quot;&quot;,&quot;focal_length&quot;:&quot;0&quot;,&quot;iso&quot;:&quot;0&quot;,&quot;shutter_speed&quot;:&quot;0&quot;,&quot;title&quot;:&quot;&quot;,&quot;orientation&quot;:&quot;1&quot;}\" data-image-title=\"AguaBaja5\" data-image-description=\"\" data-image-caption=\"\" data-medium-file=\"https:\/\/www.grieta.org.mx\/wp-content\/uploads\/2023\/08\/AguaBaja5-e1691004135113-300x198.jpg\" data-large-file=\"https:\/\/www.grieta.org.mx\/wp-content\/uploads\/2023\/08\/AguaBaja5-1024x674.jpg\" src=\"http:\/\/www.grieta.org.mx\/wp-content\/uploads\/2023\/08\/AguaBaja5-e1691004135113.jpg\" alt=\"\" width=\"800\" height=\"527\" class=\"alignnone size-full wp-image-67321\" srcset=\"https:\/\/www.grieta.org.mx\/wp-content\/uploads\/2023\/08\/AguaBaja5-e1691004135113.jpg 800w, https:\/\/www.grieta.org.mx\/wp-content\/uploads\/2023\/08\/AguaBaja5-e1691004135113-300x198.jpg 300w, https:\/\/www.grieta.org.mx\/wp-content\/uploads\/2023\/08\/AguaBaja5-e1691004135113-768x506.jpg 768w\" sizes=\"auto, (max-width: 800px) 100vw, 800px\" \/><\/p>\n<p>Laura siempre ha cuidado de la resistencia con comida. Con su compa\u00f1ero, Salvador Mena, van a las reuniones para la salida de Constellation, as\u00ed como participan en la lucha por el agua desde sus inicios en 2016. En medio de un soleado y no tan caluroso inicio del verano, Laura se dirige al carb\u00f3n que encendieron para cocinar.<\/p>\n<p>Todo desde el \u00e9pico Rancho Mena parece est\u00e1tico. El humo de la tradicional carne asada sube y el viento se encarga llevarlo para antojar a quienes platicamos en la mesa, entre la improvisada m\u00fasica de los carillones que bailan con el viento porque festejan las aventuras de quienes han luchado por el agua en Mexicali.<\/p>\n<p><a href=\"https:\/\/piedepagina.mx\/veteranos-de-lucha-del-agua-vigilan-la-salida-de-constellation-de-mexicali\/\" rel=\"noopener\" target=\"_blank\">https:\/\/piedepagina.mx\/veteranos-de-lucha-del-agua-vigilan-la-salida-de-constellation-de-mexicali\/<\/a><\/p>\n","protected":false},"excerpt":{"rendered":"<p>Texto y fotos: Daliri Oropeza Alvarez \/ Pie de P\u00e1gina Pasaron tres meses del plazo de seis para la salida de la cervecera Constellation de Mexicali y no hay movimiento &hellip; <a href=\"https:\/\/www.grieta.org.mx\/index.php\/2023\/06\/18\/veteranos-de-lucha-del-agua-vigilan-la-salida-de-constellation-de-mexicali-baja-california\/\" class=\"more-link\">Leer m\u00e1s<\/a><\/p>\n","protected":false},"author":2,"featured_media":67317,"comment_status":"closed","ping_status":"closed","sticky":false,"template":"","format":"standard","meta":{"ngg_post_thumbnail":0,"_jetpack_newsletter_access":"","_jetpack_dont_email_post_to_subs":false,"_jetpack_newsletter_tier_id":0,"_jetpack_memberships_contains_paywalled_content":false,"_jetpack_memberships_contains_paid_content":false,"footnotes":""},"categories":[5,80,2489,914,1052,2,83],"tags":[1054,463],"class_list":["post-67316","post","type-post","status-publish","format-standard","has-post-thumbnail","hentry","category-baja-california","category-cintillo","category-conflictos-por-agua-en-baja-california","category-privatizacion-del-agua","category-la-lucha-de-resistencia-frente-a-la-cervecera-constellation-brands","category-noticias-nacionales","category-temas-nacionales","tag-cervecera-constellation-brands","tag-defensa-del-agua","entry"],"jetpack_featured_media_url":"https:\/\/www.grieta.org.mx\/wp-content\/uploads\/2023\/08\/AguaBaja-e1691003722926.jpg","jetpack_sharing_enabled":true,"jetpack_shortlink":"https:\/\/wp.me\/p7ZJR4-hvK","jetpack_likes_enabled":false,"jetpack-related-posts":[{"id":23029,"url":"https:\/\/www.grieta.org.mx\/index.php\/2018\/05\/07\/detencion-de-leon-fierro-criminalizacion-de-la-protesta-en-mexicali-fleps-baja-california\/","url_meta":{"origin":67316,"position":0},"title":"Detenci\u00f3n de Le\u00f3n Fierro, criminalizaci\u00f3n de la protesta en Mexicali: FLEPS (Baja California)","author":"grieta","date":"7 mayo, 2018","format":false,"excerpt":"","rel":"","context":"En &quot;Baja California&quot;","block_context":{"text":"Baja California","link":"https:\/\/www.grieta.org.mx\/index.php\/category\/noticias-nacionales\/baja-california\/"},"img":{"alt_text":"","src":"https:\/\/i0.wp.com\/www.grieta.org.mx\/wp-content\/uploads\/2018\/05\/mexicalli1-720x480.jpg?resize=350%2C200&ssl=1","width":350,"height":200,"srcset":"https:\/\/i0.wp.com\/www.grieta.org.mx\/wp-content\/uploads\/2018\/05\/mexicalli1-720x480.jpg?resize=350%2C200&ssl=1 1x, https:\/\/i0.wp.com\/www.grieta.org.mx\/wp-content\/uploads\/2018\/05\/mexicalli1-720x480.jpg?resize=525%2C300&ssl=1 1.5x, https:\/\/i0.wp.com\/www.grieta.org.mx\/wp-content\/uploads\/2018\/05\/mexicalli1-720x480.jpg?resize=700%2C400&ssl=1 2x"},"classes":[]},{"id":57772,"url":"https:\/\/www.grieta.org.mx\/index.php\/2021\/03\/01\/desmantelamiento-de-constellation-brands-en-mexicali-inicia-el-18-de-marzo-baja-california-2\/","url_meta":{"origin":67316,"position":1},"title":"Desmantelamiento de Constellation Brands en Mexicali inicia el 18 de marzo (Baja California)","author":"grieta","date":"1 marzo, 2021","format":false,"excerpt":"La coperacha \/ Redacci\u00f3n. La trasnacional acepta plazo de 24 meses, en acatamiento de Consulta Ciudadana del 2020. El jueves 18 de marzo comenzar\u00e1 la primera fase de salida ordenada de Constellations Brands de Mexicali, en acatamiento a la Consulta Ciudadana elaborada por la Secretar\u00eda de Gobernaci\u00f3n en marzo del\u2026","rel":"","context":"En &quot;Baja California&quot;","block_context":{"text":"Baja California","link":"https:\/\/www.grieta.org.mx\/index.php\/category\/noticias-nacionales\/baja-california\/"},"img":{"alt_text":"","src":"https:\/\/i0.wp.com\/www.grieta.org.mx\/wp-content\/uploads\/2021\/03\/1-5.jpg?resize=350%2C200&ssl=1","width":350,"height":200,"srcset":"https:\/\/i0.wp.com\/www.grieta.org.mx\/wp-content\/uploads\/2021\/03\/1-5.jpg?resize=350%2C200&ssl=1 1x, https:\/\/i0.wp.com\/www.grieta.org.mx\/wp-content\/uploads\/2021\/03\/1-5.jpg?resize=525%2C300&ssl=1 1.5x, https:\/\/i0.wp.com\/www.grieta.org.mx\/wp-content\/uploads\/2021\/03\/1-5.jpg?resize=700%2C400&ssl=1 2x"},"classes":[]},{"id":46435,"url":"https:\/\/www.grieta.org.mx\/index.php\/2020\/03\/19\/presentan-queja-ante-cndh-por-consulta-sobre-planta-cervecera-en-baja-california\/","url_meta":{"origin":67316,"position":2},"title":"Presentan queja ante CNDH por consulta sobre planta cervecera en Baja California","author":"grieta","date":"19 marzo, 2020","format":false,"excerpt":"Proceso \/ Jesusa Cervantes. Opositores a la instalaci\u00f3n de la cervecera Constellation Brands en Mexicali. Foto: Especial. MEXICALI, BC (apro).- A dos d\u00edas de que arranque la consulta p\u00fablica sobre la instalaci\u00f3n de la empresa cervecera transnacional Constellation Brand, las demandas en su contra no cesan. A los amparos promovidos\u2026","rel":"","context":"En &quot;Baja California&quot;","block_context":{"text":"Baja California","link":"https:\/\/www.grieta.org.mx\/index.php\/category\/noticias-nacionales\/baja-california\/"},"img":{"alt_text":"","src":"https:\/\/i0.wp.com\/www.grieta.org.mx\/wp-content\/uploads\/2020\/03\/Constellation-Brands-870x522-2.jpg?resize=350%2C200&ssl=1","width":350,"height":200,"srcset":"https:\/\/i0.wp.com\/www.grieta.org.mx\/wp-content\/uploads\/2020\/03\/Constellation-Brands-870x522-2.jpg?resize=350%2C200&ssl=1 1x, https:\/\/i0.wp.com\/www.grieta.org.mx\/wp-content\/uploads\/2020\/03\/Constellation-Brands-870x522-2.jpg?resize=525%2C300&ssl=1 1.5x, https:\/\/i0.wp.com\/www.grieta.org.mx\/wp-content\/uploads\/2020\/03\/Constellation-Brands-870x522-2.jpg?resize=700%2C400&ssl=1 2x"},"classes":[]},{"id":22494,"url":"https:\/\/www.grieta.org.mx\/index.php\/2018\/02\/01\/con-pergamino-con-mas-de-26-mil-firmas-piden-la-salida-de-constellation-brands-de-mexicali\/","url_meta":{"origin":67316,"position":3},"title":"Con pergamino con m\u00e1s de 26 mil firmas piden la salida de Constellation Brands de Mexicali","author":"grieta","date":"1 febrero, 2018","format":false,"excerpt":"Representantes de diferentes agrupaciones ciudadanas de todo el pa\u00eds, incluyendo a Mexicali Resiste, entregaron este d\u00eda un pergamino con m\u00e1s de 26 mil firmas pidiendo al gobernador de Baja California que cese de inmediato la construcci\u00f3n de la planta cervecera norteamericana, Constellation Brands, en Mexicali. Monitor Econ\u00f3mico \/ A los\u2026","rel":"","context":"En &quot;Baja California&quot;","block_context":{"text":"Baja California","link":"https:\/\/www.grieta.org.mx\/index.php\/category\/noticias-nacionales\/baja-california\/"},"img":{"alt_text":"","src":"https:\/\/i0.wp.com\/www.grieta.org.mx\/wp-content\/uploads\/2018\/04\/pergamino1.jpg?resize=350%2C200&ssl=1","width":350,"height":200,"srcset":"https:\/\/i0.wp.com\/www.grieta.org.mx\/wp-content\/uploads\/2018\/04\/pergamino1.jpg?resize=350%2C200&ssl=1 1x, https:\/\/i0.wp.com\/www.grieta.org.mx\/wp-content\/uploads\/2018\/04\/pergamino1.jpg?resize=525%2C300&ssl=1 1.5x, https:\/\/i0.wp.com\/www.grieta.org.mx\/wp-content\/uploads\/2018\/04\/pergamino1.jpg?resize=700%2C400&ssl=1 2x"},"classes":[]},{"id":23174,"url":"https:\/\/www.grieta.org.mx\/index.php\/2018\/05\/15\/por-que-una-cervecera-de-eu-se-toma-la-poca-agua-que-queda-en-mexicali-que-diga-conagua-inai-baja-california\/","url_meta":{"origin":67316,"position":4},"title":"\u00bfPor qu\u00e9 una cervecera de EU se toma la poca agua que queda en Mexicali? Que diga Conagua: INAI (Baja California)","author":"grieta","date":"15 mayo, 2018","format":false,"excerpt":"Por Redacci\u00f3n El INAI instruy\u00f3 a la Comisi\u00f3n Nacional del Agua a que informe si la instalaci\u00f3n de la planta cervecera Constellation Brands en Mexicali, Baja California, cuenta con los permisos, manifestaciones de impacto ambiental o cualquier expresi\u00f3n documental que avalen la explotaci\u00f3n del agua en la zona, pues todos\u2026","rel":"","context":"En &quot;Baja California&quot;","block_context":{"text":"Baja California","link":"https:\/\/www.grieta.org.mx\/index.php\/category\/noticias-nacionales\/baja-california\/"},"img":{"alt_text":"","src":"https:\/\/i0.wp.com\/www.grieta.org.mx\/wp-content\/uploads\/2018\/05\/leon-fierro-preso-1100.jpg?resize=350%2C200&ssl=1","width":350,"height":200,"srcset":"https:\/\/i0.wp.com\/www.grieta.org.mx\/wp-content\/uploads\/2018\/05\/leon-fierro-preso-1100.jpg?resize=350%2C200&ssl=1 1x, https:\/\/i0.wp.com\/www.grieta.org.mx\/wp-content\/uploads\/2018\/05\/leon-fierro-preso-1100.jpg?resize=525%2C300&ssl=1 1.5x, https:\/\/i0.wp.com\/www.grieta.org.mx\/wp-content\/uploads\/2018\/05\/leon-fierro-preso-1100.jpg?resize=700%2C400&ssl=1 2x, https:\/\/i0.wp.com\/www.grieta.org.mx\/wp-content\/uploads\/2018\/05\/leon-fierro-preso-1100.jpg?resize=1050%2C600&ssl=1 3x"},"classes":[]},{"id":46109,"url":"https:\/\/www.grieta.org.mx\/index.php\/2020\/03\/11\/infraestructura-exencion-de-impuestos-becas-agua-todo-para-constellation-brands-baja-california\/","url_meta":{"origin":67316,"position":5},"title":"Infraestructura, exenci\u00f3n de impuestos, becas, agua\u2026 todo para Constellation Brands (Baja California)","author":"grieta","date":"11 marzo, 2020","format":false,"excerpt":"Proceso \/ Jesusa Cervantes. Un proyecto de una planta cervecera de la transnacional estadunidense Constellation Brands. Foto: cbrands.mx MEXICALI, B.C. (apro).- El gobierno panista que encabez\u00f3 Francisco Vega de Lamadrid dio todo a la cervecera Constellation Brands para que se instalara en esta ciudad, desde \u201ctarifa preferencial de electricidad\u201d hasta\u2026","rel":"","context":"En &quot;Baja California&quot;","block_context":{"text":"Baja California","link":"https:\/\/www.grieta.org.mx\/index.php\/category\/noticias-nacionales\/baja-california\/"},"img":{"alt_text":"","src":"https:\/\/i0.wp.com\/www.grieta.org.mx\/wp-content\/uploads\/2020\/03\/Cervecera-OK-870x522.jpg?resize=350%2C200&ssl=1","width":350,"height":200,"srcset":"https:\/\/i0.wp.com\/www.grieta.org.mx\/wp-content\/uploads\/2020\/03\/Cervecera-OK-870x522.jpg?resize=350%2C200&ssl=1 1x, https:\/\/i0.wp.com\/www.grieta.org.mx\/wp-content\/uploads\/2020\/03\/Cervecera-OK-870x522.jpg?resize=525%2C300&ssl=1 1.5x, https:\/\/i0.wp.com\/www.grieta.org.mx\/wp-content\/uploads\/2020\/03\/Cervecera-OK-870x522.jpg?resize=700%2C400&ssl=1 2x"},"classes":[]}],"_links":{"self":[{"href":"https:\/\/www.grieta.org.mx\/index.php\/wp-json\/wp\/v2\/posts\/67316","targetHints":{"allow":["GET"]}}],"collection":[{"href":"https:\/\/www.grieta.org.mx\/index.php\/wp-json\/wp\/v2\/posts"}],"about":[{"href":"https:\/\/www.grieta.org.mx\/index.php\/wp-json\/wp\/v2\/types\/post"}],"author":[{"embeddable":true,"href":"https:\/\/www.grieta.org.mx\/index.php\/wp-json\/wp\/v2\/users\/2"}],"replies":[{"embeddable":true,"href":"https:\/\/www.grieta.org.mx\/index.php\/wp-json\/wp\/v2\/comments?post=67316"}],"version-history":[{"count":1,"href":"https:\/\/www.grieta.org.mx\/index.php\/wp-json\/wp\/v2\/posts\/67316\/revisions"}],"predecessor-version":[{"id":67322,"href":"https:\/\/www.grieta.org.mx\/index.php\/wp-json\/wp\/v2\/posts\/67316\/revisions\/67322"}],"wp:featuredmedia":[{"embeddable":true,"href":"https:\/\/www.grieta.org.mx\/index.php\/wp-json\/wp\/v2\/media\/67317"}],"wp:attachment":[{"href":"https:\/\/www.grieta.org.mx\/index.php\/wp-json\/wp\/v2\/media?parent=67316"}],"wp:term":[{"taxonomy":"category","embeddable":true,"href":"https:\/\/www.grieta.org.mx\/index.php\/wp-json\/wp\/v2\/categories?post=67316"},{"taxonomy":"post_tag","embeddable":true,"href":"https:\/\/www.grieta.org.mx\/index.php\/wp-json\/wp\/v2\/tags?post=67316"}],"curies":[{"name":"wp","href":"https:\/\/api.w.org\/{rel}","templated":true}]}}