{"id":67312,"date":"2023-07-27T13:03:12","date_gmt":"2023-07-27T19:03:12","guid":{"rendered":"https:\/\/www.grieta.org.mx\/?p=67312"},"modified":"2023-08-02T13:08:10","modified_gmt":"2023-08-02T19:08:10","slug":"el-periodismo-en-mexico-se-escribe-entre-violencia-y-precariedad-laboral","status":"publish","type":"post","link":"https:\/\/www.grieta.org.mx\/index.php\/2023\/07\/27\/el-periodismo-en-mexico-se-escribe-entre-violencia-y-precariedad-laboral\/","title":{"rendered":"El periodismo en M\u00e9xico se escribe entre violencia y precariedad laboral"},"content":{"rendered":"<p>Blanca Ju\u00e1rez  \/ El Economista<\/p>\n<p>A pesar de su contribuci\u00f3n social, el trabajo period\u00edstico en M\u00e9xico no ofrece condiciones laborales dignas como regla general. El cuadro que bosqueja un grupo de investigadoras e investigadores muestra a periodistas con bajos salarios, jornadas de 50 horas semanales, cobertura simult\u00e1nea de varios temas, violencia y una muy baja organizaci\u00f3n sindical.<\/p>\n<p>El periodismo es fundamental para las democracias liberales, se se\u00f1ala en el informe Periodistas en M\u00e9xico: Encuesta de sus perfiles demogr\u00e1ficos, laborales y profesionales. Pero para que \u00e9ste realice su funci\u00f3n, las reporteras y los reporteros deben trabajar \u201clibres de presiones externas, internas y agresiones\u201d y con respeto y garant\u00eda de los derechos econ\u00f3micos.<\/p>\n<p>La precariedad laboral en este sector est\u00e1 determinada por el g\u00e9nero y por si la persona labora para un medio digital o un medio local o regional, dice en entrevista Frida Rodelo, doctora en Econom\u00eda y autora de correspondencia del reporte.<\/p>\n<p>Seg\u00fan los resultados del estudio, la mayor\u00eda de las y los periodistas (35.2 %) percibe entre 9,000 y 15,000 pesos mensuales. S\u00f3lo una de cada 10 personas que se dedican al periodismo gana m\u00e1s de 24,000 pesos al mes. Debido a los bajos salarios, el 41% tiene que complementar sus ingresos con un trabajo adicional en otra actividad.<\/p>\n<p>Adem\u00e1s de esto, la totalidad de las personas encuestadas se\u00f1al\u00f3 haber sufrido alg\u00fan tipo de violencia. \u201cSe asume que por ser periodista tienes que aguantar las agresiones, muchas son normalizadas\u201d, se\u00f1ala la acad\u00e9mica, \u201cy ahora los datos de la encuesta demuestran que es algo generalizado\u201d.<\/p>\n<p>Para Frida Rodelo, profesora de la Licenciatura en Comunicaci\u00f3n P\u00fablica de la Universidad de Guadalajara (UdG), las empresas period\u00edsticas tienen la obligaci\u00f3n de subsanar la situaci\u00f3n de precariedad laboral a la que han llevado a su fuerza de trabajo. Y la obligaci\u00f3n del gobierno es dejar de solapar a esas compa\u00f1\u00edas, agrega.<br \/>\nEl perfil de las y los periodistas en M\u00e9xico<\/p>\n<p>La investigaci\u00f3n es parte de un estudio internacional coordinado por Worlds of Journalism, organizaci\u00f3n fundada en 2010 para evaluar el estado del periodismo en el mundo. Desde entonces, se han aplicado tres encuestas.<\/p>\n<p>Esta vez, en M\u00e9xico participaron 486 periodistas a nivel nacional, lo que permite identificar algunas caracter\u00edsticas sociodemogr\u00e1ficas del gremio. Por ejemplo, s\u00f3lo 3% se identifica como ind\u00edgena, lo cual muestra \u201cque las minor\u00edas \u00e9tnicas contin\u00faan marcadamente subrepresentadas en el ecosistema medi\u00e1tico del pa\u00eds\u201d, se\u00f1ala el reporte.<\/p>\n<p>En lo que respecto a la preparaci\u00f3n educativa, s\u00f3lo 9.2% tiene estudios inferiores a la educaci\u00f3n superior y 76% cuenta con nivel universitario.<\/p>\n<p>\u201cLos resultados sugieren un periodismo sofisticado en sus valores, roles y perspectivas \u00e9ticas a pesar de las limitaciones que las inadecuadas condiciones laborales y la falta de autonom\u00eda le imponen\u201d, indica el reporte.<\/p>\n<p>El 74.5% tiene un trabajo de tiempo completo y 9.5% labora de forma independiente (freelance) o por proyecto. Apenas dos de cada 10 se dedican a cubrir una sola fuente, por lo que se han podido especializar en \u00e9l, mientras que el 81% abarca varios temas.<\/p>\n<p>Adem\u00e1s de la carga de trabajo con riesgo al agotamiento extremo (burnout) que provoca la cobertura multitem\u00e1tica, esto tambi\u00e9n limita las posibilidades de un desarrollo profesional, pues la cobertura especializada se relaciona \u201ccon mayores oportunidades para realizar periodismo de investigaci\u00f3n y de largo aliento\u201d.<\/p>\n<p>Otro dato relevante que contiene el informe es sobre la jornada laboral. El 61% trabaja m\u00e1s de 49 horas a la semana, por encima del m\u00e1ximo que marca la legislaci\u00f3n federal. El 26% trabaja entre 35 y 48 horas semanales y el 13% se dedica a actividades period\u00edsticas menos de 34 horas en el mismo periodo.<\/p>\n<p>Una cuarta parte de las personas periodistas en M\u00e9xico gana menos de 9,000 pesos al mes. La mayor\u00eda, 35%, percibe entre 9,000 y 15,000 pesos. El 24% gana hasta 24,000 pesos, el 10% gana entre 24,000 y 36,000 pesos mensuales, y un grupo muy selecto de 6% percibe m\u00e1s de esta \u00faltima cifra.<\/p>\n<p>De las prestaciones b\u00e1sicas que se\u00f1ala la Ley Federal del Trabajo (LFT), el aguinaldo es el derecho m\u00e1s respetado, pues lo recibe el 76.5 por ciento. El segundo es las vacaciones pagadas, el 76% puede gozar de ellas; en tercer sitio est\u00e1 la seguridad social, el 66% cuenta con ella.<br \/>\n\u00bfEn qu\u00e9 condiciones reportaron la pandemia?<\/p>\n<p>Adem\u00e1s de Frida Rodelo, el resto del equipo de investigaci\u00f3n estuvo conformado por Mireya M\u00e1rquez Ram\u00edrez, Grisel Salazar Rebolledo, Celia del Palacio Montiel, Mart\u00edn Echeverr\u00eda, Armando Guti\u00e9rrez Ortega, Karles Daniel Antonio Manzo, Julieta Brambila, Josefina Buxad\u00e9, Rub\u00e9n Arnoldo Gonz\u00e1lez, Sallie Hughes y Jos\u00e9 Luis Lemini Camarillo.<\/p>\n<p>Dicho grupo acad\u00e9mico proviene de la UdG, de la Universidad Iberoamericana (UI), la Benem\u00e9rita Universidad Aut\u00f3noma de Puebla (BUAP), Universidad Aut\u00f3noma de Baja California (UABC), la Universidad de las Am\u00e9ricas Puebla (UAP) y la Universidad de Miami.<\/p>\n<p>El estudio tambi\u00e9n muestra las diferentes formas en la que vivieron la pandemia de covid-19 quienes se dedican al periodismo. Una buena parte del gremio estuvo \u201cen riesgo de contagio en la calle, los hospitales y los lugares p\u00fablicos para cumplir con su funci\u00f3n de llevar la informaci\u00f3n a las personas\u201d.<\/p>\n<p>La encuesta Worlds of Journalism revela que el 89% modific\u00f3 sus rutinas de trabajo para reducir el riesgo de exposici\u00f3n a la covid-19. Tambi\u00e9n la mayor\u00eda, 77%, indic\u00f3 que m\u00e1s de la mitad de sus art\u00edculos o contenidos fueron sobre la pandemia. Fueron las mujeres quienes m\u00e1s investigaron y escribieron al respecto.<\/p>\n<p>En una emergencia sanitaria como la vivida en 2020, la informaci\u00f3n jug\u00f3 un papel fundamental para que las personas pudieran protegerse. En este contexto, la labor de las y los periodistas fue clave para ello, pero tambi\u00e9n implic\u00f3 una saturaci\u00f3n para muchas reporteras y reporteros.<\/p>\n<p>Los resultados revelan otro apunte primordial: el 42% de quienes se dedican al periodismo tuvo \u201cun cambio en su situaci\u00f3n laboral, su contrato de trabajo o su condici\u00f3n de trabajador aut\u00f3nomo a partir de la llegada de la covid-19\u201d.<\/p>\n<p>En menor medida, pero en una porci\u00f3n significativa, las y los periodistas declararon \u201chaber sido con frecuencia obligados a trabajar en un entorno con r\u00e1pida propagaci\u00f3n de la infecci\u00f3n\u201d; el 20% vivi\u00f3 esta situaci\u00f3n.<br \/>\nBaja sindicalizaci\u00f3n, menos derechos<\/p>\n<p>Al hablar de las condiciones laborales en el periodismo, hay que analizar el nivel de organizaci\u00f3n gremial para la defensa de derechos humanos laborales. El equipo tras la investigaci\u00f3n les pregunt\u00f3 a las personas encuestadas si forman parte de alguna asociaci\u00f3n profesional o colegiada de periodistas, el 28% dijo que s\u00ed.<\/p>\n<p>En esta medici\u00f3n hay un crecimiento de 3 puntos porcentuales respecto a la segunda encuesta, se\u00f1ala Frida Rodelo. \u201cPero incluso as\u00ed el porcentaje es relativamente bajo y cuando comparas ese dato a nivel latinoamericano, M\u00e9xico es el segundo pa\u00eds m\u00e1s bajo en esa variable de membres\u00eda\u201d.<\/p>\n<p>La historia de una buena parte del sindicalismo mexicano que le dio la espalda a las trabajadoras y los trabajadores es una de las causas para desincentivar la organizaci\u00f3n colectiva. En Iberoam\u00e9rica, prevalece esta desconfianza, pero en M\u00e9xico \u201ces extrema\u201d, se\u00f1ala la acad\u00e9mica.<\/p>\n<p>Y de las organizaciones existentes, son peque\u00f1as. \u201cFalta ver que logren tener \u00e9xito estos peque\u00f1os intentos de crear sindicatos que sean independientes y realmente cumplan su funci\u00f3n. Porque, haciendo entrevistas, lo que me he encontrado es que la mayor\u00eda no hablan de sus sindicatos, y quienes lo hacen, refieren situaciones en las que no fue efectiva la representaci\u00f3n\u201d.<\/p>\n<p><a href=\"https:\/\/www.eleconomista.com.mx\/capitalhumano\/El-periodismo-en-Mexico-se-escribe-entre-violencia-y-precariedad-laboral-20230726-0064.html\" rel=\"noopener\" target=\"_blank\">https:\/\/www.eleconomista.com.mx\/capitalhumano\/El-periodismo-en-Mexico-se-escribe-entre-violencia-y-precariedad-laboral-20230726-0064.html<\/a><\/p>\n","protected":false},"excerpt":{"rendered":"<p>Blanca Ju\u00e1rez \/ El Economista A pesar de su contribuci\u00f3n social, el trabajo period\u00edstico en M\u00e9xico no ofrece condiciones laborales dignas como regla general. El cuadro que bosqueja un grupo &hellip; <a href=\"https:\/\/www.grieta.org.mx\/index.php\/2023\/07\/27\/el-periodismo-en-mexico-se-escribe-entre-violencia-y-precariedad-laboral\/\" class=\"more-link\">Leer m\u00e1s<\/a><\/p>\n","protected":false},"author":2,"featured_media":67314,"comment_status":"closed","ping_status":"closed","sticky":false,"template":"","format":"standard","meta":{"ngg_post_thumbnail":0,"_jetpack_newsletter_access":"","_jetpack_dont_email_post_to_subs":false,"_jetpack_newsletter_tier_id":0,"_jetpack_memberships_contains_paywalled_content":false,"_jetpack_memberships_contains_paid_content":false,"footnotes":""},"categories":[80,910,2,83],"tags":[634,2841,2554],"class_list":["post-67312","post","type-post","status-publish","format-standard","has-post-thumbnail","hentry","category-cintillo","category-explotacion-y-precariedad-laboral","category-noticias-nacionales","category-temas-nacionales","tag-condiciones-laborales","tag-explotacion-y-precariedad-laboral","tag-periodistas","entry"],"jetpack_featured_media_url":"https:\/\/www.grieta.org.mx\/wp-content\/uploads\/2023\/08\/Periodistas-e1691003154840.jpg","jetpack_sharing_enabled":true,"jetpack_shortlink":"https:\/\/wp.me\/p7ZJR4-hvG","jetpack_likes_enabled":false,"jetpack-related-posts":[{"id":71973,"url":"https:\/\/www.grieta.org.mx\/index.php\/2025\/07\/09\/paro-laboral-en-alpura-por-presuntos-abusos-trabajadores-denuncian-violaciones-a-derechos\/","url_meta":{"origin":67312,"position":0},"title":"Paro laboral en Alpura por presuntos abusos; trabajadores denuncian violaciones a derechos","author":"grieta","date":"9 julio, 2025","format":false,"excerpt":"Redacci\u00f3n Fortuna y poder En Puebla iniciar\u00edan huelga el 4 de agosto de no llegar a acuerdos con la empresa Trabajadores de la empresa\u00a0Alpura\u00a0llevaron a cabo un\u00a0paro de labores\u00a0en varias de las plantas productoras de la compa\u00f1\u00eda. En Cuautitl\u00e1n Izcalli y Los Reyes La Paz (Estado de M\u00e9xico), as\u00ed como\u2026","rel":"","context":"En &quot;CINTILLO&quot;","block_context":{"text":"CINTILLO","link":"https:\/\/www.grieta.org.mx\/index.php\/category\/cintillo\/"},"img":{"alt_text":"","src":"https:\/\/i0.wp.com\/www.grieta.org.mx\/wp-content\/uploads\/2025\/07\/Captura-de-pantalla-2025-07-09-000854.png?resize=350%2C200&ssl=1","width":350,"height":200,"srcset":"https:\/\/i0.wp.com\/www.grieta.org.mx\/wp-content\/uploads\/2025\/07\/Captura-de-pantalla-2025-07-09-000854.png?resize=350%2C200&ssl=1 1x, https:\/\/i0.wp.com\/www.grieta.org.mx\/wp-content\/uploads\/2025\/07\/Captura-de-pantalla-2025-07-09-000854.png?resize=525%2C300&ssl=1 1.5x, https:\/\/i0.wp.com\/www.grieta.org.mx\/wp-content\/uploads\/2025\/07\/Captura-de-pantalla-2025-07-09-000854.png?resize=700%2C400&ssl=1 2x"},"classes":[]},{"id":42525,"url":"https:\/\/www.grieta.org.mx\/index.php\/2019\/12\/23\/bloquean-artistas-accesos-a-palacio-nacional-ante-adeudos-ciudad-de-mexico\/","url_meta":{"origin":67312,"position":1},"title":"Bloquean artistas accesos a Palacio Nacional ante adeudos (Ciudad de M\u00e9xico)","author":"grieta","date":"23 diciembre, 2019","format":false,"excerpt":"La Silla Rota Los inconformes dicen que con la falta de pagos se vulneran los derechos culturales\u00a0de todos los mexicanos Un grupo de artistas y trabajadores en dependencias culturales bloquean la\u00a0ma\u00f1ana de este lunes los accesos a Palacio Nacional para exigir pagos\u00a0pendientes. Los manifestantes llegaron desde las 6:00 de la\u2026","rel":"","context":"En &quot;CINTILLO&quot;","block_context":{"text":"CINTILLO","link":"https:\/\/www.grieta.org.mx\/index.php\/category\/cintillo\/"},"img":{"alt_text":"","src":"https:\/\/i0.wp.com\/www.grieta.org.mx\/wp-content\/uploads\/2019\/12\/VIDEOS-Bloquean-artistas-cdmx-dic.jpg?resize=350%2C200","width":350,"height":200},"classes":[]},{"id":69170,"url":"https:\/\/www.grieta.org.mx\/index.php\/2024\/06\/10\/personal-del-issste-cierra-calles-y-exige-mejores-condiciones-laborales-yucatan\/","url_meta":{"origin":67312,"position":2},"title":"Personal del ISSSTE cierra calles y exige mejores condiciones laborales (Yucat\u00e1n)","author":"grieta","date":"10 junio, 2024","format":false,"excerpt":"Reporteros Hoy Desde temprana hora de este lunes, trabajadores de la salud del ISSSTE cerraron la avenida Alfredo Barrera en el fraccionamiento Pensiones, para exigir al gobierno mejores condiciones laborales y denunciar presunta corrupci\u00f3n y desv\u00edo de recursos por parte del titular del Hospital Regional Elvia Carrillo Puerto. Entre los\u2026","rel":"","context":"En &quot;CINTILLO&quot;","block_context":{"text":"CINTILLO","link":"https:\/\/www.grieta.org.mx\/index.php\/category\/cintillo\/"},"img":{"alt_text":"","src":"https:\/\/i0.wp.com\/www.grieta.org.mx\/wp-content\/uploads\/2024\/06\/Issste-e1718627953463.jpg?resize=350%2C200&ssl=1","width":350,"height":200,"srcset":"https:\/\/i0.wp.com\/www.grieta.org.mx\/wp-content\/uploads\/2024\/06\/Issste-e1718627953463.jpg?resize=350%2C200&ssl=1 1x, https:\/\/i0.wp.com\/www.grieta.org.mx\/wp-content\/uploads\/2024\/06\/Issste-e1718627953463.jpg?resize=525%2C300&ssl=1 1.5x, https:\/\/i0.wp.com\/www.grieta.org.mx\/wp-content\/uploads\/2024\/06\/Issste-e1718627953463.jpg?resize=700%2C400&ssl=1 2x"},"classes":[]},{"id":39889,"url":"https:\/\/www.grieta.org.mx\/index.php\/2019\/09\/23\/extrabajadores-de-notimex-exigen-liquidacion\/","url_meta":{"origin":67312,"position":3},"title":"Extrabajadores de Notimex exigen liquidaci\u00f3n","author":"grieta","date":"23 septiembre, 2019","format":false,"excerpt":"Redacci\u00f3n\/Proceso CIUDAD DE M\u00c9XICO (apro).- Trabajadores despedidos de Notimex aseguran que siguen sin recibir el pago de su liquidaci\u00f3n pese a que, el 20 de agosto, el presidente Andr\u00e9s Manuel L\u00f3pez Obrador dijo que ese mismo d\u00eda recibir\u00edan su indemnizaci\u00f3n. \u201c\u00bfSer\u00e1 acaso que sus instrucciones no son escuchadas ni acatadas\u2026","rel":"","context":"En &quot;CINTILLO&quot;","block_context":{"text":"CINTILLO","link":"https:\/\/www.grieta.org.mx\/index.php\/category\/cintillo\/"},"img":{"alt_text":"","src":"https:\/\/i0.wp.com\/www.grieta.org.mx\/wp-content\/uploads\/2019\/10\/1a8c55557d05994519-190719-notimex-em-1-1-870x522.jpg?resize=350%2C200&ssl=1","width":350,"height":200,"srcset":"https:\/\/i0.wp.com\/www.grieta.org.mx\/wp-content\/uploads\/2019\/10\/1a8c55557d05994519-190719-notimex-em-1-1-870x522.jpg?resize=350%2C200&ssl=1 1x, https:\/\/i0.wp.com\/www.grieta.org.mx\/wp-content\/uploads\/2019\/10\/1a8c55557d05994519-190719-notimex-em-1-1-870x522.jpg?resize=525%2C300&ssl=1 1.5x, https:\/\/i0.wp.com\/www.grieta.org.mx\/wp-content\/uploads\/2019\/10\/1a8c55557d05994519-190719-notimex-em-1-1-870x522.jpg?resize=700%2C400&ssl=1 2x"},"classes":[]},{"id":50038,"url":"https:\/\/www.grieta.org.mx\/index.php\/2020\/05\/28\/mueren-trabajadores-de-limpia-de-la-ciudad-de-mexico-por-covid-19-sin-apoyo-ni-reconocimiento\/","url_meta":{"origin":67312,"position":4},"title":"Mueren trabajadores de limpia de la Ciudad de M\u00e9xico por COVID-19 sin apoyo, ni reconocimiento","author":"grieta","date":"28 mayo, 2020","format":false,"excerpt":"Imagen tomada de: http:\/\/cdmx.com\/ CDMX.COM Los trabajadores de limpia de la capital arriesgan su salud y la de sus familias al salir a las calles a recopilar la basura que generamos todos en camiones recolectores y por barrido. CDMX.COM entrevist\u00f3 a varios trabajadores de limpia y pudimos constatar que la\u2026","rel":"","context":"En &quot;CINTILLO&quot;","block_context":{"text":"CINTILLO","link":"https:\/\/www.grieta.org.mx\/index.php\/category\/cintillo\/"},"img":{"alt_text":"","src":"https:\/\/i0.wp.com\/www.grieta.org.mx\/wp-content\/uploads\/2020\/05\/Mueren-trabajadores-de-limpia-de-la-ciudad-de-M%C3%A9xico-por-COVID-19-sin-apoyo-ni-reconocimiento-cdmx-may.jpeg?resize=350%2C200&ssl=1","width":350,"height":200,"srcset":"https:\/\/i0.wp.com\/www.grieta.org.mx\/wp-content\/uploads\/2020\/05\/Mueren-trabajadores-de-limpia-de-la-ciudad-de-M%C3%A9xico-por-COVID-19-sin-apoyo-ni-reconocimiento-cdmx-may.jpeg?resize=350%2C200&ssl=1 1x, https:\/\/i0.wp.com\/www.grieta.org.mx\/wp-content\/uploads\/2020\/05\/Mueren-trabajadores-de-limpia-de-la-ciudad-de-M%C3%A9xico-por-COVID-19-sin-apoyo-ni-reconocimiento-cdmx-may.jpeg?resize=525%2C300&ssl=1 1.5x"},"classes":[]},{"id":72028,"url":"https:\/\/www.grieta.org.mx\/index.php\/2025\/07\/20\/jornaleras-indigenas-enfrentan-explotacion-en-los-campos-agricolas-de-arandas-jalisco\/","url_meta":{"origin":67312,"position":5},"title":"Jornaleras ind\u00edgenas enfrentan explotaci\u00f3n en los campos agr\u00edcolas de Arandas (Jalisco)","author":"grieta","date":"20 julio, 2025","format":false,"excerpt":"Imagen: Especial Miguel \u00c1ngel Vidal \/ El Diario NTR Mujeres ind\u00edgenas migrantes que laboran como jornaleras agr\u00edcolas en el municipio de Arandas enfrentan condiciones de precariedad laboral, discriminaci\u00f3n y exclusi\u00f3n social, de acuerdo con una investigaci\u00f3n realizada por la acad\u00e9mica Ma. Martha Mu\u00f1oz Dur\u00e1n, del Centro Universitario de los Altos\u2026","rel":"","context":"En &quot;CINTILLO&quot;","block_context":{"text":"CINTILLO","link":"https:\/\/www.grieta.org.mx\/index.php\/category\/cintillo\/"},"img":{"alt_text":"","src":"https:\/\/i0.wp.com\/www.grieta.org.mx\/wp-content\/uploads\/2025\/07\/2025-07-20_03-07-14___7843.jpg?resize=350%2C200&ssl=1","width":350,"height":200,"srcset":"https:\/\/i0.wp.com\/www.grieta.org.mx\/wp-content\/uploads\/2025\/07\/2025-07-20_03-07-14___7843.jpg?resize=350%2C200&ssl=1 1x, https:\/\/i0.wp.com\/www.grieta.org.mx\/wp-content\/uploads\/2025\/07\/2025-07-20_03-07-14___7843.jpg?resize=525%2C300&ssl=1 1.5x, https:\/\/i0.wp.com\/www.grieta.org.mx\/wp-content\/uploads\/2025\/07\/2025-07-20_03-07-14___7843.jpg?resize=700%2C400&ssl=1 2x"},"classes":[]}],"_links":{"self":[{"href":"https:\/\/www.grieta.org.mx\/index.php\/wp-json\/wp\/v2\/posts\/67312","targetHints":{"allow":["GET"]}}],"collection":[{"href":"https:\/\/www.grieta.org.mx\/index.php\/wp-json\/wp\/v2\/posts"}],"about":[{"href":"https:\/\/www.grieta.org.mx\/index.php\/wp-json\/wp\/v2\/types\/post"}],"author":[{"embeddable":true,"href":"https:\/\/www.grieta.org.mx\/index.php\/wp-json\/wp\/v2\/users\/2"}],"replies":[{"embeddable":true,"href":"https:\/\/www.grieta.org.mx\/index.php\/wp-json\/wp\/v2\/comments?post=67312"}],"version-history":[{"count":1,"href":"https:\/\/www.grieta.org.mx\/index.php\/wp-json\/wp\/v2\/posts\/67312\/revisions"}],"predecessor-version":[{"id":67315,"href":"https:\/\/www.grieta.org.mx\/index.php\/wp-json\/wp\/v2\/posts\/67312\/revisions\/67315"}],"wp:featuredmedia":[{"embeddable":true,"href":"https:\/\/www.grieta.org.mx\/index.php\/wp-json\/wp\/v2\/media\/67314"}],"wp:attachment":[{"href":"https:\/\/www.grieta.org.mx\/index.php\/wp-json\/wp\/v2\/media?parent=67312"}],"wp:term":[{"taxonomy":"category","embeddable":true,"href":"https:\/\/www.grieta.org.mx\/index.php\/wp-json\/wp\/v2\/categories?post=67312"},{"taxonomy":"post_tag","embeddable":true,"href":"https:\/\/www.grieta.org.mx\/index.php\/wp-json\/wp\/v2\/tags?post=67312"}],"curies":[{"name":"wp","href":"https:\/\/api.w.org\/{rel}","templated":true}]}}